{"id":8021,"date":"2022-01-03T10:19:41","date_gmt":"2022-01-03T16:19:41","guid":{"rendered":"https:\/\/www.bbmnoticias.com\/labravaradiofm\/?p=8021"},"modified":"2022-01-03T10:19:43","modified_gmt":"2022-01-03T16:19:43","slug":"bricia-aragon-apasionada-de-la-danza-la-lectura-y-el-servicio-publico","status":"publish","type":"post","link":"https:\/\/www.bbmnoticias.com\/labravaradiofm\/2022\/01\/03\/bricia-aragon-apasionada-de-la-danza-la-lectura-y-el-servicio-publico\/","title":{"rendered":"Bricia Arag\u00f3n, apasionada de la danza, la lectura y el servicio p\u00fablico"},"content":{"rendered":"<div style=\"margin-top: 0px; margin-bottom: 0px;\" class=\"sharethis-inline-share-buttons\" ><\/div>\n<p><strong>Oaxaca de Ju\u00e1rez, Oax., 03 de enero de 2022.-<\/strong> Bricia Arag\u00f3n Valdivia es mediadora de lectura en la Unidad de Desarrollo Profesional de la Secretar\u00eda de Administraci\u00f3n desde hace algunos a\u00f1os, actividad que desempe\u00f1a con pasi\u00f3n y entrega, convencida de que el arte es el camino para el mejoramiento personal.<\/p>\n\n\n\n<p>A trav\u00e9s de las plataformas digitales pone su mayor esfuerzo y dedicaci\u00f3n en vincular el contenido de un libro con el lector, transmitiendo con paciencia y pasi\u00f3n cada frase, palabra y ense\u00f1anza.<\/p>\n\n\n\n<p>Cada sesi\u00f3n de capacitaci\u00f3n le ha mostrado el inter\u00e9s y compromiso del capital humano del Gobierno del Estado por mejorar sus habilidades y sensibilizaci\u00f3n hacia la lectura y los nuevos conocimientos.<\/p>\n\n\n\n<p>Su formaci\u00f3n es como licenciada en Relaciones Internacionales, por ello ha podido visitar muchos lugares y vivir innumerables experiencias; sin embargo, ha sido la lectura y su amor por la danza lo que la hace considerarlo como el mejor trabajo que ha tenido hasta hoy.<\/p>\n\n\n\n<p>Destacando habla de su profundo amor por la danza. Hace m\u00e1s de 40 a\u00f1os comenz\u00f3 su trayectoria en el ballet, una profesi\u00f3n que se volvi\u00f3 la raz\u00f3n que hace latir su coraz\u00f3n.<\/p>\n\n\n\n<p>\u201cLa danza y la lectura son los grandes amores de mi vida. Desde la ni\u00f1ez, estuve cerca de los libros, la lectura es un gusto personal y la danza fue mi gran compa\u00f1era de la vida\u201d, precis\u00f3.<\/p>\n\n\n\n<p>Bricia Arag\u00f3n se considera una mujer afortunada por las oportunidades y logros que ha tenido durante su vida profesional y personal. \u201cMi trabajo es un placer y poder dedicarme a lo que m\u00e1s amo, es un remanso de vida que atesoro profundamente\u201d, puntualiz\u00f3 la trabajadora de la Secretar\u00eda de Administraci\u00f3n.<\/p>\n","protected":false},"excerpt":{"rendered":"<p>Oaxaca de Ju\u00e1rez, Oax., 03 de enero de 2022.- Bricia Arag\u00f3n Valdivia es mediadora de lectura en la Unidad de Desarrollo Profesional de la Secretar\u00eda de Administraci\u00f3n desde hace algunos a\u00f1os, actividad que desempe\u00f1a con pasi\u00f3n y entrega, convencida de que el arte es el camino para el mejoramiento personal. A trav\u00e9s de las plataformas [&hellip;]<\/p>\n","protected":false},"author":2,"featured_media":8022,"comment_status":"closed","ping_status":"closed","sticky":false,"template":"","format":"standard","meta":{"footnotes":""},"categories":[2],"tags":[],"class_list":{"0":"post-8021","1":"post","2":"type-post","3":"status-publish","4":"format-standard","5":"has-post-thumbnail","7":"category-oaxaca"},"yoast_head":"<!-- This site is optimized with the Yoast SEO plugin v27.4 - https:\/\/yoast.com\/product\/yoast-seo-wordpress\/ -->\n<title>Bricia Arag\u00f3n, apasionada de la danza, la lectura y el servicio p\u00fablico - LA BRAVA RADIO<\/title>\n<meta name=\"robots\" content=\"index, follow, max-snippet:-1, max-image-preview:large, max-video-preview:-1\" \/>\n<link rel=\"canonical\" href=\"https:\/\/www.bbmnoticias.com\/labravaradiofm\/2022\/01\/03\/bricia-aragon-apasionada-de-la-danza-la-lectura-y-el-servicio-publico\/\" \/>\n<meta property=\"og:locale\" content=\"es_MX\" \/>\n<meta property=\"og:type\" content=\"article\" \/>\n<meta property=\"og:title\" content=\"Bricia Arag\u00f3n, apasionada de la danza, la lectura y el servicio p\u00fablico - LA BRAVA RADIO\" \/>\n<meta property=\"og:description\" content=\"Oaxaca de Ju\u00e1rez, Oax., 03 de enero de 2022.- Bricia Arag\u00f3n Valdivia es mediadora de lectura en la Unidad de Desarrollo Profesional de la Secretar\u00eda de Administraci\u00f3n desde hace algunos a\u00f1os, actividad que desempe\u00f1a con pasi\u00f3n y entrega, convencida de que el arte es el camino para el mejoramiento personal. A trav\u00e9s de las plataformas [&hellip;]\" \/>\n<meta property=\"og:url\" content=\"https:\/\/www.bbmnoticias.com\/labravaradiofm\/2022\/01\/03\/bricia-aragon-apasionada-de-la-danza-la-lectura-y-el-servicio-publico\/\" \/>\n<meta property=\"og:site_name\" content=\"LA BRAVA RADIO\" \/>\n<meta property=\"article:published_time\" content=\"2022-01-03T16:19:41+00:00\" \/>\n<meta property=\"article:modified_time\" content=\"2022-01-03T16:19:43+00:00\" \/>\n<meta property=\"og:image\" content=\"https:\/\/www.bbmnoticias.com\/labravaradiofm\/wp-content\/uploads\/sites\/5\/2022\/01\/bricia-oaxaca.jpg\" \/>\n\t<meta property=\"og:image:width\" content=\"1280\" \/>\n\t<meta property=\"og:image:height\" content=\"950\" \/>\n\t<meta property=\"og:image:type\" content=\"image\/jpeg\" \/>\n<meta name=\"author\" content=\"Staff\" \/>\n<meta name=\"twitter:card\" content=\"summary_large_image\" \/>\n<meta name=\"twitter:label1\" content=\"Escrito por\" \/>\n\t<meta name=\"twitter:data1\" content=\"Staff\" \/>\n\t<meta name=\"twitter:label2\" content=\"Tiempo de lectura\" \/>\n\t<meta name=\"twitter:data2\" content=\"2 minutos\" \/>\n<script type=\"application\/ld+json\" class=\"yoast-schema-graph\">{\"@context\":\"https:\\\/\\\/schema.org\",\"@graph\":[{\"@type\":\"Article\",\"@id\":\"https:\\\/\\\/www.bbmnoticias.com\\\/labravaradiofm\\\/2022\\\/01\\\/03\\\/bricia-aragon-apasionada-de-la-danza-la-lectura-y-el-servicio-publico\\\/#article\",\"isPartOf\":{\"@id\":\"https:\\\/\\\/www.bbmnoticias.com\\\/labravaradiofm\\\/2022\\\/01\\\/03\\\/bricia-aragon-apasionada-de-la-danza-la-lectura-y-el-servicio-publico\\\/\"},\"author\":{\"name\":\"Staff\",\"@id\":\"https:\\\/\\\/www.bbmnoticias.com\\\/labravaradiofm\\\/#\\\/schema\\\/person\\\/68a9e9036ef3c5b55aeb2b71dc8bab45\"},\"headline\":\"Bricia Arag\u00f3n, apasionada de la danza, la lectura y el servicio p\u00fablico\",\"datePublished\":\"2022-01-03T16:19:41+00:00\",\"dateModified\":\"2022-01-03T16:19:43+00:00\",\"mainEntityOfPage\":{\"@id\":\"https:\\\/\\\/www.bbmnoticias.com\\\/labravaradiofm\\\/2022\\\/01\\\/03\\\/bricia-aragon-apasionada-de-la-danza-la-lectura-y-el-servicio-publico\\\/\"},\"wordCount\":316,\"image\":{\"@id\":\"https:\\\/\\\/www.bbmnoticias.com\\\/labravaradiofm\\\/2022\\\/01\\\/03\\\/bricia-aragon-apasionada-de-la-danza-la-lectura-y-el-servicio-publico\\\/#primaryimage\"},\"thumbnailUrl\":\"https:\\\/\\\/www.bbmnoticias.com\\\/labravaradiofm\\\/wp-content\\\/uploads\\\/sites\\\/5\\\/2022\\\/01\\\/bricia-oaxaca.jpg\",\"articleSection\":[\"LOCAL\"],\"inLanguage\":\"es\"},{\"@type\":\"WebPage\",\"@id\":\"https:\\\/\\\/www.bbmnoticias.com\\\/labravaradiofm\\\/2022\\\/01\\\/03\\\/bricia-aragon-apasionada-de-la-danza-la-lectura-y-el-servicio-publico\\\/\",\"url\":\"https:\\\/\\\/www.bbmnoticias.com\\\/labravaradiofm\\\/2022\\\/01\\\/03\\\/bricia-aragon-apasionada-de-la-danza-la-lectura-y-el-servicio-publico\\\/\",\"name\":\"Bricia Arag\u00f3n, apasionada de la danza, la lectura y el servicio p\u00fablico - LA BRAVA RADIO\",\"isPartOf\":{\"@id\":\"https:\\\/\\\/www.bbmnoticias.com\\\/labravaradiofm\\\/#website\"},\"primaryImageOfPage\":{\"@id\":\"https:\\\/\\\/www.bbmnoticias.com\\\/labravaradiofm\\\/2022\\\/01\\\/03\\\/bricia-aragon-apasionada-de-la-danza-la-lectura-y-el-servicio-publico\\\/#primaryimage\"},\"image\":{\"@id\":\"https:\\\/\\\/www.bbmnoticias.com\\\/labravaradiofm\\\/2022\\\/01\\\/03\\\/bricia-aragon-apasionada-de-la-danza-la-lectura-y-el-servicio-publico\\\/#primaryimage\"},\"thumbnailUrl\":\"https:\\\/\\\/www.bbmnoticias.com\\\/labravaradiofm\\\/wp-content\\\/uploads\\\/sites\\\/5\\\/2022\\\/01\\\/bricia-oaxaca.jpg\",\"datePublished\":\"2022-01-03T16:19:41+00:00\",\"dateModified\":\"2022-01-03T16:19:43+00:00\",\"author\":{\"@id\":\"https:\\\/\\\/www.bbmnoticias.com\\\/labravaradiofm\\\/#\\\/schema\\\/person\\\/68a9e9036ef3c5b55aeb2b71dc8bab45\"},\"breadcrumb\":{\"@id\":\"https:\\\/\\\/www.bbmnoticias.com\\\/labravaradiofm\\\/2022\\\/01\\\/03\\\/bricia-aragon-apasionada-de-la-danza-la-lectura-y-el-servicio-publico\\\/#breadcrumb\"},\"inLanguage\":\"es\",\"potentialAction\":[{\"@type\":\"ReadAction\",\"target\":[\"https:\\\/\\\/www.bbmnoticias.com\\\/labravaradiofm\\\/2022\\\/01\\\/03\\\/bricia-aragon-apasionada-de-la-danza-la-lectura-y-el-servicio-publico\\\/\"]}]},{\"@type\":\"ImageObject\",\"inLanguage\":\"es\",\"@id\":\"https:\\\/\\\/www.bbmnoticias.com\\\/labravaradiofm\\\/2022\\\/01\\\/03\\\/bricia-aragon-apasionada-de-la-danza-la-lectura-y-el-servicio-publico\\\/#primaryimage\",\"url\":\"https:\\\/\\\/www.bbmnoticias.com\\\/labravaradiofm\\\/wp-content\\\/uploads\\\/sites\\\/5\\\/2022\\\/01\\\/bricia-oaxaca.jpg\",\"contentUrl\":\"https:\\\/\\\/www.bbmnoticias.com\\\/labravaradiofm\\\/wp-content\\\/uploads\\\/sites\\\/5\\\/2022\\\/01\\\/bricia-oaxaca.jpg\",\"width\":1280,\"height\":950},{\"@type\":\"BreadcrumbList\",\"@id\":\"https:\\\/\\\/www.bbmnoticias.com\\\/labravaradiofm\\\/2022\\\/01\\\/03\\\/bricia-aragon-apasionada-de-la-danza-la-lectura-y-el-servicio-publico\\\/#breadcrumb\",\"itemListElement\":[{\"@type\":\"ListItem\",\"position\":1,\"name\":\"Inicio\",\"item\":\"https:\\\/\\\/www.bbmnoticias.com\\\/labravaradiofm\\\/\"},{\"@type\":\"ListItem\",\"position\":2,\"name\":\"Bricia Arag\u00f3n, apasionada de la danza, la lectura y el servicio p\u00fablico\"}]},{\"@type\":\"WebSite\",\"@id\":\"https:\\\/\\\/www.bbmnoticias.com\\\/labravaradiofm\\\/#website\",\"url\":\"https:\\\/\\\/www.bbmnoticias.com\\\/labravaradiofm\\\/\",\"name\":\"LA BRAVA RADIO\",\"description\":\"Empresa productora de medios, Radiodifusi\u00f3n, Noticias, tendencias y todo lo que necesitas saber de la pol\u00edtica mexicana e internacional; entretenimiento, espect\u00e1culos, salud y mucho m\u00e1s.\",\"potentialAction\":[{\"@type\":\"SearchAction\",\"target\":{\"@type\":\"EntryPoint\",\"urlTemplate\":\"https:\\\/\\\/www.bbmnoticias.com\\\/labravaradiofm\\\/?s={search_term_string}\"},\"query-input\":{\"@type\":\"PropertyValueSpecification\",\"valueRequired\":true,\"valueName\":\"search_term_string\"}}],\"inLanguage\":\"es\"},{\"@type\":\"Person\",\"@id\":\"https:\\\/\\\/www.bbmnoticias.com\\\/labravaradiofm\\\/#\\\/schema\\\/person\\\/68a9e9036ef3c5b55aeb2b71dc8bab45\",\"name\":\"Staff\",\"image\":{\"@type\":\"ImageObject\",\"inLanguage\":\"es\",\"@id\":\"https:\\\/\\\/secure.gravatar.com\\\/avatar\\\/fdd21ad66fd8b98c407f9dee5b5e588cfe7f0d8579ec20fa6527cd59bab7f0f0?s=96&d=mm&r=g\",\"url\":\"https:\\\/\\\/secure.gravatar.com\\\/avatar\\\/fdd21ad66fd8b98c407f9dee5b5e588cfe7f0d8579ec20fa6527cd59bab7f0f0?s=96&d=mm&r=g\",\"contentUrl\":\"https:\\\/\\\/secure.gravatar.com\\\/avatar\\\/fdd21ad66fd8b98c407f9dee5b5e588cfe7f0d8579ec20fa6527cd59bab7f0f0?s=96&d=mm&r=g\",\"caption\":\"Staff\"},\"url\":\"https:\\\/\\\/www.bbmnoticias.com\\\/labravaradiofm\\\/author\\\/redaccion\\\/\"}]}<\/script>\n<!-- \/ Yoast SEO plugin. -->","yoast_head_json":{"title":"Bricia Arag\u00f3n, apasionada de la danza, la lectura y el servicio p\u00fablico - LA BRAVA RADIO","robots":{"index":"index","follow":"follow","max-snippet":"max-snippet:-1","max-image-preview":"max-image-preview:large","max-video-preview":"max-video-preview:-1"},"canonical":"https:\/\/www.bbmnoticias.com\/labravaradiofm\/2022\/01\/03\/bricia-aragon-apasionada-de-la-danza-la-lectura-y-el-servicio-publico\/","og_locale":"es_MX","og_type":"article","og_title":"Bricia Arag\u00f3n, apasionada de la danza, la lectura y el servicio p\u00fablico - LA BRAVA RADIO","og_description":"Oaxaca de Ju\u00e1rez, Oax., 03 de enero de 2022.- Bricia Arag\u00f3n Valdivia es mediadora de lectura en la Unidad de Desarrollo Profesional de la Secretar\u00eda de Administraci\u00f3n desde hace algunos a\u00f1os, actividad que desempe\u00f1a con pasi\u00f3n y entrega, convencida de que el arte es el camino para el mejoramiento personal. A trav\u00e9s de las plataformas [&hellip;]","og_url":"https:\/\/www.bbmnoticias.com\/labravaradiofm\/2022\/01\/03\/bricia-aragon-apasionada-de-la-danza-la-lectura-y-el-servicio-publico\/","og_site_name":"LA BRAVA RADIO","article_published_time":"2022-01-03T16:19:41+00:00","article_modified_time":"2022-01-03T16:19:43+00:00","og_image":[{"width":1280,"height":950,"url":"https:\/\/www.bbmnoticias.com\/labravaradiofm\/wp-content\/uploads\/sites\/5\/2022\/01\/bricia-oaxaca.jpg","type":"image\/jpeg"}],"author":"Staff","twitter_card":"summary_large_image","twitter_misc":{"Escrito por":"Staff","Tiempo de lectura":"2 minutos"},"schema":{"@context":"https:\/\/schema.org","@graph":[{"@type":"Article","@id":"https:\/\/www.bbmnoticias.com\/labravaradiofm\/2022\/01\/03\/bricia-aragon-apasionada-de-la-danza-la-lectura-y-el-servicio-publico\/#article","isPartOf":{"@id":"https:\/\/www.bbmnoticias.com\/labravaradiofm\/2022\/01\/03\/bricia-aragon-apasionada-de-la-danza-la-lectura-y-el-servicio-publico\/"},"author":{"name":"Staff","@id":"https:\/\/www.bbmnoticias.com\/labravaradiofm\/#\/schema\/person\/68a9e9036ef3c5b55aeb2b71dc8bab45"},"headline":"Bricia Arag\u00f3n, apasionada de la danza, la lectura y el servicio p\u00fablico","datePublished":"2022-01-03T16:19:41+00:00","dateModified":"2022-01-03T16:19:43+00:00","mainEntityOfPage":{"@id":"https:\/\/www.bbmnoticias.com\/labravaradiofm\/2022\/01\/03\/bricia-aragon-apasionada-de-la-danza-la-lectura-y-el-servicio-publico\/"},"wordCount":316,"image":{"@id":"https:\/\/www.bbmnoticias.com\/labravaradiofm\/2022\/01\/03\/bricia-aragon-apasionada-de-la-danza-la-lectura-y-el-servicio-publico\/#primaryimage"},"thumbnailUrl":"https:\/\/www.bbmnoticias.com\/labravaradiofm\/wp-content\/uploads\/sites\/5\/2022\/01\/bricia-oaxaca.jpg","articleSection":["LOCAL"],"inLanguage":"es"},{"@type":"WebPage","@id":"https:\/\/www.bbmnoticias.com\/labravaradiofm\/2022\/01\/03\/bricia-aragon-apasionada-de-la-danza-la-lectura-y-el-servicio-publico\/","url":"https:\/\/www.bbmnoticias.com\/labravaradiofm\/2022\/01\/03\/bricia-aragon-apasionada-de-la-danza-la-lectura-y-el-servicio-publico\/","name":"Bricia Arag\u00f3n, apasionada de la danza, la lectura y el servicio p\u00fablico - LA BRAVA RADIO","isPartOf":{"@id":"https:\/\/www.bbmnoticias.com\/labravaradiofm\/#website"},"primaryImageOfPage":{"@id":"https:\/\/www.bbmnoticias.com\/labravaradiofm\/2022\/01\/03\/bricia-aragon-apasionada-de-la-danza-la-lectura-y-el-servicio-publico\/#primaryimage"},"image":{"@id":"https:\/\/www.bbmnoticias.com\/labravaradiofm\/2022\/01\/03\/bricia-aragon-apasionada-de-la-danza-la-lectura-y-el-servicio-publico\/#primaryimage"},"thumbnailUrl":"https:\/\/www.bbmnoticias.com\/labravaradiofm\/wp-content\/uploads\/sites\/5\/2022\/01\/bricia-oaxaca.jpg","datePublished":"2022-01-03T16:19:41+00:00","dateModified":"2022-01-03T16:19:43+00:00","author":{"@id":"https:\/\/www.bbmnoticias.com\/labravaradiofm\/#\/schema\/person\/68a9e9036ef3c5b55aeb2b71dc8bab45"},"breadcrumb":{"@id":"https:\/\/www.bbmnoticias.com\/labravaradiofm\/2022\/01\/03\/bricia-aragon-apasionada-de-la-danza-la-lectura-y-el-servicio-publico\/#breadcrumb"},"inLanguage":"es","potentialAction":[{"@type":"ReadAction","target":["https:\/\/www.bbmnoticias.com\/labravaradiofm\/2022\/01\/03\/bricia-aragon-apasionada-de-la-danza-la-lectura-y-el-servicio-publico\/"]}]},{"@type":"ImageObject","inLanguage":"es","@id":"https:\/\/www.bbmnoticias.com\/labravaradiofm\/2022\/01\/03\/bricia-aragon-apasionada-de-la-danza-la-lectura-y-el-servicio-publico\/#primaryimage","url":"https:\/\/www.bbmnoticias.com\/labravaradiofm\/wp-content\/uploads\/sites\/5\/2022\/01\/bricia-oaxaca.jpg","contentUrl":"https:\/\/www.bbmnoticias.com\/labravaradiofm\/wp-content\/uploads\/sites\/5\/2022\/01\/bricia-oaxaca.jpg","width":1280,"height":950},{"@type":"BreadcrumbList","@id":"https:\/\/www.bbmnoticias.com\/labravaradiofm\/2022\/01\/03\/bricia-aragon-apasionada-de-la-danza-la-lectura-y-el-servicio-publico\/#breadcrumb","itemListElement":[{"@type":"ListItem","position":1,"name":"Inicio","item":"https:\/\/www.bbmnoticias.com\/labravaradiofm\/"},{"@type":"ListItem","position":2,"name":"Bricia Arag\u00f3n, apasionada de la danza, la lectura y el servicio p\u00fablico"}]},{"@type":"WebSite","@id":"https:\/\/www.bbmnoticias.com\/labravaradiofm\/#website","url":"https:\/\/www.bbmnoticias.com\/labravaradiofm\/","name":"LA BRAVA RADIO","description":"Empresa productora de medios, Radiodifusi\u00f3n, Noticias, tendencias y todo lo que necesitas saber de la pol\u00edtica mexicana e internacional; entretenimiento, espect\u00e1culos, salud y mucho m\u00e1s.","potentialAction":[{"@type":"SearchAction","target":{"@type":"EntryPoint","urlTemplate":"https:\/\/www.bbmnoticias.com\/labravaradiofm\/?s={search_term_string}"},"query-input":{"@type":"PropertyValueSpecification","valueRequired":true,"valueName":"search_term_string"}}],"inLanguage":"es"},{"@type":"Person","@id":"https:\/\/www.bbmnoticias.com\/labravaradiofm\/#\/schema\/person\/68a9e9036ef3c5b55aeb2b71dc8bab45","name":"Staff","image":{"@type":"ImageObject","inLanguage":"es","@id":"https:\/\/secure.gravatar.com\/avatar\/fdd21ad66fd8b98c407f9dee5b5e588cfe7f0d8579ec20fa6527cd59bab7f0f0?s=96&d=mm&r=g","url":"https:\/\/secure.gravatar.com\/avatar\/fdd21ad66fd8b98c407f9dee5b5e588cfe7f0d8579ec20fa6527cd59bab7f0f0?s=96&d=mm&r=g","contentUrl":"https:\/\/secure.gravatar.com\/avatar\/fdd21ad66fd8b98c407f9dee5b5e588cfe7f0d8579ec20fa6527cd59bab7f0f0?s=96&d=mm&r=g","caption":"Staff"},"url":"https:\/\/www.bbmnoticias.com\/labravaradiofm\/author\/redaccion\/"}]}},"_links":{"self":[{"href":"https:\/\/www.bbmnoticias.com\/labravaradiofm\/wp-json\/wp\/v2\/posts\/8021","targetHints":{"allow":["GET"]}}],"collection":[{"href":"https:\/\/www.bbmnoticias.com\/labravaradiofm\/wp-json\/wp\/v2\/posts"}],"about":[{"href":"https:\/\/www.bbmnoticias.com\/labravaradiofm\/wp-json\/wp\/v2\/types\/post"}],"author":[{"embeddable":true,"href":"https:\/\/www.bbmnoticias.com\/labravaradiofm\/wp-json\/wp\/v2\/users\/2"}],"replies":[{"embeddable":true,"href":"https:\/\/www.bbmnoticias.com\/labravaradiofm\/wp-json\/wp\/v2\/comments?post=8021"}],"version-history":[{"count":0,"href":"https:\/\/www.bbmnoticias.com\/labravaradiofm\/wp-json\/wp\/v2\/posts\/8021\/revisions"}],"wp:featuredmedia":[{"embeddable":true,"href":"https:\/\/www.bbmnoticias.com\/labravaradiofm\/wp-json\/wp\/v2\/media\/8022"}],"wp:attachment":[{"href":"https:\/\/www.bbmnoticias.com\/labravaradiofm\/wp-json\/wp\/v2\/media?parent=8021"}],"wp:term":[{"taxonomy":"category","embeddable":true,"href":"https:\/\/www.bbmnoticias.com\/labravaradiofm\/wp-json\/wp\/v2\/categories?post=8021"},{"taxonomy":"post_tag","embeddable":true,"href":"https:\/\/www.bbmnoticias.com\/labravaradiofm\/wp-json\/wp\/v2\/tags?post=8021"}],"curies":[{"name":"wp","href":"https:\/\/api.w.org\/{rel}","templated":true}]}}