{"id":8016,"date":"2022-01-03T09:02:55","date_gmt":"2022-01-03T15:02:55","guid":{"rendered":"https:\/\/www.bbmnoticias.com\/labravaradiofm\/?p=8016"},"modified":"2022-01-03T09:02:57","modified_gmt":"2022-01-03T15:02:57","slug":"zabdiel-es-el-primer-bebe-del-2022-en-el-imss","status":"publish","type":"post","link":"https:\/\/www.bbmnoticias.com\/labravaradiofm\/2022\/01\/03\/zabdiel-es-el-primer-bebe-del-2022-en-el-imss\/","title":{"rendered":"Zabdiel es el primer beb\u00e9 del 2022 en el IMSS"},"content":{"rendered":"<div style=\"margin-top: 0px; margin-bottom: 0px;\" class=\"sharethis-inline-share-buttons\" ><\/div>\n<p>Zabdiel naci\u00f3 a las 00:01 (cero horas con un minuto) del 1\u00b0 de enero de 2022 en el Hospital General de Zona (HGZ) No. 1-A &#8220;Dr. Rodolfo Antonio de Mucha Mac\u00edas&#8221;, del Instituto Mexicano del Seguro Social (IMSS) en la Ciudad de M\u00e9xico; naci\u00f3 por parto, pes\u00f3 tres kilos 70 gramos y midi\u00f3 49 cent\u00edmetros.<\/p>\n\n\n\n<p>La madre del ni\u00f1o, de nombre Claudia y de 25 a\u00f1os, fue asistida por un equipo multidisciplinario de siete especialistas de esta unidad m\u00e9dica conocida como \u201cVenados\u201d, quienes llevaron a cabo el procedimiento en apego al protocolo de sanidad contra el COVID-19, con el objetivo de brindar seguridad a la mam\u00e1, a su primer beb\u00e9 y al personal de salud del IMSS.<\/p>\n\n\n\n<p>En el contexto de la pandemia por COVID-19 y el esfuerzo que el IMSS ha hecho para disminuir los contagios, este primer parto del a\u00f1o ejemplifica el trabajo que el Seguro Social ha realizado para proteger a sus derechohabientes y trabajadores.<\/p>\n\n\n\n<p>El beb\u00e9 naci\u00f3 tras 39 semanas con 5 d\u00edas de gestaci\u00f3n y se encuentra en perfecto estado de salud, al igual que su madre, la se\u00f1ora Claudia de 25 a\u00f1os, y que es madre soltera.<\/p>\n\n\n\n<p>La doctora Norma Regina Maga\u00f1a Padilla, gineco-obstetra del HGZ 1-A \u201cVendados\u201d, inform\u00f3 que es satisfactorio poder recibir al primer beb\u00e9 del Seguro Social en el contexto de una pandemia que ha cambiado muchas cosas, pero la fortaleza del IMSS ha salido a flote y durante el 2021 se demostr\u00f3 con la recuperaci\u00f3n ordinaria de servicios m\u00e9dicos.<\/p>\n\n\n\n<p>\u201cPara m\u00ed es satisfactorio estar en mi servicio, en mi hospital, y significa que salimos adelante y que a pesar de este a\u00f1o y medio de pandemia estamos fuertes. Para m\u00ed es satisfactorio atender a una paciente obst\u00e9trica sana, que en este momento no atendemos por COVID y que va a irse seguramente ma\u00f1ana con su beb\u00e9 y su familia a celebrare este nacimiento\u201d, dijo.<\/p>\n\n\n\n<p>Abund\u00f3 que recibir al peque\u00f1o Zabdiel representa el camino de la recuperaci\u00f3n de la pandemia contra COVID-19, porque este trabajo es la fortaleza que distingue al IMSS al trabajar para combatir la emergencia sanitaria.<\/p>\n\n\n\n<p>\u201cEstuvimos haciendo las jornadas nacionales en las cuales dimos atenci\u00f3n los fines de semana para recuperar la consulta externa y la atenci\u00f3n obst\u00e9trica nunca se interrumpi\u00f3, a pesar de que \u00e9ramos una hospital COVID las pacientes obst\u00e9tricas que llegaban urgentes se les daba la atenci\u00f3n primaria\u201d, indic\u00f3.<\/p>\n","protected":false},"excerpt":{"rendered":"<p>Zabdiel naci\u00f3 a las 00:01 (cero horas con un minuto) del 1\u00b0 de enero de 2022 en el Hospital General de Zona (HGZ) No. 1-A &#8220;Dr. Rodolfo Antonio de Mucha Mac\u00edas&#8221;, del Instituto Mexicano del Seguro Social (IMSS) en la Ciudad de M\u00e9xico; naci\u00f3 por parto, pes\u00f3 tres kilos 70 gramos y midi\u00f3 49 cent\u00edmetros. [&hellip;]<\/p>\n","protected":false},"author":2,"featured_media":8017,"comment_status":"closed","ping_status":"closed","sticky":false,"template":"","format":"standard","meta":{"footnotes":""},"categories":[19],"tags":[],"class_list":{"0":"post-8016","1":"post","2":"type-post","3":"status-publish","4":"format-standard","5":"has-post-thumbnail","7":"category-nacional"},"yoast_head":"<!-- This site is optimized with the Yoast SEO plugin v27.4 - https:\/\/yoast.com\/product\/yoast-seo-wordpress\/ -->\n<title>Zabdiel es el primer beb\u00e9 del 2022 en el IMSS - LA BRAVA RADIO<\/title>\n<meta name=\"robots\" content=\"index, follow, max-snippet:-1, max-image-preview:large, max-video-preview:-1\" \/>\n<link rel=\"canonical\" href=\"https:\/\/www.bbmnoticias.com\/labravaradiofm\/2022\/01\/03\/zabdiel-es-el-primer-bebe-del-2022-en-el-imss\/\" \/>\n<meta property=\"og:locale\" content=\"es_MX\" \/>\n<meta property=\"og:type\" content=\"article\" \/>\n<meta property=\"og:title\" content=\"Zabdiel es el primer beb\u00e9 del 2022 en el IMSS - LA BRAVA RADIO\" \/>\n<meta property=\"og:description\" content=\"Zabdiel naci\u00f3 a las 00:01 (cero horas con un minuto) del 1\u00b0 de enero de 2022 en el Hospital General de Zona (HGZ) No. 1-A &#8220;Dr. Rodolfo Antonio de Mucha Mac\u00edas&#8221;, del Instituto Mexicano del Seguro Social (IMSS) en la Ciudad de M\u00e9xico; naci\u00f3 por parto, pes\u00f3 tres kilos 70 gramos y midi\u00f3 49 cent\u00edmetros. [&hellip;]\" \/>\n<meta property=\"og:url\" content=\"https:\/\/www.bbmnoticias.com\/labravaradiofm\/2022\/01\/03\/zabdiel-es-el-primer-bebe-del-2022-en-el-imss\/\" \/>\n<meta property=\"og:site_name\" content=\"LA BRAVA RADIO\" \/>\n<meta property=\"article:published_time\" content=\"2022-01-03T15:02:55+00:00\" \/>\n<meta property=\"article:modified_time\" content=\"2022-01-03T15:02:57+00:00\" \/>\n<meta property=\"og:image\" content=\"https:\/\/www.bbmnoticias.com\/labravaradiofm\/wp-content\/uploads\/sites\/5\/2022\/01\/bebe-2022.jpg\" \/>\n\t<meta property=\"og:image:width\" content=\"1280\" \/>\n\t<meta property=\"og:image:height\" content=\"853\" \/>\n\t<meta property=\"og:image:type\" content=\"image\/jpeg\" \/>\n<meta name=\"author\" content=\"Staff\" \/>\n<meta name=\"twitter:card\" content=\"summary_large_image\" \/>\n<meta name=\"twitter:label1\" content=\"Escrito por\" \/>\n\t<meta name=\"twitter:data1\" content=\"Staff\" \/>\n\t<meta name=\"twitter:label2\" content=\"Tiempo de lectura\" \/>\n\t<meta name=\"twitter:data2\" content=\"2 minutos\" \/>\n<script type=\"application\/ld+json\" class=\"yoast-schema-graph\">{\"@context\":\"https:\\\/\\\/schema.org\",\"@graph\":[{\"@type\":\"Article\",\"@id\":\"https:\\\/\\\/www.bbmnoticias.com\\\/labravaradiofm\\\/2022\\\/01\\\/03\\\/zabdiel-es-el-primer-bebe-del-2022-en-el-imss\\\/#article\",\"isPartOf\":{\"@id\":\"https:\\\/\\\/www.bbmnoticias.com\\\/labravaradiofm\\\/2022\\\/01\\\/03\\\/zabdiel-es-el-primer-bebe-del-2022-en-el-imss\\\/\"},\"author\":{\"name\":\"Staff\",\"@id\":\"https:\\\/\\\/www.bbmnoticias.com\\\/labravaradiofm\\\/#\\\/schema\\\/person\\\/68a9e9036ef3c5b55aeb2b71dc8bab45\"},\"headline\":\"Zabdiel es el primer beb\u00e9 del 2022 en el IMSS\",\"datePublished\":\"2022-01-03T15:02:55+00:00\",\"dateModified\":\"2022-01-03T15:02:57+00:00\",\"mainEntityOfPage\":{\"@id\":\"https:\\\/\\\/www.bbmnoticias.com\\\/labravaradiofm\\\/2022\\\/01\\\/03\\\/zabdiel-es-el-primer-bebe-del-2022-en-el-imss\\\/\"},\"wordCount\":418,\"image\":{\"@id\":\"https:\\\/\\\/www.bbmnoticias.com\\\/labravaradiofm\\\/2022\\\/01\\\/03\\\/zabdiel-es-el-primer-bebe-del-2022-en-el-imss\\\/#primaryimage\"},\"thumbnailUrl\":\"https:\\\/\\\/www.bbmnoticias.com\\\/labravaradiofm\\\/wp-content\\\/uploads\\\/sites\\\/5\\\/2022\\\/01\\\/bebe-2022.jpg\",\"articleSection\":[\"NACIONAL\"],\"inLanguage\":\"es\"},{\"@type\":\"WebPage\",\"@id\":\"https:\\\/\\\/www.bbmnoticias.com\\\/labravaradiofm\\\/2022\\\/01\\\/03\\\/zabdiel-es-el-primer-bebe-del-2022-en-el-imss\\\/\",\"url\":\"https:\\\/\\\/www.bbmnoticias.com\\\/labravaradiofm\\\/2022\\\/01\\\/03\\\/zabdiel-es-el-primer-bebe-del-2022-en-el-imss\\\/\",\"name\":\"Zabdiel es el primer beb\u00e9 del 2022 en el IMSS - LA BRAVA RADIO\",\"isPartOf\":{\"@id\":\"https:\\\/\\\/www.bbmnoticias.com\\\/labravaradiofm\\\/#website\"},\"primaryImageOfPage\":{\"@id\":\"https:\\\/\\\/www.bbmnoticias.com\\\/labravaradiofm\\\/2022\\\/01\\\/03\\\/zabdiel-es-el-primer-bebe-del-2022-en-el-imss\\\/#primaryimage\"},\"image\":{\"@id\":\"https:\\\/\\\/www.bbmnoticias.com\\\/labravaradiofm\\\/2022\\\/01\\\/03\\\/zabdiel-es-el-primer-bebe-del-2022-en-el-imss\\\/#primaryimage\"},\"thumbnailUrl\":\"https:\\\/\\\/www.bbmnoticias.com\\\/labravaradiofm\\\/wp-content\\\/uploads\\\/sites\\\/5\\\/2022\\\/01\\\/bebe-2022.jpg\",\"datePublished\":\"2022-01-03T15:02:55+00:00\",\"dateModified\":\"2022-01-03T15:02:57+00:00\",\"author\":{\"@id\":\"https:\\\/\\\/www.bbmnoticias.com\\\/labravaradiofm\\\/#\\\/schema\\\/person\\\/68a9e9036ef3c5b55aeb2b71dc8bab45\"},\"breadcrumb\":{\"@id\":\"https:\\\/\\\/www.bbmnoticias.com\\\/labravaradiofm\\\/2022\\\/01\\\/03\\\/zabdiel-es-el-primer-bebe-del-2022-en-el-imss\\\/#breadcrumb\"},\"inLanguage\":\"es\",\"potentialAction\":[{\"@type\":\"ReadAction\",\"target\":[\"https:\\\/\\\/www.bbmnoticias.com\\\/labravaradiofm\\\/2022\\\/01\\\/03\\\/zabdiel-es-el-primer-bebe-del-2022-en-el-imss\\\/\"]}]},{\"@type\":\"ImageObject\",\"inLanguage\":\"es\",\"@id\":\"https:\\\/\\\/www.bbmnoticias.com\\\/labravaradiofm\\\/2022\\\/01\\\/03\\\/zabdiel-es-el-primer-bebe-del-2022-en-el-imss\\\/#primaryimage\",\"url\":\"https:\\\/\\\/www.bbmnoticias.com\\\/labravaradiofm\\\/wp-content\\\/uploads\\\/sites\\\/5\\\/2022\\\/01\\\/bebe-2022.jpg\",\"contentUrl\":\"https:\\\/\\\/www.bbmnoticias.com\\\/labravaradiofm\\\/wp-content\\\/uploads\\\/sites\\\/5\\\/2022\\\/01\\\/bebe-2022.jpg\",\"width\":1280,\"height\":853},{\"@type\":\"BreadcrumbList\",\"@id\":\"https:\\\/\\\/www.bbmnoticias.com\\\/labravaradiofm\\\/2022\\\/01\\\/03\\\/zabdiel-es-el-primer-bebe-del-2022-en-el-imss\\\/#breadcrumb\",\"itemListElement\":[{\"@type\":\"ListItem\",\"position\":1,\"name\":\"Inicio\",\"item\":\"https:\\\/\\\/www.bbmnoticias.com\\\/labravaradiofm\\\/\"},{\"@type\":\"ListItem\",\"position\":2,\"name\":\"Zabdiel es el primer beb\u00e9 del 2022 en el IMSS\"}]},{\"@type\":\"WebSite\",\"@id\":\"https:\\\/\\\/www.bbmnoticias.com\\\/labravaradiofm\\\/#website\",\"url\":\"https:\\\/\\\/www.bbmnoticias.com\\\/labravaradiofm\\\/\",\"name\":\"LA BRAVA RADIO\",\"description\":\"Empresa productora de medios, Radiodifusi\u00f3n, Noticias, tendencias y todo lo que necesitas saber de la pol\u00edtica mexicana e internacional; entretenimiento, espect\u00e1culos, salud y mucho m\u00e1s.\",\"potentialAction\":[{\"@type\":\"SearchAction\",\"target\":{\"@type\":\"EntryPoint\",\"urlTemplate\":\"https:\\\/\\\/www.bbmnoticias.com\\\/labravaradiofm\\\/?s={search_term_string}\"},\"query-input\":{\"@type\":\"PropertyValueSpecification\",\"valueRequired\":true,\"valueName\":\"search_term_string\"}}],\"inLanguage\":\"es\"},{\"@type\":\"Person\",\"@id\":\"https:\\\/\\\/www.bbmnoticias.com\\\/labravaradiofm\\\/#\\\/schema\\\/person\\\/68a9e9036ef3c5b55aeb2b71dc8bab45\",\"name\":\"Staff\",\"image\":{\"@type\":\"ImageObject\",\"inLanguage\":\"es\",\"@id\":\"https:\\\/\\\/secure.gravatar.com\\\/avatar\\\/fdd21ad66fd8b98c407f9dee5b5e588cfe7f0d8579ec20fa6527cd59bab7f0f0?s=96&d=mm&r=g\",\"url\":\"https:\\\/\\\/secure.gravatar.com\\\/avatar\\\/fdd21ad66fd8b98c407f9dee5b5e588cfe7f0d8579ec20fa6527cd59bab7f0f0?s=96&d=mm&r=g\",\"contentUrl\":\"https:\\\/\\\/secure.gravatar.com\\\/avatar\\\/fdd21ad66fd8b98c407f9dee5b5e588cfe7f0d8579ec20fa6527cd59bab7f0f0?s=96&d=mm&r=g\",\"caption\":\"Staff\"},\"url\":\"https:\\\/\\\/www.bbmnoticias.com\\\/labravaradiofm\\\/author\\\/redaccion\\\/\"}]}<\/script>\n<!-- \/ Yoast SEO plugin. -->","yoast_head_json":{"title":"Zabdiel es el primer beb\u00e9 del 2022 en el IMSS - LA BRAVA RADIO","robots":{"index":"index","follow":"follow","max-snippet":"max-snippet:-1","max-image-preview":"max-image-preview:large","max-video-preview":"max-video-preview:-1"},"canonical":"https:\/\/www.bbmnoticias.com\/labravaradiofm\/2022\/01\/03\/zabdiel-es-el-primer-bebe-del-2022-en-el-imss\/","og_locale":"es_MX","og_type":"article","og_title":"Zabdiel es el primer beb\u00e9 del 2022 en el IMSS - LA BRAVA RADIO","og_description":"Zabdiel naci\u00f3 a las 00:01 (cero horas con un minuto) del 1\u00b0 de enero de 2022 en el Hospital General de Zona (HGZ) No. 1-A &#8220;Dr. Rodolfo Antonio de Mucha Mac\u00edas&#8221;, del Instituto Mexicano del Seguro Social (IMSS) en la Ciudad de M\u00e9xico; naci\u00f3 por parto, pes\u00f3 tres kilos 70 gramos y midi\u00f3 49 cent\u00edmetros. [&hellip;]","og_url":"https:\/\/www.bbmnoticias.com\/labravaradiofm\/2022\/01\/03\/zabdiel-es-el-primer-bebe-del-2022-en-el-imss\/","og_site_name":"LA BRAVA RADIO","article_published_time":"2022-01-03T15:02:55+00:00","article_modified_time":"2022-01-03T15:02:57+00:00","og_image":[{"width":1280,"height":853,"url":"https:\/\/www.bbmnoticias.com\/labravaradiofm\/wp-content\/uploads\/sites\/5\/2022\/01\/bebe-2022.jpg","type":"image\/jpeg"}],"author":"Staff","twitter_card":"summary_large_image","twitter_misc":{"Escrito por":"Staff","Tiempo de lectura":"2 minutos"},"schema":{"@context":"https:\/\/schema.org","@graph":[{"@type":"Article","@id":"https:\/\/www.bbmnoticias.com\/labravaradiofm\/2022\/01\/03\/zabdiel-es-el-primer-bebe-del-2022-en-el-imss\/#article","isPartOf":{"@id":"https:\/\/www.bbmnoticias.com\/labravaradiofm\/2022\/01\/03\/zabdiel-es-el-primer-bebe-del-2022-en-el-imss\/"},"author":{"name":"Staff","@id":"https:\/\/www.bbmnoticias.com\/labravaradiofm\/#\/schema\/person\/68a9e9036ef3c5b55aeb2b71dc8bab45"},"headline":"Zabdiel es el primer beb\u00e9 del 2022 en el IMSS","datePublished":"2022-01-03T15:02:55+00:00","dateModified":"2022-01-03T15:02:57+00:00","mainEntityOfPage":{"@id":"https:\/\/www.bbmnoticias.com\/labravaradiofm\/2022\/01\/03\/zabdiel-es-el-primer-bebe-del-2022-en-el-imss\/"},"wordCount":418,"image":{"@id":"https:\/\/www.bbmnoticias.com\/labravaradiofm\/2022\/01\/03\/zabdiel-es-el-primer-bebe-del-2022-en-el-imss\/#primaryimage"},"thumbnailUrl":"https:\/\/www.bbmnoticias.com\/labravaradiofm\/wp-content\/uploads\/sites\/5\/2022\/01\/bebe-2022.jpg","articleSection":["NACIONAL"],"inLanguage":"es"},{"@type":"WebPage","@id":"https:\/\/www.bbmnoticias.com\/labravaradiofm\/2022\/01\/03\/zabdiel-es-el-primer-bebe-del-2022-en-el-imss\/","url":"https:\/\/www.bbmnoticias.com\/labravaradiofm\/2022\/01\/03\/zabdiel-es-el-primer-bebe-del-2022-en-el-imss\/","name":"Zabdiel es el primer beb\u00e9 del 2022 en el IMSS - LA BRAVA RADIO","isPartOf":{"@id":"https:\/\/www.bbmnoticias.com\/labravaradiofm\/#website"},"primaryImageOfPage":{"@id":"https:\/\/www.bbmnoticias.com\/labravaradiofm\/2022\/01\/03\/zabdiel-es-el-primer-bebe-del-2022-en-el-imss\/#primaryimage"},"image":{"@id":"https:\/\/www.bbmnoticias.com\/labravaradiofm\/2022\/01\/03\/zabdiel-es-el-primer-bebe-del-2022-en-el-imss\/#primaryimage"},"thumbnailUrl":"https:\/\/www.bbmnoticias.com\/labravaradiofm\/wp-content\/uploads\/sites\/5\/2022\/01\/bebe-2022.jpg","datePublished":"2022-01-03T15:02:55+00:00","dateModified":"2022-01-03T15:02:57+00:00","author":{"@id":"https:\/\/www.bbmnoticias.com\/labravaradiofm\/#\/schema\/person\/68a9e9036ef3c5b55aeb2b71dc8bab45"},"breadcrumb":{"@id":"https:\/\/www.bbmnoticias.com\/labravaradiofm\/2022\/01\/03\/zabdiel-es-el-primer-bebe-del-2022-en-el-imss\/#breadcrumb"},"inLanguage":"es","potentialAction":[{"@type":"ReadAction","target":["https:\/\/www.bbmnoticias.com\/labravaradiofm\/2022\/01\/03\/zabdiel-es-el-primer-bebe-del-2022-en-el-imss\/"]}]},{"@type":"ImageObject","inLanguage":"es","@id":"https:\/\/www.bbmnoticias.com\/labravaradiofm\/2022\/01\/03\/zabdiel-es-el-primer-bebe-del-2022-en-el-imss\/#primaryimage","url":"https:\/\/www.bbmnoticias.com\/labravaradiofm\/wp-content\/uploads\/sites\/5\/2022\/01\/bebe-2022.jpg","contentUrl":"https:\/\/www.bbmnoticias.com\/labravaradiofm\/wp-content\/uploads\/sites\/5\/2022\/01\/bebe-2022.jpg","width":1280,"height":853},{"@type":"BreadcrumbList","@id":"https:\/\/www.bbmnoticias.com\/labravaradiofm\/2022\/01\/03\/zabdiel-es-el-primer-bebe-del-2022-en-el-imss\/#breadcrumb","itemListElement":[{"@type":"ListItem","position":1,"name":"Inicio","item":"https:\/\/www.bbmnoticias.com\/labravaradiofm\/"},{"@type":"ListItem","position":2,"name":"Zabdiel es el primer beb\u00e9 del 2022 en el IMSS"}]},{"@type":"WebSite","@id":"https:\/\/www.bbmnoticias.com\/labravaradiofm\/#website","url":"https:\/\/www.bbmnoticias.com\/labravaradiofm\/","name":"LA BRAVA RADIO","description":"Empresa productora de medios, Radiodifusi\u00f3n, Noticias, tendencias y todo lo que necesitas saber de la pol\u00edtica mexicana e internacional; entretenimiento, espect\u00e1culos, salud y mucho m\u00e1s.","potentialAction":[{"@type":"SearchAction","target":{"@type":"EntryPoint","urlTemplate":"https:\/\/www.bbmnoticias.com\/labravaradiofm\/?s={search_term_string}"},"query-input":{"@type":"PropertyValueSpecification","valueRequired":true,"valueName":"search_term_string"}}],"inLanguage":"es"},{"@type":"Person","@id":"https:\/\/www.bbmnoticias.com\/labravaradiofm\/#\/schema\/person\/68a9e9036ef3c5b55aeb2b71dc8bab45","name":"Staff","image":{"@type":"ImageObject","inLanguage":"es","@id":"https:\/\/secure.gravatar.com\/avatar\/fdd21ad66fd8b98c407f9dee5b5e588cfe7f0d8579ec20fa6527cd59bab7f0f0?s=96&d=mm&r=g","url":"https:\/\/secure.gravatar.com\/avatar\/fdd21ad66fd8b98c407f9dee5b5e588cfe7f0d8579ec20fa6527cd59bab7f0f0?s=96&d=mm&r=g","contentUrl":"https:\/\/secure.gravatar.com\/avatar\/fdd21ad66fd8b98c407f9dee5b5e588cfe7f0d8579ec20fa6527cd59bab7f0f0?s=96&d=mm&r=g","caption":"Staff"},"url":"https:\/\/www.bbmnoticias.com\/labravaradiofm\/author\/redaccion\/"}]}},"_links":{"self":[{"href":"https:\/\/www.bbmnoticias.com\/labravaradiofm\/wp-json\/wp\/v2\/posts\/8016","targetHints":{"allow":["GET"]}}],"collection":[{"href":"https:\/\/www.bbmnoticias.com\/labravaradiofm\/wp-json\/wp\/v2\/posts"}],"about":[{"href":"https:\/\/www.bbmnoticias.com\/labravaradiofm\/wp-json\/wp\/v2\/types\/post"}],"author":[{"embeddable":true,"href":"https:\/\/www.bbmnoticias.com\/labravaradiofm\/wp-json\/wp\/v2\/users\/2"}],"replies":[{"embeddable":true,"href":"https:\/\/www.bbmnoticias.com\/labravaradiofm\/wp-json\/wp\/v2\/comments?post=8016"}],"version-history":[{"count":0,"href":"https:\/\/www.bbmnoticias.com\/labravaradiofm\/wp-json\/wp\/v2\/posts\/8016\/revisions"}],"wp:featuredmedia":[{"embeddable":true,"href":"https:\/\/www.bbmnoticias.com\/labravaradiofm\/wp-json\/wp\/v2\/media\/8017"}],"wp:attachment":[{"href":"https:\/\/www.bbmnoticias.com\/labravaradiofm\/wp-json\/wp\/v2\/media?parent=8016"}],"wp:term":[{"taxonomy":"category","embeddable":true,"href":"https:\/\/www.bbmnoticias.com\/labravaradiofm\/wp-json\/wp\/v2\/categories?post=8016"},{"taxonomy":"post_tag","embeddable":true,"href":"https:\/\/www.bbmnoticias.com\/labravaradiofm\/wp-json\/wp\/v2\/tags?post=8016"}],"curies":[{"name":"wp","href":"https:\/\/api.w.org\/{rel}","templated":true}]}}