{"id":8010,"date":"2022-01-01T17:27:18","date_gmt":"2022-01-01T23:27:18","guid":{"rendered":"https:\/\/www.bbmnoticias.com\/labravaradiofm\/?p=8010"},"modified":"2022-01-01T17:27:21","modified_gmt":"2022-01-01T23:27:21","slug":"los-salinacrucenses-no-dieron-un-cheque-en-blanco-a-daniel-mendez-si-no-una-gran-responsabilidad-carol-antonio","status":"publish","type":"post","link":"https:\/\/www.bbmnoticias.com\/labravaradiofm\/2022\/01\/01\/los-salinacrucenses-no-dieron-un-cheque-en-blanco-a-daniel-mendez-si-no-una-gran-responsabilidad-carol-antonio\/","title":{"rendered":"Los salinacrucenses no dieron un \u201ccheque en blanco\u201d a Daniel M\u00e9ndez, si no una gran responsabilidad: Carol Antonio."},"content":{"rendered":"<div style=\"margin-top: 0px; margin-bottom: 0px;\" class=\"sharethis-inline-share-buttons\" ><\/div>\n<p>*Es la segunda oportunidad que nos brinda el pueblo, no se puede fallar.<\/p>\n\n\n\n<p>*\u201cNo podemos repetir los errores del anterior gobierno municipal\u201d.<\/p>\n\n\n\n<p>Salina Cruz, Oax.- El d\u00eda de hoy 1 de Enero, Daniel M\u00e9ndez asumi\u00f3 la presidencia municipal de Salina Cruz, pero no es un cheque en blanco, es un mandato de la ciudadan\u00eda; es una gran responsabilidad de gobernar bien y para todos, advirti\u00f3 el Diputado Federal de Morena Carol Antonio Altamirano.<\/p>\n\n\n\n<p>Entrevistado al final del evento de la toma de protesta del nuevo Presidente Municipal Daniel M\u00e9ndez, el legislador federal, precis\u00f3 el pueblo de Salina Cruz no quiere saber nada del pasado reciente del gobierno anterior, quiere un gobierno que de respuesta a las necesidades que requiere el puerto.<\/p>\n\n\n\n<p>La presidencia de salina cruz es producto de la democracia.<br>Nosotros conocimos todas las pruebas del d\u00eda de las elecciones. \u201cCuando vimos la arbitrariedad y vimos lo absurdo que fue la decisi\u00f3n de la sala de Xalapa nos avocamos a defender el triunfo de Daniel M\u00e9ndez, de otra forma hubiera quedado el antecedente negativo para la democracia del pa\u00eds y para el mundo\u201d, indic\u00f3.<\/p>\n\n\n\n<p>Carol Antonio Altamirano, se\u00f1al\u00f3 vivimos muchos problemas en el gobierno de extracci\u00f3n morenista que acaba de terminar. El gobierno que encabeza Daniel M\u00e9ndez, no puede gobernar con los mismos errores del pasado.<\/p>\n\n\n\n<p>El pueblo de Salina Cruz no le entreg\u00f3 un \u201ccheque en blanco\u201d, si no un mandato. Ese mandato tiene varios compromisos. Recordemos que \u201cno hay triunfos eternos, ni derrotas para siempre\u201d La arrogancia no ayuda. La soberbia no ayuda, precis\u00f3 el tres veces diputado.<\/p>\n\n\n\n<p>\u201cPregunt\u00e9mosle a los salinacrucenses o, pregunt\u00e9mosle a los que gobernaron.\u201d<\/p>\n\n\n\n<p>Si hubieran gobernado bien, ahorita aqu\u00ed estar\u00edan, subray\u00f3.<\/p>\n\n\n\n<p>El legislador federal, insisti\u00f3, uno de los compromisos es dejar la arrogancia, la soberbia; y por supuesto hacer un buen gobierno.<\/p>\n\n\n\n<p>Un buen gobierno es tan sencillo, indic\u00f3 simplemente es escuchar a la gente , respetar a la gente; el pueblo tiene todo el derecho de hacer los reclamos que quiera.<\/p>\n\n\n\n<p>\u201cLo que requiere el pueblo de salina cruz es unidad y trabajo. No puede haber unidad en el discurso, si no en los hechos\u201d<\/p>\n\n\n\n<p>El experimentado pol\u00edtico reconoci\u00f3 que el pueblo de Salina Cruz ya no quiere saber nada de lo que vivi\u00f3 con el gobierno anterior; basura por toda la ciudad , problemas en el mercado, con locatarios, problemas con casi toda la ciudadan\u00eda; abandono y presuntos actos de corrupci\u00f3n.<\/p>\n\n\n\n<p>Se pregunt\u00f3: \u00bfQu\u00e9 se requiere?\u2026 sencillo, un presidente municipal que escuche a todos, a los empresarios, a los locatarios, a los sindicalizados, a los trabajadores, a todos en general.<\/p>\n\n\n\n<p>\u201cUn gobierno que acuerde\u2026 un gobierno que escuche\u201d<\/p>\n\n\n\n<p>\u201cUn gobierno que sea para todos, que incluya que integre a todos los regidores Tiene que haber disposici\u00f3n de los compa\u00f1eros para que trabajen con los regidores de la oposici\u00f3n, a quienes debe incluir\u201d, explic\u00f3.<\/p>\n\n\n\n<p>No podemos, dijo, desacreditar a los regidores por el simple hecho de que eres regidor de la oposici\u00f3n. No, para nada. Si tu opini\u00f3n o propuesta tiene sentido y es razonable adelante, precis\u00f3.<\/p>\n\n\n\n<p>Lo que necesitamos, es paz, tranquilidad, y para que haya paz , debe haber gobernabilidad\u201d.<\/p>\n\n\n\n<p>Eso es lo primero que se tiene que hacer: unir a todos y ponerlos a chambear y el que no quiera que ah\u00ed se quede, subray\u00f3.<\/p>\n\n\n\n<p>\u201cSe debe hacer un gobierno m\u00e1s all\u00e1 de un partido pol\u00edtico. Gana m\u00e1s Morena haciendo un gobierno para todos, porque finalmente un gobierno es \u201ccabeza de pueblo\u201d\u2026 \u00f3sea un gobierno de todos\u201d<\/p>\n\n\n\n<p>Daniel M\u00e9ndez, si escucha va a gobernar bien, puntualiz\u00f3.<\/p>\n\n\n\n<p>Yo siempre lo he dicho, el pol\u00edtico muchas veces cree que est\u00e1 haciendo bien las cosas. Creen, pero eso no es suficiente, si no hay que preguntarle al pueblo .<\/p>\n\n\n\n<p>\u201cYo espero que el gobierno de Daniel M\u00e9ndez sea incluyente y tenga un gobierno que escuche, un gobierno respetuoso y un gobierno que gobierne para todos.\u201d<\/p>\n\n\n\n<p>\u201cDesde las obras que deben ser de beneficio de todos, no de grupos pol\u00edticos\u201d.<\/p>\n\n\n\n<p>Reitero, los salinacrucenses no le dieron un cheque en blanco, dieron una gran responsabilidad hist\u00f3rica. Si lo hacemos bien habr\u00e1 Morena por muchos a\u00f1os. Si lo hacemos mal, el pueblo sabr\u00e1 en su momento reclam\u00e1rnoslo, puntualiz\u00f3<\/p>\n\n\n\n<p>Carol Altamirano dijo recordemos que es la segunda oportunidad que dan los salinacrucenses a Morena. . fallamos en la primera, no podemos fallar por segunda vez.<\/p>\n\n\n\n<p>Muchas de las cosas que se vivi\u00f3 en el gobierno pasado, no se pueden repetir en el gobierno que inicia. Si es que queremos que haya Morena por mucho tiempo, se debe gobernar bien y para todos.<\/p>\n\n\n\n<p>Recordemos que viene la revocaci\u00f3n de mandato y la gubernatura del estado, necesitamos gobiernos serios y comprometidos con el pueblo, concluy\u00f3.<\/p>\n","protected":false},"excerpt":{"rendered":"<p>*Es la segunda oportunidad que nos brinda el pueblo, no se puede fallar. *\u201cNo podemos repetir los errores del anterior gobierno municipal\u201d. Salina Cruz, Oax.- El d\u00eda de hoy 1 de Enero, Daniel M\u00e9ndez asumi\u00f3 la presidencia municipal de Salina Cruz, pero no es un cheque en blanco, es un mandato de la ciudadan\u00eda; es [&hellip;]<\/p>\n","protected":false},"author":2,"featured_media":8011,"comment_status":"closed","ping_status":"closed","sticky":false,"template":"","format":"standard","meta":{"footnotes":""},"categories":[2],"tags":[],"class_list":{"0":"post-8010","1":"post","2":"type-post","3":"status-publish","4":"format-standard","5":"has-post-thumbnail","7":"category-oaxaca"},"yoast_head":"<!-- This site is optimized with the Yoast SEO plugin v27.4 - https:\/\/yoast.com\/product\/yoast-seo-wordpress\/ -->\n<title>Los salinacrucenses no dieron un \u201ccheque en blanco\u201d a Daniel M\u00e9ndez, si no una gran responsabilidad: Carol Antonio. - LA BRAVA RADIO<\/title>\n<meta name=\"robots\" content=\"index, follow, max-snippet:-1, max-image-preview:large, max-video-preview:-1\" \/>\n<link rel=\"canonical\" href=\"https:\/\/www.bbmnoticias.com\/labravaradiofm\/2022\/01\/01\/los-salinacrucenses-no-dieron-un-cheque-en-blanco-a-daniel-mendez-si-no-una-gran-responsabilidad-carol-antonio\/\" \/>\n<meta property=\"og:locale\" content=\"es_MX\" \/>\n<meta property=\"og:type\" content=\"article\" \/>\n<meta property=\"og:title\" content=\"Los salinacrucenses no dieron un \u201ccheque en blanco\u201d a Daniel M\u00e9ndez, si no una gran responsabilidad: Carol Antonio. - LA BRAVA RADIO\" \/>\n<meta property=\"og:description\" content=\"*Es la segunda oportunidad que nos brinda el pueblo, no se puede fallar. *\u201cNo podemos repetir los errores del anterior gobierno municipal\u201d. Salina Cruz, Oax.- El d\u00eda de hoy 1 de Enero, Daniel M\u00e9ndez asumi\u00f3 la presidencia municipal de Salina Cruz, pero no es un cheque en blanco, es un mandato de la ciudadan\u00eda; es [&hellip;]\" \/>\n<meta property=\"og:url\" content=\"https:\/\/www.bbmnoticias.com\/labravaradiofm\/2022\/01\/01\/los-salinacrucenses-no-dieron-un-cheque-en-blanco-a-daniel-mendez-si-no-una-gran-responsabilidad-carol-antonio\/\" \/>\n<meta property=\"og:site_name\" content=\"LA BRAVA RADIO\" \/>\n<meta property=\"article:published_time\" content=\"2022-01-01T23:27:18+00:00\" \/>\n<meta property=\"article:modified_time\" content=\"2022-01-01T23:27:21+00:00\" \/>\n<meta property=\"og:image\" content=\"https:\/\/www.bbmnoticias.com\/labravaradiofm\/wp-content\/uploads\/sites\/5\/2022\/01\/IMG-20220101-WA0004.jpg\" \/>\n\t<meta property=\"og:image:width\" content=\"1280\" \/>\n\t<meta property=\"og:image:height\" content=\"904\" \/>\n\t<meta property=\"og:image:type\" content=\"image\/jpeg\" \/>\n<meta name=\"author\" content=\"Staff\" \/>\n<meta name=\"twitter:card\" content=\"summary_large_image\" \/>\n<meta name=\"twitter:label1\" content=\"Escrito por\" \/>\n\t<meta name=\"twitter:data1\" content=\"Staff\" \/>\n\t<meta name=\"twitter:label2\" content=\"Tiempo de lectura\" \/>\n\t<meta name=\"twitter:data2\" content=\"4 minutos\" \/>\n<script type=\"application\/ld+json\" class=\"yoast-schema-graph\">{\"@context\":\"https:\\\/\\\/schema.org\",\"@graph\":[{\"@type\":\"Article\",\"@id\":\"https:\\\/\\\/www.bbmnoticias.com\\\/labravaradiofm\\\/2022\\\/01\\\/01\\\/los-salinacrucenses-no-dieron-un-cheque-en-blanco-a-daniel-mendez-si-no-una-gran-responsabilidad-carol-antonio\\\/#article\",\"isPartOf\":{\"@id\":\"https:\\\/\\\/www.bbmnoticias.com\\\/labravaradiofm\\\/2022\\\/01\\\/01\\\/los-salinacrucenses-no-dieron-un-cheque-en-blanco-a-daniel-mendez-si-no-una-gran-responsabilidad-carol-antonio\\\/\"},\"author\":{\"name\":\"Staff\",\"@id\":\"https:\\\/\\\/www.bbmnoticias.com\\\/labravaradiofm\\\/#\\\/schema\\\/person\\\/68a9e9036ef3c5b55aeb2b71dc8bab45\"},\"headline\":\"Los salinacrucenses no dieron un \u201ccheque en blanco\u201d a Daniel M\u00e9ndez, si no una gran responsabilidad: Carol Antonio.\",\"datePublished\":\"2022-01-01T23:27:18+00:00\",\"dateModified\":\"2022-01-01T23:27:21+00:00\",\"mainEntityOfPage\":{\"@id\":\"https:\\\/\\\/www.bbmnoticias.com\\\/labravaradiofm\\\/2022\\\/01\\\/01\\\/los-salinacrucenses-no-dieron-un-cheque-en-blanco-a-daniel-mendez-si-no-una-gran-responsabilidad-carol-antonio\\\/\"},\"wordCount\":825,\"image\":{\"@id\":\"https:\\\/\\\/www.bbmnoticias.com\\\/labravaradiofm\\\/2022\\\/01\\\/01\\\/los-salinacrucenses-no-dieron-un-cheque-en-blanco-a-daniel-mendez-si-no-una-gran-responsabilidad-carol-antonio\\\/#primaryimage\"},\"thumbnailUrl\":\"https:\\\/\\\/www.bbmnoticias.com\\\/labravaradiofm\\\/wp-content\\\/uploads\\\/sites\\\/5\\\/2022\\\/01\\\/IMG-20220101-WA0004.jpg\",\"articleSection\":[\"LOCAL\"],\"inLanguage\":\"es\"},{\"@type\":\"WebPage\",\"@id\":\"https:\\\/\\\/www.bbmnoticias.com\\\/labravaradiofm\\\/2022\\\/01\\\/01\\\/los-salinacrucenses-no-dieron-un-cheque-en-blanco-a-daniel-mendez-si-no-una-gran-responsabilidad-carol-antonio\\\/\",\"url\":\"https:\\\/\\\/www.bbmnoticias.com\\\/labravaradiofm\\\/2022\\\/01\\\/01\\\/los-salinacrucenses-no-dieron-un-cheque-en-blanco-a-daniel-mendez-si-no-una-gran-responsabilidad-carol-antonio\\\/\",\"name\":\"Los salinacrucenses no dieron un \u201ccheque en blanco\u201d a Daniel M\u00e9ndez, si no una gran responsabilidad: Carol Antonio. - LA BRAVA RADIO\",\"isPartOf\":{\"@id\":\"https:\\\/\\\/www.bbmnoticias.com\\\/labravaradiofm\\\/#website\"},\"primaryImageOfPage\":{\"@id\":\"https:\\\/\\\/www.bbmnoticias.com\\\/labravaradiofm\\\/2022\\\/01\\\/01\\\/los-salinacrucenses-no-dieron-un-cheque-en-blanco-a-daniel-mendez-si-no-una-gran-responsabilidad-carol-antonio\\\/#primaryimage\"},\"image\":{\"@id\":\"https:\\\/\\\/www.bbmnoticias.com\\\/labravaradiofm\\\/2022\\\/01\\\/01\\\/los-salinacrucenses-no-dieron-un-cheque-en-blanco-a-daniel-mendez-si-no-una-gran-responsabilidad-carol-antonio\\\/#primaryimage\"},\"thumbnailUrl\":\"https:\\\/\\\/www.bbmnoticias.com\\\/labravaradiofm\\\/wp-content\\\/uploads\\\/sites\\\/5\\\/2022\\\/01\\\/IMG-20220101-WA0004.jpg\",\"datePublished\":\"2022-01-01T23:27:18+00:00\",\"dateModified\":\"2022-01-01T23:27:21+00:00\",\"author\":{\"@id\":\"https:\\\/\\\/www.bbmnoticias.com\\\/labravaradiofm\\\/#\\\/schema\\\/person\\\/68a9e9036ef3c5b55aeb2b71dc8bab45\"},\"breadcrumb\":{\"@id\":\"https:\\\/\\\/www.bbmnoticias.com\\\/labravaradiofm\\\/2022\\\/01\\\/01\\\/los-salinacrucenses-no-dieron-un-cheque-en-blanco-a-daniel-mendez-si-no-una-gran-responsabilidad-carol-antonio\\\/#breadcrumb\"},\"inLanguage\":\"es\",\"potentialAction\":[{\"@type\":\"ReadAction\",\"target\":[\"https:\\\/\\\/www.bbmnoticias.com\\\/labravaradiofm\\\/2022\\\/01\\\/01\\\/los-salinacrucenses-no-dieron-un-cheque-en-blanco-a-daniel-mendez-si-no-una-gran-responsabilidad-carol-antonio\\\/\"]}]},{\"@type\":\"ImageObject\",\"inLanguage\":\"es\",\"@id\":\"https:\\\/\\\/www.bbmnoticias.com\\\/labravaradiofm\\\/2022\\\/01\\\/01\\\/los-salinacrucenses-no-dieron-un-cheque-en-blanco-a-daniel-mendez-si-no-una-gran-responsabilidad-carol-antonio\\\/#primaryimage\",\"url\":\"https:\\\/\\\/www.bbmnoticias.com\\\/labravaradiofm\\\/wp-content\\\/uploads\\\/sites\\\/5\\\/2022\\\/01\\\/IMG-20220101-WA0004.jpg\",\"contentUrl\":\"https:\\\/\\\/www.bbmnoticias.com\\\/labravaradiofm\\\/wp-content\\\/uploads\\\/sites\\\/5\\\/2022\\\/01\\\/IMG-20220101-WA0004.jpg\",\"width\":1280,\"height\":904},{\"@type\":\"BreadcrumbList\",\"@id\":\"https:\\\/\\\/www.bbmnoticias.com\\\/labravaradiofm\\\/2022\\\/01\\\/01\\\/los-salinacrucenses-no-dieron-un-cheque-en-blanco-a-daniel-mendez-si-no-una-gran-responsabilidad-carol-antonio\\\/#breadcrumb\",\"itemListElement\":[{\"@type\":\"ListItem\",\"position\":1,\"name\":\"Inicio\",\"item\":\"https:\\\/\\\/www.bbmnoticias.com\\\/labravaradiofm\\\/\"},{\"@type\":\"ListItem\",\"position\":2,\"name\":\"Los salinacrucenses no dieron un \u201ccheque en blanco\u201d a Daniel M\u00e9ndez, si no una gran responsabilidad: Carol Antonio.\"}]},{\"@type\":\"WebSite\",\"@id\":\"https:\\\/\\\/www.bbmnoticias.com\\\/labravaradiofm\\\/#website\",\"url\":\"https:\\\/\\\/www.bbmnoticias.com\\\/labravaradiofm\\\/\",\"name\":\"LA BRAVA RADIO\",\"description\":\"Empresa productora de medios, Radiodifusi\u00f3n, Noticias, tendencias y todo lo que necesitas saber de la pol\u00edtica mexicana e internacional; entretenimiento, espect\u00e1culos, salud y mucho m\u00e1s.\",\"potentialAction\":[{\"@type\":\"SearchAction\",\"target\":{\"@type\":\"EntryPoint\",\"urlTemplate\":\"https:\\\/\\\/www.bbmnoticias.com\\\/labravaradiofm\\\/?s={search_term_string}\"},\"query-input\":{\"@type\":\"PropertyValueSpecification\",\"valueRequired\":true,\"valueName\":\"search_term_string\"}}],\"inLanguage\":\"es\"},{\"@type\":\"Person\",\"@id\":\"https:\\\/\\\/www.bbmnoticias.com\\\/labravaradiofm\\\/#\\\/schema\\\/person\\\/68a9e9036ef3c5b55aeb2b71dc8bab45\",\"name\":\"Staff\",\"image\":{\"@type\":\"ImageObject\",\"inLanguage\":\"es\",\"@id\":\"https:\\\/\\\/secure.gravatar.com\\\/avatar\\\/fdd21ad66fd8b98c407f9dee5b5e588cfe7f0d8579ec20fa6527cd59bab7f0f0?s=96&d=mm&r=g\",\"url\":\"https:\\\/\\\/secure.gravatar.com\\\/avatar\\\/fdd21ad66fd8b98c407f9dee5b5e588cfe7f0d8579ec20fa6527cd59bab7f0f0?s=96&d=mm&r=g\",\"contentUrl\":\"https:\\\/\\\/secure.gravatar.com\\\/avatar\\\/fdd21ad66fd8b98c407f9dee5b5e588cfe7f0d8579ec20fa6527cd59bab7f0f0?s=96&d=mm&r=g\",\"caption\":\"Staff\"},\"url\":\"https:\\\/\\\/www.bbmnoticias.com\\\/labravaradiofm\\\/author\\\/redaccion\\\/\"}]}<\/script>\n<!-- \/ Yoast SEO plugin. -->","yoast_head_json":{"title":"Los salinacrucenses no dieron un \u201ccheque en blanco\u201d a Daniel M\u00e9ndez, si no una gran responsabilidad: Carol Antonio. - LA BRAVA RADIO","robots":{"index":"index","follow":"follow","max-snippet":"max-snippet:-1","max-image-preview":"max-image-preview:large","max-video-preview":"max-video-preview:-1"},"canonical":"https:\/\/www.bbmnoticias.com\/labravaradiofm\/2022\/01\/01\/los-salinacrucenses-no-dieron-un-cheque-en-blanco-a-daniel-mendez-si-no-una-gran-responsabilidad-carol-antonio\/","og_locale":"es_MX","og_type":"article","og_title":"Los salinacrucenses no dieron un \u201ccheque en blanco\u201d a Daniel M\u00e9ndez, si no una gran responsabilidad: Carol Antonio. - LA BRAVA RADIO","og_description":"*Es la segunda oportunidad que nos brinda el pueblo, no se puede fallar. *\u201cNo podemos repetir los errores del anterior gobierno municipal\u201d. Salina Cruz, Oax.- El d\u00eda de hoy 1 de Enero, Daniel M\u00e9ndez asumi\u00f3 la presidencia municipal de Salina Cruz, pero no es un cheque en blanco, es un mandato de la ciudadan\u00eda; es [&hellip;]","og_url":"https:\/\/www.bbmnoticias.com\/labravaradiofm\/2022\/01\/01\/los-salinacrucenses-no-dieron-un-cheque-en-blanco-a-daniel-mendez-si-no-una-gran-responsabilidad-carol-antonio\/","og_site_name":"LA BRAVA RADIO","article_published_time":"2022-01-01T23:27:18+00:00","article_modified_time":"2022-01-01T23:27:21+00:00","og_image":[{"width":1280,"height":904,"url":"https:\/\/www.bbmnoticias.com\/labravaradiofm\/wp-content\/uploads\/sites\/5\/2022\/01\/IMG-20220101-WA0004.jpg","type":"image\/jpeg"}],"author":"Staff","twitter_card":"summary_large_image","twitter_misc":{"Escrito por":"Staff","Tiempo de lectura":"4 minutos"},"schema":{"@context":"https:\/\/schema.org","@graph":[{"@type":"Article","@id":"https:\/\/www.bbmnoticias.com\/labravaradiofm\/2022\/01\/01\/los-salinacrucenses-no-dieron-un-cheque-en-blanco-a-daniel-mendez-si-no-una-gran-responsabilidad-carol-antonio\/#article","isPartOf":{"@id":"https:\/\/www.bbmnoticias.com\/labravaradiofm\/2022\/01\/01\/los-salinacrucenses-no-dieron-un-cheque-en-blanco-a-daniel-mendez-si-no-una-gran-responsabilidad-carol-antonio\/"},"author":{"name":"Staff","@id":"https:\/\/www.bbmnoticias.com\/labravaradiofm\/#\/schema\/person\/68a9e9036ef3c5b55aeb2b71dc8bab45"},"headline":"Los salinacrucenses no dieron un \u201ccheque en blanco\u201d a Daniel M\u00e9ndez, si no una gran responsabilidad: Carol Antonio.","datePublished":"2022-01-01T23:27:18+00:00","dateModified":"2022-01-01T23:27:21+00:00","mainEntityOfPage":{"@id":"https:\/\/www.bbmnoticias.com\/labravaradiofm\/2022\/01\/01\/los-salinacrucenses-no-dieron-un-cheque-en-blanco-a-daniel-mendez-si-no-una-gran-responsabilidad-carol-antonio\/"},"wordCount":825,"image":{"@id":"https:\/\/www.bbmnoticias.com\/labravaradiofm\/2022\/01\/01\/los-salinacrucenses-no-dieron-un-cheque-en-blanco-a-daniel-mendez-si-no-una-gran-responsabilidad-carol-antonio\/#primaryimage"},"thumbnailUrl":"https:\/\/www.bbmnoticias.com\/labravaradiofm\/wp-content\/uploads\/sites\/5\/2022\/01\/IMG-20220101-WA0004.jpg","articleSection":["LOCAL"],"inLanguage":"es"},{"@type":"WebPage","@id":"https:\/\/www.bbmnoticias.com\/labravaradiofm\/2022\/01\/01\/los-salinacrucenses-no-dieron-un-cheque-en-blanco-a-daniel-mendez-si-no-una-gran-responsabilidad-carol-antonio\/","url":"https:\/\/www.bbmnoticias.com\/labravaradiofm\/2022\/01\/01\/los-salinacrucenses-no-dieron-un-cheque-en-blanco-a-daniel-mendez-si-no-una-gran-responsabilidad-carol-antonio\/","name":"Los salinacrucenses no dieron un \u201ccheque en blanco\u201d a Daniel M\u00e9ndez, si no una gran responsabilidad: Carol Antonio. - LA BRAVA RADIO","isPartOf":{"@id":"https:\/\/www.bbmnoticias.com\/labravaradiofm\/#website"},"primaryImageOfPage":{"@id":"https:\/\/www.bbmnoticias.com\/labravaradiofm\/2022\/01\/01\/los-salinacrucenses-no-dieron-un-cheque-en-blanco-a-daniel-mendez-si-no-una-gran-responsabilidad-carol-antonio\/#primaryimage"},"image":{"@id":"https:\/\/www.bbmnoticias.com\/labravaradiofm\/2022\/01\/01\/los-salinacrucenses-no-dieron-un-cheque-en-blanco-a-daniel-mendez-si-no-una-gran-responsabilidad-carol-antonio\/#primaryimage"},"thumbnailUrl":"https:\/\/www.bbmnoticias.com\/labravaradiofm\/wp-content\/uploads\/sites\/5\/2022\/01\/IMG-20220101-WA0004.jpg","datePublished":"2022-01-01T23:27:18+00:00","dateModified":"2022-01-01T23:27:21+00:00","author":{"@id":"https:\/\/www.bbmnoticias.com\/labravaradiofm\/#\/schema\/person\/68a9e9036ef3c5b55aeb2b71dc8bab45"},"breadcrumb":{"@id":"https:\/\/www.bbmnoticias.com\/labravaradiofm\/2022\/01\/01\/los-salinacrucenses-no-dieron-un-cheque-en-blanco-a-daniel-mendez-si-no-una-gran-responsabilidad-carol-antonio\/#breadcrumb"},"inLanguage":"es","potentialAction":[{"@type":"ReadAction","target":["https:\/\/www.bbmnoticias.com\/labravaradiofm\/2022\/01\/01\/los-salinacrucenses-no-dieron-un-cheque-en-blanco-a-daniel-mendez-si-no-una-gran-responsabilidad-carol-antonio\/"]}]},{"@type":"ImageObject","inLanguage":"es","@id":"https:\/\/www.bbmnoticias.com\/labravaradiofm\/2022\/01\/01\/los-salinacrucenses-no-dieron-un-cheque-en-blanco-a-daniel-mendez-si-no-una-gran-responsabilidad-carol-antonio\/#primaryimage","url":"https:\/\/www.bbmnoticias.com\/labravaradiofm\/wp-content\/uploads\/sites\/5\/2022\/01\/IMG-20220101-WA0004.jpg","contentUrl":"https:\/\/www.bbmnoticias.com\/labravaradiofm\/wp-content\/uploads\/sites\/5\/2022\/01\/IMG-20220101-WA0004.jpg","width":1280,"height":904},{"@type":"BreadcrumbList","@id":"https:\/\/www.bbmnoticias.com\/labravaradiofm\/2022\/01\/01\/los-salinacrucenses-no-dieron-un-cheque-en-blanco-a-daniel-mendez-si-no-una-gran-responsabilidad-carol-antonio\/#breadcrumb","itemListElement":[{"@type":"ListItem","position":1,"name":"Inicio","item":"https:\/\/www.bbmnoticias.com\/labravaradiofm\/"},{"@type":"ListItem","position":2,"name":"Los salinacrucenses no dieron un \u201ccheque en blanco\u201d a Daniel M\u00e9ndez, si no una gran responsabilidad: Carol Antonio."}]},{"@type":"WebSite","@id":"https:\/\/www.bbmnoticias.com\/labravaradiofm\/#website","url":"https:\/\/www.bbmnoticias.com\/labravaradiofm\/","name":"LA BRAVA RADIO","description":"Empresa productora de medios, Radiodifusi\u00f3n, Noticias, tendencias y todo lo que necesitas saber de la pol\u00edtica mexicana e internacional; entretenimiento, espect\u00e1culos, salud y mucho m\u00e1s.","potentialAction":[{"@type":"SearchAction","target":{"@type":"EntryPoint","urlTemplate":"https:\/\/www.bbmnoticias.com\/labravaradiofm\/?s={search_term_string}"},"query-input":{"@type":"PropertyValueSpecification","valueRequired":true,"valueName":"search_term_string"}}],"inLanguage":"es"},{"@type":"Person","@id":"https:\/\/www.bbmnoticias.com\/labravaradiofm\/#\/schema\/person\/68a9e9036ef3c5b55aeb2b71dc8bab45","name":"Staff","image":{"@type":"ImageObject","inLanguage":"es","@id":"https:\/\/secure.gravatar.com\/avatar\/fdd21ad66fd8b98c407f9dee5b5e588cfe7f0d8579ec20fa6527cd59bab7f0f0?s=96&d=mm&r=g","url":"https:\/\/secure.gravatar.com\/avatar\/fdd21ad66fd8b98c407f9dee5b5e588cfe7f0d8579ec20fa6527cd59bab7f0f0?s=96&d=mm&r=g","contentUrl":"https:\/\/secure.gravatar.com\/avatar\/fdd21ad66fd8b98c407f9dee5b5e588cfe7f0d8579ec20fa6527cd59bab7f0f0?s=96&d=mm&r=g","caption":"Staff"},"url":"https:\/\/www.bbmnoticias.com\/labravaradiofm\/author\/redaccion\/"}]}},"_links":{"self":[{"href":"https:\/\/www.bbmnoticias.com\/labravaradiofm\/wp-json\/wp\/v2\/posts\/8010","targetHints":{"allow":["GET"]}}],"collection":[{"href":"https:\/\/www.bbmnoticias.com\/labravaradiofm\/wp-json\/wp\/v2\/posts"}],"about":[{"href":"https:\/\/www.bbmnoticias.com\/labravaradiofm\/wp-json\/wp\/v2\/types\/post"}],"author":[{"embeddable":true,"href":"https:\/\/www.bbmnoticias.com\/labravaradiofm\/wp-json\/wp\/v2\/users\/2"}],"replies":[{"embeddable":true,"href":"https:\/\/www.bbmnoticias.com\/labravaradiofm\/wp-json\/wp\/v2\/comments?post=8010"}],"version-history":[{"count":0,"href":"https:\/\/www.bbmnoticias.com\/labravaradiofm\/wp-json\/wp\/v2\/posts\/8010\/revisions"}],"wp:featuredmedia":[{"embeddable":true,"href":"https:\/\/www.bbmnoticias.com\/labravaradiofm\/wp-json\/wp\/v2\/media\/8011"}],"wp:attachment":[{"href":"https:\/\/www.bbmnoticias.com\/labravaradiofm\/wp-json\/wp\/v2\/media?parent=8010"}],"wp:term":[{"taxonomy":"category","embeddable":true,"href":"https:\/\/www.bbmnoticias.com\/labravaradiofm\/wp-json\/wp\/v2\/categories?post=8010"},{"taxonomy":"post_tag","embeddable":true,"href":"https:\/\/www.bbmnoticias.com\/labravaradiofm\/wp-json\/wp\/v2\/tags?post=8010"}],"curies":[{"name":"wp","href":"https:\/\/api.w.org\/{rel}","templated":true}]}}