{"id":8001,"date":"2021-12-31T13:48:48","date_gmt":"2021-12-31T19:48:48","guid":{"rendered":"https:\/\/www.bbmnoticias.com\/labravaradiofm\/?p=8001"},"modified":"2021-12-31T13:48:50","modified_gmt":"2021-12-31T19:48:50","slug":"aprehenden-al-ex-rector-de-la-uabjo-eduardo-martinez-helmes","status":"publish","type":"post","link":"https:\/\/www.bbmnoticias.com\/labravaradiofm\/2021\/12\/31\/aprehenden-al-ex-rector-de-la-uabjo-eduardo-martinez-helmes\/","title":{"rendered":"Aprehenden al ex rector de la UABJO, Eduardo Mart\u00ednez Helmes"},"content":{"rendered":"<div style=\"margin-top: 0px; margin-bottom: 0px;\" class=\"sharethis-inline-share-buttons\" ><\/div>\n<p>OAXACA, Oax. 31 de diciembre de 2021.- El ex rector de la Universidad Aut\u00f3noma Benito Ju\u00e1rez de Oaxaca (UABJO), Eduardo Mart\u00ednez Helmes, fue puesto a disposici\u00f3n del Ministerio P\u00fablico este viernes.<\/p>\n\n\n\n<p>Aunque la Fiscal\u00eda no ha emitido una informaci\u00f3n oficial del hecho, fuentes de la Agencia Estatal de Investigaciones (AEI) confirmaron que el ex rector est\u00e1 detenido.<\/p>\n\n\n\n<p>Hasta el momento, la autoridad no ha dado a conocer cu\u00e1les fueron las causas de la detenci\u00f3n y cu\u00e1les son los posibles delitos que le imputan.<\/p>\n","protected":false},"excerpt":{"rendered":"<p>OAXACA, Oax. 31 de diciembre de 2021.- El ex rector de la Universidad Aut\u00f3noma Benito Ju\u00e1rez de Oaxaca (UABJO), Eduardo Mart\u00ednez Helmes, fue puesto a disposici\u00f3n del Ministerio P\u00fablico este viernes. Aunque la Fiscal\u00eda no ha emitido una informaci\u00f3n oficial del hecho, fuentes de la Agencia Estatal de Investigaciones (AEI) confirmaron que el ex rector [&hellip;]<\/p>\n","protected":false},"author":5,"featured_media":8002,"comment_status":"closed","ping_status":"closed","sticky":false,"template":"","format":"standard","meta":{"footnotes":""},"categories":[2],"tags":[],"class_list":{"0":"post-8001","1":"post","2":"type-post","3":"status-publish","4":"format-standard","5":"has-post-thumbnail","7":"category-oaxaca"},"yoast_head":"<!-- This site is optimized with the Yoast SEO plugin v27.4 - https:\/\/yoast.com\/product\/yoast-seo-wordpress\/ -->\n<title>Aprehenden al ex rector de la UABJO, Eduardo Mart\u00ednez Helmes - LA BRAVA RADIO<\/title>\n<meta name=\"robots\" content=\"index, follow, max-snippet:-1, max-image-preview:large, max-video-preview:-1\" \/>\n<link rel=\"canonical\" href=\"https:\/\/www.bbmnoticias.com\/labravaradiofm\/2021\/12\/31\/aprehenden-al-ex-rector-de-la-uabjo-eduardo-martinez-helmes\/\" \/>\n<meta property=\"og:locale\" content=\"es_MX\" \/>\n<meta property=\"og:type\" content=\"article\" \/>\n<meta property=\"og:title\" content=\"Aprehenden al ex rector de la UABJO, Eduardo Mart\u00ednez Helmes - LA BRAVA RADIO\" \/>\n<meta property=\"og:description\" content=\"OAXACA, Oax. 31 de diciembre de 2021.- El ex rector de la Universidad Aut\u00f3noma Benito Ju\u00e1rez de Oaxaca (UABJO), Eduardo Mart\u00ednez Helmes, fue puesto a disposici\u00f3n del Ministerio P\u00fablico este viernes. Aunque la Fiscal\u00eda no ha emitido una informaci\u00f3n oficial del hecho, fuentes de la Agencia Estatal de Investigaciones (AEI) confirmaron que el ex rector [&hellip;]\" \/>\n<meta property=\"og:url\" content=\"https:\/\/www.bbmnoticias.com\/labravaradiofm\/2021\/12\/31\/aprehenden-al-ex-rector-de-la-uabjo-eduardo-martinez-helmes\/\" \/>\n<meta property=\"og:site_name\" content=\"LA BRAVA RADIO\" \/>\n<meta property=\"article:published_time\" content=\"2021-12-31T19:48:48+00:00\" \/>\n<meta property=\"article:modified_time\" content=\"2021-12-31T19:48:50+00:00\" \/>\n<meta property=\"og:image\" content=\"https:\/\/www.bbmnoticias.com\/labravaradiofm\/wp-content\/uploads\/sites\/5\/2021\/12\/uabjo.webp\" \/>\n\t<meta property=\"og:image:width\" content=\"1280\" \/>\n\t<meta property=\"og:image:height\" content=\"853\" \/>\n\t<meta property=\"og:image:type\" content=\"image\/webp\" \/>\n<meta name=\"author\" content=\"Quadratin\" \/>\n<meta name=\"twitter:card\" content=\"summary_large_image\" \/>\n<meta name=\"twitter:label1\" content=\"Escrito por\" \/>\n\t<meta name=\"twitter:data1\" content=\"Quadratin\" \/>\n\t<meta name=\"twitter:label2\" content=\"Tiempo de lectura\" \/>\n\t<meta name=\"twitter:data2\" content=\"1 minuto\" \/>\n<script type=\"application\/ld+json\" class=\"yoast-schema-graph\">{\"@context\":\"https:\\\/\\\/schema.org\",\"@graph\":[{\"@type\":\"Article\",\"@id\":\"https:\\\/\\\/www.bbmnoticias.com\\\/labravaradiofm\\\/2021\\\/12\\\/31\\\/aprehenden-al-ex-rector-de-la-uabjo-eduardo-martinez-helmes\\\/#article\",\"isPartOf\":{\"@id\":\"https:\\\/\\\/www.bbmnoticias.com\\\/labravaradiofm\\\/2021\\\/12\\\/31\\\/aprehenden-al-ex-rector-de-la-uabjo-eduardo-martinez-helmes\\\/\"},\"author\":{\"name\":\"Quadratin\",\"@id\":\"https:\\\/\\\/www.bbmnoticias.com\\\/labravaradiofm\\\/#\\\/schema\\\/person\\\/c316b6f6c03640cce5d9482ba5a8e5c2\"},\"headline\":\"Aprehenden al ex rector de la UABJO, Eduardo Mart\u00ednez Helmes\",\"datePublished\":\"2021-12-31T19:48:48+00:00\",\"dateModified\":\"2021-12-31T19:48:50+00:00\",\"mainEntityOfPage\":{\"@id\":\"https:\\\/\\\/www.bbmnoticias.com\\\/labravaradiofm\\\/2021\\\/12\\\/31\\\/aprehenden-al-ex-rector-de-la-uabjo-eduardo-martinez-helmes\\\/\"},\"wordCount\":103,\"image\":{\"@id\":\"https:\\\/\\\/www.bbmnoticias.com\\\/labravaradiofm\\\/2021\\\/12\\\/31\\\/aprehenden-al-ex-rector-de-la-uabjo-eduardo-martinez-helmes\\\/#primaryimage\"},\"thumbnailUrl\":\"https:\\\/\\\/www.bbmnoticias.com\\\/labravaradiofm\\\/wp-content\\\/uploads\\\/sites\\\/5\\\/2021\\\/12\\\/uabjo.webp\",\"articleSection\":[\"LOCAL\"],\"inLanguage\":\"es\"},{\"@type\":\"WebPage\",\"@id\":\"https:\\\/\\\/www.bbmnoticias.com\\\/labravaradiofm\\\/2021\\\/12\\\/31\\\/aprehenden-al-ex-rector-de-la-uabjo-eduardo-martinez-helmes\\\/\",\"url\":\"https:\\\/\\\/www.bbmnoticias.com\\\/labravaradiofm\\\/2021\\\/12\\\/31\\\/aprehenden-al-ex-rector-de-la-uabjo-eduardo-martinez-helmes\\\/\",\"name\":\"Aprehenden al ex rector de la UABJO, Eduardo Mart\u00ednez Helmes - LA BRAVA RADIO\",\"isPartOf\":{\"@id\":\"https:\\\/\\\/www.bbmnoticias.com\\\/labravaradiofm\\\/#website\"},\"primaryImageOfPage\":{\"@id\":\"https:\\\/\\\/www.bbmnoticias.com\\\/labravaradiofm\\\/2021\\\/12\\\/31\\\/aprehenden-al-ex-rector-de-la-uabjo-eduardo-martinez-helmes\\\/#primaryimage\"},\"image\":{\"@id\":\"https:\\\/\\\/www.bbmnoticias.com\\\/labravaradiofm\\\/2021\\\/12\\\/31\\\/aprehenden-al-ex-rector-de-la-uabjo-eduardo-martinez-helmes\\\/#primaryimage\"},\"thumbnailUrl\":\"https:\\\/\\\/www.bbmnoticias.com\\\/labravaradiofm\\\/wp-content\\\/uploads\\\/sites\\\/5\\\/2021\\\/12\\\/uabjo.webp\",\"datePublished\":\"2021-12-31T19:48:48+00:00\",\"dateModified\":\"2021-12-31T19:48:50+00:00\",\"author\":{\"@id\":\"https:\\\/\\\/www.bbmnoticias.com\\\/labravaradiofm\\\/#\\\/schema\\\/person\\\/c316b6f6c03640cce5d9482ba5a8e5c2\"},\"breadcrumb\":{\"@id\":\"https:\\\/\\\/www.bbmnoticias.com\\\/labravaradiofm\\\/2021\\\/12\\\/31\\\/aprehenden-al-ex-rector-de-la-uabjo-eduardo-martinez-helmes\\\/#breadcrumb\"},\"inLanguage\":\"es\",\"potentialAction\":[{\"@type\":\"ReadAction\",\"target\":[\"https:\\\/\\\/www.bbmnoticias.com\\\/labravaradiofm\\\/2021\\\/12\\\/31\\\/aprehenden-al-ex-rector-de-la-uabjo-eduardo-martinez-helmes\\\/\"]}]},{\"@type\":\"ImageObject\",\"inLanguage\":\"es\",\"@id\":\"https:\\\/\\\/www.bbmnoticias.com\\\/labravaradiofm\\\/2021\\\/12\\\/31\\\/aprehenden-al-ex-rector-de-la-uabjo-eduardo-martinez-helmes\\\/#primaryimage\",\"url\":\"https:\\\/\\\/www.bbmnoticias.com\\\/labravaradiofm\\\/wp-content\\\/uploads\\\/sites\\\/5\\\/2021\\\/12\\\/uabjo.webp\",\"contentUrl\":\"https:\\\/\\\/www.bbmnoticias.com\\\/labravaradiofm\\\/wp-content\\\/uploads\\\/sites\\\/5\\\/2021\\\/12\\\/uabjo.webp\",\"width\":1280,\"height\":853},{\"@type\":\"BreadcrumbList\",\"@id\":\"https:\\\/\\\/www.bbmnoticias.com\\\/labravaradiofm\\\/2021\\\/12\\\/31\\\/aprehenden-al-ex-rector-de-la-uabjo-eduardo-martinez-helmes\\\/#breadcrumb\",\"itemListElement\":[{\"@type\":\"ListItem\",\"position\":1,\"name\":\"Inicio\",\"item\":\"https:\\\/\\\/www.bbmnoticias.com\\\/labravaradiofm\\\/\"},{\"@type\":\"ListItem\",\"position\":2,\"name\":\"Aprehenden al ex rector de la UABJO, Eduardo Mart\u00ednez Helmes\"}]},{\"@type\":\"WebSite\",\"@id\":\"https:\\\/\\\/www.bbmnoticias.com\\\/labravaradiofm\\\/#website\",\"url\":\"https:\\\/\\\/www.bbmnoticias.com\\\/labravaradiofm\\\/\",\"name\":\"LA BRAVA RADIO\",\"description\":\"Empresa productora de medios, Radiodifusi\u00f3n, Noticias, tendencias y todo lo que necesitas saber de la pol\u00edtica mexicana e internacional; entretenimiento, espect\u00e1culos, salud y mucho m\u00e1s.\",\"potentialAction\":[{\"@type\":\"SearchAction\",\"target\":{\"@type\":\"EntryPoint\",\"urlTemplate\":\"https:\\\/\\\/www.bbmnoticias.com\\\/labravaradiofm\\\/?s={search_term_string}\"},\"query-input\":{\"@type\":\"PropertyValueSpecification\",\"valueRequired\":true,\"valueName\":\"search_term_string\"}}],\"inLanguage\":\"es\"},{\"@type\":\"Person\",\"@id\":\"https:\\\/\\\/www.bbmnoticias.com\\\/labravaradiofm\\\/#\\\/schema\\\/person\\\/c316b6f6c03640cce5d9482ba5a8e5c2\",\"name\":\"Quadratin\",\"image\":{\"@type\":\"ImageObject\",\"inLanguage\":\"es\",\"@id\":\"https:\\\/\\\/secure.gravatar.com\\\/avatar\\\/34008d7d72488432d6a74f81e839efc9f754b118786ca32cf39d9d5508a68f63?s=96&d=mm&r=g\",\"url\":\"https:\\\/\\\/secure.gravatar.com\\\/avatar\\\/34008d7d72488432d6a74f81e839efc9f754b118786ca32cf39d9d5508a68f63?s=96&d=mm&r=g\",\"contentUrl\":\"https:\\\/\\\/secure.gravatar.com\\\/avatar\\\/34008d7d72488432d6a74f81e839efc9f754b118786ca32cf39d9d5508a68f63?s=96&d=mm&r=g\",\"caption\":\"Quadratin\"},\"url\":\"https:\\\/\\\/www.bbmnoticias.com\\\/labravaradiofm\\\/author\\\/quadratin\\\/\"}]}<\/script>\n<!-- \/ Yoast SEO plugin. -->","yoast_head_json":{"title":"Aprehenden al ex rector de la UABJO, Eduardo Mart\u00ednez Helmes - LA BRAVA RADIO","robots":{"index":"index","follow":"follow","max-snippet":"max-snippet:-1","max-image-preview":"max-image-preview:large","max-video-preview":"max-video-preview:-1"},"canonical":"https:\/\/www.bbmnoticias.com\/labravaradiofm\/2021\/12\/31\/aprehenden-al-ex-rector-de-la-uabjo-eduardo-martinez-helmes\/","og_locale":"es_MX","og_type":"article","og_title":"Aprehenden al ex rector de la UABJO, Eduardo Mart\u00ednez Helmes - LA BRAVA RADIO","og_description":"OAXACA, Oax. 31 de diciembre de 2021.- El ex rector de la Universidad Aut\u00f3noma Benito Ju\u00e1rez de Oaxaca (UABJO), Eduardo Mart\u00ednez Helmes, fue puesto a disposici\u00f3n del Ministerio P\u00fablico este viernes. Aunque la Fiscal\u00eda no ha emitido una informaci\u00f3n oficial del hecho, fuentes de la Agencia Estatal de Investigaciones (AEI) confirmaron que el ex rector [&hellip;]","og_url":"https:\/\/www.bbmnoticias.com\/labravaradiofm\/2021\/12\/31\/aprehenden-al-ex-rector-de-la-uabjo-eduardo-martinez-helmes\/","og_site_name":"LA BRAVA RADIO","article_published_time":"2021-12-31T19:48:48+00:00","article_modified_time":"2021-12-31T19:48:50+00:00","og_image":[{"width":1280,"height":853,"url":"https:\/\/www.bbmnoticias.com\/labravaradiofm\/wp-content\/uploads\/sites\/5\/2021\/12\/uabjo.webp","type":"image\/webp"}],"author":"Quadratin","twitter_card":"summary_large_image","twitter_misc":{"Escrito por":"Quadratin","Tiempo de lectura":"1 minuto"},"schema":{"@context":"https:\/\/schema.org","@graph":[{"@type":"Article","@id":"https:\/\/www.bbmnoticias.com\/labravaradiofm\/2021\/12\/31\/aprehenden-al-ex-rector-de-la-uabjo-eduardo-martinez-helmes\/#article","isPartOf":{"@id":"https:\/\/www.bbmnoticias.com\/labravaradiofm\/2021\/12\/31\/aprehenden-al-ex-rector-de-la-uabjo-eduardo-martinez-helmes\/"},"author":{"name":"Quadratin","@id":"https:\/\/www.bbmnoticias.com\/labravaradiofm\/#\/schema\/person\/c316b6f6c03640cce5d9482ba5a8e5c2"},"headline":"Aprehenden al ex rector de la UABJO, Eduardo Mart\u00ednez Helmes","datePublished":"2021-12-31T19:48:48+00:00","dateModified":"2021-12-31T19:48:50+00:00","mainEntityOfPage":{"@id":"https:\/\/www.bbmnoticias.com\/labravaradiofm\/2021\/12\/31\/aprehenden-al-ex-rector-de-la-uabjo-eduardo-martinez-helmes\/"},"wordCount":103,"image":{"@id":"https:\/\/www.bbmnoticias.com\/labravaradiofm\/2021\/12\/31\/aprehenden-al-ex-rector-de-la-uabjo-eduardo-martinez-helmes\/#primaryimage"},"thumbnailUrl":"https:\/\/www.bbmnoticias.com\/labravaradiofm\/wp-content\/uploads\/sites\/5\/2021\/12\/uabjo.webp","articleSection":["LOCAL"],"inLanguage":"es"},{"@type":"WebPage","@id":"https:\/\/www.bbmnoticias.com\/labravaradiofm\/2021\/12\/31\/aprehenden-al-ex-rector-de-la-uabjo-eduardo-martinez-helmes\/","url":"https:\/\/www.bbmnoticias.com\/labravaradiofm\/2021\/12\/31\/aprehenden-al-ex-rector-de-la-uabjo-eduardo-martinez-helmes\/","name":"Aprehenden al ex rector de la UABJO, Eduardo Mart\u00ednez Helmes - LA BRAVA RADIO","isPartOf":{"@id":"https:\/\/www.bbmnoticias.com\/labravaradiofm\/#website"},"primaryImageOfPage":{"@id":"https:\/\/www.bbmnoticias.com\/labravaradiofm\/2021\/12\/31\/aprehenden-al-ex-rector-de-la-uabjo-eduardo-martinez-helmes\/#primaryimage"},"image":{"@id":"https:\/\/www.bbmnoticias.com\/labravaradiofm\/2021\/12\/31\/aprehenden-al-ex-rector-de-la-uabjo-eduardo-martinez-helmes\/#primaryimage"},"thumbnailUrl":"https:\/\/www.bbmnoticias.com\/labravaradiofm\/wp-content\/uploads\/sites\/5\/2021\/12\/uabjo.webp","datePublished":"2021-12-31T19:48:48+00:00","dateModified":"2021-12-31T19:48:50+00:00","author":{"@id":"https:\/\/www.bbmnoticias.com\/labravaradiofm\/#\/schema\/person\/c316b6f6c03640cce5d9482ba5a8e5c2"},"breadcrumb":{"@id":"https:\/\/www.bbmnoticias.com\/labravaradiofm\/2021\/12\/31\/aprehenden-al-ex-rector-de-la-uabjo-eduardo-martinez-helmes\/#breadcrumb"},"inLanguage":"es","potentialAction":[{"@type":"ReadAction","target":["https:\/\/www.bbmnoticias.com\/labravaradiofm\/2021\/12\/31\/aprehenden-al-ex-rector-de-la-uabjo-eduardo-martinez-helmes\/"]}]},{"@type":"ImageObject","inLanguage":"es","@id":"https:\/\/www.bbmnoticias.com\/labravaradiofm\/2021\/12\/31\/aprehenden-al-ex-rector-de-la-uabjo-eduardo-martinez-helmes\/#primaryimage","url":"https:\/\/www.bbmnoticias.com\/labravaradiofm\/wp-content\/uploads\/sites\/5\/2021\/12\/uabjo.webp","contentUrl":"https:\/\/www.bbmnoticias.com\/labravaradiofm\/wp-content\/uploads\/sites\/5\/2021\/12\/uabjo.webp","width":1280,"height":853},{"@type":"BreadcrumbList","@id":"https:\/\/www.bbmnoticias.com\/labravaradiofm\/2021\/12\/31\/aprehenden-al-ex-rector-de-la-uabjo-eduardo-martinez-helmes\/#breadcrumb","itemListElement":[{"@type":"ListItem","position":1,"name":"Inicio","item":"https:\/\/www.bbmnoticias.com\/labravaradiofm\/"},{"@type":"ListItem","position":2,"name":"Aprehenden al ex rector de la UABJO, Eduardo Mart\u00ednez Helmes"}]},{"@type":"WebSite","@id":"https:\/\/www.bbmnoticias.com\/labravaradiofm\/#website","url":"https:\/\/www.bbmnoticias.com\/labravaradiofm\/","name":"LA BRAVA RADIO","description":"Empresa productora de medios, Radiodifusi\u00f3n, Noticias, tendencias y todo lo que necesitas saber de la pol\u00edtica mexicana e internacional; entretenimiento, espect\u00e1culos, salud y mucho m\u00e1s.","potentialAction":[{"@type":"SearchAction","target":{"@type":"EntryPoint","urlTemplate":"https:\/\/www.bbmnoticias.com\/labravaradiofm\/?s={search_term_string}"},"query-input":{"@type":"PropertyValueSpecification","valueRequired":true,"valueName":"search_term_string"}}],"inLanguage":"es"},{"@type":"Person","@id":"https:\/\/www.bbmnoticias.com\/labravaradiofm\/#\/schema\/person\/c316b6f6c03640cce5d9482ba5a8e5c2","name":"Quadratin","image":{"@type":"ImageObject","inLanguage":"es","@id":"https:\/\/secure.gravatar.com\/avatar\/34008d7d72488432d6a74f81e839efc9f754b118786ca32cf39d9d5508a68f63?s=96&d=mm&r=g","url":"https:\/\/secure.gravatar.com\/avatar\/34008d7d72488432d6a74f81e839efc9f754b118786ca32cf39d9d5508a68f63?s=96&d=mm&r=g","contentUrl":"https:\/\/secure.gravatar.com\/avatar\/34008d7d72488432d6a74f81e839efc9f754b118786ca32cf39d9d5508a68f63?s=96&d=mm&r=g","caption":"Quadratin"},"url":"https:\/\/www.bbmnoticias.com\/labravaradiofm\/author\/quadratin\/"}]}},"_links":{"self":[{"href":"https:\/\/www.bbmnoticias.com\/labravaradiofm\/wp-json\/wp\/v2\/posts\/8001","targetHints":{"allow":["GET"]}}],"collection":[{"href":"https:\/\/www.bbmnoticias.com\/labravaradiofm\/wp-json\/wp\/v2\/posts"}],"about":[{"href":"https:\/\/www.bbmnoticias.com\/labravaradiofm\/wp-json\/wp\/v2\/types\/post"}],"author":[{"embeddable":true,"href":"https:\/\/www.bbmnoticias.com\/labravaradiofm\/wp-json\/wp\/v2\/users\/5"}],"replies":[{"embeddable":true,"href":"https:\/\/www.bbmnoticias.com\/labravaradiofm\/wp-json\/wp\/v2\/comments?post=8001"}],"version-history":[{"count":0,"href":"https:\/\/www.bbmnoticias.com\/labravaradiofm\/wp-json\/wp\/v2\/posts\/8001\/revisions"}],"wp:featuredmedia":[{"embeddable":true,"href":"https:\/\/www.bbmnoticias.com\/labravaradiofm\/wp-json\/wp\/v2\/media\/8002"}],"wp:attachment":[{"href":"https:\/\/www.bbmnoticias.com\/labravaradiofm\/wp-json\/wp\/v2\/media?parent=8001"}],"wp:term":[{"taxonomy":"category","embeddable":true,"href":"https:\/\/www.bbmnoticias.com\/labravaradiofm\/wp-json\/wp\/v2\/categories?post=8001"},{"taxonomy":"post_tag","embeddable":true,"href":"https:\/\/www.bbmnoticias.com\/labravaradiofm\/wp-json\/wp\/v2\/tags?post=8001"}],"curies":[{"name":"wp","href":"https:\/\/api.w.org\/{rel}","templated":true}]}}