{"id":7951,"date":"2021-12-30T14:36:01","date_gmt":"2021-12-30T20:36:01","guid":{"rendered":"https:\/\/www.bbmnoticias.com\/labravaradiofm\/?p=7951"},"modified":"2021-12-30T14:36:02","modified_gmt":"2021-12-30T20:36:02","slug":"fiscalia-coordina-y-ejecuta-operativos-contra-la-delincuencia-y-la-criminalidad-en-la-costa-y-cuenca","status":"publish","type":"post","link":"https:\/\/www.bbmnoticias.com\/labravaradiofm\/2021\/12\/30\/fiscalia-coordina-y-ejecuta-operativos-contra-la-delincuencia-y-la-criminalidad-en-la-costa-y-cuenca\/","title":{"rendered":"Fiscal\u00eda coordina y ejecuta operativos contra la delincuencia y la criminalidad en la Costa y Cuenca"},"content":{"rendered":"<div style=\"margin-top: 0px; margin-bottom: 0px;\" class=\"sharethis-inline-share-buttons\" ><\/div>\n<p><strong>Oaxaca de Ju\u00e1rez, Oax., 30 de diciembre de 2021.-<\/strong> Como parte de las acciones continuas de combate y prevenci\u00f3n de delitos, la Fiscal\u00eda General del Estado de Oaxaca (FGEO) coordina y ejecuta operativos simult\u00e1neos contra la delincuencia y criminalidad en diferentes puntos de las regiones de la Costa y de la Cuenca.<\/p>\n\n\n\n<p>La primera acci\u00f3n fue realizada en San Juan Bautista Tuxtepec, donde elementos de la Agencia Estatal de Investigaciones (AEI) realizaron acciones de proximidad social y disuasi\u00f3n delictiva a trav\u00e9s de recorridos a pie y patrullajes en diferentes \u00e1reas de afluencia tur\u00edstica y comerciales, adem\u00e1s de implementar filtros de inspecci\u00f3n en diversos puntos de esta importante ciudad de la regi\u00f3n de la Cuenca.<\/p>\n\n\n\n<p>A su vez, en la regi\u00f3n de la Costa, m\u00e1s de 50 elementos de la polic\u00eda investigadora realizan recorridos y patrullajes en terminales, bancos, centros comerciales y lugares de afluencia de la franja costera de Santa Mar\u00eda Huatulco hasta Santiago Pinotepa Nacional, donde tambi\u00e9n se instalaron puestos de control provisionales.<\/p>\n","protected":false},"excerpt":{"rendered":"<p>Oaxaca de Ju\u00e1rez, Oax., 30 de diciembre de 2021.- Como parte de las acciones continuas de combate y prevenci\u00f3n de delitos, la Fiscal\u00eda General del Estado de Oaxaca (FGEO) coordina y ejecuta operativos simult\u00e1neos contra la delincuencia y criminalidad en diferentes puntos de las regiones de la Costa y de la Cuenca. La primera acci\u00f3n [&hellip;]<\/p>\n","protected":false},"author":2,"featured_media":7952,"comment_status":"closed","ping_status":"closed","sticky":false,"template":"","format":"standard","meta":{"footnotes":""},"categories":[20],"tags":[],"class_list":{"0":"post-7951","1":"post","2":"type-post","3":"status-publish","4":"format-standard","5":"has-post-thumbnail","7":"category-policiaca"},"yoast_head":"<!-- This site is optimized with the Yoast SEO plugin v27.4 - https:\/\/yoast.com\/product\/yoast-seo-wordpress\/ -->\n<title>Fiscal\u00eda coordina y ejecuta operativos contra la delincuencia y la criminalidad en la Costa y Cuenca - LA BRAVA RADIO<\/title>\n<meta name=\"robots\" content=\"index, follow, max-snippet:-1, max-image-preview:large, max-video-preview:-1\" \/>\n<link rel=\"canonical\" href=\"https:\/\/www.bbmnoticias.com\/labravaradiofm\/2021\/12\/30\/fiscalia-coordina-y-ejecuta-operativos-contra-la-delincuencia-y-la-criminalidad-en-la-costa-y-cuenca\/\" \/>\n<meta property=\"og:locale\" content=\"es_MX\" \/>\n<meta property=\"og:type\" content=\"article\" \/>\n<meta property=\"og:title\" content=\"Fiscal\u00eda coordina y ejecuta operativos contra la delincuencia y la criminalidad en la Costa y Cuenca - LA BRAVA RADIO\" \/>\n<meta property=\"og:description\" content=\"Oaxaca de Ju\u00e1rez, Oax., 30 de diciembre de 2021.- Como parte de las acciones continuas de combate y prevenci\u00f3n de delitos, la Fiscal\u00eda General del Estado de Oaxaca (FGEO) coordina y ejecuta operativos simult\u00e1neos contra la delincuencia y criminalidad en diferentes puntos de las regiones de la Costa y de la Cuenca. La primera acci\u00f3n [&hellip;]\" \/>\n<meta property=\"og:url\" content=\"https:\/\/www.bbmnoticias.com\/labravaradiofm\/2021\/12\/30\/fiscalia-coordina-y-ejecuta-operativos-contra-la-delincuencia-y-la-criminalidad-en-la-costa-y-cuenca\/\" \/>\n<meta property=\"og:site_name\" content=\"LA BRAVA RADIO\" \/>\n<meta property=\"article:published_time\" content=\"2021-12-30T20:36:01+00:00\" \/>\n<meta property=\"article:modified_time\" content=\"2021-12-30T20:36:02+00:00\" \/>\n<meta property=\"og:image\" content=\"https:\/\/www.bbmnoticias.com\/labravaradiofm\/wp-content\/uploads\/sites\/5\/2021\/12\/fiscalia-oaxaca.jpg\" \/>\n\t<meta property=\"og:image:width\" content=\"1040\" \/>\n\t<meta property=\"og:image:height\" content=\"780\" \/>\n\t<meta property=\"og:image:type\" content=\"image\/jpeg\" \/>\n<meta name=\"author\" content=\"Staff\" \/>\n<meta name=\"twitter:card\" content=\"summary_large_image\" \/>\n<meta name=\"twitter:label1\" content=\"Escrito por\" \/>\n\t<meta name=\"twitter:data1\" content=\"Staff\" \/>\n\t<meta name=\"twitter:label2\" content=\"Tiempo de lectura\" \/>\n\t<meta name=\"twitter:data2\" content=\"1 minuto\" \/>\n<script type=\"application\/ld+json\" class=\"yoast-schema-graph\">{\"@context\":\"https:\\\/\\\/schema.org\",\"@graph\":[{\"@type\":\"Article\",\"@id\":\"https:\\\/\\\/www.bbmnoticias.com\\\/labravaradiofm\\\/2021\\\/12\\\/30\\\/fiscalia-coordina-y-ejecuta-operativos-contra-la-delincuencia-y-la-criminalidad-en-la-costa-y-cuenca\\\/#article\",\"isPartOf\":{\"@id\":\"https:\\\/\\\/www.bbmnoticias.com\\\/labravaradiofm\\\/2021\\\/12\\\/30\\\/fiscalia-coordina-y-ejecuta-operativos-contra-la-delincuencia-y-la-criminalidad-en-la-costa-y-cuenca\\\/\"},\"author\":{\"name\":\"Staff\",\"@id\":\"https:\\\/\\\/www.bbmnoticias.com\\\/labravaradiofm\\\/#\\\/schema\\\/person\\\/68a9e9036ef3c5b55aeb2b71dc8bab45\"},\"headline\":\"Fiscal\u00eda coordina y ejecuta operativos contra la delincuencia y la criminalidad en la Costa y Cuenca\",\"datePublished\":\"2021-12-30T20:36:01+00:00\",\"dateModified\":\"2021-12-30T20:36:02+00:00\",\"mainEntityOfPage\":{\"@id\":\"https:\\\/\\\/www.bbmnoticias.com\\\/labravaradiofm\\\/2021\\\/12\\\/30\\\/fiscalia-coordina-y-ejecuta-operativos-contra-la-delincuencia-y-la-criminalidad-en-la-costa-y-cuenca\\\/\"},\"wordCount\":195,\"image\":{\"@id\":\"https:\\\/\\\/www.bbmnoticias.com\\\/labravaradiofm\\\/2021\\\/12\\\/30\\\/fiscalia-coordina-y-ejecuta-operativos-contra-la-delincuencia-y-la-criminalidad-en-la-costa-y-cuenca\\\/#primaryimage\"},\"thumbnailUrl\":\"https:\\\/\\\/www.bbmnoticias.com\\\/labravaradiofm\\\/wp-content\\\/uploads\\\/sites\\\/5\\\/2021\\\/12\\\/fiscalia-oaxaca.jpg\",\"articleSection\":[\"POLICIACA\"],\"inLanguage\":\"es\"},{\"@type\":\"WebPage\",\"@id\":\"https:\\\/\\\/www.bbmnoticias.com\\\/labravaradiofm\\\/2021\\\/12\\\/30\\\/fiscalia-coordina-y-ejecuta-operativos-contra-la-delincuencia-y-la-criminalidad-en-la-costa-y-cuenca\\\/\",\"url\":\"https:\\\/\\\/www.bbmnoticias.com\\\/labravaradiofm\\\/2021\\\/12\\\/30\\\/fiscalia-coordina-y-ejecuta-operativos-contra-la-delincuencia-y-la-criminalidad-en-la-costa-y-cuenca\\\/\",\"name\":\"Fiscal\u00eda coordina y ejecuta operativos contra la delincuencia y la criminalidad en la Costa y Cuenca - LA BRAVA RADIO\",\"isPartOf\":{\"@id\":\"https:\\\/\\\/www.bbmnoticias.com\\\/labravaradiofm\\\/#website\"},\"primaryImageOfPage\":{\"@id\":\"https:\\\/\\\/www.bbmnoticias.com\\\/labravaradiofm\\\/2021\\\/12\\\/30\\\/fiscalia-coordina-y-ejecuta-operativos-contra-la-delincuencia-y-la-criminalidad-en-la-costa-y-cuenca\\\/#primaryimage\"},\"image\":{\"@id\":\"https:\\\/\\\/www.bbmnoticias.com\\\/labravaradiofm\\\/2021\\\/12\\\/30\\\/fiscalia-coordina-y-ejecuta-operativos-contra-la-delincuencia-y-la-criminalidad-en-la-costa-y-cuenca\\\/#primaryimage\"},\"thumbnailUrl\":\"https:\\\/\\\/www.bbmnoticias.com\\\/labravaradiofm\\\/wp-content\\\/uploads\\\/sites\\\/5\\\/2021\\\/12\\\/fiscalia-oaxaca.jpg\",\"datePublished\":\"2021-12-30T20:36:01+00:00\",\"dateModified\":\"2021-12-30T20:36:02+00:00\",\"author\":{\"@id\":\"https:\\\/\\\/www.bbmnoticias.com\\\/labravaradiofm\\\/#\\\/schema\\\/person\\\/68a9e9036ef3c5b55aeb2b71dc8bab45\"},\"breadcrumb\":{\"@id\":\"https:\\\/\\\/www.bbmnoticias.com\\\/labravaradiofm\\\/2021\\\/12\\\/30\\\/fiscalia-coordina-y-ejecuta-operativos-contra-la-delincuencia-y-la-criminalidad-en-la-costa-y-cuenca\\\/#breadcrumb\"},\"inLanguage\":\"es\",\"potentialAction\":[{\"@type\":\"ReadAction\",\"target\":[\"https:\\\/\\\/www.bbmnoticias.com\\\/labravaradiofm\\\/2021\\\/12\\\/30\\\/fiscalia-coordina-y-ejecuta-operativos-contra-la-delincuencia-y-la-criminalidad-en-la-costa-y-cuenca\\\/\"]}]},{\"@type\":\"ImageObject\",\"inLanguage\":\"es\",\"@id\":\"https:\\\/\\\/www.bbmnoticias.com\\\/labravaradiofm\\\/2021\\\/12\\\/30\\\/fiscalia-coordina-y-ejecuta-operativos-contra-la-delincuencia-y-la-criminalidad-en-la-costa-y-cuenca\\\/#primaryimage\",\"url\":\"https:\\\/\\\/www.bbmnoticias.com\\\/labravaradiofm\\\/wp-content\\\/uploads\\\/sites\\\/5\\\/2021\\\/12\\\/fiscalia-oaxaca.jpg\",\"contentUrl\":\"https:\\\/\\\/www.bbmnoticias.com\\\/labravaradiofm\\\/wp-content\\\/uploads\\\/sites\\\/5\\\/2021\\\/12\\\/fiscalia-oaxaca.jpg\",\"width\":1040,\"height\":780},{\"@type\":\"BreadcrumbList\",\"@id\":\"https:\\\/\\\/www.bbmnoticias.com\\\/labravaradiofm\\\/2021\\\/12\\\/30\\\/fiscalia-coordina-y-ejecuta-operativos-contra-la-delincuencia-y-la-criminalidad-en-la-costa-y-cuenca\\\/#breadcrumb\",\"itemListElement\":[{\"@type\":\"ListItem\",\"position\":1,\"name\":\"Inicio\",\"item\":\"https:\\\/\\\/www.bbmnoticias.com\\\/labravaradiofm\\\/\"},{\"@type\":\"ListItem\",\"position\":2,\"name\":\"Fiscal\u00eda coordina y ejecuta operativos contra la delincuencia y la criminalidad en la Costa y Cuenca\"}]},{\"@type\":\"WebSite\",\"@id\":\"https:\\\/\\\/www.bbmnoticias.com\\\/labravaradiofm\\\/#website\",\"url\":\"https:\\\/\\\/www.bbmnoticias.com\\\/labravaradiofm\\\/\",\"name\":\"LA BRAVA RADIO\",\"description\":\"Empresa productora de medios, Radiodifusi\u00f3n, Noticias, tendencias y todo lo que necesitas saber de la pol\u00edtica mexicana e internacional; entretenimiento, espect\u00e1culos, salud y mucho m\u00e1s.\",\"potentialAction\":[{\"@type\":\"SearchAction\",\"target\":{\"@type\":\"EntryPoint\",\"urlTemplate\":\"https:\\\/\\\/www.bbmnoticias.com\\\/labravaradiofm\\\/?s={search_term_string}\"},\"query-input\":{\"@type\":\"PropertyValueSpecification\",\"valueRequired\":true,\"valueName\":\"search_term_string\"}}],\"inLanguage\":\"es\"},{\"@type\":\"Person\",\"@id\":\"https:\\\/\\\/www.bbmnoticias.com\\\/labravaradiofm\\\/#\\\/schema\\\/person\\\/68a9e9036ef3c5b55aeb2b71dc8bab45\",\"name\":\"Staff\",\"image\":{\"@type\":\"ImageObject\",\"inLanguage\":\"es\",\"@id\":\"https:\\\/\\\/secure.gravatar.com\\\/avatar\\\/fdd21ad66fd8b98c407f9dee5b5e588cfe7f0d8579ec20fa6527cd59bab7f0f0?s=96&d=mm&r=g\",\"url\":\"https:\\\/\\\/secure.gravatar.com\\\/avatar\\\/fdd21ad66fd8b98c407f9dee5b5e588cfe7f0d8579ec20fa6527cd59bab7f0f0?s=96&d=mm&r=g\",\"contentUrl\":\"https:\\\/\\\/secure.gravatar.com\\\/avatar\\\/fdd21ad66fd8b98c407f9dee5b5e588cfe7f0d8579ec20fa6527cd59bab7f0f0?s=96&d=mm&r=g\",\"caption\":\"Staff\"},\"url\":\"https:\\\/\\\/www.bbmnoticias.com\\\/labravaradiofm\\\/author\\\/redaccion\\\/\"}]}<\/script>\n<!-- \/ Yoast SEO plugin. -->","yoast_head_json":{"title":"Fiscal\u00eda coordina y ejecuta operativos contra la delincuencia y la criminalidad en la Costa y Cuenca - LA BRAVA RADIO","robots":{"index":"index","follow":"follow","max-snippet":"max-snippet:-1","max-image-preview":"max-image-preview:large","max-video-preview":"max-video-preview:-1"},"canonical":"https:\/\/www.bbmnoticias.com\/labravaradiofm\/2021\/12\/30\/fiscalia-coordina-y-ejecuta-operativos-contra-la-delincuencia-y-la-criminalidad-en-la-costa-y-cuenca\/","og_locale":"es_MX","og_type":"article","og_title":"Fiscal\u00eda coordina y ejecuta operativos contra la delincuencia y la criminalidad en la Costa y Cuenca - LA BRAVA RADIO","og_description":"Oaxaca de Ju\u00e1rez, Oax., 30 de diciembre de 2021.- Como parte de las acciones continuas de combate y prevenci\u00f3n de delitos, la Fiscal\u00eda General del Estado de Oaxaca (FGEO) coordina y ejecuta operativos simult\u00e1neos contra la delincuencia y criminalidad en diferentes puntos de las regiones de la Costa y de la Cuenca. La primera acci\u00f3n [&hellip;]","og_url":"https:\/\/www.bbmnoticias.com\/labravaradiofm\/2021\/12\/30\/fiscalia-coordina-y-ejecuta-operativos-contra-la-delincuencia-y-la-criminalidad-en-la-costa-y-cuenca\/","og_site_name":"LA BRAVA RADIO","article_published_time":"2021-12-30T20:36:01+00:00","article_modified_time":"2021-12-30T20:36:02+00:00","og_image":[{"width":1040,"height":780,"url":"https:\/\/www.bbmnoticias.com\/labravaradiofm\/wp-content\/uploads\/sites\/5\/2021\/12\/fiscalia-oaxaca.jpg","type":"image\/jpeg"}],"author":"Staff","twitter_card":"summary_large_image","twitter_misc":{"Escrito por":"Staff","Tiempo de lectura":"1 minuto"},"schema":{"@context":"https:\/\/schema.org","@graph":[{"@type":"Article","@id":"https:\/\/www.bbmnoticias.com\/labravaradiofm\/2021\/12\/30\/fiscalia-coordina-y-ejecuta-operativos-contra-la-delincuencia-y-la-criminalidad-en-la-costa-y-cuenca\/#article","isPartOf":{"@id":"https:\/\/www.bbmnoticias.com\/labravaradiofm\/2021\/12\/30\/fiscalia-coordina-y-ejecuta-operativos-contra-la-delincuencia-y-la-criminalidad-en-la-costa-y-cuenca\/"},"author":{"name":"Staff","@id":"https:\/\/www.bbmnoticias.com\/labravaradiofm\/#\/schema\/person\/68a9e9036ef3c5b55aeb2b71dc8bab45"},"headline":"Fiscal\u00eda coordina y ejecuta operativos contra la delincuencia y la criminalidad en la Costa y Cuenca","datePublished":"2021-12-30T20:36:01+00:00","dateModified":"2021-12-30T20:36:02+00:00","mainEntityOfPage":{"@id":"https:\/\/www.bbmnoticias.com\/labravaradiofm\/2021\/12\/30\/fiscalia-coordina-y-ejecuta-operativos-contra-la-delincuencia-y-la-criminalidad-en-la-costa-y-cuenca\/"},"wordCount":195,"image":{"@id":"https:\/\/www.bbmnoticias.com\/labravaradiofm\/2021\/12\/30\/fiscalia-coordina-y-ejecuta-operativos-contra-la-delincuencia-y-la-criminalidad-en-la-costa-y-cuenca\/#primaryimage"},"thumbnailUrl":"https:\/\/www.bbmnoticias.com\/labravaradiofm\/wp-content\/uploads\/sites\/5\/2021\/12\/fiscalia-oaxaca.jpg","articleSection":["POLICIACA"],"inLanguage":"es"},{"@type":"WebPage","@id":"https:\/\/www.bbmnoticias.com\/labravaradiofm\/2021\/12\/30\/fiscalia-coordina-y-ejecuta-operativos-contra-la-delincuencia-y-la-criminalidad-en-la-costa-y-cuenca\/","url":"https:\/\/www.bbmnoticias.com\/labravaradiofm\/2021\/12\/30\/fiscalia-coordina-y-ejecuta-operativos-contra-la-delincuencia-y-la-criminalidad-en-la-costa-y-cuenca\/","name":"Fiscal\u00eda coordina y ejecuta operativos contra la delincuencia y la criminalidad en la Costa y Cuenca - LA BRAVA RADIO","isPartOf":{"@id":"https:\/\/www.bbmnoticias.com\/labravaradiofm\/#website"},"primaryImageOfPage":{"@id":"https:\/\/www.bbmnoticias.com\/labravaradiofm\/2021\/12\/30\/fiscalia-coordina-y-ejecuta-operativos-contra-la-delincuencia-y-la-criminalidad-en-la-costa-y-cuenca\/#primaryimage"},"image":{"@id":"https:\/\/www.bbmnoticias.com\/labravaradiofm\/2021\/12\/30\/fiscalia-coordina-y-ejecuta-operativos-contra-la-delincuencia-y-la-criminalidad-en-la-costa-y-cuenca\/#primaryimage"},"thumbnailUrl":"https:\/\/www.bbmnoticias.com\/labravaradiofm\/wp-content\/uploads\/sites\/5\/2021\/12\/fiscalia-oaxaca.jpg","datePublished":"2021-12-30T20:36:01+00:00","dateModified":"2021-12-30T20:36:02+00:00","author":{"@id":"https:\/\/www.bbmnoticias.com\/labravaradiofm\/#\/schema\/person\/68a9e9036ef3c5b55aeb2b71dc8bab45"},"breadcrumb":{"@id":"https:\/\/www.bbmnoticias.com\/labravaradiofm\/2021\/12\/30\/fiscalia-coordina-y-ejecuta-operativos-contra-la-delincuencia-y-la-criminalidad-en-la-costa-y-cuenca\/#breadcrumb"},"inLanguage":"es","potentialAction":[{"@type":"ReadAction","target":["https:\/\/www.bbmnoticias.com\/labravaradiofm\/2021\/12\/30\/fiscalia-coordina-y-ejecuta-operativos-contra-la-delincuencia-y-la-criminalidad-en-la-costa-y-cuenca\/"]}]},{"@type":"ImageObject","inLanguage":"es","@id":"https:\/\/www.bbmnoticias.com\/labravaradiofm\/2021\/12\/30\/fiscalia-coordina-y-ejecuta-operativos-contra-la-delincuencia-y-la-criminalidad-en-la-costa-y-cuenca\/#primaryimage","url":"https:\/\/www.bbmnoticias.com\/labravaradiofm\/wp-content\/uploads\/sites\/5\/2021\/12\/fiscalia-oaxaca.jpg","contentUrl":"https:\/\/www.bbmnoticias.com\/labravaradiofm\/wp-content\/uploads\/sites\/5\/2021\/12\/fiscalia-oaxaca.jpg","width":1040,"height":780},{"@type":"BreadcrumbList","@id":"https:\/\/www.bbmnoticias.com\/labravaradiofm\/2021\/12\/30\/fiscalia-coordina-y-ejecuta-operativos-contra-la-delincuencia-y-la-criminalidad-en-la-costa-y-cuenca\/#breadcrumb","itemListElement":[{"@type":"ListItem","position":1,"name":"Inicio","item":"https:\/\/www.bbmnoticias.com\/labravaradiofm\/"},{"@type":"ListItem","position":2,"name":"Fiscal\u00eda coordina y ejecuta operativos contra la delincuencia y la criminalidad en la Costa y Cuenca"}]},{"@type":"WebSite","@id":"https:\/\/www.bbmnoticias.com\/labravaradiofm\/#website","url":"https:\/\/www.bbmnoticias.com\/labravaradiofm\/","name":"LA BRAVA RADIO","description":"Empresa productora de medios, Radiodifusi\u00f3n, Noticias, tendencias y todo lo que necesitas saber de la pol\u00edtica mexicana e internacional; entretenimiento, espect\u00e1culos, salud y mucho m\u00e1s.","potentialAction":[{"@type":"SearchAction","target":{"@type":"EntryPoint","urlTemplate":"https:\/\/www.bbmnoticias.com\/labravaradiofm\/?s={search_term_string}"},"query-input":{"@type":"PropertyValueSpecification","valueRequired":true,"valueName":"search_term_string"}}],"inLanguage":"es"},{"@type":"Person","@id":"https:\/\/www.bbmnoticias.com\/labravaradiofm\/#\/schema\/person\/68a9e9036ef3c5b55aeb2b71dc8bab45","name":"Staff","image":{"@type":"ImageObject","inLanguage":"es","@id":"https:\/\/secure.gravatar.com\/avatar\/fdd21ad66fd8b98c407f9dee5b5e588cfe7f0d8579ec20fa6527cd59bab7f0f0?s=96&d=mm&r=g","url":"https:\/\/secure.gravatar.com\/avatar\/fdd21ad66fd8b98c407f9dee5b5e588cfe7f0d8579ec20fa6527cd59bab7f0f0?s=96&d=mm&r=g","contentUrl":"https:\/\/secure.gravatar.com\/avatar\/fdd21ad66fd8b98c407f9dee5b5e588cfe7f0d8579ec20fa6527cd59bab7f0f0?s=96&d=mm&r=g","caption":"Staff"},"url":"https:\/\/www.bbmnoticias.com\/labravaradiofm\/author\/redaccion\/"}]}},"_links":{"self":[{"href":"https:\/\/www.bbmnoticias.com\/labravaradiofm\/wp-json\/wp\/v2\/posts\/7951","targetHints":{"allow":["GET"]}}],"collection":[{"href":"https:\/\/www.bbmnoticias.com\/labravaradiofm\/wp-json\/wp\/v2\/posts"}],"about":[{"href":"https:\/\/www.bbmnoticias.com\/labravaradiofm\/wp-json\/wp\/v2\/types\/post"}],"author":[{"embeddable":true,"href":"https:\/\/www.bbmnoticias.com\/labravaradiofm\/wp-json\/wp\/v2\/users\/2"}],"replies":[{"embeddable":true,"href":"https:\/\/www.bbmnoticias.com\/labravaradiofm\/wp-json\/wp\/v2\/comments?post=7951"}],"version-history":[{"count":0,"href":"https:\/\/www.bbmnoticias.com\/labravaradiofm\/wp-json\/wp\/v2\/posts\/7951\/revisions"}],"wp:featuredmedia":[{"embeddable":true,"href":"https:\/\/www.bbmnoticias.com\/labravaradiofm\/wp-json\/wp\/v2\/media\/7952"}],"wp:attachment":[{"href":"https:\/\/www.bbmnoticias.com\/labravaradiofm\/wp-json\/wp\/v2\/media?parent=7951"}],"wp:term":[{"taxonomy":"category","embeddable":true,"href":"https:\/\/www.bbmnoticias.com\/labravaradiofm\/wp-json\/wp\/v2\/categories?post=7951"},{"taxonomy":"post_tag","embeddable":true,"href":"https:\/\/www.bbmnoticias.com\/labravaradiofm\/wp-json\/wp\/v2\/tags?post=7951"}],"curies":[{"name":"wp","href":"https:\/\/api.w.org\/{rel}","templated":true}]}}