{"id":7948,"date":"2021-12-30T14:28:16","date_gmt":"2021-12-30T20:28:16","guid":{"rendered":"https:\/\/www.bbmnoticias.com\/labravaradiofm\/?p=7948"},"modified":"2021-12-30T15:12:07","modified_gmt":"2021-12-30T21:12:07","slug":"omicron-en-oaxaca-plataforma-de-salud-confirma-un-caso","status":"publish","type":"post","link":"https:\/\/www.bbmnoticias.com\/labravaradiofm\/2021\/12\/30\/omicron-en-oaxaca-plataforma-de-salud-confirma-un-caso\/","title":{"rendered":"\u00d3micron en Oaxaca, Plataforma de Salud confirma un caso"},"content":{"rendered":"<div style=\"margin-top: 0px; margin-bottom: 0px;\" class=\"sharethis-inline-share-buttons\" ><\/div>\n<p>De acuerdo con la plataforma de la Iniciativa Global para Compartir los Datos de los Virus Gripales (GISAID), se reporta un caso de la variante de COVID-19 \u201c<em>\u00d3micron<\/em>\u201d en el Estado.<\/p>\n\n\n\n<p>Los datos que se comparten en dicha plataforma se hacen de manera mundial, reportando al momento el n\u00famero de casos que existen, sin embargo por parte del gobierno estatal no se ha informado a cerca de este primer caso registrado en Oaxaca.<\/p>\n\n\n\n<p>Por su parte, los Servicios de Salud de Oaxaca (SSO), reportaron que no se tiene la notificaci\u00f3n y confirmaci\u00f3n por parte de la Direcci\u00f3n General de Epidemiolog\u00eda (DGE) y del Instituto de Diagn\u00f3stico y Referencia Epidemiol\u00f3gicos (InDRE) sobre alg\u00fan caso positivo de la variante \u00d3micron del virus por COVID-19 en las seis Jurisdicciones Sanitarias del Estado.<\/p>\n\n\n\n<p>Sin embargo, exhortan a la poblaci\u00f3n a seguir con las medidas preventivas, y en casos particulares de personas procedentes de lugares donde predominan los contagios de las variantes Delta y \u00d3micron, si presentan s\u00edntomas, llaman a que act\u00faen con responsabilidad, y se abstengan de viajar a Oaxaca, por lo que deben acudir a valoraci\u00f3n m\u00e9dica para obtener un diagn\u00f3stico oportuno.<\/p>\n\n\n\n<p>De acuerdo a la plataforma Oaxaca no es el \u00fanico que reporta casos nuevos de esta variante, puesto que tambi\u00e9n se registraron en algunos estados como Guerrero y Chiapas.<\/p>\n","protected":false},"excerpt":{"rendered":"<p>De acuerdo con la plataforma de la Iniciativa Global para Compartir los Datos de los Virus Gripales (GISAID), se reporta un caso de la variante de COVID-19 \u201c\u00d3micron\u201d en el Estado. Los datos que se comparten en dicha plataforma se hacen de manera mundial, reportando al momento el n\u00famero de casos que existen, sin embargo [&hellip;]<\/p>\n","protected":false},"author":4,"featured_media":7949,"comment_status":"closed","ping_status":"closed","sticky":false,"template":"","format":"standard","meta":{"footnotes":""},"categories":[2],"tags":[],"class_list":{"0":"post-7948","1":"post","2":"type-post","3":"status-publish","4":"format-standard","5":"has-post-thumbnail","7":"category-oaxaca"},"yoast_head":"<!-- This site is optimized with the Yoast SEO plugin v27.4 - https:\/\/yoast.com\/product\/yoast-seo-wordpress\/ -->\n<title>\u00d3micron en Oaxaca, Plataforma de Salud confirma un caso - LA BRAVA RADIO<\/title>\n<meta name=\"robots\" content=\"index, follow, max-snippet:-1, max-image-preview:large, max-video-preview:-1\" \/>\n<link rel=\"canonical\" href=\"https:\/\/www.bbmnoticias.com\/labravaradiofm\/2021\/12\/30\/omicron-en-oaxaca-plataforma-de-salud-confirma-un-caso\/\" \/>\n<meta property=\"og:locale\" content=\"es_MX\" \/>\n<meta property=\"og:type\" content=\"article\" \/>\n<meta property=\"og:title\" content=\"\u00d3micron en Oaxaca, Plataforma de Salud confirma un caso - LA BRAVA RADIO\" \/>\n<meta property=\"og:description\" content=\"De acuerdo con la plataforma de la Iniciativa Global para Compartir los Datos de los Virus Gripales (GISAID), se reporta un caso de la variante de COVID-19 \u201c\u00d3micron\u201d en el Estado. Los datos que se comparten en dicha plataforma se hacen de manera mundial, reportando al momento el n\u00famero de casos que existen, sin embargo [&hellip;]\" \/>\n<meta property=\"og:url\" content=\"https:\/\/www.bbmnoticias.com\/labravaradiofm\/2021\/12\/30\/omicron-en-oaxaca-plataforma-de-salud-confirma-un-caso\/\" \/>\n<meta property=\"og:site_name\" content=\"LA BRAVA RADIO\" \/>\n<meta property=\"article:published_time\" content=\"2021-12-30T20:28:16+00:00\" \/>\n<meta property=\"article:modified_time\" content=\"2021-12-30T21:12:07+00:00\" \/>\n<meta property=\"og:image\" content=\"https:\/\/www.bbmnoticias.com\/labravaradiofm\/wp-content\/uploads\/sites\/5\/2021\/12\/variante-omicron-3.jpg\" \/>\n\t<meta property=\"og:image:width\" content=\"960\" \/>\n\t<meta property=\"og:image:height\" content=\"540\" \/>\n\t<meta property=\"og:image:type\" content=\"image\/jpeg\" \/>\n<meta name=\"author\" content=\"Agencias\" \/>\n<meta name=\"twitter:card\" content=\"summary_large_image\" \/>\n<meta name=\"twitter:label1\" content=\"Escrito por\" \/>\n\t<meta name=\"twitter:data1\" content=\"Agencias\" \/>\n\t<meta name=\"twitter:label2\" content=\"Tiempo de lectura\" \/>\n\t<meta name=\"twitter:data2\" content=\"1 minuto\" \/>\n<script type=\"application\/ld+json\" class=\"yoast-schema-graph\">{\"@context\":\"https:\\\/\\\/schema.org\",\"@graph\":[{\"@type\":\"Article\",\"@id\":\"https:\\\/\\\/www.bbmnoticias.com\\\/labravaradiofm\\\/2021\\\/12\\\/30\\\/omicron-en-oaxaca-plataforma-de-salud-confirma-un-caso\\\/#article\",\"isPartOf\":{\"@id\":\"https:\\\/\\\/www.bbmnoticias.com\\\/labravaradiofm\\\/2021\\\/12\\\/30\\\/omicron-en-oaxaca-plataforma-de-salud-confirma-un-caso\\\/\"},\"author\":{\"name\":\"Agencias\",\"@id\":\"https:\\\/\\\/www.bbmnoticias.com\\\/labravaradiofm\\\/#\\\/schema\\\/person\\\/000bdaf0a8fb5bff0d537c4d0778e33f\"},\"headline\":\"\u00d3micron en Oaxaca, Plataforma de Salud confirma un caso\",\"datePublished\":\"2021-12-30T20:28:16+00:00\",\"dateModified\":\"2021-12-30T21:12:07+00:00\",\"mainEntityOfPage\":{\"@id\":\"https:\\\/\\\/www.bbmnoticias.com\\\/labravaradiofm\\\/2021\\\/12\\\/30\\\/omicron-en-oaxaca-plataforma-de-salud-confirma-un-caso\\\/\"},\"wordCount\":242,\"image\":{\"@id\":\"https:\\\/\\\/www.bbmnoticias.com\\\/labravaradiofm\\\/2021\\\/12\\\/30\\\/omicron-en-oaxaca-plataforma-de-salud-confirma-un-caso\\\/#primaryimage\"},\"thumbnailUrl\":\"https:\\\/\\\/www.bbmnoticias.com\\\/labravaradiofm\\\/wp-content\\\/uploads\\\/sites\\\/5\\\/2021\\\/12\\\/variante-omicron-3.jpg\",\"articleSection\":[\"LOCAL\"],\"inLanguage\":\"es\"},{\"@type\":\"WebPage\",\"@id\":\"https:\\\/\\\/www.bbmnoticias.com\\\/labravaradiofm\\\/2021\\\/12\\\/30\\\/omicron-en-oaxaca-plataforma-de-salud-confirma-un-caso\\\/\",\"url\":\"https:\\\/\\\/www.bbmnoticias.com\\\/labravaradiofm\\\/2021\\\/12\\\/30\\\/omicron-en-oaxaca-plataforma-de-salud-confirma-un-caso\\\/\",\"name\":\"\u00d3micron en Oaxaca, Plataforma de Salud confirma un caso - LA BRAVA RADIO\",\"isPartOf\":{\"@id\":\"https:\\\/\\\/www.bbmnoticias.com\\\/labravaradiofm\\\/#website\"},\"primaryImageOfPage\":{\"@id\":\"https:\\\/\\\/www.bbmnoticias.com\\\/labravaradiofm\\\/2021\\\/12\\\/30\\\/omicron-en-oaxaca-plataforma-de-salud-confirma-un-caso\\\/#primaryimage\"},\"image\":{\"@id\":\"https:\\\/\\\/www.bbmnoticias.com\\\/labravaradiofm\\\/2021\\\/12\\\/30\\\/omicron-en-oaxaca-plataforma-de-salud-confirma-un-caso\\\/#primaryimage\"},\"thumbnailUrl\":\"https:\\\/\\\/www.bbmnoticias.com\\\/labravaradiofm\\\/wp-content\\\/uploads\\\/sites\\\/5\\\/2021\\\/12\\\/variante-omicron-3.jpg\",\"datePublished\":\"2021-12-30T20:28:16+00:00\",\"dateModified\":\"2021-12-30T21:12:07+00:00\",\"author\":{\"@id\":\"https:\\\/\\\/www.bbmnoticias.com\\\/labravaradiofm\\\/#\\\/schema\\\/person\\\/000bdaf0a8fb5bff0d537c4d0778e33f\"},\"breadcrumb\":{\"@id\":\"https:\\\/\\\/www.bbmnoticias.com\\\/labravaradiofm\\\/2021\\\/12\\\/30\\\/omicron-en-oaxaca-plataforma-de-salud-confirma-un-caso\\\/#breadcrumb\"},\"inLanguage\":\"es\",\"potentialAction\":[{\"@type\":\"ReadAction\",\"target\":[\"https:\\\/\\\/www.bbmnoticias.com\\\/labravaradiofm\\\/2021\\\/12\\\/30\\\/omicron-en-oaxaca-plataforma-de-salud-confirma-un-caso\\\/\"]}]},{\"@type\":\"ImageObject\",\"inLanguage\":\"es\",\"@id\":\"https:\\\/\\\/www.bbmnoticias.com\\\/labravaradiofm\\\/2021\\\/12\\\/30\\\/omicron-en-oaxaca-plataforma-de-salud-confirma-un-caso\\\/#primaryimage\",\"url\":\"https:\\\/\\\/www.bbmnoticias.com\\\/labravaradiofm\\\/wp-content\\\/uploads\\\/sites\\\/5\\\/2021\\\/12\\\/variante-omicron-3.jpg\",\"contentUrl\":\"https:\\\/\\\/www.bbmnoticias.com\\\/labravaradiofm\\\/wp-content\\\/uploads\\\/sites\\\/5\\\/2021\\\/12\\\/variante-omicron-3.jpg\",\"width\":960,\"height\":540},{\"@type\":\"BreadcrumbList\",\"@id\":\"https:\\\/\\\/www.bbmnoticias.com\\\/labravaradiofm\\\/2021\\\/12\\\/30\\\/omicron-en-oaxaca-plataforma-de-salud-confirma-un-caso\\\/#breadcrumb\",\"itemListElement\":[{\"@type\":\"ListItem\",\"position\":1,\"name\":\"Inicio\",\"item\":\"https:\\\/\\\/www.bbmnoticias.com\\\/labravaradiofm\\\/\"},{\"@type\":\"ListItem\",\"position\":2,\"name\":\"\u00d3micron en Oaxaca, Plataforma de Salud confirma un caso\"}]},{\"@type\":\"WebSite\",\"@id\":\"https:\\\/\\\/www.bbmnoticias.com\\\/labravaradiofm\\\/#website\",\"url\":\"https:\\\/\\\/www.bbmnoticias.com\\\/labravaradiofm\\\/\",\"name\":\"LA BRAVA RADIO\",\"description\":\"Empresa productora de medios, Radiodifusi\u00f3n, Noticias, tendencias y todo lo que necesitas saber de la pol\u00edtica mexicana e internacional; entretenimiento, espect\u00e1culos, salud y mucho m\u00e1s.\",\"potentialAction\":[{\"@type\":\"SearchAction\",\"target\":{\"@type\":\"EntryPoint\",\"urlTemplate\":\"https:\\\/\\\/www.bbmnoticias.com\\\/labravaradiofm\\\/?s={search_term_string}\"},\"query-input\":{\"@type\":\"PropertyValueSpecification\",\"valueRequired\":true,\"valueName\":\"search_term_string\"}}],\"inLanguage\":\"es\"},{\"@type\":\"Person\",\"@id\":\"https:\\\/\\\/www.bbmnoticias.com\\\/labravaradiofm\\\/#\\\/schema\\\/person\\\/000bdaf0a8fb5bff0d537c4d0778e33f\",\"name\":\"Agencias\",\"image\":{\"@type\":\"ImageObject\",\"inLanguage\":\"es\",\"@id\":\"https:\\\/\\\/secure.gravatar.com\\\/avatar\\\/739e0b61adf9e398b425c36718c8752286da0e8cd90f20ce9a86678abc26aa0d?s=96&d=mm&r=g\",\"url\":\"https:\\\/\\\/secure.gravatar.com\\\/avatar\\\/739e0b61adf9e398b425c36718c8752286da0e8cd90f20ce9a86678abc26aa0d?s=96&d=mm&r=g\",\"contentUrl\":\"https:\\\/\\\/secure.gravatar.com\\\/avatar\\\/739e0b61adf9e398b425c36718c8752286da0e8cd90f20ce9a86678abc26aa0d?s=96&d=mm&r=g\",\"caption\":\"Agencias\"},\"url\":\"https:\\\/\\\/www.bbmnoticias.com\\\/labravaradiofm\\\/author\\\/agencias\\\/\"}]}<\/script>\n<!-- \/ Yoast SEO plugin. -->","yoast_head_json":{"title":"\u00d3micron en Oaxaca, Plataforma de Salud confirma un caso - LA BRAVA RADIO","robots":{"index":"index","follow":"follow","max-snippet":"max-snippet:-1","max-image-preview":"max-image-preview:large","max-video-preview":"max-video-preview:-1"},"canonical":"https:\/\/www.bbmnoticias.com\/labravaradiofm\/2021\/12\/30\/omicron-en-oaxaca-plataforma-de-salud-confirma-un-caso\/","og_locale":"es_MX","og_type":"article","og_title":"\u00d3micron en Oaxaca, Plataforma de Salud confirma un caso - LA BRAVA RADIO","og_description":"De acuerdo con la plataforma de la Iniciativa Global para Compartir los Datos de los Virus Gripales (GISAID), se reporta un caso de la variante de COVID-19 \u201c\u00d3micron\u201d en el Estado. Los datos que se comparten en dicha plataforma se hacen de manera mundial, reportando al momento el n\u00famero de casos que existen, sin embargo [&hellip;]","og_url":"https:\/\/www.bbmnoticias.com\/labravaradiofm\/2021\/12\/30\/omicron-en-oaxaca-plataforma-de-salud-confirma-un-caso\/","og_site_name":"LA BRAVA RADIO","article_published_time":"2021-12-30T20:28:16+00:00","article_modified_time":"2021-12-30T21:12:07+00:00","og_image":[{"width":960,"height":540,"url":"https:\/\/www.bbmnoticias.com\/labravaradiofm\/wp-content\/uploads\/sites\/5\/2021\/12\/variante-omicron-3.jpg","type":"image\/jpeg"}],"author":"Agencias","twitter_card":"summary_large_image","twitter_misc":{"Escrito por":"Agencias","Tiempo de lectura":"1 minuto"},"schema":{"@context":"https:\/\/schema.org","@graph":[{"@type":"Article","@id":"https:\/\/www.bbmnoticias.com\/labravaradiofm\/2021\/12\/30\/omicron-en-oaxaca-plataforma-de-salud-confirma-un-caso\/#article","isPartOf":{"@id":"https:\/\/www.bbmnoticias.com\/labravaradiofm\/2021\/12\/30\/omicron-en-oaxaca-plataforma-de-salud-confirma-un-caso\/"},"author":{"name":"Agencias","@id":"https:\/\/www.bbmnoticias.com\/labravaradiofm\/#\/schema\/person\/000bdaf0a8fb5bff0d537c4d0778e33f"},"headline":"\u00d3micron en Oaxaca, Plataforma de Salud confirma un caso","datePublished":"2021-12-30T20:28:16+00:00","dateModified":"2021-12-30T21:12:07+00:00","mainEntityOfPage":{"@id":"https:\/\/www.bbmnoticias.com\/labravaradiofm\/2021\/12\/30\/omicron-en-oaxaca-plataforma-de-salud-confirma-un-caso\/"},"wordCount":242,"image":{"@id":"https:\/\/www.bbmnoticias.com\/labravaradiofm\/2021\/12\/30\/omicron-en-oaxaca-plataforma-de-salud-confirma-un-caso\/#primaryimage"},"thumbnailUrl":"https:\/\/www.bbmnoticias.com\/labravaradiofm\/wp-content\/uploads\/sites\/5\/2021\/12\/variante-omicron-3.jpg","articleSection":["LOCAL"],"inLanguage":"es"},{"@type":"WebPage","@id":"https:\/\/www.bbmnoticias.com\/labravaradiofm\/2021\/12\/30\/omicron-en-oaxaca-plataforma-de-salud-confirma-un-caso\/","url":"https:\/\/www.bbmnoticias.com\/labravaradiofm\/2021\/12\/30\/omicron-en-oaxaca-plataforma-de-salud-confirma-un-caso\/","name":"\u00d3micron en Oaxaca, Plataforma de Salud confirma un caso - LA BRAVA RADIO","isPartOf":{"@id":"https:\/\/www.bbmnoticias.com\/labravaradiofm\/#website"},"primaryImageOfPage":{"@id":"https:\/\/www.bbmnoticias.com\/labravaradiofm\/2021\/12\/30\/omicron-en-oaxaca-plataforma-de-salud-confirma-un-caso\/#primaryimage"},"image":{"@id":"https:\/\/www.bbmnoticias.com\/labravaradiofm\/2021\/12\/30\/omicron-en-oaxaca-plataforma-de-salud-confirma-un-caso\/#primaryimage"},"thumbnailUrl":"https:\/\/www.bbmnoticias.com\/labravaradiofm\/wp-content\/uploads\/sites\/5\/2021\/12\/variante-omicron-3.jpg","datePublished":"2021-12-30T20:28:16+00:00","dateModified":"2021-12-30T21:12:07+00:00","author":{"@id":"https:\/\/www.bbmnoticias.com\/labravaradiofm\/#\/schema\/person\/000bdaf0a8fb5bff0d537c4d0778e33f"},"breadcrumb":{"@id":"https:\/\/www.bbmnoticias.com\/labravaradiofm\/2021\/12\/30\/omicron-en-oaxaca-plataforma-de-salud-confirma-un-caso\/#breadcrumb"},"inLanguage":"es","potentialAction":[{"@type":"ReadAction","target":["https:\/\/www.bbmnoticias.com\/labravaradiofm\/2021\/12\/30\/omicron-en-oaxaca-plataforma-de-salud-confirma-un-caso\/"]}]},{"@type":"ImageObject","inLanguage":"es","@id":"https:\/\/www.bbmnoticias.com\/labravaradiofm\/2021\/12\/30\/omicron-en-oaxaca-plataforma-de-salud-confirma-un-caso\/#primaryimage","url":"https:\/\/www.bbmnoticias.com\/labravaradiofm\/wp-content\/uploads\/sites\/5\/2021\/12\/variante-omicron-3.jpg","contentUrl":"https:\/\/www.bbmnoticias.com\/labravaradiofm\/wp-content\/uploads\/sites\/5\/2021\/12\/variante-omicron-3.jpg","width":960,"height":540},{"@type":"BreadcrumbList","@id":"https:\/\/www.bbmnoticias.com\/labravaradiofm\/2021\/12\/30\/omicron-en-oaxaca-plataforma-de-salud-confirma-un-caso\/#breadcrumb","itemListElement":[{"@type":"ListItem","position":1,"name":"Inicio","item":"https:\/\/www.bbmnoticias.com\/labravaradiofm\/"},{"@type":"ListItem","position":2,"name":"\u00d3micron en Oaxaca, Plataforma de Salud confirma un caso"}]},{"@type":"WebSite","@id":"https:\/\/www.bbmnoticias.com\/labravaradiofm\/#website","url":"https:\/\/www.bbmnoticias.com\/labravaradiofm\/","name":"LA BRAVA RADIO","description":"Empresa productora de medios, Radiodifusi\u00f3n, Noticias, tendencias y todo lo que necesitas saber de la pol\u00edtica mexicana e internacional; entretenimiento, espect\u00e1culos, salud y mucho m\u00e1s.","potentialAction":[{"@type":"SearchAction","target":{"@type":"EntryPoint","urlTemplate":"https:\/\/www.bbmnoticias.com\/labravaradiofm\/?s={search_term_string}"},"query-input":{"@type":"PropertyValueSpecification","valueRequired":true,"valueName":"search_term_string"}}],"inLanguage":"es"},{"@type":"Person","@id":"https:\/\/www.bbmnoticias.com\/labravaradiofm\/#\/schema\/person\/000bdaf0a8fb5bff0d537c4d0778e33f","name":"Agencias","image":{"@type":"ImageObject","inLanguage":"es","@id":"https:\/\/secure.gravatar.com\/avatar\/739e0b61adf9e398b425c36718c8752286da0e8cd90f20ce9a86678abc26aa0d?s=96&d=mm&r=g","url":"https:\/\/secure.gravatar.com\/avatar\/739e0b61adf9e398b425c36718c8752286da0e8cd90f20ce9a86678abc26aa0d?s=96&d=mm&r=g","contentUrl":"https:\/\/secure.gravatar.com\/avatar\/739e0b61adf9e398b425c36718c8752286da0e8cd90f20ce9a86678abc26aa0d?s=96&d=mm&r=g","caption":"Agencias"},"url":"https:\/\/www.bbmnoticias.com\/labravaradiofm\/author\/agencias\/"}]}},"_links":{"self":[{"href":"https:\/\/www.bbmnoticias.com\/labravaradiofm\/wp-json\/wp\/v2\/posts\/7948","targetHints":{"allow":["GET"]}}],"collection":[{"href":"https:\/\/www.bbmnoticias.com\/labravaradiofm\/wp-json\/wp\/v2\/posts"}],"about":[{"href":"https:\/\/www.bbmnoticias.com\/labravaradiofm\/wp-json\/wp\/v2\/types\/post"}],"author":[{"embeddable":true,"href":"https:\/\/www.bbmnoticias.com\/labravaradiofm\/wp-json\/wp\/v2\/users\/4"}],"replies":[{"embeddable":true,"href":"https:\/\/www.bbmnoticias.com\/labravaradiofm\/wp-json\/wp\/v2\/comments?post=7948"}],"version-history":[{"count":0,"href":"https:\/\/www.bbmnoticias.com\/labravaradiofm\/wp-json\/wp\/v2\/posts\/7948\/revisions"}],"wp:featuredmedia":[{"embeddable":true,"href":"https:\/\/www.bbmnoticias.com\/labravaradiofm\/wp-json\/wp\/v2\/media\/7949"}],"wp:attachment":[{"href":"https:\/\/www.bbmnoticias.com\/labravaradiofm\/wp-json\/wp\/v2\/media?parent=7948"}],"wp:term":[{"taxonomy":"category","embeddable":true,"href":"https:\/\/www.bbmnoticias.com\/labravaradiofm\/wp-json\/wp\/v2\/categories?post=7948"},{"taxonomy":"post_tag","embeddable":true,"href":"https:\/\/www.bbmnoticias.com\/labravaradiofm\/wp-json\/wp\/v2\/tags?post=7948"}],"curies":[{"name":"wp","href":"https:\/\/api.w.org\/{rel}","templated":true}]}}