{"id":7937,"date":"2021-12-30T12:32:06","date_gmt":"2021-12-30T18:32:06","guid":{"rendered":"https:\/\/www.bbmnoticias.com\/labravaradiofm\/?p=7937"},"modified":"2021-12-30T12:32:33","modified_gmt":"2021-12-30T18:32:33","slug":"se-refuerza-vigilancia-en-mercado-de-abasto-se-instalan-camaras-del-c4","status":"publish","type":"post","link":"https:\/\/www.bbmnoticias.com\/labravaradiofm\/2021\/12\/30\/se-refuerza-vigilancia-en-mercado-de-abasto-se-instalan-camaras-del-c4\/","title":{"rendered":"Se refuerza vigilancia en Mercado de Abasto, se instalan c\u00e1maras del C4"},"content":{"rendered":"<div style=\"margin-top: 0px; margin-bottom: 0px;\" class=\"sharethis-inline-share-buttons\" ><\/div>\n<p><strong>Oaxaca de Ju\u00e1rez, Oax. 30 de diciembre de 2021<\/strong><strong>.-<\/strong> La Secretar\u00eda de Seguridad P\u00fablica de Oaxaca (SSPO), mantiene la coordinaci\u00f3n de estrategias con todos los sectores de la sociedad, en favor de la protecci\u00f3n de propios y visitantes. Es el caso del Mercado de Abasto de la ciudad capital donde, mediante la conjugaci\u00f3n de esfuerzos entre comerciantes y autoridades, se ha reforzado el sistema de videovigilancia del Centro de Control, Comando y Comunicaci\u00f3n (C4).<\/p>\n\n\n\n<p>Lo anterior, derivado del encuentro de comerciantes con la encargada de despacho de la SSPO, Dalia Ba\u00f1os Noyola; as\u00ed como, de los recorridos de evaluaci\u00f3n realizados por personal de la Subsecretar\u00eda de Informaci\u00f3n y Desarrollo Institucional (SIDI).<\/p>\n\n\n\n<p>La funcionaria estatal, detall\u00f3 que, mediante la conjugaci\u00f3n de esfuerzos, actualmente operan 22 c\u00e1maras de videovigilancia en el interior y per\u00edmetro de la zona comercial m\u00e1s grande en la entidad oaxaque\u00f1a.<\/p>\n\n\n\n<p>Esto, aunado al esquema operativo de seguridad que tambi\u00e9n fue reforzado mediante la presencia de las corporaciones pertenecientes a la SSPO y al Municipio de Oaxaca de Ju\u00e1rez.<\/p>\n","protected":false},"excerpt":{"rendered":"<p>Oaxaca de Ju\u00e1rez, Oax. 30 de diciembre de 2021.- La Secretar\u00eda de Seguridad P\u00fablica de Oaxaca (SSPO), mantiene la coordinaci\u00f3n de estrategias con todos los sectores de la sociedad, en favor de la protecci\u00f3n de propios y visitantes. Es el caso del Mercado de Abasto de la ciudad capital donde, mediante la conjugaci\u00f3n de esfuerzos [&hellip;]<\/p>\n","protected":false},"author":2,"featured_media":7938,"comment_status":"closed","ping_status":"closed","sticky":false,"template":"","format":"standard","meta":{"footnotes":""},"categories":[2],"tags":[],"class_list":{"0":"post-7937","1":"post","2":"type-post","3":"status-publish","4":"format-standard","5":"has-post-thumbnail","7":"category-oaxaca"},"yoast_head":"<!-- This site is optimized with the Yoast SEO plugin v27.4 - https:\/\/yoast.com\/product\/yoast-seo-wordpress\/ -->\n<title>Se refuerza vigilancia en Mercado de Abasto, se instalan c\u00e1maras del C4 - LA BRAVA RADIO<\/title>\n<meta name=\"robots\" content=\"index, follow, max-snippet:-1, max-image-preview:large, max-video-preview:-1\" \/>\n<link rel=\"canonical\" href=\"https:\/\/www.bbmnoticias.com\/labravaradiofm\/2021\/12\/30\/se-refuerza-vigilancia-en-mercado-de-abasto-se-instalan-camaras-del-c4\/\" \/>\n<meta property=\"og:locale\" content=\"es_MX\" \/>\n<meta property=\"og:type\" content=\"article\" \/>\n<meta property=\"og:title\" content=\"Se refuerza vigilancia en Mercado de Abasto, se instalan c\u00e1maras del C4 - LA BRAVA RADIO\" \/>\n<meta property=\"og:description\" content=\"Oaxaca de Ju\u00e1rez, Oax. 30 de diciembre de 2021.- La Secretar\u00eda de Seguridad P\u00fablica de Oaxaca (SSPO), mantiene la coordinaci\u00f3n de estrategias con todos los sectores de la sociedad, en favor de la protecci\u00f3n de propios y visitantes. Es el caso del Mercado de Abasto de la ciudad capital donde, mediante la conjugaci\u00f3n de esfuerzos [&hellip;]\" \/>\n<meta property=\"og:url\" content=\"https:\/\/www.bbmnoticias.com\/labravaradiofm\/2021\/12\/30\/se-refuerza-vigilancia-en-mercado-de-abasto-se-instalan-camaras-del-c4\/\" \/>\n<meta property=\"og:site_name\" content=\"LA BRAVA RADIO\" \/>\n<meta property=\"article:published_time\" content=\"2021-12-30T18:32:06+00:00\" \/>\n<meta property=\"article:modified_time\" content=\"2021-12-30T18:32:33+00:00\" \/>\n<meta property=\"og:image\" content=\"https:\/\/www.bbmnoticias.com\/labravaradiofm\/wp-content\/uploads\/sites\/5\/2021\/12\/camaras-central.jpg\" \/>\n\t<meta property=\"og:image:width\" content=\"1024\" \/>\n\t<meta property=\"og:image:height\" content=\"768\" \/>\n\t<meta property=\"og:image:type\" content=\"image\/jpeg\" \/>\n<meta name=\"author\" content=\"Staff\" \/>\n<meta name=\"twitter:card\" content=\"summary_large_image\" \/>\n<meta name=\"twitter:label1\" content=\"Escrito por\" \/>\n\t<meta name=\"twitter:data1\" content=\"Staff\" \/>\n\t<meta name=\"twitter:label2\" content=\"Tiempo de lectura\" \/>\n\t<meta name=\"twitter:data2\" content=\"1 minuto\" \/>\n<script type=\"application\/ld+json\" class=\"yoast-schema-graph\">{\"@context\":\"https:\\\/\\\/schema.org\",\"@graph\":[{\"@type\":\"Article\",\"@id\":\"https:\\\/\\\/www.bbmnoticias.com\\\/labravaradiofm\\\/2021\\\/12\\\/30\\\/se-refuerza-vigilancia-en-mercado-de-abasto-se-instalan-camaras-del-c4\\\/#article\",\"isPartOf\":{\"@id\":\"https:\\\/\\\/www.bbmnoticias.com\\\/labravaradiofm\\\/2021\\\/12\\\/30\\\/se-refuerza-vigilancia-en-mercado-de-abasto-se-instalan-camaras-del-c4\\\/\"},\"author\":{\"name\":\"Staff\",\"@id\":\"https:\\\/\\\/www.bbmnoticias.com\\\/labravaradiofm\\\/#\\\/schema\\\/person\\\/68a9e9036ef3c5b55aeb2b71dc8bab45\"},\"headline\":\"Se refuerza vigilancia en Mercado de Abasto, se instalan c\u00e1maras del C4\",\"datePublished\":\"2021-12-30T18:32:06+00:00\",\"dateModified\":\"2021-12-30T18:32:33+00:00\",\"mainEntityOfPage\":{\"@id\":\"https:\\\/\\\/www.bbmnoticias.com\\\/labravaradiofm\\\/2021\\\/12\\\/30\\\/se-refuerza-vigilancia-en-mercado-de-abasto-se-instalan-camaras-del-c4\\\/\"},\"wordCount\":199,\"image\":{\"@id\":\"https:\\\/\\\/www.bbmnoticias.com\\\/labravaradiofm\\\/2021\\\/12\\\/30\\\/se-refuerza-vigilancia-en-mercado-de-abasto-se-instalan-camaras-del-c4\\\/#primaryimage\"},\"thumbnailUrl\":\"https:\\\/\\\/www.bbmnoticias.com\\\/labravaradiofm\\\/wp-content\\\/uploads\\\/sites\\\/5\\\/2021\\\/12\\\/camaras-central.jpg\",\"articleSection\":[\"LOCAL\"],\"inLanguage\":\"es\"},{\"@type\":\"WebPage\",\"@id\":\"https:\\\/\\\/www.bbmnoticias.com\\\/labravaradiofm\\\/2021\\\/12\\\/30\\\/se-refuerza-vigilancia-en-mercado-de-abasto-se-instalan-camaras-del-c4\\\/\",\"url\":\"https:\\\/\\\/www.bbmnoticias.com\\\/labravaradiofm\\\/2021\\\/12\\\/30\\\/se-refuerza-vigilancia-en-mercado-de-abasto-se-instalan-camaras-del-c4\\\/\",\"name\":\"Se refuerza vigilancia en Mercado de Abasto, se instalan c\u00e1maras del C4 - LA BRAVA RADIO\",\"isPartOf\":{\"@id\":\"https:\\\/\\\/www.bbmnoticias.com\\\/labravaradiofm\\\/#website\"},\"primaryImageOfPage\":{\"@id\":\"https:\\\/\\\/www.bbmnoticias.com\\\/labravaradiofm\\\/2021\\\/12\\\/30\\\/se-refuerza-vigilancia-en-mercado-de-abasto-se-instalan-camaras-del-c4\\\/#primaryimage\"},\"image\":{\"@id\":\"https:\\\/\\\/www.bbmnoticias.com\\\/labravaradiofm\\\/2021\\\/12\\\/30\\\/se-refuerza-vigilancia-en-mercado-de-abasto-se-instalan-camaras-del-c4\\\/#primaryimage\"},\"thumbnailUrl\":\"https:\\\/\\\/www.bbmnoticias.com\\\/labravaradiofm\\\/wp-content\\\/uploads\\\/sites\\\/5\\\/2021\\\/12\\\/camaras-central.jpg\",\"datePublished\":\"2021-12-30T18:32:06+00:00\",\"dateModified\":\"2021-12-30T18:32:33+00:00\",\"author\":{\"@id\":\"https:\\\/\\\/www.bbmnoticias.com\\\/labravaradiofm\\\/#\\\/schema\\\/person\\\/68a9e9036ef3c5b55aeb2b71dc8bab45\"},\"breadcrumb\":{\"@id\":\"https:\\\/\\\/www.bbmnoticias.com\\\/labravaradiofm\\\/2021\\\/12\\\/30\\\/se-refuerza-vigilancia-en-mercado-de-abasto-se-instalan-camaras-del-c4\\\/#breadcrumb\"},\"inLanguage\":\"es\",\"potentialAction\":[{\"@type\":\"ReadAction\",\"target\":[\"https:\\\/\\\/www.bbmnoticias.com\\\/labravaradiofm\\\/2021\\\/12\\\/30\\\/se-refuerza-vigilancia-en-mercado-de-abasto-se-instalan-camaras-del-c4\\\/\"]}]},{\"@type\":\"ImageObject\",\"inLanguage\":\"es\",\"@id\":\"https:\\\/\\\/www.bbmnoticias.com\\\/labravaradiofm\\\/2021\\\/12\\\/30\\\/se-refuerza-vigilancia-en-mercado-de-abasto-se-instalan-camaras-del-c4\\\/#primaryimage\",\"url\":\"https:\\\/\\\/www.bbmnoticias.com\\\/labravaradiofm\\\/wp-content\\\/uploads\\\/sites\\\/5\\\/2021\\\/12\\\/camaras-central.jpg\",\"contentUrl\":\"https:\\\/\\\/www.bbmnoticias.com\\\/labravaradiofm\\\/wp-content\\\/uploads\\\/sites\\\/5\\\/2021\\\/12\\\/camaras-central.jpg\",\"width\":1024,\"height\":768},{\"@type\":\"BreadcrumbList\",\"@id\":\"https:\\\/\\\/www.bbmnoticias.com\\\/labravaradiofm\\\/2021\\\/12\\\/30\\\/se-refuerza-vigilancia-en-mercado-de-abasto-se-instalan-camaras-del-c4\\\/#breadcrumb\",\"itemListElement\":[{\"@type\":\"ListItem\",\"position\":1,\"name\":\"Inicio\",\"item\":\"https:\\\/\\\/www.bbmnoticias.com\\\/labravaradiofm\\\/\"},{\"@type\":\"ListItem\",\"position\":2,\"name\":\"Se refuerza vigilancia en Mercado de Abasto, se instalan c\u00e1maras del C4\"}]},{\"@type\":\"WebSite\",\"@id\":\"https:\\\/\\\/www.bbmnoticias.com\\\/labravaradiofm\\\/#website\",\"url\":\"https:\\\/\\\/www.bbmnoticias.com\\\/labravaradiofm\\\/\",\"name\":\"LA BRAVA RADIO\",\"description\":\"Empresa productora de medios, Radiodifusi\u00f3n, Noticias, tendencias y todo lo que necesitas saber de la pol\u00edtica mexicana e internacional; entretenimiento, espect\u00e1culos, salud y mucho m\u00e1s.\",\"potentialAction\":[{\"@type\":\"SearchAction\",\"target\":{\"@type\":\"EntryPoint\",\"urlTemplate\":\"https:\\\/\\\/www.bbmnoticias.com\\\/labravaradiofm\\\/?s={search_term_string}\"},\"query-input\":{\"@type\":\"PropertyValueSpecification\",\"valueRequired\":true,\"valueName\":\"search_term_string\"}}],\"inLanguage\":\"es\"},{\"@type\":\"Person\",\"@id\":\"https:\\\/\\\/www.bbmnoticias.com\\\/labravaradiofm\\\/#\\\/schema\\\/person\\\/68a9e9036ef3c5b55aeb2b71dc8bab45\",\"name\":\"Staff\",\"image\":{\"@type\":\"ImageObject\",\"inLanguage\":\"es\",\"@id\":\"https:\\\/\\\/secure.gravatar.com\\\/avatar\\\/fdd21ad66fd8b98c407f9dee5b5e588cfe7f0d8579ec20fa6527cd59bab7f0f0?s=96&d=mm&r=g\",\"url\":\"https:\\\/\\\/secure.gravatar.com\\\/avatar\\\/fdd21ad66fd8b98c407f9dee5b5e588cfe7f0d8579ec20fa6527cd59bab7f0f0?s=96&d=mm&r=g\",\"contentUrl\":\"https:\\\/\\\/secure.gravatar.com\\\/avatar\\\/fdd21ad66fd8b98c407f9dee5b5e588cfe7f0d8579ec20fa6527cd59bab7f0f0?s=96&d=mm&r=g\",\"caption\":\"Staff\"},\"url\":\"https:\\\/\\\/www.bbmnoticias.com\\\/labravaradiofm\\\/author\\\/redaccion\\\/\"}]}<\/script>\n<!-- \/ Yoast SEO plugin. -->","yoast_head_json":{"title":"Se refuerza vigilancia en Mercado de Abasto, se instalan c\u00e1maras del C4 - LA BRAVA RADIO","robots":{"index":"index","follow":"follow","max-snippet":"max-snippet:-1","max-image-preview":"max-image-preview:large","max-video-preview":"max-video-preview:-1"},"canonical":"https:\/\/www.bbmnoticias.com\/labravaradiofm\/2021\/12\/30\/se-refuerza-vigilancia-en-mercado-de-abasto-se-instalan-camaras-del-c4\/","og_locale":"es_MX","og_type":"article","og_title":"Se refuerza vigilancia en Mercado de Abasto, se instalan c\u00e1maras del C4 - LA BRAVA RADIO","og_description":"Oaxaca de Ju\u00e1rez, Oax. 30 de diciembre de 2021.- La Secretar\u00eda de Seguridad P\u00fablica de Oaxaca (SSPO), mantiene la coordinaci\u00f3n de estrategias con todos los sectores de la sociedad, en favor de la protecci\u00f3n de propios y visitantes. Es el caso del Mercado de Abasto de la ciudad capital donde, mediante la conjugaci\u00f3n de esfuerzos [&hellip;]","og_url":"https:\/\/www.bbmnoticias.com\/labravaradiofm\/2021\/12\/30\/se-refuerza-vigilancia-en-mercado-de-abasto-se-instalan-camaras-del-c4\/","og_site_name":"LA BRAVA RADIO","article_published_time":"2021-12-30T18:32:06+00:00","article_modified_time":"2021-12-30T18:32:33+00:00","og_image":[{"width":1024,"height":768,"url":"https:\/\/www.bbmnoticias.com\/labravaradiofm\/wp-content\/uploads\/sites\/5\/2021\/12\/camaras-central.jpg","type":"image\/jpeg"}],"author":"Staff","twitter_card":"summary_large_image","twitter_misc":{"Escrito por":"Staff","Tiempo de lectura":"1 minuto"},"schema":{"@context":"https:\/\/schema.org","@graph":[{"@type":"Article","@id":"https:\/\/www.bbmnoticias.com\/labravaradiofm\/2021\/12\/30\/se-refuerza-vigilancia-en-mercado-de-abasto-se-instalan-camaras-del-c4\/#article","isPartOf":{"@id":"https:\/\/www.bbmnoticias.com\/labravaradiofm\/2021\/12\/30\/se-refuerza-vigilancia-en-mercado-de-abasto-se-instalan-camaras-del-c4\/"},"author":{"name":"Staff","@id":"https:\/\/www.bbmnoticias.com\/labravaradiofm\/#\/schema\/person\/68a9e9036ef3c5b55aeb2b71dc8bab45"},"headline":"Se refuerza vigilancia en Mercado de Abasto, se instalan c\u00e1maras del C4","datePublished":"2021-12-30T18:32:06+00:00","dateModified":"2021-12-30T18:32:33+00:00","mainEntityOfPage":{"@id":"https:\/\/www.bbmnoticias.com\/labravaradiofm\/2021\/12\/30\/se-refuerza-vigilancia-en-mercado-de-abasto-se-instalan-camaras-del-c4\/"},"wordCount":199,"image":{"@id":"https:\/\/www.bbmnoticias.com\/labravaradiofm\/2021\/12\/30\/se-refuerza-vigilancia-en-mercado-de-abasto-se-instalan-camaras-del-c4\/#primaryimage"},"thumbnailUrl":"https:\/\/www.bbmnoticias.com\/labravaradiofm\/wp-content\/uploads\/sites\/5\/2021\/12\/camaras-central.jpg","articleSection":["LOCAL"],"inLanguage":"es"},{"@type":"WebPage","@id":"https:\/\/www.bbmnoticias.com\/labravaradiofm\/2021\/12\/30\/se-refuerza-vigilancia-en-mercado-de-abasto-se-instalan-camaras-del-c4\/","url":"https:\/\/www.bbmnoticias.com\/labravaradiofm\/2021\/12\/30\/se-refuerza-vigilancia-en-mercado-de-abasto-se-instalan-camaras-del-c4\/","name":"Se refuerza vigilancia en Mercado de Abasto, se instalan c\u00e1maras del C4 - LA BRAVA RADIO","isPartOf":{"@id":"https:\/\/www.bbmnoticias.com\/labravaradiofm\/#website"},"primaryImageOfPage":{"@id":"https:\/\/www.bbmnoticias.com\/labravaradiofm\/2021\/12\/30\/se-refuerza-vigilancia-en-mercado-de-abasto-se-instalan-camaras-del-c4\/#primaryimage"},"image":{"@id":"https:\/\/www.bbmnoticias.com\/labravaradiofm\/2021\/12\/30\/se-refuerza-vigilancia-en-mercado-de-abasto-se-instalan-camaras-del-c4\/#primaryimage"},"thumbnailUrl":"https:\/\/www.bbmnoticias.com\/labravaradiofm\/wp-content\/uploads\/sites\/5\/2021\/12\/camaras-central.jpg","datePublished":"2021-12-30T18:32:06+00:00","dateModified":"2021-12-30T18:32:33+00:00","author":{"@id":"https:\/\/www.bbmnoticias.com\/labravaradiofm\/#\/schema\/person\/68a9e9036ef3c5b55aeb2b71dc8bab45"},"breadcrumb":{"@id":"https:\/\/www.bbmnoticias.com\/labravaradiofm\/2021\/12\/30\/se-refuerza-vigilancia-en-mercado-de-abasto-se-instalan-camaras-del-c4\/#breadcrumb"},"inLanguage":"es","potentialAction":[{"@type":"ReadAction","target":["https:\/\/www.bbmnoticias.com\/labravaradiofm\/2021\/12\/30\/se-refuerza-vigilancia-en-mercado-de-abasto-se-instalan-camaras-del-c4\/"]}]},{"@type":"ImageObject","inLanguage":"es","@id":"https:\/\/www.bbmnoticias.com\/labravaradiofm\/2021\/12\/30\/se-refuerza-vigilancia-en-mercado-de-abasto-se-instalan-camaras-del-c4\/#primaryimage","url":"https:\/\/www.bbmnoticias.com\/labravaradiofm\/wp-content\/uploads\/sites\/5\/2021\/12\/camaras-central.jpg","contentUrl":"https:\/\/www.bbmnoticias.com\/labravaradiofm\/wp-content\/uploads\/sites\/5\/2021\/12\/camaras-central.jpg","width":1024,"height":768},{"@type":"BreadcrumbList","@id":"https:\/\/www.bbmnoticias.com\/labravaradiofm\/2021\/12\/30\/se-refuerza-vigilancia-en-mercado-de-abasto-se-instalan-camaras-del-c4\/#breadcrumb","itemListElement":[{"@type":"ListItem","position":1,"name":"Inicio","item":"https:\/\/www.bbmnoticias.com\/labravaradiofm\/"},{"@type":"ListItem","position":2,"name":"Se refuerza vigilancia en Mercado de Abasto, se instalan c\u00e1maras del C4"}]},{"@type":"WebSite","@id":"https:\/\/www.bbmnoticias.com\/labravaradiofm\/#website","url":"https:\/\/www.bbmnoticias.com\/labravaradiofm\/","name":"LA BRAVA RADIO","description":"Empresa productora de medios, Radiodifusi\u00f3n, Noticias, tendencias y todo lo que necesitas saber de la pol\u00edtica mexicana e internacional; entretenimiento, espect\u00e1culos, salud y mucho m\u00e1s.","potentialAction":[{"@type":"SearchAction","target":{"@type":"EntryPoint","urlTemplate":"https:\/\/www.bbmnoticias.com\/labravaradiofm\/?s={search_term_string}"},"query-input":{"@type":"PropertyValueSpecification","valueRequired":true,"valueName":"search_term_string"}}],"inLanguage":"es"},{"@type":"Person","@id":"https:\/\/www.bbmnoticias.com\/labravaradiofm\/#\/schema\/person\/68a9e9036ef3c5b55aeb2b71dc8bab45","name":"Staff","image":{"@type":"ImageObject","inLanguage":"es","@id":"https:\/\/secure.gravatar.com\/avatar\/fdd21ad66fd8b98c407f9dee5b5e588cfe7f0d8579ec20fa6527cd59bab7f0f0?s=96&d=mm&r=g","url":"https:\/\/secure.gravatar.com\/avatar\/fdd21ad66fd8b98c407f9dee5b5e588cfe7f0d8579ec20fa6527cd59bab7f0f0?s=96&d=mm&r=g","contentUrl":"https:\/\/secure.gravatar.com\/avatar\/fdd21ad66fd8b98c407f9dee5b5e588cfe7f0d8579ec20fa6527cd59bab7f0f0?s=96&d=mm&r=g","caption":"Staff"},"url":"https:\/\/www.bbmnoticias.com\/labravaradiofm\/author\/redaccion\/"}]}},"_links":{"self":[{"href":"https:\/\/www.bbmnoticias.com\/labravaradiofm\/wp-json\/wp\/v2\/posts\/7937","targetHints":{"allow":["GET"]}}],"collection":[{"href":"https:\/\/www.bbmnoticias.com\/labravaradiofm\/wp-json\/wp\/v2\/posts"}],"about":[{"href":"https:\/\/www.bbmnoticias.com\/labravaradiofm\/wp-json\/wp\/v2\/types\/post"}],"author":[{"embeddable":true,"href":"https:\/\/www.bbmnoticias.com\/labravaradiofm\/wp-json\/wp\/v2\/users\/2"}],"replies":[{"embeddable":true,"href":"https:\/\/www.bbmnoticias.com\/labravaradiofm\/wp-json\/wp\/v2\/comments?post=7937"}],"version-history":[{"count":0,"href":"https:\/\/www.bbmnoticias.com\/labravaradiofm\/wp-json\/wp\/v2\/posts\/7937\/revisions"}],"wp:featuredmedia":[{"embeddable":true,"href":"https:\/\/www.bbmnoticias.com\/labravaradiofm\/wp-json\/wp\/v2\/media\/7938"}],"wp:attachment":[{"href":"https:\/\/www.bbmnoticias.com\/labravaradiofm\/wp-json\/wp\/v2\/media?parent=7937"}],"wp:term":[{"taxonomy":"category","embeddable":true,"href":"https:\/\/www.bbmnoticias.com\/labravaradiofm\/wp-json\/wp\/v2\/categories?post=7937"},{"taxonomy":"post_tag","embeddable":true,"href":"https:\/\/www.bbmnoticias.com\/labravaradiofm\/wp-json\/wp\/v2\/tags?post=7937"}],"curies":[{"name":"wp","href":"https:\/\/api.w.org\/{rel}","templated":true}]}}