{"id":7931,"date":"2021-12-30T11:13:42","date_gmt":"2021-12-30T17:13:42","guid":{"rendered":"https:\/\/www.bbmnoticias.com\/labravaradiofm\/?p=7931"},"modified":"2021-12-30T11:13:44","modified_gmt":"2021-12-30T17:13:44","slug":"amlo-apoyara-a-oaxaca-independientemente-del-candidato-de-morena","status":"publish","type":"post","link":"https:\/\/www.bbmnoticias.com\/labravaradiofm\/2021\/12\/30\/amlo-apoyara-a-oaxaca-independientemente-del-candidato-de-morena\/","title":{"rendered":"AMLO apoyar\u00e1 a Oaxaca, independientemente del candidato de Morena"},"content":{"rendered":"<div style=\"margin-top: 0px; margin-bottom: 0px;\" class=\"sharethis-inline-share-buttons\" ><\/div>\n<p>El <strong>presidente Andr\u00e9s Manuel L\u00f3pez Obrador<\/strong> se\u00f1al\u00f3 que,<strong> no importa quien sea el candidato de Morena <\/strong>a la <strong>gubernatura <\/strong>de <strong>Oaxaca<\/strong>, su <strong>gobierno seguir\u00e1 apoyando <\/strong>al <strong>estado<\/strong>.<\/p>\n\n\n\n<p>\u201cNo opino sobre estos asuntos&#8230; solo apuntar que <strong>yo respeto lo que deciden los partidos<\/strong>, lo que deciden los \u00f3rganos de direcci\u00f3n de los <strong>partidos <\/strong>y el <strong>m\u00e9todo que escogen para elegir a sus candidatos<\/strong>&#8230;<strong>sea quien sea el candidato y el gobernador, quien sea<\/strong>, nosotros vamos a <strong>seguir apoyando al pueblo<\/strong> de <strong>Oaxaca<\/strong>\u201d, expres\u00f3 el primer mandatario.<\/p>\n\n\n\n<p>Durante la conferencia matutina, L\u00f3pez Obrador dijo que <strong>Oaxaca es uno de los pueblos que no dependen de los gobernantes<\/strong>, sino del pueblo y sus culturas.<\/p>\n\n\n\n<p>&#8220;<strong>D\u00edganme si no es m\u00e1s importante <\/strong>esto, que cualquier otra cosa&#8221;, expres\u00f3 AMLO.<\/p>\n\n\n\n<p>&#8220;Es m\u00e1s lo <strong>bueno de Oaxaca<\/strong>, que los problemas que se enfrentan&#8221;, a\u00f1adi\u00f3.<\/p>\n\n\n\n<p>El presidente expuso que, uno de los <strong>principales problemas es el presupuesto<\/strong>, ya que los <strong>recursos <\/strong>se <strong>quedan <\/strong>en las <strong>cabeceras municipales<\/strong>; por lo que, el <strong>Congreso local <\/strong>podr\u00eda <strong>distribuirlo <\/strong>de <strong>mejor forma.<\/strong><\/p>\n\n\n\n<p>&#8220;Si a m\u00ed me piden, recomi\u00e9ndenos a donde ir para conocer m\u00e1s M\u00e9xico, las culturas&#8230;<strong>v\u00e1yanse a Oaxaca<\/strong>&#8230; <strong>se van a quedar sorprendidos<\/strong>&#8220;, concluy\u00f3 L\u00f3pez Obrador.<\/p>\n","protected":false},"excerpt":{"rendered":"<p>El presidente Andr\u00e9s Manuel L\u00f3pez Obrador se\u00f1al\u00f3 que, no importa quien sea el candidato de Morena a la gubernatura de Oaxaca, su gobierno seguir\u00e1 apoyando al estado. \u201cNo opino sobre estos asuntos&#8230; solo apuntar que yo respeto lo que deciden los partidos, lo que deciden los \u00f3rganos de direcci\u00f3n de los partidos y el m\u00e9todo [&hellip;]<\/p>\n","protected":false},"author":4,"featured_media":7932,"comment_status":"closed","ping_status":"closed","sticky":false,"template":"","format":"standard","meta":{"footnotes":""},"categories":[1],"tags":[],"class_list":{"0":"post-7931","1":"post","2":"type-post","3":"status-publish","4":"format-standard","5":"has-post-thumbnail","7":"category-sin-categoria"},"yoast_head":"<!-- This site is optimized with the Yoast SEO plugin v27.4 - https:\/\/yoast.com\/product\/yoast-seo-wordpress\/ -->\n<title>AMLO apoyar\u00e1 a Oaxaca, independientemente del candidato de Morena - LA BRAVA RADIO<\/title>\n<meta name=\"robots\" content=\"index, follow, max-snippet:-1, max-image-preview:large, max-video-preview:-1\" \/>\n<link rel=\"canonical\" href=\"https:\/\/www.bbmnoticias.com\/labravaradiofm\/2021\/12\/30\/amlo-apoyara-a-oaxaca-independientemente-del-candidato-de-morena\/\" \/>\n<meta property=\"og:locale\" content=\"es_MX\" \/>\n<meta property=\"og:type\" content=\"article\" \/>\n<meta property=\"og:title\" content=\"AMLO apoyar\u00e1 a Oaxaca, independientemente del candidato de Morena - LA BRAVA RADIO\" \/>\n<meta property=\"og:description\" content=\"El presidente Andr\u00e9s Manuel L\u00f3pez Obrador se\u00f1al\u00f3 que, no importa quien sea el candidato de Morena a la gubernatura de Oaxaca, su gobierno seguir\u00e1 apoyando al estado. \u201cNo opino sobre estos asuntos&#8230; solo apuntar que yo respeto lo que deciden los partidos, lo que deciden los \u00f3rganos de direcci\u00f3n de los partidos y el m\u00e9todo [&hellip;]\" \/>\n<meta property=\"og:url\" content=\"https:\/\/www.bbmnoticias.com\/labravaradiofm\/2021\/12\/30\/amlo-apoyara-a-oaxaca-independientemente-del-candidato-de-morena\/\" \/>\n<meta property=\"og:site_name\" content=\"LA BRAVA RADIO\" \/>\n<meta property=\"article:published_time\" content=\"2021-12-30T17:13:42+00:00\" \/>\n<meta property=\"article:modified_time\" content=\"2021-12-30T17:13:44+00:00\" \/>\n<meta property=\"og:image\" content=\"https:\/\/www.bbmnoticias.com\/labravaradiofm\/wp-content\/uploads\/sites\/5\/2021\/12\/amlo-oaxaca.jpg\" \/>\n\t<meta property=\"og:image:width\" content=\"900\" \/>\n\t<meta property=\"og:image:height\" content=\"600\" \/>\n\t<meta property=\"og:image:type\" content=\"image\/jpeg\" \/>\n<meta name=\"author\" content=\"Agencias\" \/>\n<meta name=\"twitter:card\" content=\"summary_large_image\" \/>\n<meta name=\"twitter:label1\" content=\"Escrito por\" \/>\n\t<meta name=\"twitter:data1\" content=\"Agencias\" \/>\n\t<meta name=\"twitter:label2\" content=\"Tiempo de lectura\" \/>\n\t<meta name=\"twitter:data2\" content=\"1 minuto\" \/>\n<script type=\"application\/ld+json\" class=\"yoast-schema-graph\">{\"@context\":\"https:\\\/\\\/schema.org\",\"@graph\":[{\"@type\":\"Article\",\"@id\":\"https:\\\/\\\/www.bbmnoticias.com\\\/labravaradiofm\\\/2021\\\/12\\\/30\\\/amlo-apoyara-a-oaxaca-independientemente-del-candidato-de-morena\\\/#article\",\"isPartOf\":{\"@id\":\"https:\\\/\\\/www.bbmnoticias.com\\\/labravaradiofm\\\/2021\\\/12\\\/30\\\/amlo-apoyara-a-oaxaca-independientemente-del-candidato-de-morena\\\/\"},\"author\":{\"name\":\"Agencias\",\"@id\":\"https:\\\/\\\/www.bbmnoticias.com\\\/labravaradiofm\\\/#\\\/schema\\\/person\\\/000bdaf0a8fb5bff0d537c4d0778e33f\"},\"headline\":\"AMLO apoyar\u00e1 a Oaxaca, independientemente del candidato de Morena\",\"datePublished\":\"2021-12-30T17:13:42+00:00\",\"dateModified\":\"2021-12-30T17:13:44+00:00\",\"mainEntityOfPage\":{\"@id\":\"https:\\\/\\\/www.bbmnoticias.com\\\/labravaradiofm\\\/2021\\\/12\\\/30\\\/amlo-apoyara-a-oaxaca-independientemente-del-candidato-de-morena\\\/\"},\"wordCount\":221,\"image\":{\"@id\":\"https:\\\/\\\/www.bbmnoticias.com\\\/labravaradiofm\\\/2021\\\/12\\\/30\\\/amlo-apoyara-a-oaxaca-independientemente-del-candidato-de-morena\\\/#primaryimage\"},\"thumbnailUrl\":\"https:\\\/\\\/www.bbmnoticias.com\\\/labravaradiofm\\\/wp-content\\\/uploads\\\/sites\\\/5\\\/2021\\\/12\\\/amlo-oaxaca.jpg\",\"inLanguage\":\"es\"},{\"@type\":\"WebPage\",\"@id\":\"https:\\\/\\\/www.bbmnoticias.com\\\/labravaradiofm\\\/2021\\\/12\\\/30\\\/amlo-apoyara-a-oaxaca-independientemente-del-candidato-de-morena\\\/\",\"url\":\"https:\\\/\\\/www.bbmnoticias.com\\\/labravaradiofm\\\/2021\\\/12\\\/30\\\/amlo-apoyara-a-oaxaca-independientemente-del-candidato-de-morena\\\/\",\"name\":\"AMLO apoyar\u00e1 a Oaxaca, independientemente del candidato de Morena - LA BRAVA RADIO\",\"isPartOf\":{\"@id\":\"https:\\\/\\\/www.bbmnoticias.com\\\/labravaradiofm\\\/#website\"},\"primaryImageOfPage\":{\"@id\":\"https:\\\/\\\/www.bbmnoticias.com\\\/labravaradiofm\\\/2021\\\/12\\\/30\\\/amlo-apoyara-a-oaxaca-independientemente-del-candidato-de-morena\\\/#primaryimage\"},\"image\":{\"@id\":\"https:\\\/\\\/www.bbmnoticias.com\\\/labravaradiofm\\\/2021\\\/12\\\/30\\\/amlo-apoyara-a-oaxaca-independientemente-del-candidato-de-morena\\\/#primaryimage\"},\"thumbnailUrl\":\"https:\\\/\\\/www.bbmnoticias.com\\\/labravaradiofm\\\/wp-content\\\/uploads\\\/sites\\\/5\\\/2021\\\/12\\\/amlo-oaxaca.jpg\",\"datePublished\":\"2021-12-30T17:13:42+00:00\",\"dateModified\":\"2021-12-30T17:13:44+00:00\",\"author\":{\"@id\":\"https:\\\/\\\/www.bbmnoticias.com\\\/labravaradiofm\\\/#\\\/schema\\\/person\\\/000bdaf0a8fb5bff0d537c4d0778e33f\"},\"breadcrumb\":{\"@id\":\"https:\\\/\\\/www.bbmnoticias.com\\\/labravaradiofm\\\/2021\\\/12\\\/30\\\/amlo-apoyara-a-oaxaca-independientemente-del-candidato-de-morena\\\/#breadcrumb\"},\"inLanguage\":\"es\",\"potentialAction\":[{\"@type\":\"ReadAction\",\"target\":[\"https:\\\/\\\/www.bbmnoticias.com\\\/labravaradiofm\\\/2021\\\/12\\\/30\\\/amlo-apoyara-a-oaxaca-independientemente-del-candidato-de-morena\\\/\"]}]},{\"@type\":\"ImageObject\",\"inLanguage\":\"es\",\"@id\":\"https:\\\/\\\/www.bbmnoticias.com\\\/labravaradiofm\\\/2021\\\/12\\\/30\\\/amlo-apoyara-a-oaxaca-independientemente-del-candidato-de-morena\\\/#primaryimage\",\"url\":\"https:\\\/\\\/www.bbmnoticias.com\\\/labravaradiofm\\\/wp-content\\\/uploads\\\/sites\\\/5\\\/2021\\\/12\\\/amlo-oaxaca.jpg\",\"contentUrl\":\"https:\\\/\\\/www.bbmnoticias.com\\\/labravaradiofm\\\/wp-content\\\/uploads\\\/sites\\\/5\\\/2021\\\/12\\\/amlo-oaxaca.jpg\",\"width\":900,\"height\":600},{\"@type\":\"BreadcrumbList\",\"@id\":\"https:\\\/\\\/www.bbmnoticias.com\\\/labravaradiofm\\\/2021\\\/12\\\/30\\\/amlo-apoyara-a-oaxaca-independientemente-del-candidato-de-morena\\\/#breadcrumb\",\"itemListElement\":[{\"@type\":\"ListItem\",\"position\":1,\"name\":\"Inicio\",\"item\":\"https:\\\/\\\/www.bbmnoticias.com\\\/labravaradiofm\\\/\"},{\"@type\":\"ListItem\",\"position\":2,\"name\":\"AMLO apoyar\u00e1 a Oaxaca, independientemente del candidato de Morena\"}]},{\"@type\":\"WebSite\",\"@id\":\"https:\\\/\\\/www.bbmnoticias.com\\\/labravaradiofm\\\/#website\",\"url\":\"https:\\\/\\\/www.bbmnoticias.com\\\/labravaradiofm\\\/\",\"name\":\"LA BRAVA RADIO\",\"description\":\"Empresa productora de medios, Radiodifusi\u00f3n, Noticias, tendencias y todo lo que necesitas saber de la pol\u00edtica mexicana e internacional; entretenimiento, espect\u00e1culos, salud y mucho m\u00e1s.\",\"potentialAction\":[{\"@type\":\"SearchAction\",\"target\":{\"@type\":\"EntryPoint\",\"urlTemplate\":\"https:\\\/\\\/www.bbmnoticias.com\\\/labravaradiofm\\\/?s={search_term_string}\"},\"query-input\":{\"@type\":\"PropertyValueSpecification\",\"valueRequired\":true,\"valueName\":\"search_term_string\"}}],\"inLanguage\":\"es\"},{\"@type\":\"Person\",\"@id\":\"https:\\\/\\\/www.bbmnoticias.com\\\/labravaradiofm\\\/#\\\/schema\\\/person\\\/000bdaf0a8fb5bff0d537c4d0778e33f\",\"name\":\"Agencias\",\"image\":{\"@type\":\"ImageObject\",\"inLanguage\":\"es\",\"@id\":\"https:\\\/\\\/secure.gravatar.com\\\/avatar\\\/739e0b61adf9e398b425c36718c8752286da0e8cd90f20ce9a86678abc26aa0d?s=96&d=mm&r=g\",\"url\":\"https:\\\/\\\/secure.gravatar.com\\\/avatar\\\/739e0b61adf9e398b425c36718c8752286da0e8cd90f20ce9a86678abc26aa0d?s=96&d=mm&r=g\",\"contentUrl\":\"https:\\\/\\\/secure.gravatar.com\\\/avatar\\\/739e0b61adf9e398b425c36718c8752286da0e8cd90f20ce9a86678abc26aa0d?s=96&d=mm&r=g\",\"caption\":\"Agencias\"},\"url\":\"https:\\\/\\\/www.bbmnoticias.com\\\/labravaradiofm\\\/author\\\/agencias\\\/\"}]}<\/script>\n<!-- \/ Yoast SEO plugin. -->","yoast_head_json":{"title":"AMLO apoyar\u00e1 a Oaxaca, independientemente del candidato de Morena - LA BRAVA RADIO","robots":{"index":"index","follow":"follow","max-snippet":"max-snippet:-1","max-image-preview":"max-image-preview:large","max-video-preview":"max-video-preview:-1"},"canonical":"https:\/\/www.bbmnoticias.com\/labravaradiofm\/2021\/12\/30\/amlo-apoyara-a-oaxaca-independientemente-del-candidato-de-morena\/","og_locale":"es_MX","og_type":"article","og_title":"AMLO apoyar\u00e1 a Oaxaca, independientemente del candidato de Morena - LA BRAVA RADIO","og_description":"El presidente Andr\u00e9s Manuel L\u00f3pez Obrador se\u00f1al\u00f3 que, no importa quien sea el candidato de Morena a la gubernatura de Oaxaca, su gobierno seguir\u00e1 apoyando al estado. \u201cNo opino sobre estos asuntos&#8230; solo apuntar que yo respeto lo que deciden los partidos, lo que deciden los \u00f3rganos de direcci\u00f3n de los partidos y el m\u00e9todo [&hellip;]","og_url":"https:\/\/www.bbmnoticias.com\/labravaradiofm\/2021\/12\/30\/amlo-apoyara-a-oaxaca-independientemente-del-candidato-de-morena\/","og_site_name":"LA BRAVA RADIO","article_published_time":"2021-12-30T17:13:42+00:00","article_modified_time":"2021-12-30T17:13:44+00:00","og_image":[{"width":900,"height":600,"url":"https:\/\/www.bbmnoticias.com\/labravaradiofm\/wp-content\/uploads\/sites\/5\/2021\/12\/amlo-oaxaca.jpg","type":"image\/jpeg"}],"author":"Agencias","twitter_card":"summary_large_image","twitter_misc":{"Escrito por":"Agencias","Tiempo de lectura":"1 minuto"},"schema":{"@context":"https:\/\/schema.org","@graph":[{"@type":"Article","@id":"https:\/\/www.bbmnoticias.com\/labravaradiofm\/2021\/12\/30\/amlo-apoyara-a-oaxaca-independientemente-del-candidato-de-morena\/#article","isPartOf":{"@id":"https:\/\/www.bbmnoticias.com\/labravaradiofm\/2021\/12\/30\/amlo-apoyara-a-oaxaca-independientemente-del-candidato-de-morena\/"},"author":{"name":"Agencias","@id":"https:\/\/www.bbmnoticias.com\/labravaradiofm\/#\/schema\/person\/000bdaf0a8fb5bff0d537c4d0778e33f"},"headline":"AMLO apoyar\u00e1 a Oaxaca, independientemente del candidato de Morena","datePublished":"2021-12-30T17:13:42+00:00","dateModified":"2021-12-30T17:13:44+00:00","mainEntityOfPage":{"@id":"https:\/\/www.bbmnoticias.com\/labravaradiofm\/2021\/12\/30\/amlo-apoyara-a-oaxaca-independientemente-del-candidato-de-morena\/"},"wordCount":221,"image":{"@id":"https:\/\/www.bbmnoticias.com\/labravaradiofm\/2021\/12\/30\/amlo-apoyara-a-oaxaca-independientemente-del-candidato-de-morena\/#primaryimage"},"thumbnailUrl":"https:\/\/www.bbmnoticias.com\/labravaradiofm\/wp-content\/uploads\/sites\/5\/2021\/12\/amlo-oaxaca.jpg","inLanguage":"es"},{"@type":"WebPage","@id":"https:\/\/www.bbmnoticias.com\/labravaradiofm\/2021\/12\/30\/amlo-apoyara-a-oaxaca-independientemente-del-candidato-de-morena\/","url":"https:\/\/www.bbmnoticias.com\/labravaradiofm\/2021\/12\/30\/amlo-apoyara-a-oaxaca-independientemente-del-candidato-de-morena\/","name":"AMLO apoyar\u00e1 a Oaxaca, independientemente del candidato de Morena - LA BRAVA RADIO","isPartOf":{"@id":"https:\/\/www.bbmnoticias.com\/labravaradiofm\/#website"},"primaryImageOfPage":{"@id":"https:\/\/www.bbmnoticias.com\/labravaradiofm\/2021\/12\/30\/amlo-apoyara-a-oaxaca-independientemente-del-candidato-de-morena\/#primaryimage"},"image":{"@id":"https:\/\/www.bbmnoticias.com\/labravaradiofm\/2021\/12\/30\/amlo-apoyara-a-oaxaca-independientemente-del-candidato-de-morena\/#primaryimage"},"thumbnailUrl":"https:\/\/www.bbmnoticias.com\/labravaradiofm\/wp-content\/uploads\/sites\/5\/2021\/12\/amlo-oaxaca.jpg","datePublished":"2021-12-30T17:13:42+00:00","dateModified":"2021-12-30T17:13:44+00:00","author":{"@id":"https:\/\/www.bbmnoticias.com\/labravaradiofm\/#\/schema\/person\/000bdaf0a8fb5bff0d537c4d0778e33f"},"breadcrumb":{"@id":"https:\/\/www.bbmnoticias.com\/labravaradiofm\/2021\/12\/30\/amlo-apoyara-a-oaxaca-independientemente-del-candidato-de-morena\/#breadcrumb"},"inLanguage":"es","potentialAction":[{"@type":"ReadAction","target":["https:\/\/www.bbmnoticias.com\/labravaradiofm\/2021\/12\/30\/amlo-apoyara-a-oaxaca-independientemente-del-candidato-de-morena\/"]}]},{"@type":"ImageObject","inLanguage":"es","@id":"https:\/\/www.bbmnoticias.com\/labravaradiofm\/2021\/12\/30\/amlo-apoyara-a-oaxaca-independientemente-del-candidato-de-morena\/#primaryimage","url":"https:\/\/www.bbmnoticias.com\/labravaradiofm\/wp-content\/uploads\/sites\/5\/2021\/12\/amlo-oaxaca.jpg","contentUrl":"https:\/\/www.bbmnoticias.com\/labravaradiofm\/wp-content\/uploads\/sites\/5\/2021\/12\/amlo-oaxaca.jpg","width":900,"height":600},{"@type":"BreadcrumbList","@id":"https:\/\/www.bbmnoticias.com\/labravaradiofm\/2021\/12\/30\/amlo-apoyara-a-oaxaca-independientemente-del-candidato-de-morena\/#breadcrumb","itemListElement":[{"@type":"ListItem","position":1,"name":"Inicio","item":"https:\/\/www.bbmnoticias.com\/labravaradiofm\/"},{"@type":"ListItem","position":2,"name":"AMLO apoyar\u00e1 a Oaxaca, independientemente del candidato de Morena"}]},{"@type":"WebSite","@id":"https:\/\/www.bbmnoticias.com\/labravaradiofm\/#website","url":"https:\/\/www.bbmnoticias.com\/labravaradiofm\/","name":"LA BRAVA RADIO","description":"Empresa productora de medios, Radiodifusi\u00f3n, Noticias, tendencias y todo lo que necesitas saber de la pol\u00edtica mexicana e internacional; entretenimiento, espect\u00e1culos, salud y mucho m\u00e1s.","potentialAction":[{"@type":"SearchAction","target":{"@type":"EntryPoint","urlTemplate":"https:\/\/www.bbmnoticias.com\/labravaradiofm\/?s={search_term_string}"},"query-input":{"@type":"PropertyValueSpecification","valueRequired":true,"valueName":"search_term_string"}}],"inLanguage":"es"},{"@type":"Person","@id":"https:\/\/www.bbmnoticias.com\/labravaradiofm\/#\/schema\/person\/000bdaf0a8fb5bff0d537c4d0778e33f","name":"Agencias","image":{"@type":"ImageObject","inLanguage":"es","@id":"https:\/\/secure.gravatar.com\/avatar\/739e0b61adf9e398b425c36718c8752286da0e8cd90f20ce9a86678abc26aa0d?s=96&d=mm&r=g","url":"https:\/\/secure.gravatar.com\/avatar\/739e0b61adf9e398b425c36718c8752286da0e8cd90f20ce9a86678abc26aa0d?s=96&d=mm&r=g","contentUrl":"https:\/\/secure.gravatar.com\/avatar\/739e0b61adf9e398b425c36718c8752286da0e8cd90f20ce9a86678abc26aa0d?s=96&d=mm&r=g","caption":"Agencias"},"url":"https:\/\/www.bbmnoticias.com\/labravaradiofm\/author\/agencias\/"}]}},"_links":{"self":[{"href":"https:\/\/www.bbmnoticias.com\/labravaradiofm\/wp-json\/wp\/v2\/posts\/7931","targetHints":{"allow":["GET"]}}],"collection":[{"href":"https:\/\/www.bbmnoticias.com\/labravaradiofm\/wp-json\/wp\/v2\/posts"}],"about":[{"href":"https:\/\/www.bbmnoticias.com\/labravaradiofm\/wp-json\/wp\/v2\/types\/post"}],"author":[{"embeddable":true,"href":"https:\/\/www.bbmnoticias.com\/labravaradiofm\/wp-json\/wp\/v2\/users\/4"}],"replies":[{"embeddable":true,"href":"https:\/\/www.bbmnoticias.com\/labravaradiofm\/wp-json\/wp\/v2\/comments?post=7931"}],"version-history":[{"count":0,"href":"https:\/\/www.bbmnoticias.com\/labravaradiofm\/wp-json\/wp\/v2\/posts\/7931\/revisions"}],"wp:featuredmedia":[{"embeddable":true,"href":"https:\/\/www.bbmnoticias.com\/labravaradiofm\/wp-json\/wp\/v2\/media\/7932"}],"wp:attachment":[{"href":"https:\/\/www.bbmnoticias.com\/labravaradiofm\/wp-json\/wp\/v2\/media?parent=7931"}],"wp:term":[{"taxonomy":"category","embeddable":true,"href":"https:\/\/www.bbmnoticias.com\/labravaradiofm\/wp-json\/wp\/v2\/categories?post=7931"},{"taxonomy":"post_tag","embeddable":true,"href":"https:\/\/www.bbmnoticias.com\/labravaradiofm\/wp-json\/wp\/v2\/tags?post=7931"}],"curies":[{"name":"wp","href":"https:\/\/api.w.org\/{rel}","templated":true}]}}