{"id":7920,"date":"2021-12-30T08:38:27","date_gmt":"2021-12-30T14:38:27","guid":{"rendered":"https:\/\/www.bbmnoticias.com\/labravaradiofm\/?p=7920"},"modified":"2021-12-30T08:38:44","modified_gmt":"2021-12-30T14:38:44","slug":"controlan-incendio-en-refineria-lazaro-cardenas-de-minatitlan-veracruz-el-segundo-en-un-ano","status":"publish","type":"post","link":"https:\/\/www.bbmnoticias.com\/labravaradiofm\/2021\/12\/30\/controlan-incendio-en-refineria-lazaro-cardenas-de-minatitlan-veracruz-el-segundo-en-un-ano\/","title":{"rendered":"Controlan incendio en refiner\u00eda L\u00e1zaro C\u00e1rdenas de Minatitl\u00e1n, Veracruz; el segundo en un a\u00f1o"},"content":{"rendered":"<div style=\"margin-top: 0px; margin-bottom: 0px;\" class=\"sharethis-inline-share-buttons\" ><\/div>\n<p>Durante la noche de este mi\u00e9rcoles, se registr\u00f3 un fuerte incendio en el interior de la <strong>refiner\u00eda L\u00e1zaro C\u00e1rdenas de Minatitl\u00e1n<\/strong>, en el sur de Veracruz.\u00a0<\/p>\n\n\n\n<p>Sin que se conozcan las causas ni la zona interior donde ocurri\u00f3 el aparatoso incendio, autoridades estatales reportaron que no hubo lesionados ni v\u00edctimas mortales.<\/p>\n\n\n\n<p>La <strong>Secretar\u00eda de Protecci\u00f3n Civil Estatal<\/strong> inform\u00f3 que el incendio ocurri\u00f3 a las 22:00 horas en el interior de la refiner\u00eda y poco tiempo despu\u00e9s fue controlado y extinguido.<\/p>\n\n\n\n<p>&#8220;Al momento no se tiene reporte de personas lesionadas, y no presenta riesgo para la poblaci\u00f3n&#8221;, dijo la dependencia.&nbsp;<\/p>\n\n\n\n<p>Las fuertes llamas alarmaron a los habitantes de la zona, en tanto se registr\u00f3 una fuerte movilizaci\u00f3n policial.&nbsp;<br>&nbsp;<\/p>\n\n\n\n<h2 class=\"wp-block-heading\">Segundo incendio en un a\u00f1o<\/h2>\n\n\n\n<p>En abril pasado, un aparatoso incendio en la refiner\u00eda L\u00e1zaro C\u00e1rdenas de Minatitl\u00e1n, dej\u00f3 ocho lesionados con heridas leves y zozobra entre la poblaci\u00f3n.&nbsp;<\/p>\n\n\n\n<p>El incendio que ocurri\u00f3 poco despu\u00e9s de las 17:00 horas provoc\u00f3 quemaduras en dos trabajadores e intoxicaci\u00f3n en otro de la empresa gubernamental <strong>Petr\u00f3leos Mexicanos (Pemex)<\/strong>, as\u00ed como en cinco bomberos que participaban en controlar el incidente.<\/p>\n","protected":false},"excerpt":{"rendered":"<p>Durante la noche de este mi\u00e9rcoles, se registr\u00f3 un fuerte incendio en el interior de la refiner\u00eda L\u00e1zaro C\u00e1rdenas de Minatitl\u00e1n, en el sur de Veracruz.\u00a0 Sin que se conozcan las causas ni la zona interior donde ocurri\u00f3 el aparatoso incendio, autoridades estatales reportaron que no hubo lesionados ni v\u00edctimas mortales. La Secretar\u00eda de Protecci\u00f3n [&hellip;]<\/p>\n","protected":false},"author":10,"featured_media":7921,"comment_status":"closed","ping_status":"closed","sticky":false,"template":"","format":"standard","meta":{"footnotes":""},"categories":[19],"tags":[],"class_list":{"0":"post-7920","1":"post","2":"type-post","3":"status-publish","4":"format-standard","5":"has-post-thumbnail","7":"category-nacional"},"yoast_head":"<!-- This site is optimized with the Yoast SEO plugin v27.4 - https:\/\/yoast.com\/product\/yoast-seo-wordpress\/ -->\n<title>Controlan incendio en refiner\u00eda L\u00e1zaro C\u00e1rdenas de Minatitl\u00e1n, Veracruz; el segundo en un a\u00f1o - LA BRAVA RADIO<\/title>\n<meta name=\"robots\" content=\"index, follow, max-snippet:-1, max-image-preview:large, max-video-preview:-1\" \/>\n<link rel=\"canonical\" href=\"https:\/\/www.bbmnoticias.com\/labravaradiofm\/2021\/12\/30\/controlan-incendio-en-refineria-lazaro-cardenas-de-minatitlan-veracruz-el-segundo-en-un-ano\/\" \/>\n<meta property=\"og:locale\" content=\"es_MX\" \/>\n<meta property=\"og:type\" content=\"article\" \/>\n<meta property=\"og:title\" content=\"Controlan incendio en refiner\u00eda L\u00e1zaro C\u00e1rdenas de Minatitl\u00e1n, Veracruz; el segundo en un a\u00f1o - LA BRAVA RADIO\" \/>\n<meta property=\"og:description\" content=\"Durante la noche de este mi\u00e9rcoles, se registr\u00f3 un fuerte incendio en el interior de la refiner\u00eda L\u00e1zaro C\u00e1rdenas de Minatitl\u00e1n, en el sur de Veracruz.\u00a0 Sin que se conozcan las causas ni la zona interior donde ocurri\u00f3 el aparatoso incendio, autoridades estatales reportaron que no hubo lesionados ni v\u00edctimas mortales. La Secretar\u00eda de Protecci\u00f3n [&hellip;]\" \/>\n<meta property=\"og:url\" content=\"https:\/\/www.bbmnoticias.com\/labravaradiofm\/2021\/12\/30\/controlan-incendio-en-refineria-lazaro-cardenas-de-minatitlan-veracruz-el-segundo-en-un-ano\/\" \/>\n<meta property=\"og:site_name\" content=\"LA BRAVA RADIO\" \/>\n<meta property=\"article:published_time\" content=\"2021-12-30T14:38:27+00:00\" \/>\n<meta property=\"article:modified_time\" content=\"2021-12-30T14:38:44+00:00\" \/>\n<meta property=\"og:image\" content=\"https:\/\/www.bbmnoticias.com\/labravaradiofm\/wp-content\/uploads\/sites\/5\/2021\/12\/minatitlan-refineria.webp\" \/>\n\t<meta property=\"og:image:width\" content=\"1201\" \/>\n\t<meta property=\"og:image:height\" content=\"743\" \/>\n\t<meta property=\"og:image:type\" content=\"image\/webp\" \/>\n<meta name=\"author\" content=\"El Universal\" \/>\n<meta name=\"twitter:card\" content=\"summary_large_image\" \/>\n<meta name=\"twitter:label1\" content=\"Escrito por\" \/>\n\t<meta name=\"twitter:data1\" content=\"El Universal\" \/>\n\t<meta name=\"twitter:label2\" content=\"Tiempo de lectura\" \/>\n\t<meta name=\"twitter:data2\" content=\"1 minuto\" \/>\n<script type=\"application\/ld+json\" class=\"yoast-schema-graph\">{\"@context\":\"https:\\\/\\\/schema.org\",\"@graph\":[{\"@type\":\"Article\",\"@id\":\"https:\\\/\\\/www.bbmnoticias.com\\\/labravaradiofm\\\/2021\\\/12\\\/30\\\/controlan-incendio-en-refineria-lazaro-cardenas-de-minatitlan-veracruz-el-segundo-en-un-ano\\\/#article\",\"isPartOf\":{\"@id\":\"https:\\\/\\\/www.bbmnoticias.com\\\/labravaradiofm\\\/2021\\\/12\\\/30\\\/controlan-incendio-en-refineria-lazaro-cardenas-de-minatitlan-veracruz-el-segundo-en-un-ano\\\/\"},\"author\":{\"name\":\"El Universal\",\"@id\":\"https:\\\/\\\/www.bbmnoticias.com\\\/labravaradiofm\\\/#\\\/schema\\\/person\\\/2a5252389acf1e67397601bfd47df59b\"},\"headline\":\"Controlan incendio en refiner\u00eda L\u00e1zaro C\u00e1rdenas de Minatitl\u00e1n, Veracruz; el segundo en un a\u00f1o\",\"datePublished\":\"2021-12-30T14:38:27+00:00\",\"dateModified\":\"2021-12-30T14:38:44+00:00\",\"mainEntityOfPage\":{\"@id\":\"https:\\\/\\\/www.bbmnoticias.com\\\/labravaradiofm\\\/2021\\\/12\\\/30\\\/controlan-incendio-en-refineria-lazaro-cardenas-de-minatitlan-veracruz-el-segundo-en-un-ano\\\/\"},\"wordCount\":225,\"image\":{\"@id\":\"https:\\\/\\\/www.bbmnoticias.com\\\/labravaradiofm\\\/2021\\\/12\\\/30\\\/controlan-incendio-en-refineria-lazaro-cardenas-de-minatitlan-veracruz-el-segundo-en-un-ano\\\/#primaryimage\"},\"thumbnailUrl\":\"https:\\\/\\\/www.bbmnoticias.com\\\/labravaradiofm\\\/wp-content\\\/uploads\\\/sites\\\/5\\\/2021\\\/12\\\/minatitlan-refineria.webp\",\"articleSection\":[\"NACIONAL\"],\"inLanguage\":\"es\"},{\"@type\":\"WebPage\",\"@id\":\"https:\\\/\\\/www.bbmnoticias.com\\\/labravaradiofm\\\/2021\\\/12\\\/30\\\/controlan-incendio-en-refineria-lazaro-cardenas-de-minatitlan-veracruz-el-segundo-en-un-ano\\\/\",\"url\":\"https:\\\/\\\/www.bbmnoticias.com\\\/labravaradiofm\\\/2021\\\/12\\\/30\\\/controlan-incendio-en-refineria-lazaro-cardenas-de-minatitlan-veracruz-el-segundo-en-un-ano\\\/\",\"name\":\"Controlan incendio en refiner\u00eda L\u00e1zaro C\u00e1rdenas de Minatitl\u00e1n, Veracruz; el segundo en un a\u00f1o - LA BRAVA RADIO\",\"isPartOf\":{\"@id\":\"https:\\\/\\\/www.bbmnoticias.com\\\/labravaradiofm\\\/#website\"},\"primaryImageOfPage\":{\"@id\":\"https:\\\/\\\/www.bbmnoticias.com\\\/labravaradiofm\\\/2021\\\/12\\\/30\\\/controlan-incendio-en-refineria-lazaro-cardenas-de-minatitlan-veracruz-el-segundo-en-un-ano\\\/#primaryimage\"},\"image\":{\"@id\":\"https:\\\/\\\/www.bbmnoticias.com\\\/labravaradiofm\\\/2021\\\/12\\\/30\\\/controlan-incendio-en-refineria-lazaro-cardenas-de-minatitlan-veracruz-el-segundo-en-un-ano\\\/#primaryimage\"},\"thumbnailUrl\":\"https:\\\/\\\/www.bbmnoticias.com\\\/labravaradiofm\\\/wp-content\\\/uploads\\\/sites\\\/5\\\/2021\\\/12\\\/minatitlan-refineria.webp\",\"datePublished\":\"2021-12-30T14:38:27+00:00\",\"dateModified\":\"2021-12-30T14:38:44+00:00\",\"author\":{\"@id\":\"https:\\\/\\\/www.bbmnoticias.com\\\/labravaradiofm\\\/#\\\/schema\\\/person\\\/2a5252389acf1e67397601bfd47df59b\"},\"breadcrumb\":{\"@id\":\"https:\\\/\\\/www.bbmnoticias.com\\\/labravaradiofm\\\/2021\\\/12\\\/30\\\/controlan-incendio-en-refineria-lazaro-cardenas-de-minatitlan-veracruz-el-segundo-en-un-ano\\\/#breadcrumb\"},\"inLanguage\":\"es\",\"potentialAction\":[{\"@type\":\"ReadAction\",\"target\":[\"https:\\\/\\\/www.bbmnoticias.com\\\/labravaradiofm\\\/2021\\\/12\\\/30\\\/controlan-incendio-en-refineria-lazaro-cardenas-de-minatitlan-veracruz-el-segundo-en-un-ano\\\/\"]}]},{\"@type\":\"ImageObject\",\"inLanguage\":\"es\",\"@id\":\"https:\\\/\\\/www.bbmnoticias.com\\\/labravaradiofm\\\/2021\\\/12\\\/30\\\/controlan-incendio-en-refineria-lazaro-cardenas-de-minatitlan-veracruz-el-segundo-en-un-ano\\\/#primaryimage\",\"url\":\"https:\\\/\\\/www.bbmnoticias.com\\\/labravaradiofm\\\/wp-content\\\/uploads\\\/sites\\\/5\\\/2021\\\/12\\\/minatitlan-refineria.webp\",\"contentUrl\":\"https:\\\/\\\/www.bbmnoticias.com\\\/labravaradiofm\\\/wp-content\\\/uploads\\\/sites\\\/5\\\/2021\\\/12\\\/minatitlan-refineria.webp\",\"width\":1201,\"height\":743},{\"@type\":\"BreadcrumbList\",\"@id\":\"https:\\\/\\\/www.bbmnoticias.com\\\/labravaradiofm\\\/2021\\\/12\\\/30\\\/controlan-incendio-en-refineria-lazaro-cardenas-de-minatitlan-veracruz-el-segundo-en-un-ano\\\/#breadcrumb\",\"itemListElement\":[{\"@type\":\"ListItem\",\"position\":1,\"name\":\"Inicio\",\"item\":\"https:\\\/\\\/www.bbmnoticias.com\\\/labravaradiofm\\\/\"},{\"@type\":\"ListItem\",\"position\":2,\"name\":\"Controlan incendio en refiner\u00eda L\u00e1zaro C\u00e1rdenas de Minatitl\u00e1n, Veracruz; el segundo en un a\u00f1o\"}]},{\"@type\":\"WebSite\",\"@id\":\"https:\\\/\\\/www.bbmnoticias.com\\\/labravaradiofm\\\/#website\",\"url\":\"https:\\\/\\\/www.bbmnoticias.com\\\/labravaradiofm\\\/\",\"name\":\"LA BRAVA RADIO\",\"description\":\"Empresa productora de medios, Radiodifusi\u00f3n, Noticias, tendencias y todo lo que necesitas saber de la pol\u00edtica mexicana e internacional; entretenimiento, espect\u00e1culos, salud y mucho m\u00e1s.\",\"potentialAction\":[{\"@type\":\"SearchAction\",\"target\":{\"@type\":\"EntryPoint\",\"urlTemplate\":\"https:\\\/\\\/www.bbmnoticias.com\\\/labravaradiofm\\\/?s={search_term_string}\"},\"query-input\":{\"@type\":\"PropertyValueSpecification\",\"valueRequired\":true,\"valueName\":\"search_term_string\"}}],\"inLanguage\":\"es\"},{\"@type\":\"Person\",\"@id\":\"https:\\\/\\\/www.bbmnoticias.com\\\/labravaradiofm\\\/#\\\/schema\\\/person\\\/2a5252389acf1e67397601bfd47df59b\",\"name\":\"El Universal\",\"image\":{\"@type\":\"ImageObject\",\"inLanguage\":\"es\",\"@id\":\"https:\\\/\\\/secure.gravatar.com\\\/avatar\\\/71c770e6e00bd7cb8183e56d1c59f81601544fbe41d802d7c17d05c9e25f7d06?s=96&d=mm&r=g\",\"url\":\"https:\\\/\\\/secure.gravatar.com\\\/avatar\\\/71c770e6e00bd7cb8183e56d1c59f81601544fbe41d802d7c17d05c9e25f7d06?s=96&d=mm&r=g\",\"contentUrl\":\"https:\\\/\\\/secure.gravatar.com\\\/avatar\\\/71c770e6e00bd7cb8183e56d1c59f81601544fbe41d802d7c17d05c9e25f7d06?s=96&d=mm&r=g\",\"caption\":\"El Universal\"},\"url\":\"https:\\\/\\\/www.bbmnoticias.com\\\/labravaradiofm\\\/author\\\/eluniversal\\\/\"}]}<\/script>\n<!-- \/ Yoast SEO plugin. -->","yoast_head_json":{"title":"Controlan incendio en refiner\u00eda L\u00e1zaro C\u00e1rdenas de Minatitl\u00e1n, Veracruz; el segundo en un a\u00f1o - LA BRAVA RADIO","robots":{"index":"index","follow":"follow","max-snippet":"max-snippet:-1","max-image-preview":"max-image-preview:large","max-video-preview":"max-video-preview:-1"},"canonical":"https:\/\/www.bbmnoticias.com\/labravaradiofm\/2021\/12\/30\/controlan-incendio-en-refineria-lazaro-cardenas-de-minatitlan-veracruz-el-segundo-en-un-ano\/","og_locale":"es_MX","og_type":"article","og_title":"Controlan incendio en refiner\u00eda L\u00e1zaro C\u00e1rdenas de Minatitl\u00e1n, Veracruz; el segundo en un a\u00f1o - LA BRAVA RADIO","og_description":"Durante la noche de este mi\u00e9rcoles, se registr\u00f3 un fuerte incendio en el interior de la refiner\u00eda L\u00e1zaro C\u00e1rdenas de Minatitl\u00e1n, en el sur de Veracruz.\u00a0 Sin que se conozcan las causas ni la zona interior donde ocurri\u00f3 el aparatoso incendio, autoridades estatales reportaron que no hubo lesionados ni v\u00edctimas mortales. La Secretar\u00eda de Protecci\u00f3n [&hellip;]","og_url":"https:\/\/www.bbmnoticias.com\/labravaradiofm\/2021\/12\/30\/controlan-incendio-en-refineria-lazaro-cardenas-de-minatitlan-veracruz-el-segundo-en-un-ano\/","og_site_name":"LA BRAVA RADIO","article_published_time":"2021-12-30T14:38:27+00:00","article_modified_time":"2021-12-30T14:38:44+00:00","og_image":[{"width":1201,"height":743,"url":"https:\/\/www.bbmnoticias.com\/labravaradiofm\/wp-content\/uploads\/sites\/5\/2021\/12\/minatitlan-refineria.webp","type":"image\/webp"}],"author":"El Universal","twitter_card":"summary_large_image","twitter_misc":{"Escrito por":"El Universal","Tiempo de lectura":"1 minuto"},"schema":{"@context":"https:\/\/schema.org","@graph":[{"@type":"Article","@id":"https:\/\/www.bbmnoticias.com\/labravaradiofm\/2021\/12\/30\/controlan-incendio-en-refineria-lazaro-cardenas-de-minatitlan-veracruz-el-segundo-en-un-ano\/#article","isPartOf":{"@id":"https:\/\/www.bbmnoticias.com\/labravaradiofm\/2021\/12\/30\/controlan-incendio-en-refineria-lazaro-cardenas-de-minatitlan-veracruz-el-segundo-en-un-ano\/"},"author":{"name":"El Universal","@id":"https:\/\/www.bbmnoticias.com\/labravaradiofm\/#\/schema\/person\/2a5252389acf1e67397601bfd47df59b"},"headline":"Controlan incendio en refiner\u00eda L\u00e1zaro C\u00e1rdenas de Minatitl\u00e1n, Veracruz; el segundo en un a\u00f1o","datePublished":"2021-12-30T14:38:27+00:00","dateModified":"2021-12-30T14:38:44+00:00","mainEntityOfPage":{"@id":"https:\/\/www.bbmnoticias.com\/labravaradiofm\/2021\/12\/30\/controlan-incendio-en-refineria-lazaro-cardenas-de-minatitlan-veracruz-el-segundo-en-un-ano\/"},"wordCount":225,"image":{"@id":"https:\/\/www.bbmnoticias.com\/labravaradiofm\/2021\/12\/30\/controlan-incendio-en-refineria-lazaro-cardenas-de-minatitlan-veracruz-el-segundo-en-un-ano\/#primaryimage"},"thumbnailUrl":"https:\/\/www.bbmnoticias.com\/labravaradiofm\/wp-content\/uploads\/sites\/5\/2021\/12\/minatitlan-refineria.webp","articleSection":["NACIONAL"],"inLanguage":"es"},{"@type":"WebPage","@id":"https:\/\/www.bbmnoticias.com\/labravaradiofm\/2021\/12\/30\/controlan-incendio-en-refineria-lazaro-cardenas-de-minatitlan-veracruz-el-segundo-en-un-ano\/","url":"https:\/\/www.bbmnoticias.com\/labravaradiofm\/2021\/12\/30\/controlan-incendio-en-refineria-lazaro-cardenas-de-minatitlan-veracruz-el-segundo-en-un-ano\/","name":"Controlan incendio en refiner\u00eda L\u00e1zaro C\u00e1rdenas de Minatitl\u00e1n, Veracruz; el segundo en un a\u00f1o - LA BRAVA RADIO","isPartOf":{"@id":"https:\/\/www.bbmnoticias.com\/labravaradiofm\/#website"},"primaryImageOfPage":{"@id":"https:\/\/www.bbmnoticias.com\/labravaradiofm\/2021\/12\/30\/controlan-incendio-en-refineria-lazaro-cardenas-de-minatitlan-veracruz-el-segundo-en-un-ano\/#primaryimage"},"image":{"@id":"https:\/\/www.bbmnoticias.com\/labravaradiofm\/2021\/12\/30\/controlan-incendio-en-refineria-lazaro-cardenas-de-minatitlan-veracruz-el-segundo-en-un-ano\/#primaryimage"},"thumbnailUrl":"https:\/\/www.bbmnoticias.com\/labravaradiofm\/wp-content\/uploads\/sites\/5\/2021\/12\/minatitlan-refineria.webp","datePublished":"2021-12-30T14:38:27+00:00","dateModified":"2021-12-30T14:38:44+00:00","author":{"@id":"https:\/\/www.bbmnoticias.com\/labravaradiofm\/#\/schema\/person\/2a5252389acf1e67397601bfd47df59b"},"breadcrumb":{"@id":"https:\/\/www.bbmnoticias.com\/labravaradiofm\/2021\/12\/30\/controlan-incendio-en-refineria-lazaro-cardenas-de-minatitlan-veracruz-el-segundo-en-un-ano\/#breadcrumb"},"inLanguage":"es","potentialAction":[{"@type":"ReadAction","target":["https:\/\/www.bbmnoticias.com\/labravaradiofm\/2021\/12\/30\/controlan-incendio-en-refineria-lazaro-cardenas-de-minatitlan-veracruz-el-segundo-en-un-ano\/"]}]},{"@type":"ImageObject","inLanguage":"es","@id":"https:\/\/www.bbmnoticias.com\/labravaradiofm\/2021\/12\/30\/controlan-incendio-en-refineria-lazaro-cardenas-de-minatitlan-veracruz-el-segundo-en-un-ano\/#primaryimage","url":"https:\/\/www.bbmnoticias.com\/labravaradiofm\/wp-content\/uploads\/sites\/5\/2021\/12\/minatitlan-refineria.webp","contentUrl":"https:\/\/www.bbmnoticias.com\/labravaradiofm\/wp-content\/uploads\/sites\/5\/2021\/12\/minatitlan-refineria.webp","width":1201,"height":743},{"@type":"BreadcrumbList","@id":"https:\/\/www.bbmnoticias.com\/labravaradiofm\/2021\/12\/30\/controlan-incendio-en-refineria-lazaro-cardenas-de-minatitlan-veracruz-el-segundo-en-un-ano\/#breadcrumb","itemListElement":[{"@type":"ListItem","position":1,"name":"Inicio","item":"https:\/\/www.bbmnoticias.com\/labravaradiofm\/"},{"@type":"ListItem","position":2,"name":"Controlan incendio en refiner\u00eda L\u00e1zaro C\u00e1rdenas de Minatitl\u00e1n, Veracruz; el segundo en un a\u00f1o"}]},{"@type":"WebSite","@id":"https:\/\/www.bbmnoticias.com\/labravaradiofm\/#website","url":"https:\/\/www.bbmnoticias.com\/labravaradiofm\/","name":"LA BRAVA RADIO","description":"Empresa productora de medios, Radiodifusi\u00f3n, Noticias, tendencias y todo lo que necesitas saber de la pol\u00edtica mexicana e internacional; entretenimiento, espect\u00e1culos, salud y mucho m\u00e1s.","potentialAction":[{"@type":"SearchAction","target":{"@type":"EntryPoint","urlTemplate":"https:\/\/www.bbmnoticias.com\/labravaradiofm\/?s={search_term_string}"},"query-input":{"@type":"PropertyValueSpecification","valueRequired":true,"valueName":"search_term_string"}}],"inLanguage":"es"},{"@type":"Person","@id":"https:\/\/www.bbmnoticias.com\/labravaradiofm\/#\/schema\/person\/2a5252389acf1e67397601bfd47df59b","name":"El Universal","image":{"@type":"ImageObject","inLanguage":"es","@id":"https:\/\/secure.gravatar.com\/avatar\/71c770e6e00bd7cb8183e56d1c59f81601544fbe41d802d7c17d05c9e25f7d06?s=96&d=mm&r=g","url":"https:\/\/secure.gravatar.com\/avatar\/71c770e6e00bd7cb8183e56d1c59f81601544fbe41d802d7c17d05c9e25f7d06?s=96&d=mm&r=g","contentUrl":"https:\/\/secure.gravatar.com\/avatar\/71c770e6e00bd7cb8183e56d1c59f81601544fbe41d802d7c17d05c9e25f7d06?s=96&d=mm&r=g","caption":"El Universal"},"url":"https:\/\/www.bbmnoticias.com\/labravaradiofm\/author\/eluniversal\/"}]}},"_links":{"self":[{"href":"https:\/\/www.bbmnoticias.com\/labravaradiofm\/wp-json\/wp\/v2\/posts\/7920","targetHints":{"allow":["GET"]}}],"collection":[{"href":"https:\/\/www.bbmnoticias.com\/labravaradiofm\/wp-json\/wp\/v2\/posts"}],"about":[{"href":"https:\/\/www.bbmnoticias.com\/labravaradiofm\/wp-json\/wp\/v2\/types\/post"}],"author":[{"embeddable":true,"href":"https:\/\/www.bbmnoticias.com\/labravaradiofm\/wp-json\/wp\/v2\/users\/10"}],"replies":[{"embeddable":true,"href":"https:\/\/www.bbmnoticias.com\/labravaradiofm\/wp-json\/wp\/v2\/comments?post=7920"}],"version-history":[{"count":0,"href":"https:\/\/www.bbmnoticias.com\/labravaradiofm\/wp-json\/wp\/v2\/posts\/7920\/revisions"}],"wp:featuredmedia":[{"embeddable":true,"href":"https:\/\/www.bbmnoticias.com\/labravaradiofm\/wp-json\/wp\/v2\/media\/7921"}],"wp:attachment":[{"href":"https:\/\/www.bbmnoticias.com\/labravaradiofm\/wp-json\/wp\/v2\/media?parent=7920"}],"wp:term":[{"taxonomy":"category","embeddable":true,"href":"https:\/\/www.bbmnoticias.com\/labravaradiofm\/wp-json\/wp\/v2\/categories?post=7920"},{"taxonomy":"post_tag","embeddable":true,"href":"https:\/\/www.bbmnoticias.com\/labravaradiofm\/wp-json\/wp\/v2\/tags?post=7920"}],"curies":[{"name":"wp","href":"https:\/\/api.w.org\/{rel}","templated":true}]}}