{"id":7912,"date":"2021-12-29T22:53:22","date_gmt":"2021-12-30T04:53:22","guid":{"rendered":"https:\/\/www.bbmnoticias.com\/labravaradiofm\/?p=7912"},"modified":"2021-12-30T08:39:56","modified_gmt":"2021-12-30T14:39:56","slug":"sala-superior-del-tepjf-revoca-sentencia-de-sala-xalapa-y-da-el-triunfo-a-daniel-mendez","status":"publish","type":"post","link":"https:\/\/www.bbmnoticias.com\/labravaradiofm\/2021\/12\/29\/sala-superior-del-tepjf-revoca-sentencia-de-sala-xalapa-y-da-el-triunfo-a-daniel-mendez\/","title":{"rendered":"Sala Superior del TEPJF revoca sentencia de sala Xalapa y da el triunfo a Daniel M\u00e9ndez."},"content":{"rendered":"<div style=\"margin-top: 0px; margin-bottom: 0px;\" class=\"sharethis-inline-share-buttons\" ><\/div>\n<p>Salina Cruz, Oaxaca. Esta noche el Tribunal Electoral del Poder Judicial de la Federaci\u00f3n (TEPJF), ratific\u00f3 el resultado de la elecci\u00f3n municipal de Salina Cruz, d\u00e1ndole la victoria al candidato del partido Morena, Daniel M\u00e9ndez Sosa.<\/p>\n\n\n\n<p>En sesi\u00f3n, los magistrados de la Sala Superior del TEPJF, llegaron a la conclusi\u00f3n que los resultados de la elecci\u00f3n tienen una base fidedigna que permite sostener la validez de la elecci\u00f3n.<\/p>\n\n\n\n<figure class=\"wp-block-embed is-type-rich is-provider-twitter wp-block-embed-twitter\"><div class=\"wp-block-embed__wrapper\">\n<blockquote class=\"twitter-tweet\" data-width=\"550\" data-dnt=\"true\"><p lang=\"es\" dir=\"ltr\">\u26a0\ufe0f\u203c\ufe0f<a href=\"https:\/\/twitter.com\/hashtag\/Extra?src=hash&amp;ref_src=twsrc%5Etfw\">#Extra<\/a>\u203c\ufe0f\u26a0\ufe0f<br><br>Por unanimidad, <a href=\"https:\/\/twitter.com\/TEPJF_informa?ref_src=twsrc%5Etfw\">@TEPJF_informa<\/a> revoca sentencia de <a href=\"https:\/\/twitter.com\/TEPJF_XAL?ref_src=twsrc%5Etfw\">@TEPJF_XAL<\/a> que, hab\u00eda anulado la elecci\u00f3n concejal\u00edas en <a href=\"https:\/\/twitter.com\/hashtag\/SalinaCruz?src=hash&amp;ref_src=twsrc%5Etfw\">#SalinaCruz<\/a>, <a href=\"https:\/\/twitter.com\/hashtag\/Oaxaca?src=hash&amp;ref_src=twsrc%5Etfw\">#Oaxaca<\/a> y deja firme el triunfo de Daniel M\u00e9ndez, electo por el <a href=\"https:\/\/twitter.com\/PartidoMorenaMx?ref_src=twsrc%5Etfw\">@PartidoMorenaMx<\/a>.<br><br>Rendir\u00e1 protesta el 1\/01\/2022.<br><br>Adem\u00e1s <a href=\"https:\/\/twitter.com\/hashtag\/PRI?src=hash&amp;ref_src=twsrc%5Etfw\">#PRI<\/a> impugn\u00f3 mal. <a href=\"https:\/\/t.co\/BHcfcANfyX\">pic.twitter.com\/BHcfcANfyX<\/a><\/p>&mdash; Jaime Guerrero (@jaimeguerrero08) <a href=\"https:\/\/twitter.com\/jaimeguerrero08\/status\/1476407808140611585?ref_src=twsrc%5Etfw\">December 30, 2021<\/a><\/blockquote><script async src=\"https:\/\/platform.twitter.com\/widgets.js\" charset=\"utf-8\"><\/script>\n<\/div><\/figure>\n\n\n\n<p>Adem\u00e1s, concluyeron que si bien acontecieron diversas situaciones at\u00edpicas que impidieron el normal desarrollo del c\u00f3mputo municipal, no es suficiente para desvirtuar la valide en las actas con base en las cuales se sustent\u00f3 la reconstrucci\u00f3n del c\u00f3mputo por lo que privilegiaron la validez de la elecci\u00f3n.<\/p>\n\n\n\n<p>Ante tal hecho por unanimidad aprobaron la propuesta de validez de la elecci\u00f3n.<\/p>\n\n\n\n<p>Desechando as\u00ed los alegados presentados por el Partido Revolucionario Institucional PRI, respecto a las inconsistencias de la jornada electoral pasada.<\/p>\n","protected":false},"excerpt":{"rendered":"<p>Salina Cruz, Oaxaca. Esta noche el Tribunal Electoral del Poder Judicial de la Federaci\u00f3n (TEPJF), ratific\u00f3 el resultado de la elecci\u00f3n municipal de Salina Cruz, d\u00e1ndole la victoria al candidato del partido Morena, Daniel M\u00e9ndez Sosa. En sesi\u00f3n, los magistrados de la Sala Superior del TEPJF, llegaron a la conclusi\u00f3n que los resultados de la [&hellip;]<\/p>\n","protected":false},"author":2,"featured_media":7913,"comment_status":"closed","ping_status":"closed","sticky":false,"template":"","format":"standard","meta":{"footnotes":""},"categories":[2],"tags":[],"class_list":{"0":"post-7912","1":"post","2":"type-post","3":"status-publish","4":"format-standard","5":"has-post-thumbnail","7":"category-oaxaca"},"yoast_head":"<!-- This site is optimized with the Yoast SEO plugin v27.4 - https:\/\/yoast.com\/product\/yoast-seo-wordpress\/ -->\n<title>Sala Superior del TEPJF revoca sentencia de sala Xalapa y da el triunfo a Daniel M\u00e9ndez. - LA BRAVA RADIO<\/title>\n<meta name=\"robots\" content=\"index, follow, max-snippet:-1, max-image-preview:large, max-video-preview:-1\" \/>\n<link rel=\"canonical\" href=\"https:\/\/www.bbmnoticias.com\/labravaradiofm\/2021\/12\/29\/sala-superior-del-tepjf-revoca-sentencia-de-sala-xalapa-y-da-el-triunfo-a-daniel-mendez\/\" \/>\n<meta property=\"og:locale\" content=\"es_MX\" \/>\n<meta property=\"og:type\" content=\"article\" \/>\n<meta property=\"og:title\" content=\"Sala Superior del TEPJF revoca sentencia de sala Xalapa y da el triunfo a Daniel M\u00e9ndez. - LA BRAVA RADIO\" \/>\n<meta property=\"og:description\" content=\"Salina Cruz, Oaxaca. Esta noche el Tribunal Electoral del Poder Judicial de la Federaci\u00f3n (TEPJF), ratific\u00f3 el resultado de la elecci\u00f3n municipal de Salina Cruz, d\u00e1ndole la victoria al candidato del partido Morena, Daniel M\u00e9ndez Sosa. En sesi\u00f3n, los magistrados de la Sala Superior del TEPJF, llegaron a la conclusi\u00f3n que los resultados de la [&hellip;]\" \/>\n<meta property=\"og:url\" content=\"https:\/\/www.bbmnoticias.com\/labravaradiofm\/2021\/12\/29\/sala-superior-del-tepjf-revoca-sentencia-de-sala-xalapa-y-da-el-triunfo-a-daniel-mendez\/\" \/>\n<meta property=\"og:site_name\" content=\"LA BRAVA RADIO\" \/>\n<meta property=\"article:published_time\" content=\"2021-12-30T04:53:22+00:00\" \/>\n<meta property=\"article:modified_time\" content=\"2021-12-30T14:39:56+00:00\" \/>\n<meta property=\"og:image\" content=\"https:\/\/www.bbmnoticias.com\/labravaradiofm\/wp-content\/uploads\/sites\/5\/2021\/12\/Salunacruz-decide.jpg\" \/>\n\t<meta property=\"og:image:width\" content=\"1600\" \/>\n\t<meta property=\"og:image:height\" content=\"720\" \/>\n\t<meta property=\"og:image:type\" content=\"image\/jpeg\" \/>\n<meta name=\"author\" content=\"Staff\" \/>\n<meta name=\"twitter:card\" content=\"summary_large_image\" \/>\n<meta name=\"twitter:label1\" content=\"Escrito por\" \/>\n\t<meta name=\"twitter:data1\" content=\"Staff\" \/>\n\t<meta name=\"twitter:label2\" content=\"Tiempo de lectura\" \/>\n\t<meta name=\"twitter:data2\" content=\"1 minuto\" \/>\n<script type=\"application\/ld+json\" class=\"yoast-schema-graph\">{\"@context\":\"https:\\\/\\\/schema.org\",\"@graph\":[{\"@type\":\"Article\",\"@id\":\"https:\\\/\\\/www.bbmnoticias.com\\\/labravaradiofm\\\/2021\\\/12\\\/29\\\/sala-superior-del-tepjf-revoca-sentencia-de-sala-xalapa-y-da-el-triunfo-a-daniel-mendez\\\/#article\",\"isPartOf\":{\"@id\":\"https:\\\/\\\/www.bbmnoticias.com\\\/labravaradiofm\\\/2021\\\/12\\\/29\\\/sala-superior-del-tepjf-revoca-sentencia-de-sala-xalapa-y-da-el-triunfo-a-daniel-mendez\\\/\"},\"author\":{\"name\":\"Staff\",\"@id\":\"https:\\\/\\\/www.bbmnoticias.com\\\/labravaradiofm\\\/#\\\/schema\\\/person\\\/68a9e9036ef3c5b55aeb2b71dc8bab45\"},\"headline\":\"Sala Superior del TEPJF revoca sentencia de sala Xalapa y da el triunfo a Daniel M\u00e9ndez.\",\"datePublished\":\"2021-12-30T04:53:22+00:00\",\"dateModified\":\"2021-12-30T14:39:56+00:00\",\"mainEntityOfPage\":{\"@id\":\"https:\\\/\\\/www.bbmnoticias.com\\\/labravaradiofm\\\/2021\\\/12\\\/29\\\/sala-superior-del-tepjf-revoca-sentencia-de-sala-xalapa-y-da-el-triunfo-a-daniel-mendez\\\/\"},\"wordCount\":192,\"image\":{\"@id\":\"https:\\\/\\\/www.bbmnoticias.com\\\/labravaradiofm\\\/2021\\\/12\\\/29\\\/sala-superior-del-tepjf-revoca-sentencia-de-sala-xalapa-y-da-el-triunfo-a-daniel-mendez\\\/#primaryimage\"},\"thumbnailUrl\":\"https:\\\/\\\/www.bbmnoticias.com\\\/labravaradiofm\\\/wp-content\\\/uploads\\\/sites\\\/5\\\/2021\\\/12\\\/Salunacruz-decide.jpg\",\"articleSection\":[\"LOCAL\"],\"inLanguage\":\"es\"},{\"@type\":\"WebPage\",\"@id\":\"https:\\\/\\\/www.bbmnoticias.com\\\/labravaradiofm\\\/2021\\\/12\\\/29\\\/sala-superior-del-tepjf-revoca-sentencia-de-sala-xalapa-y-da-el-triunfo-a-daniel-mendez\\\/\",\"url\":\"https:\\\/\\\/www.bbmnoticias.com\\\/labravaradiofm\\\/2021\\\/12\\\/29\\\/sala-superior-del-tepjf-revoca-sentencia-de-sala-xalapa-y-da-el-triunfo-a-daniel-mendez\\\/\",\"name\":\"Sala Superior del TEPJF revoca sentencia de sala Xalapa y da el triunfo a Daniel M\u00e9ndez. - LA BRAVA RADIO\",\"isPartOf\":{\"@id\":\"https:\\\/\\\/www.bbmnoticias.com\\\/labravaradiofm\\\/#website\"},\"primaryImageOfPage\":{\"@id\":\"https:\\\/\\\/www.bbmnoticias.com\\\/labravaradiofm\\\/2021\\\/12\\\/29\\\/sala-superior-del-tepjf-revoca-sentencia-de-sala-xalapa-y-da-el-triunfo-a-daniel-mendez\\\/#primaryimage\"},\"image\":{\"@id\":\"https:\\\/\\\/www.bbmnoticias.com\\\/labravaradiofm\\\/2021\\\/12\\\/29\\\/sala-superior-del-tepjf-revoca-sentencia-de-sala-xalapa-y-da-el-triunfo-a-daniel-mendez\\\/#primaryimage\"},\"thumbnailUrl\":\"https:\\\/\\\/www.bbmnoticias.com\\\/labravaradiofm\\\/wp-content\\\/uploads\\\/sites\\\/5\\\/2021\\\/12\\\/Salunacruz-decide.jpg\",\"datePublished\":\"2021-12-30T04:53:22+00:00\",\"dateModified\":\"2021-12-30T14:39:56+00:00\",\"author\":{\"@id\":\"https:\\\/\\\/www.bbmnoticias.com\\\/labravaradiofm\\\/#\\\/schema\\\/person\\\/68a9e9036ef3c5b55aeb2b71dc8bab45\"},\"breadcrumb\":{\"@id\":\"https:\\\/\\\/www.bbmnoticias.com\\\/labravaradiofm\\\/2021\\\/12\\\/29\\\/sala-superior-del-tepjf-revoca-sentencia-de-sala-xalapa-y-da-el-triunfo-a-daniel-mendez\\\/#breadcrumb\"},\"inLanguage\":\"es\",\"potentialAction\":[{\"@type\":\"ReadAction\",\"target\":[\"https:\\\/\\\/www.bbmnoticias.com\\\/labravaradiofm\\\/2021\\\/12\\\/29\\\/sala-superior-del-tepjf-revoca-sentencia-de-sala-xalapa-y-da-el-triunfo-a-daniel-mendez\\\/\"]}]},{\"@type\":\"ImageObject\",\"inLanguage\":\"es\",\"@id\":\"https:\\\/\\\/www.bbmnoticias.com\\\/labravaradiofm\\\/2021\\\/12\\\/29\\\/sala-superior-del-tepjf-revoca-sentencia-de-sala-xalapa-y-da-el-triunfo-a-daniel-mendez\\\/#primaryimage\",\"url\":\"https:\\\/\\\/www.bbmnoticias.com\\\/labravaradiofm\\\/wp-content\\\/uploads\\\/sites\\\/5\\\/2021\\\/12\\\/Salunacruz-decide.jpg\",\"contentUrl\":\"https:\\\/\\\/www.bbmnoticias.com\\\/labravaradiofm\\\/wp-content\\\/uploads\\\/sites\\\/5\\\/2021\\\/12\\\/Salunacruz-decide.jpg\",\"width\":1600,\"height\":720},{\"@type\":\"BreadcrumbList\",\"@id\":\"https:\\\/\\\/www.bbmnoticias.com\\\/labravaradiofm\\\/2021\\\/12\\\/29\\\/sala-superior-del-tepjf-revoca-sentencia-de-sala-xalapa-y-da-el-triunfo-a-daniel-mendez\\\/#breadcrumb\",\"itemListElement\":[{\"@type\":\"ListItem\",\"position\":1,\"name\":\"Inicio\",\"item\":\"https:\\\/\\\/www.bbmnoticias.com\\\/labravaradiofm\\\/\"},{\"@type\":\"ListItem\",\"position\":2,\"name\":\"Sala Superior del TEPJF revoca sentencia de sala Xalapa y da el triunfo a Daniel M\u00e9ndez.\"}]},{\"@type\":\"WebSite\",\"@id\":\"https:\\\/\\\/www.bbmnoticias.com\\\/labravaradiofm\\\/#website\",\"url\":\"https:\\\/\\\/www.bbmnoticias.com\\\/labravaradiofm\\\/\",\"name\":\"LA BRAVA RADIO\",\"description\":\"Empresa productora de medios, Radiodifusi\u00f3n, Noticias, tendencias y todo lo que necesitas saber de la pol\u00edtica mexicana e internacional; entretenimiento, espect\u00e1culos, salud y mucho m\u00e1s.\",\"potentialAction\":[{\"@type\":\"SearchAction\",\"target\":{\"@type\":\"EntryPoint\",\"urlTemplate\":\"https:\\\/\\\/www.bbmnoticias.com\\\/labravaradiofm\\\/?s={search_term_string}\"},\"query-input\":{\"@type\":\"PropertyValueSpecification\",\"valueRequired\":true,\"valueName\":\"search_term_string\"}}],\"inLanguage\":\"es\"},{\"@type\":\"Person\",\"@id\":\"https:\\\/\\\/www.bbmnoticias.com\\\/labravaradiofm\\\/#\\\/schema\\\/person\\\/68a9e9036ef3c5b55aeb2b71dc8bab45\",\"name\":\"Staff\",\"image\":{\"@type\":\"ImageObject\",\"inLanguage\":\"es\",\"@id\":\"https:\\\/\\\/secure.gravatar.com\\\/avatar\\\/fdd21ad66fd8b98c407f9dee5b5e588cfe7f0d8579ec20fa6527cd59bab7f0f0?s=96&d=mm&r=g\",\"url\":\"https:\\\/\\\/secure.gravatar.com\\\/avatar\\\/fdd21ad66fd8b98c407f9dee5b5e588cfe7f0d8579ec20fa6527cd59bab7f0f0?s=96&d=mm&r=g\",\"contentUrl\":\"https:\\\/\\\/secure.gravatar.com\\\/avatar\\\/fdd21ad66fd8b98c407f9dee5b5e588cfe7f0d8579ec20fa6527cd59bab7f0f0?s=96&d=mm&r=g\",\"caption\":\"Staff\"},\"url\":\"https:\\\/\\\/www.bbmnoticias.com\\\/labravaradiofm\\\/author\\\/redaccion\\\/\"}]}<\/script>\n<!-- \/ Yoast SEO plugin. -->","yoast_head_json":{"title":"Sala Superior del TEPJF revoca sentencia de sala Xalapa y da el triunfo a Daniel M\u00e9ndez. - LA BRAVA RADIO","robots":{"index":"index","follow":"follow","max-snippet":"max-snippet:-1","max-image-preview":"max-image-preview:large","max-video-preview":"max-video-preview:-1"},"canonical":"https:\/\/www.bbmnoticias.com\/labravaradiofm\/2021\/12\/29\/sala-superior-del-tepjf-revoca-sentencia-de-sala-xalapa-y-da-el-triunfo-a-daniel-mendez\/","og_locale":"es_MX","og_type":"article","og_title":"Sala Superior del TEPJF revoca sentencia de sala Xalapa y da el triunfo a Daniel M\u00e9ndez. - LA BRAVA RADIO","og_description":"Salina Cruz, Oaxaca. Esta noche el Tribunal Electoral del Poder Judicial de la Federaci\u00f3n (TEPJF), ratific\u00f3 el resultado de la elecci\u00f3n municipal de Salina Cruz, d\u00e1ndole la victoria al candidato del partido Morena, Daniel M\u00e9ndez Sosa. En sesi\u00f3n, los magistrados de la Sala Superior del TEPJF, llegaron a la conclusi\u00f3n que los resultados de la [&hellip;]","og_url":"https:\/\/www.bbmnoticias.com\/labravaradiofm\/2021\/12\/29\/sala-superior-del-tepjf-revoca-sentencia-de-sala-xalapa-y-da-el-triunfo-a-daniel-mendez\/","og_site_name":"LA BRAVA RADIO","article_published_time":"2021-12-30T04:53:22+00:00","article_modified_time":"2021-12-30T14:39:56+00:00","og_image":[{"width":1600,"height":720,"url":"https:\/\/www.bbmnoticias.com\/labravaradiofm\/wp-content\/uploads\/sites\/5\/2021\/12\/Salunacruz-decide.jpg","type":"image\/jpeg"}],"author":"Staff","twitter_card":"summary_large_image","twitter_misc":{"Escrito por":"Staff","Tiempo de lectura":"1 minuto"},"schema":{"@context":"https:\/\/schema.org","@graph":[{"@type":"Article","@id":"https:\/\/www.bbmnoticias.com\/labravaradiofm\/2021\/12\/29\/sala-superior-del-tepjf-revoca-sentencia-de-sala-xalapa-y-da-el-triunfo-a-daniel-mendez\/#article","isPartOf":{"@id":"https:\/\/www.bbmnoticias.com\/labravaradiofm\/2021\/12\/29\/sala-superior-del-tepjf-revoca-sentencia-de-sala-xalapa-y-da-el-triunfo-a-daniel-mendez\/"},"author":{"name":"Staff","@id":"https:\/\/www.bbmnoticias.com\/labravaradiofm\/#\/schema\/person\/68a9e9036ef3c5b55aeb2b71dc8bab45"},"headline":"Sala Superior del TEPJF revoca sentencia de sala Xalapa y da el triunfo a Daniel M\u00e9ndez.","datePublished":"2021-12-30T04:53:22+00:00","dateModified":"2021-12-30T14:39:56+00:00","mainEntityOfPage":{"@id":"https:\/\/www.bbmnoticias.com\/labravaradiofm\/2021\/12\/29\/sala-superior-del-tepjf-revoca-sentencia-de-sala-xalapa-y-da-el-triunfo-a-daniel-mendez\/"},"wordCount":192,"image":{"@id":"https:\/\/www.bbmnoticias.com\/labravaradiofm\/2021\/12\/29\/sala-superior-del-tepjf-revoca-sentencia-de-sala-xalapa-y-da-el-triunfo-a-daniel-mendez\/#primaryimage"},"thumbnailUrl":"https:\/\/www.bbmnoticias.com\/labravaradiofm\/wp-content\/uploads\/sites\/5\/2021\/12\/Salunacruz-decide.jpg","articleSection":["LOCAL"],"inLanguage":"es"},{"@type":"WebPage","@id":"https:\/\/www.bbmnoticias.com\/labravaradiofm\/2021\/12\/29\/sala-superior-del-tepjf-revoca-sentencia-de-sala-xalapa-y-da-el-triunfo-a-daniel-mendez\/","url":"https:\/\/www.bbmnoticias.com\/labravaradiofm\/2021\/12\/29\/sala-superior-del-tepjf-revoca-sentencia-de-sala-xalapa-y-da-el-triunfo-a-daniel-mendez\/","name":"Sala Superior del TEPJF revoca sentencia de sala Xalapa y da el triunfo a Daniel M\u00e9ndez. - LA BRAVA RADIO","isPartOf":{"@id":"https:\/\/www.bbmnoticias.com\/labravaradiofm\/#website"},"primaryImageOfPage":{"@id":"https:\/\/www.bbmnoticias.com\/labravaradiofm\/2021\/12\/29\/sala-superior-del-tepjf-revoca-sentencia-de-sala-xalapa-y-da-el-triunfo-a-daniel-mendez\/#primaryimage"},"image":{"@id":"https:\/\/www.bbmnoticias.com\/labravaradiofm\/2021\/12\/29\/sala-superior-del-tepjf-revoca-sentencia-de-sala-xalapa-y-da-el-triunfo-a-daniel-mendez\/#primaryimage"},"thumbnailUrl":"https:\/\/www.bbmnoticias.com\/labravaradiofm\/wp-content\/uploads\/sites\/5\/2021\/12\/Salunacruz-decide.jpg","datePublished":"2021-12-30T04:53:22+00:00","dateModified":"2021-12-30T14:39:56+00:00","author":{"@id":"https:\/\/www.bbmnoticias.com\/labravaradiofm\/#\/schema\/person\/68a9e9036ef3c5b55aeb2b71dc8bab45"},"breadcrumb":{"@id":"https:\/\/www.bbmnoticias.com\/labravaradiofm\/2021\/12\/29\/sala-superior-del-tepjf-revoca-sentencia-de-sala-xalapa-y-da-el-triunfo-a-daniel-mendez\/#breadcrumb"},"inLanguage":"es","potentialAction":[{"@type":"ReadAction","target":["https:\/\/www.bbmnoticias.com\/labravaradiofm\/2021\/12\/29\/sala-superior-del-tepjf-revoca-sentencia-de-sala-xalapa-y-da-el-triunfo-a-daniel-mendez\/"]}]},{"@type":"ImageObject","inLanguage":"es","@id":"https:\/\/www.bbmnoticias.com\/labravaradiofm\/2021\/12\/29\/sala-superior-del-tepjf-revoca-sentencia-de-sala-xalapa-y-da-el-triunfo-a-daniel-mendez\/#primaryimage","url":"https:\/\/www.bbmnoticias.com\/labravaradiofm\/wp-content\/uploads\/sites\/5\/2021\/12\/Salunacruz-decide.jpg","contentUrl":"https:\/\/www.bbmnoticias.com\/labravaradiofm\/wp-content\/uploads\/sites\/5\/2021\/12\/Salunacruz-decide.jpg","width":1600,"height":720},{"@type":"BreadcrumbList","@id":"https:\/\/www.bbmnoticias.com\/labravaradiofm\/2021\/12\/29\/sala-superior-del-tepjf-revoca-sentencia-de-sala-xalapa-y-da-el-triunfo-a-daniel-mendez\/#breadcrumb","itemListElement":[{"@type":"ListItem","position":1,"name":"Inicio","item":"https:\/\/www.bbmnoticias.com\/labravaradiofm\/"},{"@type":"ListItem","position":2,"name":"Sala Superior del TEPJF revoca sentencia de sala Xalapa y da el triunfo a Daniel M\u00e9ndez."}]},{"@type":"WebSite","@id":"https:\/\/www.bbmnoticias.com\/labravaradiofm\/#website","url":"https:\/\/www.bbmnoticias.com\/labravaradiofm\/","name":"LA BRAVA RADIO","description":"Empresa productora de medios, Radiodifusi\u00f3n, Noticias, tendencias y todo lo que necesitas saber de la pol\u00edtica mexicana e internacional; entretenimiento, espect\u00e1culos, salud y mucho m\u00e1s.","potentialAction":[{"@type":"SearchAction","target":{"@type":"EntryPoint","urlTemplate":"https:\/\/www.bbmnoticias.com\/labravaradiofm\/?s={search_term_string}"},"query-input":{"@type":"PropertyValueSpecification","valueRequired":true,"valueName":"search_term_string"}}],"inLanguage":"es"},{"@type":"Person","@id":"https:\/\/www.bbmnoticias.com\/labravaradiofm\/#\/schema\/person\/68a9e9036ef3c5b55aeb2b71dc8bab45","name":"Staff","image":{"@type":"ImageObject","inLanguage":"es","@id":"https:\/\/secure.gravatar.com\/avatar\/fdd21ad66fd8b98c407f9dee5b5e588cfe7f0d8579ec20fa6527cd59bab7f0f0?s=96&d=mm&r=g","url":"https:\/\/secure.gravatar.com\/avatar\/fdd21ad66fd8b98c407f9dee5b5e588cfe7f0d8579ec20fa6527cd59bab7f0f0?s=96&d=mm&r=g","contentUrl":"https:\/\/secure.gravatar.com\/avatar\/fdd21ad66fd8b98c407f9dee5b5e588cfe7f0d8579ec20fa6527cd59bab7f0f0?s=96&d=mm&r=g","caption":"Staff"},"url":"https:\/\/www.bbmnoticias.com\/labravaradiofm\/author\/redaccion\/"}]}},"_links":{"self":[{"href":"https:\/\/www.bbmnoticias.com\/labravaradiofm\/wp-json\/wp\/v2\/posts\/7912","targetHints":{"allow":["GET"]}}],"collection":[{"href":"https:\/\/www.bbmnoticias.com\/labravaradiofm\/wp-json\/wp\/v2\/posts"}],"about":[{"href":"https:\/\/www.bbmnoticias.com\/labravaradiofm\/wp-json\/wp\/v2\/types\/post"}],"author":[{"embeddable":true,"href":"https:\/\/www.bbmnoticias.com\/labravaradiofm\/wp-json\/wp\/v2\/users\/2"}],"replies":[{"embeddable":true,"href":"https:\/\/www.bbmnoticias.com\/labravaradiofm\/wp-json\/wp\/v2\/comments?post=7912"}],"version-history":[{"count":0,"href":"https:\/\/www.bbmnoticias.com\/labravaradiofm\/wp-json\/wp\/v2\/posts\/7912\/revisions"}],"wp:featuredmedia":[{"embeddable":true,"href":"https:\/\/www.bbmnoticias.com\/labravaradiofm\/wp-json\/wp\/v2\/media\/7913"}],"wp:attachment":[{"href":"https:\/\/www.bbmnoticias.com\/labravaradiofm\/wp-json\/wp\/v2\/media?parent=7912"}],"wp:term":[{"taxonomy":"category","embeddable":true,"href":"https:\/\/www.bbmnoticias.com\/labravaradiofm\/wp-json\/wp\/v2\/categories?post=7912"},{"taxonomy":"post_tag","embeddable":true,"href":"https:\/\/www.bbmnoticias.com\/labravaradiofm\/wp-json\/wp\/v2\/tags?post=7912"}],"curies":[{"name":"wp","href":"https:\/\/api.w.org\/{rel}","templated":true}]}}