{"id":7909,"date":"2021-12-29T21:55:40","date_gmt":"2021-12-30T03:55:40","guid":{"rendered":"https:\/\/www.bbmnoticias.com\/labravaradiofm\/?p=7909"},"modified":"2021-12-29T21:55:42","modified_gmt":"2021-12-30T03:55:42","slug":"covid-la-alerta-de-la-oms-por-la-amenaza-gemela-de-omicron-y-delta-y-el-tsunami-de-contagios-que-causa","status":"publish","type":"post","link":"https:\/\/www.bbmnoticias.com\/labravaradiofm\/2021\/12\/29\/covid-la-alerta-de-la-oms-por-la-amenaza-gemela-de-omicron-y-delta-y-el-tsunami-de-contagios-que-causa\/","title":{"rendered":"Covid: la alerta de la OMS por la &#8220;amenaza gemela&#8221; de \u00f3micron y delta y el &#8220;tsunami&#8221; de contagios que causa"},"content":{"rendered":"<div style=\"margin-top: 0px; margin-bottom: 0px;\" class=\"sharethis-inline-share-buttons\" ><\/div>\n<p><strong>La combinaci\u00f3n de las variantes delta y \u00f3micron est\u00e1 impulsando una peligrosa ola de casos de Covid-19, alert\u00f3 este mi\u00e9rcoles el director de la Organizaci\u00f3n Mundial de la Salud (OMS).<\/strong><\/p>\n\n\n\n<p>Las palabras de Tedros Adhanom Ghebreyesus llegan en un momento en el que Estados Unidos y varios pa\u00edses en Europa rompieron r\u00e9cords de contagios.<\/p>\n\n\n\n<p>Francia report\u00f3 la cifra diaria m\u00e1s alta hasta el momento por segundo d\u00eda consecutivo, con 208.000 casos.<\/p>\n\n\n\n<p>Y <strong>EE.UU. ha reportado un promedio r\u00e9cord de 265.427 casos diarios<\/strong> en la \u00faltima semana, seg\u00fan la Universidad Johns Hopkins.<\/p>\n\n\n\n<p>Las cifras en Dinamarca, Portugal, el Reino Unido y Australia tambi\u00e9n han roto r\u00e9cords.<\/p>\n\n\n\n<p>Polonia report\u00f3 794 muertes relacionadas con Covid este mi\u00e9rcoles, la cifra m\u00e1s alta en esta cuarta ola de la pandemia. M\u00e1s de tres cuartas partes de los fallecidos eran personas no vacunadas.<\/p>\n\n\n\n<p>Estudios cient\u00edficos sugieren que la variante \u00f3micron, la cual se ha convertido r\u00e1pidamente en la variante dominante en diferentes pa\u00edses, es m\u00e1s suave que la delta, pero mucho m\u00e1s contagiosa.<\/p>\n\n\n\n<p>Se cree que est\u00e1 impulsando el aumento de los casos. El ministro franc\u00e9s de Salud, Olivier V\u00e9ran, cree que en vez de hablar de una ola, cuando se refiera a \u00f3micron hablar\u00eda de un &#8220;tsunami&#8221;.<\/p>\n\n\n\n<p>Sin embargo, <strong>el <\/strong><strong>doctor<\/strong><strong> Tedros advirti\u00f3<\/strong><strong> de<\/strong><strong> que era la &#8220;amenaza gemela&#8221; de las dos variantes la que estaba detr\u00e1s del aumento en los casos.<\/strong><\/p>\n\n\n\n<p>&#8220;Esto pone y seguir\u00e1 poniendo una presi\u00f3n inmensa en los exhaustos trabajadores de la salud y a los sistemas de salud al borde del colapso&#8221;, agreg\u00f3 el jefe de la OMS.<\/p>\n\n\n\n<p>Al momento, unos 900.000 casos nuevos se est\u00e1n reportando diariamente alrededor del mundo, report\u00f3 la agencia de noticias Reuters.<\/p>\n\n\n\n<p>Varias naciones ricas han lanzado campa\u00f1as para aplicar terceras dosis de las vacunas contra el covid.<\/p>\n\n\n\n<p>Sin embargo, Tedros dijo que las campa\u00f1as a gran escala que estos pa\u00edses han lanzado para impulsar la tercera dosis &#8220;probablemente prolongar\u00e1n la pandemia&#8221;, ya que est\u00e1n desviando suministros que naciones m\u00e1s pobres y menos vacunadas necesitan. En consecuencia, le dan &#8220;al virus m\u00e1s oportunidades para esparcirse y mutar&#8221;.<\/p>\n\n\n\n<p>El director de la OMS pidi\u00f3 &#8220;a todos hacer una promesa de A\u00f1o Nuevo de apoyar la campa\u00f1a para vacunar al 70%&#8221; de la poblaci\u00f3n mundial antes de mediados de 2022. Son casi 100 los pa\u00edses que a\u00fan no logran alcanzar el objetivo original de vacunar al 40% de sus poblaciones, dice la OMS.<\/p>\n\n\n\n<p>Seg\u00fan un reporte de la OMS publicado este martes, el n\u00famero de nuevas infecciones por todas las variantes creci\u00f3 en un 57% en Europa en la semana anterior al 26 de diciembre y un 30% en las Am\u00e9ricas.<\/p>\n\n\n\n<p>Esas cifras parecen seguir aumentando, imponiendo nuevos r\u00e9cords el mi\u00e9rcoles:<\/p>\n\n\n\n<ul class=\"wp-block-list\"><li><strong>Francia<\/strong> report\u00f3 208.000 casos, con 53 personas en cuidados intensivos y 184 muertes.<\/li><li><strong>El Reino Unido<\/strong> report\u00f3 183.037 casos nuevos y 57 muertes.<\/li><li>La nueva cifra de contagios de<strong> Italia<\/strong> creci\u00f3 de 78.313 el martes a 98.020 casos el mi\u00e9rcoles.<\/li><li><strong>Dinamarca<\/strong> registr\u00f3 un r\u00e9cord de 23.228 casos nuevos. De esos, unos 1.205 hab\u00edan tenido covid anteriormente.<\/li><li><strong>Portugal<\/strong> report\u00f3 26.867 casos, m\u00e1s que los 17.172 casos del d\u00eda anterior.<\/li><li><strong>Australia<\/strong> report\u00f3 18.241, mucho m\u00e1s alto que el r\u00e9cord de 11.300 impuesto el d\u00eda anterior.<\/li><li><strong>Grecia<\/strong> tambi\u00e9n report\u00f3 un nuevo r\u00e9cord en un periodo de 24 horas con 28.828 casos.<\/li><\/ul>\n\n\n\n<p>Las autoridades tambi\u00e9n han advertido de que algunas de las cifras pueden darse debido a demoras en los reportes por la Navidad.<\/p>\n\n\n\n<p>Un efecto de los r\u00e9cords en infecciones ha sido la falta de personal en algunos servicios, debido a que hay gente en aislamiento.<\/p>\n\n\n\n<p>El mi\u00e9rcoles, Espa\u00f1a, pa\u00eds que vio un r\u00e9cord de 1.360 casos por cada 100.000 en los \u00faltimos 14 d\u00edas, disminuy\u00f3 su periodo de aislamiento de 10 d\u00edas a 7 para aliviar las cargas de personal.<\/p>\n\n\n\n<p>EE.UU. ya redujo el periodo, mientras que Reino Unido ha dicho que aquellos que tengan un resultado negativo durante dos d\u00edas se les permitir\u00e1 salir del aislamiento despu\u00e9s de una semana.<\/p>\n","protected":false},"excerpt":{"rendered":"<p>La combinaci\u00f3n de las variantes delta y \u00f3micron est\u00e1 impulsando una peligrosa ola de casos de Covid-19, alert\u00f3 este mi\u00e9rcoles el director de la Organizaci\u00f3n Mundial de la Salud (OMS). Las palabras de Tedros Adhanom Ghebreyesus llegan en un momento en el que Estados Unidos y varios pa\u00edses en Europa rompieron r\u00e9cords de contagios. Francia [&hellip;]<\/p>\n","protected":false},"author":4,"featured_media":7910,"comment_status":"closed","ping_status":"closed","sticky":false,"template":"","format":"standard","meta":{"footnotes":""},"categories":[1],"tags":[],"class_list":{"0":"post-7909","1":"post","2":"type-post","3":"status-publish","4":"format-standard","5":"has-post-thumbnail","7":"category-sin-categoria"},"yoast_head":"<!-- This site is optimized with the Yoast SEO plugin v27.4 - https:\/\/yoast.com\/product\/yoast-seo-wordpress\/ -->\n<title>Covid: la alerta de la OMS por la &quot;amenaza gemela&quot; de \u00f3micron y delta y el &quot;tsunami&quot; de contagios que causa - LA BRAVA RADIO<\/title>\n<meta name=\"robots\" content=\"index, follow, max-snippet:-1, max-image-preview:large, max-video-preview:-1\" \/>\n<link rel=\"canonical\" href=\"https:\/\/www.bbmnoticias.com\/labravaradiofm\/2021\/12\/29\/covid-la-alerta-de-la-oms-por-la-amenaza-gemela-de-omicron-y-delta-y-el-tsunami-de-contagios-que-causa\/\" \/>\n<meta property=\"og:locale\" content=\"es_MX\" \/>\n<meta property=\"og:type\" content=\"article\" \/>\n<meta property=\"og:title\" content=\"Covid: la alerta de la OMS por la &quot;amenaza gemela&quot; de \u00f3micron y delta y el &quot;tsunami&quot; de contagios que causa - LA BRAVA RADIO\" \/>\n<meta property=\"og:description\" content=\"La combinaci\u00f3n de las variantes delta y \u00f3micron est\u00e1 impulsando una peligrosa ola de casos de Covid-19, alert\u00f3 este mi\u00e9rcoles el director de la Organizaci\u00f3n Mundial de la Salud (OMS). Las palabras de Tedros Adhanom Ghebreyesus llegan en un momento en el que Estados Unidos y varios pa\u00edses en Europa rompieron r\u00e9cords de contagios. Francia [&hellip;]\" \/>\n<meta property=\"og:url\" content=\"https:\/\/www.bbmnoticias.com\/labravaradiofm\/2021\/12\/29\/covid-la-alerta-de-la-oms-por-la-amenaza-gemela-de-omicron-y-delta-y-el-tsunami-de-contagios-que-causa\/\" \/>\n<meta property=\"og:site_name\" content=\"LA BRAVA RADIO\" \/>\n<meta property=\"article:published_time\" content=\"2021-12-30T03:55:40+00:00\" \/>\n<meta property=\"article:modified_time\" content=\"2021-12-30T03:55:42+00:00\" \/>\n<meta property=\"og:image\" content=\"https:\/\/www.bbmnoticias.com\/labravaradiofm\/wp-content\/uploads\/sites\/5\/2021\/12\/downloadfile.webp\" \/>\n\t<meta property=\"og:image:width\" content=\"768\" \/>\n\t<meta property=\"og:image:height\" content=\"509\" \/>\n\t<meta property=\"og:image:type\" content=\"image\/webp\" \/>\n<meta name=\"author\" content=\"Agencias\" \/>\n<meta name=\"twitter:card\" content=\"summary_large_image\" \/>\n<meta name=\"twitter:label1\" content=\"Escrito por\" \/>\n\t<meta name=\"twitter:data1\" content=\"Agencias\" \/>\n\t<meta name=\"twitter:label2\" content=\"Tiempo de lectura\" \/>\n\t<meta name=\"twitter:data2\" content=\"3 minutos\" \/>\n<script type=\"application\/ld+json\" class=\"yoast-schema-graph\">{\"@context\":\"https:\\\/\\\/schema.org\",\"@graph\":[{\"@type\":\"Article\",\"@id\":\"https:\\\/\\\/www.bbmnoticias.com\\\/labravaradiofm\\\/2021\\\/12\\\/29\\\/covid-la-alerta-de-la-oms-por-la-amenaza-gemela-de-omicron-y-delta-y-el-tsunami-de-contagios-que-causa\\\/#article\",\"isPartOf\":{\"@id\":\"https:\\\/\\\/www.bbmnoticias.com\\\/labravaradiofm\\\/2021\\\/12\\\/29\\\/covid-la-alerta-de-la-oms-por-la-amenaza-gemela-de-omicron-y-delta-y-el-tsunami-de-contagios-que-causa\\\/\"},\"author\":{\"name\":\"Agencias\",\"@id\":\"https:\\\/\\\/www.bbmnoticias.com\\\/labravaradiofm\\\/#\\\/schema\\\/person\\\/000bdaf0a8fb5bff0d537c4d0778e33f\"},\"headline\":\"Covid: la alerta de la OMS por la &#8220;amenaza gemela&#8221; de \u00f3micron y delta y el &#8220;tsunami&#8221; de contagios que causa\",\"datePublished\":\"2021-12-30T03:55:40+00:00\",\"dateModified\":\"2021-12-30T03:55:42+00:00\",\"mainEntityOfPage\":{\"@id\":\"https:\\\/\\\/www.bbmnoticias.com\\\/labravaradiofm\\\/2021\\\/12\\\/29\\\/covid-la-alerta-de-la-oms-por-la-amenaza-gemela-de-omicron-y-delta-y-el-tsunami-de-contagios-que-causa\\\/\"},\"wordCount\":707,\"image\":{\"@id\":\"https:\\\/\\\/www.bbmnoticias.com\\\/labravaradiofm\\\/2021\\\/12\\\/29\\\/covid-la-alerta-de-la-oms-por-la-amenaza-gemela-de-omicron-y-delta-y-el-tsunami-de-contagios-que-causa\\\/#primaryimage\"},\"thumbnailUrl\":\"https:\\\/\\\/www.bbmnoticias.com\\\/labravaradiofm\\\/wp-content\\\/uploads\\\/sites\\\/5\\\/2021\\\/12\\\/downloadfile.webp\",\"inLanguage\":\"es\"},{\"@type\":\"WebPage\",\"@id\":\"https:\\\/\\\/www.bbmnoticias.com\\\/labravaradiofm\\\/2021\\\/12\\\/29\\\/covid-la-alerta-de-la-oms-por-la-amenaza-gemela-de-omicron-y-delta-y-el-tsunami-de-contagios-que-causa\\\/\",\"url\":\"https:\\\/\\\/www.bbmnoticias.com\\\/labravaradiofm\\\/2021\\\/12\\\/29\\\/covid-la-alerta-de-la-oms-por-la-amenaza-gemela-de-omicron-y-delta-y-el-tsunami-de-contagios-que-causa\\\/\",\"name\":\"Covid: la alerta de la OMS por la \\\"amenaza gemela\\\" de \u00f3micron y delta y el \\\"tsunami\\\" de contagios que causa - LA BRAVA RADIO\",\"isPartOf\":{\"@id\":\"https:\\\/\\\/www.bbmnoticias.com\\\/labravaradiofm\\\/#website\"},\"primaryImageOfPage\":{\"@id\":\"https:\\\/\\\/www.bbmnoticias.com\\\/labravaradiofm\\\/2021\\\/12\\\/29\\\/covid-la-alerta-de-la-oms-por-la-amenaza-gemela-de-omicron-y-delta-y-el-tsunami-de-contagios-que-causa\\\/#primaryimage\"},\"image\":{\"@id\":\"https:\\\/\\\/www.bbmnoticias.com\\\/labravaradiofm\\\/2021\\\/12\\\/29\\\/covid-la-alerta-de-la-oms-por-la-amenaza-gemela-de-omicron-y-delta-y-el-tsunami-de-contagios-que-causa\\\/#primaryimage\"},\"thumbnailUrl\":\"https:\\\/\\\/www.bbmnoticias.com\\\/labravaradiofm\\\/wp-content\\\/uploads\\\/sites\\\/5\\\/2021\\\/12\\\/downloadfile.webp\",\"datePublished\":\"2021-12-30T03:55:40+00:00\",\"dateModified\":\"2021-12-30T03:55:42+00:00\",\"author\":{\"@id\":\"https:\\\/\\\/www.bbmnoticias.com\\\/labravaradiofm\\\/#\\\/schema\\\/person\\\/000bdaf0a8fb5bff0d537c4d0778e33f\"},\"breadcrumb\":{\"@id\":\"https:\\\/\\\/www.bbmnoticias.com\\\/labravaradiofm\\\/2021\\\/12\\\/29\\\/covid-la-alerta-de-la-oms-por-la-amenaza-gemela-de-omicron-y-delta-y-el-tsunami-de-contagios-que-causa\\\/#breadcrumb\"},\"inLanguage\":\"es\",\"potentialAction\":[{\"@type\":\"ReadAction\",\"target\":[\"https:\\\/\\\/www.bbmnoticias.com\\\/labravaradiofm\\\/2021\\\/12\\\/29\\\/covid-la-alerta-de-la-oms-por-la-amenaza-gemela-de-omicron-y-delta-y-el-tsunami-de-contagios-que-causa\\\/\"]}]},{\"@type\":\"ImageObject\",\"inLanguage\":\"es\",\"@id\":\"https:\\\/\\\/www.bbmnoticias.com\\\/labravaradiofm\\\/2021\\\/12\\\/29\\\/covid-la-alerta-de-la-oms-por-la-amenaza-gemela-de-omicron-y-delta-y-el-tsunami-de-contagios-que-causa\\\/#primaryimage\",\"url\":\"https:\\\/\\\/www.bbmnoticias.com\\\/labravaradiofm\\\/wp-content\\\/uploads\\\/sites\\\/5\\\/2021\\\/12\\\/downloadfile.webp\",\"contentUrl\":\"https:\\\/\\\/www.bbmnoticias.com\\\/labravaradiofm\\\/wp-content\\\/uploads\\\/sites\\\/5\\\/2021\\\/12\\\/downloadfile.webp\",\"width\":768,\"height\":509},{\"@type\":\"BreadcrumbList\",\"@id\":\"https:\\\/\\\/www.bbmnoticias.com\\\/labravaradiofm\\\/2021\\\/12\\\/29\\\/covid-la-alerta-de-la-oms-por-la-amenaza-gemela-de-omicron-y-delta-y-el-tsunami-de-contagios-que-causa\\\/#breadcrumb\",\"itemListElement\":[{\"@type\":\"ListItem\",\"position\":1,\"name\":\"Inicio\",\"item\":\"https:\\\/\\\/www.bbmnoticias.com\\\/labravaradiofm\\\/\"},{\"@type\":\"ListItem\",\"position\":2,\"name\":\"Covid: la alerta de la OMS por la &#8220;amenaza gemela&#8221; de \u00f3micron y delta y el &#8220;tsunami&#8221; de contagios que causa\"}]},{\"@type\":\"WebSite\",\"@id\":\"https:\\\/\\\/www.bbmnoticias.com\\\/labravaradiofm\\\/#website\",\"url\":\"https:\\\/\\\/www.bbmnoticias.com\\\/labravaradiofm\\\/\",\"name\":\"LA BRAVA RADIO\",\"description\":\"Empresa productora de medios, Radiodifusi\u00f3n, Noticias, tendencias y todo lo que necesitas saber de la pol\u00edtica mexicana e internacional; entretenimiento, espect\u00e1culos, salud y mucho m\u00e1s.\",\"potentialAction\":[{\"@type\":\"SearchAction\",\"target\":{\"@type\":\"EntryPoint\",\"urlTemplate\":\"https:\\\/\\\/www.bbmnoticias.com\\\/labravaradiofm\\\/?s={search_term_string}\"},\"query-input\":{\"@type\":\"PropertyValueSpecification\",\"valueRequired\":true,\"valueName\":\"search_term_string\"}}],\"inLanguage\":\"es\"},{\"@type\":\"Person\",\"@id\":\"https:\\\/\\\/www.bbmnoticias.com\\\/labravaradiofm\\\/#\\\/schema\\\/person\\\/000bdaf0a8fb5bff0d537c4d0778e33f\",\"name\":\"Agencias\",\"image\":{\"@type\":\"ImageObject\",\"inLanguage\":\"es\",\"@id\":\"https:\\\/\\\/secure.gravatar.com\\\/avatar\\\/739e0b61adf9e398b425c36718c8752286da0e8cd90f20ce9a86678abc26aa0d?s=96&d=mm&r=g\",\"url\":\"https:\\\/\\\/secure.gravatar.com\\\/avatar\\\/739e0b61adf9e398b425c36718c8752286da0e8cd90f20ce9a86678abc26aa0d?s=96&d=mm&r=g\",\"contentUrl\":\"https:\\\/\\\/secure.gravatar.com\\\/avatar\\\/739e0b61adf9e398b425c36718c8752286da0e8cd90f20ce9a86678abc26aa0d?s=96&d=mm&r=g\",\"caption\":\"Agencias\"},\"url\":\"https:\\\/\\\/www.bbmnoticias.com\\\/labravaradiofm\\\/author\\\/agencias\\\/\"}]}<\/script>\n<!-- \/ Yoast SEO plugin. -->","yoast_head_json":{"title":"Covid: la alerta de la OMS por la \"amenaza gemela\" de \u00f3micron y delta y el \"tsunami\" de contagios que causa - LA BRAVA RADIO","robots":{"index":"index","follow":"follow","max-snippet":"max-snippet:-1","max-image-preview":"max-image-preview:large","max-video-preview":"max-video-preview:-1"},"canonical":"https:\/\/www.bbmnoticias.com\/labravaradiofm\/2021\/12\/29\/covid-la-alerta-de-la-oms-por-la-amenaza-gemela-de-omicron-y-delta-y-el-tsunami-de-contagios-que-causa\/","og_locale":"es_MX","og_type":"article","og_title":"Covid: la alerta de la OMS por la \"amenaza gemela\" de \u00f3micron y delta y el \"tsunami\" de contagios que causa - LA BRAVA RADIO","og_description":"La combinaci\u00f3n de las variantes delta y \u00f3micron est\u00e1 impulsando una peligrosa ola de casos de Covid-19, alert\u00f3 este mi\u00e9rcoles el director de la Organizaci\u00f3n Mundial de la Salud (OMS). Las palabras de Tedros Adhanom Ghebreyesus llegan en un momento en el que Estados Unidos y varios pa\u00edses en Europa rompieron r\u00e9cords de contagios. Francia [&hellip;]","og_url":"https:\/\/www.bbmnoticias.com\/labravaradiofm\/2021\/12\/29\/covid-la-alerta-de-la-oms-por-la-amenaza-gemela-de-omicron-y-delta-y-el-tsunami-de-contagios-que-causa\/","og_site_name":"LA BRAVA RADIO","article_published_time":"2021-12-30T03:55:40+00:00","article_modified_time":"2021-12-30T03:55:42+00:00","og_image":[{"width":768,"height":509,"url":"https:\/\/www.bbmnoticias.com\/labravaradiofm\/wp-content\/uploads\/sites\/5\/2021\/12\/downloadfile.webp","type":"image\/webp"}],"author":"Agencias","twitter_card":"summary_large_image","twitter_misc":{"Escrito por":"Agencias","Tiempo de lectura":"3 minutos"},"schema":{"@context":"https:\/\/schema.org","@graph":[{"@type":"Article","@id":"https:\/\/www.bbmnoticias.com\/labravaradiofm\/2021\/12\/29\/covid-la-alerta-de-la-oms-por-la-amenaza-gemela-de-omicron-y-delta-y-el-tsunami-de-contagios-que-causa\/#article","isPartOf":{"@id":"https:\/\/www.bbmnoticias.com\/labravaradiofm\/2021\/12\/29\/covid-la-alerta-de-la-oms-por-la-amenaza-gemela-de-omicron-y-delta-y-el-tsunami-de-contagios-que-causa\/"},"author":{"name":"Agencias","@id":"https:\/\/www.bbmnoticias.com\/labravaradiofm\/#\/schema\/person\/000bdaf0a8fb5bff0d537c4d0778e33f"},"headline":"Covid: la alerta de la OMS por la &#8220;amenaza gemela&#8221; de \u00f3micron y delta y el &#8220;tsunami&#8221; de contagios que causa","datePublished":"2021-12-30T03:55:40+00:00","dateModified":"2021-12-30T03:55:42+00:00","mainEntityOfPage":{"@id":"https:\/\/www.bbmnoticias.com\/labravaradiofm\/2021\/12\/29\/covid-la-alerta-de-la-oms-por-la-amenaza-gemela-de-omicron-y-delta-y-el-tsunami-de-contagios-que-causa\/"},"wordCount":707,"image":{"@id":"https:\/\/www.bbmnoticias.com\/labravaradiofm\/2021\/12\/29\/covid-la-alerta-de-la-oms-por-la-amenaza-gemela-de-omicron-y-delta-y-el-tsunami-de-contagios-que-causa\/#primaryimage"},"thumbnailUrl":"https:\/\/www.bbmnoticias.com\/labravaradiofm\/wp-content\/uploads\/sites\/5\/2021\/12\/downloadfile.webp","inLanguage":"es"},{"@type":"WebPage","@id":"https:\/\/www.bbmnoticias.com\/labravaradiofm\/2021\/12\/29\/covid-la-alerta-de-la-oms-por-la-amenaza-gemela-de-omicron-y-delta-y-el-tsunami-de-contagios-que-causa\/","url":"https:\/\/www.bbmnoticias.com\/labravaradiofm\/2021\/12\/29\/covid-la-alerta-de-la-oms-por-la-amenaza-gemela-de-omicron-y-delta-y-el-tsunami-de-contagios-que-causa\/","name":"Covid: la alerta de la OMS por la \"amenaza gemela\" de \u00f3micron y delta y el \"tsunami\" de contagios que causa - LA BRAVA RADIO","isPartOf":{"@id":"https:\/\/www.bbmnoticias.com\/labravaradiofm\/#website"},"primaryImageOfPage":{"@id":"https:\/\/www.bbmnoticias.com\/labravaradiofm\/2021\/12\/29\/covid-la-alerta-de-la-oms-por-la-amenaza-gemela-de-omicron-y-delta-y-el-tsunami-de-contagios-que-causa\/#primaryimage"},"image":{"@id":"https:\/\/www.bbmnoticias.com\/labravaradiofm\/2021\/12\/29\/covid-la-alerta-de-la-oms-por-la-amenaza-gemela-de-omicron-y-delta-y-el-tsunami-de-contagios-que-causa\/#primaryimage"},"thumbnailUrl":"https:\/\/www.bbmnoticias.com\/labravaradiofm\/wp-content\/uploads\/sites\/5\/2021\/12\/downloadfile.webp","datePublished":"2021-12-30T03:55:40+00:00","dateModified":"2021-12-30T03:55:42+00:00","author":{"@id":"https:\/\/www.bbmnoticias.com\/labravaradiofm\/#\/schema\/person\/000bdaf0a8fb5bff0d537c4d0778e33f"},"breadcrumb":{"@id":"https:\/\/www.bbmnoticias.com\/labravaradiofm\/2021\/12\/29\/covid-la-alerta-de-la-oms-por-la-amenaza-gemela-de-omicron-y-delta-y-el-tsunami-de-contagios-que-causa\/#breadcrumb"},"inLanguage":"es","potentialAction":[{"@type":"ReadAction","target":["https:\/\/www.bbmnoticias.com\/labravaradiofm\/2021\/12\/29\/covid-la-alerta-de-la-oms-por-la-amenaza-gemela-de-omicron-y-delta-y-el-tsunami-de-contagios-que-causa\/"]}]},{"@type":"ImageObject","inLanguage":"es","@id":"https:\/\/www.bbmnoticias.com\/labravaradiofm\/2021\/12\/29\/covid-la-alerta-de-la-oms-por-la-amenaza-gemela-de-omicron-y-delta-y-el-tsunami-de-contagios-que-causa\/#primaryimage","url":"https:\/\/www.bbmnoticias.com\/labravaradiofm\/wp-content\/uploads\/sites\/5\/2021\/12\/downloadfile.webp","contentUrl":"https:\/\/www.bbmnoticias.com\/labravaradiofm\/wp-content\/uploads\/sites\/5\/2021\/12\/downloadfile.webp","width":768,"height":509},{"@type":"BreadcrumbList","@id":"https:\/\/www.bbmnoticias.com\/labravaradiofm\/2021\/12\/29\/covid-la-alerta-de-la-oms-por-la-amenaza-gemela-de-omicron-y-delta-y-el-tsunami-de-contagios-que-causa\/#breadcrumb","itemListElement":[{"@type":"ListItem","position":1,"name":"Inicio","item":"https:\/\/www.bbmnoticias.com\/labravaradiofm\/"},{"@type":"ListItem","position":2,"name":"Covid: la alerta de la OMS por la &#8220;amenaza gemela&#8221; de \u00f3micron y delta y el &#8220;tsunami&#8221; de contagios que causa"}]},{"@type":"WebSite","@id":"https:\/\/www.bbmnoticias.com\/labravaradiofm\/#website","url":"https:\/\/www.bbmnoticias.com\/labravaradiofm\/","name":"LA BRAVA RADIO","description":"Empresa productora de medios, Radiodifusi\u00f3n, Noticias, tendencias y todo lo que necesitas saber de la pol\u00edtica mexicana e internacional; entretenimiento, espect\u00e1culos, salud y mucho m\u00e1s.","potentialAction":[{"@type":"SearchAction","target":{"@type":"EntryPoint","urlTemplate":"https:\/\/www.bbmnoticias.com\/labravaradiofm\/?s={search_term_string}"},"query-input":{"@type":"PropertyValueSpecification","valueRequired":true,"valueName":"search_term_string"}}],"inLanguage":"es"},{"@type":"Person","@id":"https:\/\/www.bbmnoticias.com\/labravaradiofm\/#\/schema\/person\/000bdaf0a8fb5bff0d537c4d0778e33f","name":"Agencias","image":{"@type":"ImageObject","inLanguage":"es","@id":"https:\/\/secure.gravatar.com\/avatar\/739e0b61adf9e398b425c36718c8752286da0e8cd90f20ce9a86678abc26aa0d?s=96&d=mm&r=g","url":"https:\/\/secure.gravatar.com\/avatar\/739e0b61adf9e398b425c36718c8752286da0e8cd90f20ce9a86678abc26aa0d?s=96&d=mm&r=g","contentUrl":"https:\/\/secure.gravatar.com\/avatar\/739e0b61adf9e398b425c36718c8752286da0e8cd90f20ce9a86678abc26aa0d?s=96&d=mm&r=g","caption":"Agencias"},"url":"https:\/\/www.bbmnoticias.com\/labravaradiofm\/author\/agencias\/"}]}},"_links":{"self":[{"href":"https:\/\/www.bbmnoticias.com\/labravaradiofm\/wp-json\/wp\/v2\/posts\/7909","targetHints":{"allow":["GET"]}}],"collection":[{"href":"https:\/\/www.bbmnoticias.com\/labravaradiofm\/wp-json\/wp\/v2\/posts"}],"about":[{"href":"https:\/\/www.bbmnoticias.com\/labravaradiofm\/wp-json\/wp\/v2\/types\/post"}],"author":[{"embeddable":true,"href":"https:\/\/www.bbmnoticias.com\/labravaradiofm\/wp-json\/wp\/v2\/users\/4"}],"replies":[{"embeddable":true,"href":"https:\/\/www.bbmnoticias.com\/labravaradiofm\/wp-json\/wp\/v2\/comments?post=7909"}],"version-history":[{"count":0,"href":"https:\/\/www.bbmnoticias.com\/labravaradiofm\/wp-json\/wp\/v2\/posts\/7909\/revisions"}],"wp:featuredmedia":[{"embeddable":true,"href":"https:\/\/www.bbmnoticias.com\/labravaradiofm\/wp-json\/wp\/v2\/media\/7910"}],"wp:attachment":[{"href":"https:\/\/www.bbmnoticias.com\/labravaradiofm\/wp-json\/wp\/v2\/media?parent=7909"}],"wp:term":[{"taxonomy":"category","embeddable":true,"href":"https:\/\/www.bbmnoticias.com\/labravaradiofm\/wp-json\/wp\/v2\/categories?post=7909"},{"taxonomy":"post_tag","embeddable":true,"href":"https:\/\/www.bbmnoticias.com\/labravaradiofm\/wp-json\/wp\/v2\/tags?post=7909"}],"curies":[{"name":"wp","href":"https:\/\/api.w.org\/{rel}","templated":true}]}}