{"id":7898,"date":"2021-12-29T17:16:25","date_gmt":"2021-12-29T23:16:25","guid":{"rendered":"https:\/\/www.bbmnoticias.com\/labravaradiofm\/?p=7898"},"modified":"2021-12-29T17:22:01","modified_gmt":"2021-12-29T23:22:01","slug":"invita-ieepo-a-escuchar-la-serie-radiofonica-aprendiendo-desde-mi-comunidad","status":"publish","type":"post","link":"https:\/\/www.bbmnoticias.com\/labravaradiofm\/2021\/12\/29\/invita-ieepo-a-escuchar-la-serie-radiofonica-aprendiendo-desde-mi-comunidad\/","title":{"rendered":"Invita IEEPO a escuchar la serie radiof\u00f3nica \u201cAprendiendo desde mi comunidad\u201d"},"content":{"rendered":"<div style=\"margin-top: 0px; margin-bottom: 0px;\" class=\"sharethis-inline-share-buttons\" ><\/div>\n<ul class=\"wp-block-list\"><li>El programa se ha convertido en una opci\u00f3n que genera nuevos conocimientos y di\u00e1logo intercultural entre la poblaci\u00f3n radioescucha<\/li><\/ul>\n\n\n\n<p><strong>Oaxaca de Ju\u00e1rez, Oax. &#8211;<\/strong> Con 252 programas difundidos, la serie radiof\u00f3nica educativa \u201cAprendiendo desde mi comunidad\u201d, un espacio para ni\u00f1as y ni\u00f1os ind\u00edgenas de la entidad en sus lenguas originarias, producida por Instituto Estatal de Educaci\u00f3n P\u00fablica de Oaxaca (IEEPO), en colaboraci\u00f3n con la Corporaci\u00f3n Oaxaque\u00f1a de Radio y Televisi\u00f3n (Cortv),&nbsp;se ha convertido en una opci\u00f3n que genera nuevos conocimientos y di\u00e1logo intercultural entre la poblaci\u00f3n radioescucha.<\/p>\n\n\n\n<p>Cada emisi\u00f3n combina relatos y m\u00fasica regional con divertidas actividades como adivinanzas, narraciones orales, tradiciones, cuentos, historias y leyendas que son una aportaci\u00f3n de maestras y maestros biling\u00fces que laboran en diferentes localidades de las ocho regiones del estado, lo que permite revalorar la riqueza cultural y \u00e9tnica de nuestro estado.<\/p>\n\n\n\n<p>Los programas se transmiten diariamente a trav\u00e9s de la se\u00f1al de Oaxaque\u00f1a Radio 92.9 FM en los horarios matutino y vespertino. Los lunes, mi\u00e9rcoles y viernes, a las 7:00 horas., con repetici\u00f3n los martes y jueves, a las 16:30 horas. y s\u00e1bados a las 15:00 horas. Tambi\u00e9n, a trav\u00e9s de Global 96.9 FM los s\u00e1bados y domingos a las 8:30 horas.<\/p>\n\n\n\n<p>Asimismo, los contenidos se encuentran disponibles en el portal web institucional del IEEPO para acompa\u00f1ar en todo momento a ni\u00f1as, ni\u00f1os, adolescentes y j\u00f3venes de las localidades originarias, como un complemento a su formaci\u00f3n educativa y una opci\u00f3n de sano entretenimiento.<\/p>\n\n\n\n<p>En esta semana, las narraciones, historias y m\u00fasica, cuentan con las aportaciones de hablantes en las lenguas Mazateco de Santa Mar\u00eda Chilchotla; Mixteco de Santiago Amoltepec; Mazateco de Huautla de Jim\u00e9nez, Mixteco de San Juan Colorado; Mazateco de San Miguel Soyaltepec; Zapoteco del Rinc\u00f3n; Mazateco de Santa Mar\u00eda Chilchotla y Triqui de San Mart\u00edn Itunyoso.<\/p>\n","protected":false},"excerpt":{"rendered":"<p>El programa se ha convertido en una opci\u00f3n que genera nuevos conocimientos y di\u00e1logo intercultural entre la poblaci\u00f3n radioescucha Oaxaca de Ju\u00e1rez, Oax. &#8211; Con 252 programas difundidos, la serie radiof\u00f3nica educativa \u201cAprendiendo desde mi comunidad\u201d, un espacio para ni\u00f1as y ni\u00f1os ind\u00edgenas de la entidad en sus lenguas originarias, producida por Instituto Estatal de [&hellip;]<\/p>\n","protected":false},"author":2,"featured_media":7899,"comment_status":"closed","ping_status":"closed","sticky":false,"template":"","format":"standard","meta":{"footnotes":""},"categories":[2],"tags":[],"class_list":{"0":"post-7898","1":"post","2":"type-post","3":"status-publish","4":"format-standard","5":"has-post-thumbnail","7":"category-oaxaca"},"yoast_head":"<!-- This site is optimized with the Yoast SEO plugin v27.4 - https:\/\/yoast.com\/product\/yoast-seo-wordpress\/ -->\n<title>Invita IEEPO a escuchar la serie radiof\u00f3nica \u201cAprendiendo desde mi comunidad\u201d - LA BRAVA RADIO<\/title>\n<meta name=\"robots\" content=\"index, follow, max-snippet:-1, max-image-preview:large, max-video-preview:-1\" \/>\n<link rel=\"canonical\" href=\"https:\/\/www.bbmnoticias.com\/labravaradiofm\/2021\/12\/29\/invita-ieepo-a-escuchar-la-serie-radiofonica-aprendiendo-desde-mi-comunidad\/\" \/>\n<meta property=\"og:locale\" content=\"es_MX\" \/>\n<meta property=\"og:type\" content=\"article\" \/>\n<meta property=\"og:title\" content=\"Invita IEEPO a escuchar la serie radiof\u00f3nica \u201cAprendiendo desde mi comunidad\u201d - LA BRAVA RADIO\" \/>\n<meta property=\"og:description\" content=\"El programa se ha convertido en una opci\u00f3n que genera nuevos conocimientos y di\u00e1logo intercultural entre la poblaci\u00f3n radioescucha Oaxaca de Ju\u00e1rez, Oax. &#8211; Con 252 programas difundidos, la serie radiof\u00f3nica educativa \u201cAprendiendo desde mi comunidad\u201d, un espacio para ni\u00f1as y ni\u00f1os ind\u00edgenas de la entidad en sus lenguas originarias, producida por Instituto Estatal de [&hellip;]\" \/>\n<meta property=\"og:url\" content=\"https:\/\/www.bbmnoticias.com\/labravaradiofm\/2021\/12\/29\/invita-ieepo-a-escuchar-la-serie-radiofonica-aprendiendo-desde-mi-comunidad\/\" \/>\n<meta property=\"og:site_name\" content=\"LA BRAVA RADIO\" \/>\n<meta property=\"article:published_time\" content=\"2021-12-29T23:16:25+00:00\" \/>\n<meta property=\"article:modified_time\" content=\"2021-12-29T23:22:01+00:00\" \/>\n<meta property=\"og:image\" content=\"https:\/\/www.bbmnoticias.com\/labravaradiofm\/wp-content\/uploads\/sites\/5\/2021\/12\/l29122021-5.jpeg\" \/>\n\t<meta property=\"og:image:width\" content=\"1024\" \/>\n\t<meta property=\"og:image:height\" content=\"682\" \/>\n\t<meta property=\"og:image:type\" content=\"image\/jpeg\" \/>\n<meta name=\"author\" content=\"Staff\" \/>\n<meta name=\"twitter:card\" content=\"summary_large_image\" \/>\n<meta name=\"twitter:label1\" content=\"Escrito por\" \/>\n\t<meta name=\"twitter:data1\" content=\"Staff\" \/>\n\t<meta name=\"twitter:label2\" content=\"Tiempo de lectura\" \/>\n\t<meta name=\"twitter:data2\" content=\"2 minutos\" \/>\n<script type=\"application\/ld+json\" class=\"yoast-schema-graph\">{\"@context\":\"https:\\\/\\\/schema.org\",\"@graph\":[{\"@type\":\"Article\",\"@id\":\"https:\\\/\\\/www.bbmnoticias.com\\\/labravaradiofm\\\/2021\\\/12\\\/29\\\/invita-ieepo-a-escuchar-la-serie-radiofonica-aprendiendo-desde-mi-comunidad\\\/#article\",\"isPartOf\":{\"@id\":\"https:\\\/\\\/www.bbmnoticias.com\\\/labravaradiofm\\\/2021\\\/12\\\/29\\\/invita-ieepo-a-escuchar-la-serie-radiofonica-aprendiendo-desde-mi-comunidad\\\/\"},\"author\":{\"name\":\"Staff\",\"@id\":\"https:\\\/\\\/www.bbmnoticias.com\\\/labravaradiofm\\\/#\\\/schema\\\/person\\\/68a9e9036ef3c5b55aeb2b71dc8bab45\"},\"headline\":\"Invita IEEPO a escuchar la serie radiof\u00f3nica \u201cAprendiendo desde mi comunidad\u201d\",\"datePublished\":\"2021-12-29T23:16:25+00:00\",\"dateModified\":\"2021-12-29T23:22:01+00:00\",\"mainEntityOfPage\":{\"@id\":\"https:\\\/\\\/www.bbmnoticias.com\\\/labravaradiofm\\\/2021\\\/12\\\/29\\\/invita-ieepo-a-escuchar-la-serie-radiofonica-aprendiendo-desde-mi-comunidad\\\/\"},\"wordCount\":344,\"image\":{\"@id\":\"https:\\\/\\\/www.bbmnoticias.com\\\/labravaradiofm\\\/2021\\\/12\\\/29\\\/invita-ieepo-a-escuchar-la-serie-radiofonica-aprendiendo-desde-mi-comunidad\\\/#primaryimage\"},\"thumbnailUrl\":\"https:\\\/\\\/www.bbmnoticias.com\\\/labravaradiofm\\\/wp-content\\\/uploads\\\/sites\\\/5\\\/2021\\\/12\\\/l29122021-5.jpeg\",\"articleSection\":[\"LOCAL\"],\"inLanguage\":\"es\"},{\"@type\":\"WebPage\",\"@id\":\"https:\\\/\\\/www.bbmnoticias.com\\\/labravaradiofm\\\/2021\\\/12\\\/29\\\/invita-ieepo-a-escuchar-la-serie-radiofonica-aprendiendo-desde-mi-comunidad\\\/\",\"url\":\"https:\\\/\\\/www.bbmnoticias.com\\\/labravaradiofm\\\/2021\\\/12\\\/29\\\/invita-ieepo-a-escuchar-la-serie-radiofonica-aprendiendo-desde-mi-comunidad\\\/\",\"name\":\"Invita IEEPO a escuchar la serie radiof\u00f3nica \u201cAprendiendo desde mi comunidad\u201d - LA BRAVA RADIO\",\"isPartOf\":{\"@id\":\"https:\\\/\\\/www.bbmnoticias.com\\\/labravaradiofm\\\/#website\"},\"primaryImageOfPage\":{\"@id\":\"https:\\\/\\\/www.bbmnoticias.com\\\/labravaradiofm\\\/2021\\\/12\\\/29\\\/invita-ieepo-a-escuchar-la-serie-radiofonica-aprendiendo-desde-mi-comunidad\\\/#primaryimage\"},\"image\":{\"@id\":\"https:\\\/\\\/www.bbmnoticias.com\\\/labravaradiofm\\\/2021\\\/12\\\/29\\\/invita-ieepo-a-escuchar-la-serie-radiofonica-aprendiendo-desde-mi-comunidad\\\/#primaryimage\"},\"thumbnailUrl\":\"https:\\\/\\\/www.bbmnoticias.com\\\/labravaradiofm\\\/wp-content\\\/uploads\\\/sites\\\/5\\\/2021\\\/12\\\/l29122021-5.jpeg\",\"datePublished\":\"2021-12-29T23:16:25+00:00\",\"dateModified\":\"2021-12-29T23:22:01+00:00\",\"author\":{\"@id\":\"https:\\\/\\\/www.bbmnoticias.com\\\/labravaradiofm\\\/#\\\/schema\\\/person\\\/68a9e9036ef3c5b55aeb2b71dc8bab45\"},\"breadcrumb\":{\"@id\":\"https:\\\/\\\/www.bbmnoticias.com\\\/labravaradiofm\\\/2021\\\/12\\\/29\\\/invita-ieepo-a-escuchar-la-serie-radiofonica-aprendiendo-desde-mi-comunidad\\\/#breadcrumb\"},\"inLanguage\":\"es\",\"potentialAction\":[{\"@type\":\"ReadAction\",\"target\":[\"https:\\\/\\\/www.bbmnoticias.com\\\/labravaradiofm\\\/2021\\\/12\\\/29\\\/invita-ieepo-a-escuchar-la-serie-radiofonica-aprendiendo-desde-mi-comunidad\\\/\"]}]},{\"@type\":\"ImageObject\",\"inLanguage\":\"es\",\"@id\":\"https:\\\/\\\/www.bbmnoticias.com\\\/labravaradiofm\\\/2021\\\/12\\\/29\\\/invita-ieepo-a-escuchar-la-serie-radiofonica-aprendiendo-desde-mi-comunidad\\\/#primaryimage\",\"url\":\"https:\\\/\\\/www.bbmnoticias.com\\\/labravaradiofm\\\/wp-content\\\/uploads\\\/sites\\\/5\\\/2021\\\/12\\\/l29122021-5.jpeg\",\"contentUrl\":\"https:\\\/\\\/www.bbmnoticias.com\\\/labravaradiofm\\\/wp-content\\\/uploads\\\/sites\\\/5\\\/2021\\\/12\\\/l29122021-5.jpeg\",\"width\":1024,\"height\":682},{\"@type\":\"BreadcrumbList\",\"@id\":\"https:\\\/\\\/www.bbmnoticias.com\\\/labravaradiofm\\\/2021\\\/12\\\/29\\\/invita-ieepo-a-escuchar-la-serie-radiofonica-aprendiendo-desde-mi-comunidad\\\/#breadcrumb\",\"itemListElement\":[{\"@type\":\"ListItem\",\"position\":1,\"name\":\"Inicio\",\"item\":\"https:\\\/\\\/www.bbmnoticias.com\\\/labravaradiofm\\\/\"},{\"@type\":\"ListItem\",\"position\":2,\"name\":\"Invita IEEPO a escuchar la serie radiof\u00f3nica \u201cAprendiendo desde mi comunidad\u201d\"}]},{\"@type\":\"WebSite\",\"@id\":\"https:\\\/\\\/www.bbmnoticias.com\\\/labravaradiofm\\\/#website\",\"url\":\"https:\\\/\\\/www.bbmnoticias.com\\\/labravaradiofm\\\/\",\"name\":\"LA BRAVA RADIO\",\"description\":\"Empresa productora de medios, Radiodifusi\u00f3n, Noticias, tendencias y todo lo que necesitas saber de la pol\u00edtica mexicana e internacional; entretenimiento, espect\u00e1culos, salud y mucho m\u00e1s.\",\"potentialAction\":[{\"@type\":\"SearchAction\",\"target\":{\"@type\":\"EntryPoint\",\"urlTemplate\":\"https:\\\/\\\/www.bbmnoticias.com\\\/labravaradiofm\\\/?s={search_term_string}\"},\"query-input\":{\"@type\":\"PropertyValueSpecification\",\"valueRequired\":true,\"valueName\":\"search_term_string\"}}],\"inLanguage\":\"es\"},{\"@type\":\"Person\",\"@id\":\"https:\\\/\\\/www.bbmnoticias.com\\\/labravaradiofm\\\/#\\\/schema\\\/person\\\/68a9e9036ef3c5b55aeb2b71dc8bab45\",\"name\":\"Staff\",\"image\":{\"@type\":\"ImageObject\",\"inLanguage\":\"es\",\"@id\":\"https:\\\/\\\/secure.gravatar.com\\\/avatar\\\/fdd21ad66fd8b98c407f9dee5b5e588cfe7f0d8579ec20fa6527cd59bab7f0f0?s=96&d=mm&r=g\",\"url\":\"https:\\\/\\\/secure.gravatar.com\\\/avatar\\\/fdd21ad66fd8b98c407f9dee5b5e588cfe7f0d8579ec20fa6527cd59bab7f0f0?s=96&d=mm&r=g\",\"contentUrl\":\"https:\\\/\\\/secure.gravatar.com\\\/avatar\\\/fdd21ad66fd8b98c407f9dee5b5e588cfe7f0d8579ec20fa6527cd59bab7f0f0?s=96&d=mm&r=g\",\"caption\":\"Staff\"},\"url\":\"https:\\\/\\\/www.bbmnoticias.com\\\/labravaradiofm\\\/author\\\/redaccion\\\/\"}]}<\/script>\n<!-- \/ Yoast SEO plugin. -->","yoast_head_json":{"title":"Invita IEEPO a escuchar la serie radiof\u00f3nica \u201cAprendiendo desde mi comunidad\u201d - LA BRAVA RADIO","robots":{"index":"index","follow":"follow","max-snippet":"max-snippet:-1","max-image-preview":"max-image-preview:large","max-video-preview":"max-video-preview:-1"},"canonical":"https:\/\/www.bbmnoticias.com\/labravaradiofm\/2021\/12\/29\/invita-ieepo-a-escuchar-la-serie-radiofonica-aprendiendo-desde-mi-comunidad\/","og_locale":"es_MX","og_type":"article","og_title":"Invita IEEPO a escuchar la serie radiof\u00f3nica \u201cAprendiendo desde mi comunidad\u201d - LA BRAVA RADIO","og_description":"El programa se ha convertido en una opci\u00f3n que genera nuevos conocimientos y di\u00e1logo intercultural entre la poblaci\u00f3n radioescucha Oaxaca de Ju\u00e1rez, Oax. &#8211; Con 252 programas difundidos, la serie radiof\u00f3nica educativa \u201cAprendiendo desde mi comunidad\u201d, un espacio para ni\u00f1as y ni\u00f1os ind\u00edgenas de la entidad en sus lenguas originarias, producida por Instituto Estatal de [&hellip;]","og_url":"https:\/\/www.bbmnoticias.com\/labravaradiofm\/2021\/12\/29\/invita-ieepo-a-escuchar-la-serie-radiofonica-aprendiendo-desde-mi-comunidad\/","og_site_name":"LA BRAVA RADIO","article_published_time":"2021-12-29T23:16:25+00:00","article_modified_time":"2021-12-29T23:22:01+00:00","og_image":[{"width":1024,"height":682,"url":"https:\/\/www.bbmnoticias.com\/labravaradiofm\/wp-content\/uploads\/sites\/5\/2021\/12\/l29122021-5.jpeg","type":"image\/jpeg"}],"author":"Staff","twitter_card":"summary_large_image","twitter_misc":{"Escrito por":"Staff","Tiempo de lectura":"2 minutos"},"schema":{"@context":"https:\/\/schema.org","@graph":[{"@type":"Article","@id":"https:\/\/www.bbmnoticias.com\/labravaradiofm\/2021\/12\/29\/invita-ieepo-a-escuchar-la-serie-radiofonica-aprendiendo-desde-mi-comunidad\/#article","isPartOf":{"@id":"https:\/\/www.bbmnoticias.com\/labravaradiofm\/2021\/12\/29\/invita-ieepo-a-escuchar-la-serie-radiofonica-aprendiendo-desde-mi-comunidad\/"},"author":{"name":"Staff","@id":"https:\/\/www.bbmnoticias.com\/labravaradiofm\/#\/schema\/person\/68a9e9036ef3c5b55aeb2b71dc8bab45"},"headline":"Invita IEEPO a escuchar la serie radiof\u00f3nica \u201cAprendiendo desde mi comunidad\u201d","datePublished":"2021-12-29T23:16:25+00:00","dateModified":"2021-12-29T23:22:01+00:00","mainEntityOfPage":{"@id":"https:\/\/www.bbmnoticias.com\/labravaradiofm\/2021\/12\/29\/invita-ieepo-a-escuchar-la-serie-radiofonica-aprendiendo-desde-mi-comunidad\/"},"wordCount":344,"image":{"@id":"https:\/\/www.bbmnoticias.com\/labravaradiofm\/2021\/12\/29\/invita-ieepo-a-escuchar-la-serie-radiofonica-aprendiendo-desde-mi-comunidad\/#primaryimage"},"thumbnailUrl":"https:\/\/www.bbmnoticias.com\/labravaradiofm\/wp-content\/uploads\/sites\/5\/2021\/12\/l29122021-5.jpeg","articleSection":["LOCAL"],"inLanguage":"es"},{"@type":"WebPage","@id":"https:\/\/www.bbmnoticias.com\/labravaradiofm\/2021\/12\/29\/invita-ieepo-a-escuchar-la-serie-radiofonica-aprendiendo-desde-mi-comunidad\/","url":"https:\/\/www.bbmnoticias.com\/labravaradiofm\/2021\/12\/29\/invita-ieepo-a-escuchar-la-serie-radiofonica-aprendiendo-desde-mi-comunidad\/","name":"Invita IEEPO a escuchar la serie radiof\u00f3nica \u201cAprendiendo desde mi comunidad\u201d - LA BRAVA RADIO","isPartOf":{"@id":"https:\/\/www.bbmnoticias.com\/labravaradiofm\/#website"},"primaryImageOfPage":{"@id":"https:\/\/www.bbmnoticias.com\/labravaradiofm\/2021\/12\/29\/invita-ieepo-a-escuchar-la-serie-radiofonica-aprendiendo-desde-mi-comunidad\/#primaryimage"},"image":{"@id":"https:\/\/www.bbmnoticias.com\/labravaradiofm\/2021\/12\/29\/invita-ieepo-a-escuchar-la-serie-radiofonica-aprendiendo-desde-mi-comunidad\/#primaryimage"},"thumbnailUrl":"https:\/\/www.bbmnoticias.com\/labravaradiofm\/wp-content\/uploads\/sites\/5\/2021\/12\/l29122021-5.jpeg","datePublished":"2021-12-29T23:16:25+00:00","dateModified":"2021-12-29T23:22:01+00:00","author":{"@id":"https:\/\/www.bbmnoticias.com\/labravaradiofm\/#\/schema\/person\/68a9e9036ef3c5b55aeb2b71dc8bab45"},"breadcrumb":{"@id":"https:\/\/www.bbmnoticias.com\/labravaradiofm\/2021\/12\/29\/invita-ieepo-a-escuchar-la-serie-radiofonica-aprendiendo-desde-mi-comunidad\/#breadcrumb"},"inLanguage":"es","potentialAction":[{"@type":"ReadAction","target":["https:\/\/www.bbmnoticias.com\/labravaradiofm\/2021\/12\/29\/invita-ieepo-a-escuchar-la-serie-radiofonica-aprendiendo-desde-mi-comunidad\/"]}]},{"@type":"ImageObject","inLanguage":"es","@id":"https:\/\/www.bbmnoticias.com\/labravaradiofm\/2021\/12\/29\/invita-ieepo-a-escuchar-la-serie-radiofonica-aprendiendo-desde-mi-comunidad\/#primaryimage","url":"https:\/\/www.bbmnoticias.com\/labravaradiofm\/wp-content\/uploads\/sites\/5\/2021\/12\/l29122021-5.jpeg","contentUrl":"https:\/\/www.bbmnoticias.com\/labravaradiofm\/wp-content\/uploads\/sites\/5\/2021\/12\/l29122021-5.jpeg","width":1024,"height":682},{"@type":"BreadcrumbList","@id":"https:\/\/www.bbmnoticias.com\/labravaradiofm\/2021\/12\/29\/invita-ieepo-a-escuchar-la-serie-radiofonica-aprendiendo-desde-mi-comunidad\/#breadcrumb","itemListElement":[{"@type":"ListItem","position":1,"name":"Inicio","item":"https:\/\/www.bbmnoticias.com\/labravaradiofm\/"},{"@type":"ListItem","position":2,"name":"Invita IEEPO a escuchar la serie radiof\u00f3nica \u201cAprendiendo desde mi comunidad\u201d"}]},{"@type":"WebSite","@id":"https:\/\/www.bbmnoticias.com\/labravaradiofm\/#website","url":"https:\/\/www.bbmnoticias.com\/labravaradiofm\/","name":"LA BRAVA RADIO","description":"Empresa productora de medios, Radiodifusi\u00f3n, Noticias, tendencias y todo lo que necesitas saber de la pol\u00edtica mexicana e internacional; entretenimiento, espect\u00e1culos, salud y mucho m\u00e1s.","potentialAction":[{"@type":"SearchAction","target":{"@type":"EntryPoint","urlTemplate":"https:\/\/www.bbmnoticias.com\/labravaradiofm\/?s={search_term_string}"},"query-input":{"@type":"PropertyValueSpecification","valueRequired":true,"valueName":"search_term_string"}}],"inLanguage":"es"},{"@type":"Person","@id":"https:\/\/www.bbmnoticias.com\/labravaradiofm\/#\/schema\/person\/68a9e9036ef3c5b55aeb2b71dc8bab45","name":"Staff","image":{"@type":"ImageObject","inLanguage":"es","@id":"https:\/\/secure.gravatar.com\/avatar\/fdd21ad66fd8b98c407f9dee5b5e588cfe7f0d8579ec20fa6527cd59bab7f0f0?s=96&d=mm&r=g","url":"https:\/\/secure.gravatar.com\/avatar\/fdd21ad66fd8b98c407f9dee5b5e588cfe7f0d8579ec20fa6527cd59bab7f0f0?s=96&d=mm&r=g","contentUrl":"https:\/\/secure.gravatar.com\/avatar\/fdd21ad66fd8b98c407f9dee5b5e588cfe7f0d8579ec20fa6527cd59bab7f0f0?s=96&d=mm&r=g","caption":"Staff"},"url":"https:\/\/www.bbmnoticias.com\/labravaradiofm\/author\/redaccion\/"}]}},"_links":{"self":[{"href":"https:\/\/www.bbmnoticias.com\/labravaradiofm\/wp-json\/wp\/v2\/posts\/7898","targetHints":{"allow":["GET"]}}],"collection":[{"href":"https:\/\/www.bbmnoticias.com\/labravaradiofm\/wp-json\/wp\/v2\/posts"}],"about":[{"href":"https:\/\/www.bbmnoticias.com\/labravaradiofm\/wp-json\/wp\/v2\/types\/post"}],"author":[{"embeddable":true,"href":"https:\/\/www.bbmnoticias.com\/labravaradiofm\/wp-json\/wp\/v2\/users\/2"}],"replies":[{"embeddable":true,"href":"https:\/\/www.bbmnoticias.com\/labravaradiofm\/wp-json\/wp\/v2\/comments?post=7898"}],"version-history":[{"count":0,"href":"https:\/\/www.bbmnoticias.com\/labravaradiofm\/wp-json\/wp\/v2\/posts\/7898\/revisions"}],"wp:featuredmedia":[{"embeddable":true,"href":"https:\/\/www.bbmnoticias.com\/labravaradiofm\/wp-json\/wp\/v2\/media\/7899"}],"wp:attachment":[{"href":"https:\/\/www.bbmnoticias.com\/labravaradiofm\/wp-json\/wp\/v2\/media?parent=7898"}],"wp:term":[{"taxonomy":"category","embeddable":true,"href":"https:\/\/www.bbmnoticias.com\/labravaradiofm\/wp-json\/wp\/v2\/categories?post=7898"},{"taxonomy":"post_tag","embeddable":true,"href":"https:\/\/www.bbmnoticias.com\/labravaradiofm\/wp-json\/wp\/v2\/tags?post=7898"}],"curies":[{"name":"wp","href":"https:\/\/api.w.org\/{rel}","templated":true}]}}