{"id":7895,"date":"2021-12-29T17:10:43","date_gmt":"2021-12-29T23:10:43","guid":{"rendered":"https:\/\/www.bbmnoticias.com\/labravaradiofm\/?p=7895"},"modified":"2021-12-29T17:10:45","modified_gmt":"2021-12-29T23:10:45","slug":"calidez-en-familia-del-sistema-dif-oaxaca-acude-a-la-region-de-la-mixteca-para-abrigar-a-cientos-de-familias-en-condiciones-vulnerables","status":"publish","type":"post","link":"https:\/\/www.bbmnoticias.com\/labravaradiofm\/2021\/12\/29\/calidez-en-familia-del-sistema-dif-oaxaca-acude-a-la-region-de-la-mixteca-para-abrigar-a-cientos-de-familias-en-condiciones-vulnerables\/","title":{"rendered":"\u201cCalidez en Familia\u201d del Sistema DIF Oaxaca, acude a la regi\u00f3n de la Mixteca para abrigar a cientos de familias en condiciones vulnerables"},"content":{"rendered":"<div style=\"margin-top: 0px; margin-bottom: 0px;\" class=\"sharethis-inline-share-buttons\" ><\/div>\n<p>Continuando con las acciones en materia de asistencia y bienestar social, tal como lo instruy\u00f3 el gobernador del Estado, Alejandro Murat Hinojosa, y fortaleciendo el \u201cEje I: Oaxaca Incluyente con Desarrollo Social\u201d, del Plan Estatal de Desarrollo 2016 a 2022, el Sistema para el Desarrollo Integral de la Familia (DIF) Oaxaca, presidido por Ivette Mor\u00e1n de Murat, acudi\u00f3 a los municipios de Chalcatongo de Hidalgo y Santa Catarina Ticu\u00e1, en la regi\u00f3n de la Mixteca, en compa\u00f1\u00eda del director general de este organismo asistencial, Christian Holm Rodr\u00edguez, para brindar cobijas y apoyos en materia de higiene y salud, muy importantes para esta temporada invernal.<\/p>\n\n\n\n<p>En ese sentido, la esposa del gobernador, se sinti\u00f3 muy contenta de poder visitar a sus paisanas y paisanos de esos municipios, as\u00ed como de poder brindarles la asistencia que tanto necesitan.<\/p>\n\n\n\n<p>\u201cEstoy muy feliz de poder estar aqu\u00ed en este maravilloso lugar, brindando la ayuda que los sectores vulnerables merecen. Agradezco tambi\u00e9n la coordinaci\u00f3n de las autoridades municipales de esta localidad, para poder brindar en tiempo y forma estos apoyos. Ya son cinco a\u00f1os que venimos trabajando y entregando diversos apoyos a estos municipios, entre ellos, ambulancias, UBR\u2019s, apoyo para las mujeres, entre otros. Hoy, gracias a las gestiones de mi esposo, el Gobernador Alejandro Murat, as\u00ed como de mi equipo de trabajo del DIF Estatal, estamos entregando cobijas para qu\u00e9 est\u00e1s bellas familias puedan pasar estas temporadas invernales de forma segura. De igual forma, los paquetes de medicamentos y art\u00edculos de higiene personal brindados por la empresa Genomma Lab, que ha sido fiel aliada de este gobierno, ayudar\u00e1n mucho para tener una mejor calidad de vida\u201d, se\u00f1al\u00f3 Mor\u00e1n de Murat.<\/p>\n\n\n\n<p>Por su parte, el director general, Christian Holm Rodr\u00edguez, destac\u00f3, que esta administraci\u00f3n, seguir\u00e1 trabajando sin descanso, hasta el \u00faltimo minuto de esta administraci\u00f3n, velando por los intereses de las y los oaxaque\u00f1os, sin distinci\u00f3n alguna, y de forma inclusiva, en las ocho regiones que conforman el estado.<\/p>\n\n\n\n<p>Por \u00faltimo, las autoridades municipales de ambos municipios, agradecieron la asistencia y el apoyo brindado a su municipio, tanto al Gobernador Alejandro Murat Hinojosa, como a su esposa, la se\u00f1ora Ivette Mor\u00e1n de Murat; porque gracias a ellos, hoy sus comunidades cuentan con mejores beneficios para su sano desarrollo. Con acciones c\u00f3mo est\u00e1s, Oaxaca contin\u00faa en la ruta para crear, construir y crecer.<\/p>\n","protected":false},"excerpt":{"rendered":"<p>Continuando con las acciones en materia de asistencia y bienestar social, tal como lo instruy\u00f3 el gobernador del Estado, Alejandro Murat Hinojosa, y fortaleciendo el \u201cEje I: Oaxaca Incluyente con Desarrollo Social\u201d, del Plan Estatal de Desarrollo 2016 a 2022, el Sistema para el Desarrollo Integral de la Familia (DIF) Oaxaca, presidido por Ivette Mor\u00e1n [&hellip;]<\/p>\n","protected":false},"author":2,"featured_media":7896,"comment_status":"closed","ping_status":"closed","sticky":false,"template":"","format":"standard","meta":{"footnotes":""},"categories":[2],"tags":[],"class_list":{"0":"post-7895","1":"post","2":"type-post","3":"status-publish","4":"format-standard","5":"has-post-thumbnail","7":"category-oaxaca"},"yoast_head":"<!-- This site is optimized with the Yoast SEO plugin v27.4 - https:\/\/yoast.com\/product\/yoast-seo-wordpress\/ -->\n<title>\u201cCalidez en Familia\u201d del Sistema DIF Oaxaca, acude a la regi\u00f3n de la Mixteca para abrigar a cientos de familias en condiciones vulnerables - LA BRAVA RADIO<\/title>\n<meta name=\"robots\" content=\"index, follow, max-snippet:-1, max-image-preview:large, max-video-preview:-1\" \/>\n<link rel=\"canonical\" href=\"https:\/\/www.bbmnoticias.com\/labravaradiofm\/2021\/12\/29\/calidez-en-familia-del-sistema-dif-oaxaca-acude-a-la-region-de-la-mixteca-para-abrigar-a-cientos-de-familias-en-condiciones-vulnerables\/\" \/>\n<meta property=\"og:locale\" content=\"es_MX\" \/>\n<meta property=\"og:type\" content=\"article\" \/>\n<meta property=\"og:title\" content=\"\u201cCalidez en Familia\u201d del Sistema DIF Oaxaca, acude a la regi\u00f3n de la Mixteca para abrigar a cientos de familias en condiciones vulnerables - LA BRAVA RADIO\" \/>\n<meta property=\"og:description\" content=\"Continuando con las acciones en materia de asistencia y bienestar social, tal como lo instruy\u00f3 el gobernador del Estado, Alejandro Murat Hinojosa, y fortaleciendo el \u201cEje I: Oaxaca Incluyente con Desarrollo Social\u201d, del Plan Estatal de Desarrollo 2016 a 2022, el Sistema para el Desarrollo Integral de la Familia (DIF) Oaxaca, presidido por Ivette Mor\u00e1n [&hellip;]\" \/>\n<meta property=\"og:url\" content=\"https:\/\/www.bbmnoticias.com\/labravaradiofm\/2021\/12\/29\/calidez-en-familia-del-sistema-dif-oaxaca-acude-a-la-region-de-la-mixteca-para-abrigar-a-cientos-de-familias-en-condiciones-vulnerables\/\" \/>\n<meta property=\"og:site_name\" content=\"LA BRAVA RADIO\" \/>\n<meta property=\"article:published_time\" content=\"2021-12-29T23:10:43+00:00\" \/>\n<meta property=\"article:modified_time\" content=\"2021-12-29T23:10:45+00:00\" \/>\n<meta property=\"og:image\" content=\"https:\/\/www.bbmnoticias.com\/labravaradiofm\/wp-content\/uploads\/sites\/5\/2021\/12\/l29122021-4.jpeg\" \/>\n\t<meta property=\"og:image:width\" content=\"1024\" \/>\n\t<meta property=\"og:image:height\" content=\"690\" \/>\n\t<meta property=\"og:image:type\" content=\"image\/jpeg\" \/>\n<meta name=\"author\" content=\"Staff\" \/>\n<meta name=\"twitter:card\" content=\"summary_large_image\" \/>\n<meta name=\"twitter:label1\" content=\"Escrito por\" \/>\n\t<meta name=\"twitter:data1\" content=\"Staff\" \/>\n\t<meta name=\"twitter:label2\" content=\"Tiempo de lectura\" \/>\n\t<meta name=\"twitter:data2\" content=\"2 minutos\" \/>\n<script type=\"application\/ld+json\" class=\"yoast-schema-graph\">{\"@context\":\"https:\\\/\\\/schema.org\",\"@graph\":[{\"@type\":\"Article\",\"@id\":\"https:\\\/\\\/www.bbmnoticias.com\\\/labravaradiofm\\\/2021\\\/12\\\/29\\\/calidez-en-familia-del-sistema-dif-oaxaca-acude-a-la-region-de-la-mixteca-para-abrigar-a-cientos-de-familias-en-condiciones-vulnerables\\\/#article\",\"isPartOf\":{\"@id\":\"https:\\\/\\\/www.bbmnoticias.com\\\/labravaradiofm\\\/2021\\\/12\\\/29\\\/calidez-en-familia-del-sistema-dif-oaxaca-acude-a-la-region-de-la-mixteca-para-abrigar-a-cientos-de-familias-en-condiciones-vulnerables\\\/\"},\"author\":{\"name\":\"Staff\",\"@id\":\"https:\\\/\\\/www.bbmnoticias.com\\\/labravaradiofm\\\/#\\\/schema\\\/person\\\/68a9e9036ef3c5b55aeb2b71dc8bab45\"},\"headline\":\"\u201cCalidez en Familia\u201d del Sistema DIF Oaxaca, acude a la regi\u00f3n de la Mixteca para abrigar a cientos de familias en condiciones vulnerables\",\"datePublished\":\"2021-12-29T23:10:43+00:00\",\"dateModified\":\"2021-12-29T23:10:45+00:00\",\"mainEntityOfPage\":{\"@id\":\"https:\\\/\\\/www.bbmnoticias.com\\\/labravaradiofm\\\/2021\\\/12\\\/29\\\/calidez-en-familia-del-sistema-dif-oaxaca-acude-a-la-region-de-la-mixteca-para-abrigar-a-cientos-de-familias-en-condiciones-vulnerables\\\/\"},\"wordCount\":432,\"image\":{\"@id\":\"https:\\\/\\\/www.bbmnoticias.com\\\/labravaradiofm\\\/2021\\\/12\\\/29\\\/calidez-en-familia-del-sistema-dif-oaxaca-acude-a-la-region-de-la-mixteca-para-abrigar-a-cientos-de-familias-en-condiciones-vulnerables\\\/#primaryimage\"},\"thumbnailUrl\":\"https:\\\/\\\/www.bbmnoticias.com\\\/labravaradiofm\\\/wp-content\\\/uploads\\\/sites\\\/5\\\/2021\\\/12\\\/l29122021-4.jpeg\",\"articleSection\":[\"LOCAL\"],\"inLanguage\":\"es\"},{\"@type\":\"WebPage\",\"@id\":\"https:\\\/\\\/www.bbmnoticias.com\\\/labravaradiofm\\\/2021\\\/12\\\/29\\\/calidez-en-familia-del-sistema-dif-oaxaca-acude-a-la-region-de-la-mixteca-para-abrigar-a-cientos-de-familias-en-condiciones-vulnerables\\\/\",\"url\":\"https:\\\/\\\/www.bbmnoticias.com\\\/labravaradiofm\\\/2021\\\/12\\\/29\\\/calidez-en-familia-del-sistema-dif-oaxaca-acude-a-la-region-de-la-mixteca-para-abrigar-a-cientos-de-familias-en-condiciones-vulnerables\\\/\",\"name\":\"\u201cCalidez en Familia\u201d del Sistema DIF Oaxaca, acude a la regi\u00f3n de la Mixteca para abrigar a cientos de familias en condiciones vulnerables - LA BRAVA RADIO\",\"isPartOf\":{\"@id\":\"https:\\\/\\\/www.bbmnoticias.com\\\/labravaradiofm\\\/#website\"},\"primaryImageOfPage\":{\"@id\":\"https:\\\/\\\/www.bbmnoticias.com\\\/labravaradiofm\\\/2021\\\/12\\\/29\\\/calidez-en-familia-del-sistema-dif-oaxaca-acude-a-la-region-de-la-mixteca-para-abrigar-a-cientos-de-familias-en-condiciones-vulnerables\\\/#primaryimage\"},\"image\":{\"@id\":\"https:\\\/\\\/www.bbmnoticias.com\\\/labravaradiofm\\\/2021\\\/12\\\/29\\\/calidez-en-familia-del-sistema-dif-oaxaca-acude-a-la-region-de-la-mixteca-para-abrigar-a-cientos-de-familias-en-condiciones-vulnerables\\\/#primaryimage\"},\"thumbnailUrl\":\"https:\\\/\\\/www.bbmnoticias.com\\\/labravaradiofm\\\/wp-content\\\/uploads\\\/sites\\\/5\\\/2021\\\/12\\\/l29122021-4.jpeg\",\"datePublished\":\"2021-12-29T23:10:43+00:00\",\"dateModified\":\"2021-12-29T23:10:45+00:00\",\"author\":{\"@id\":\"https:\\\/\\\/www.bbmnoticias.com\\\/labravaradiofm\\\/#\\\/schema\\\/person\\\/68a9e9036ef3c5b55aeb2b71dc8bab45\"},\"breadcrumb\":{\"@id\":\"https:\\\/\\\/www.bbmnoticias.com\\\/labravaradiofm\\\/2021\\\/12\\\/29\\\/calidez-en-familia-del-sistema-dif-oaxaca-acude-a-la-region-de-la-mixteca-para-abrigar-a-cientos-de-familias-en-condiciones-vulnerables\\\/#breadcrumb\"},\"inLanguage\":\"es\",\"potentialAction\":[{\"@type\":\"ReadAction\",\"target\":[\"https:\\\/\\\/www.bbmnoticias.com\\\/labravaradiofm\\\/2021\\\/12\\\/29\\\/calidez-en-familia-del-sistema-dif-oaxaca-acude-a-la-region-de-la-mixteca-para-abrigar-a-cientos-de-familias-en-condiciones-vulnerables\\\/\"]}]},{\"@type\":\"ImageObject\",\"inLanguage\":\"es\",\"@id\":\"https:\\\/\\\/www.bbmnoticias.com\\\/labravaradiofm\\\/2021\\\/12\\\/29\\\/calidez-en-familia-del-sistema-dif-oaxaca-acude-a-la-region-de-la-mixteca-para-abrigar-a-cientos-de-familias-en-condiciones-vulnerables\\\/#primaryimage\",\"url\":\"https:\\\/\\\/www.bbmnoticias.com\\\/labravaradiofm\\\/wp-content\\\/uploads\\\/sites\\\/5\\\/2021\\\/12\\\/l29122021-4.jpeg\",\"contentUrl\":\"https:\\\/\\\/www.bbmnoticias.com\\\/labravaradiofm\\\/wp-content\\\/uploads\\\/sites\\\/5\\\/2021\\\/12\\\/l29122021-4.jpeg\",\"width\":1024,\"height\":690},{\"@type\":\"BreadcrumbList\",\"@id\":\"https:\\\/\\\/www.bbmnoticias.com\\\/labravaradiofm\\\/2021\\\/12\\\/29\\\/calidez-en-familia-del-sistema-dif-oaxaca-acude-a-la-region-de-la-mixteca-para-abrigar-a-cientos-de-familias-en-condiciones-vulnerables\\\/#breadcrumb\",\"itemListElement\":[{\"@type\":\"ListItem\",\"position\":1,\"name\":\"Inicio\",\"item\":\"https:\\\/\\\/www.bbmnoticias.com\\\/labravaradiofm\\\/\"},{\"@type\":\"ListItem\",\"position\":2,\"name\":\"\u201cCalidez en Familia\u201d del Sistema DIF Oaxaca, acude a la regi\u00f3n de la Mixteca para abrigar a cientos de familias en condiciones vulnerables\"}]},{\"@type\":\"WebSite\",\"@id\":\"https:\\\/\\\/www.bbmnoticias.com\\\/labravaradiofm\\\/#website\",\"url\":\"https:\\\/\\\/www.bbmnoticias.com\\\/labravaradiofm\\\/\",\"name\":\"LA BRAVA RADIO\",\"description\":\"Empresa productora de medios, Radiodifusi\u00f3n, Noticias, tendencias y todo lo que necesitas saber de la pol\u00edtica mexicana e internacional; entretenimiento, espect\u00e1culos, salud y mucho m\u00e1s.\",\"potentialAction\":[{\"@type\":\"SearchAction\",\"target\":{\"@type\":\"EntryPoint\",\"urlTemplate\":\"https:\\\/\\\/www.bbmnoticias.com\\\/labravaradiofm\\\/?s={search_term_string}\"},\"query-input\":{\"@type\":\"PropertyValueSpecification\",\"valueRequired\":true,\"valueName\":\"search_term_string\"}}],\"inLanguage\":\"es\"},{\"@type\":\"Person\",\"@id\":\"https:\\\/\\\/www.bbmnoticias.com\\\/labravaradiofm\\\/#\\\/schema\\\/person\\\/68a9e9036ef3c5b55aeb2b71dc8bab45\",\"name\":\"Staff\",\"image\":{\"@type\":\"ImageObject\",\"inLanguage\":\"es\",\"@id\":\"https:\\\/\\\/secure.gravatar.com\\\/avatar\\\/fdd21ad66fd8b98c407f9dee5b5e588cfe7f0d8579ec20fa6527cd59bab7f0f0?s=96&d=mm&r=g\",\"url\":\"https:\\\/\\\/secure.gravatar.com\\\/avatar\\\/fdd21ad66fd8b98c407f9dee5b5e588cfe7f0d8579ec20fa6527cd59bab7f0f0?s=96&d=mm&r=g\",\"contentUrl\":\"https:\\\/\\\/secure.gravatar.com\\\/avatar\\\/fdd21ad66fd8b98c407f9dee5b5e588cfe7f0d8579ec20fa6527cd59bab7f0f0?s=96&d=mm&r=g\",\"caption\":\"Staff\"},\"url\":\"https:\\\/\\\/www.bbmnoticias.com\\\/labravaradiofm\\\/author\\\/redaccion\\\/\"}]}<\/script>\n<!-- \/ Yoast SEO plugin. -->","yoast_head_json":{"title":"\u201cCalidez en Familia\u201d del Sistema DIF Oaxaca, acude a la regi\u00f3n de la Mixteca para abrigar a cientos de familias en condiciones vulnerables - LA BRAVA RADIO","robots":{"index":"index","follow":"follow","max-snippet":"max-snippet:-1","max-image-preview":"max-image-preview:large","max-video-preview":"max-video-preview:-1"},"canonical":"https:\/\/www.bbmnoticias.com\/labravaradiofm\/2021\/12\/29\/calidez-en-familia-del-sistema-dif-oaxaca-acude-a-la-region-de-la-mixteca-para-abrigar-a-cientos-de-familias-en-condiciones-vulnerables\/","og_locale":"es_MX","og_type":"article","og_title":"\u201cCalidez en Familia\u201d del Sistema DIF Oaxaca, acude a la regi\u00f3n de la Mixteca para abrigar a cientos de familias en condiciones vulnerables - LA BRAVA RADIO","og_description":"Continuando con las acciones en materia de asistencia y bienestar social, tal como lo instruy\u00f3 el gobernador del Estado, Alejandro Murat Hinojosa, y fortaleciendo el \u201cEje I: Oaxaca Incluyente con Desarrollo Social\u201d, del Plan Estatal de Desarrollo 2016 a 2022, el Sistema para el Desarrollo Integral de la Familia (DIF) Oaxaca, presidido por Ivette Mor\u00e1n [&hellip;]","og_url":"https:\/\/www.bbmnoticias.com\/labravaradiofm\/2021\/12\/29\/calidez-en-familia-del-sistema-dif-oaxaca-acude-a-la-region-de-la-mixteca-para-abrigar-a-cientos-de-familias-en-condiciones-vulnerables\/","og_site_name":"LA BRAVA RADIO","article_published_time":"2021-12-29T23:10:43+00:00","article_modified_time":"2021-12-29T23:10:45+00:00","og_image":[{"width":1024,"height":690,"url":"https:\/\/www.bbmnoticias.com\/labravaradiofm\/wp-content\/uploads\/sites\/5\/2021\/12\/l29122021-4.jpeg","type":"image\/jpeg"}],"author":"Staff","twitter_card":"summary_large_image","twitter_misc":{"Escrito por":"Staff","Tiempo de lectura":"2 minutos"},"schema":{"@context":"https:\/\/schema.org","@graph":[{"@type":"Article","@id":"https:\/\/www.bbmnoticias.com\/labravaradiofm\/2021\/12\/29\/calidez-en-familia-del-sistema-dif-oaxaca-acude-a-la-region-de-la-mixteca-para-abrigar-a-cientos-de-familias-en-condiciones-vulnerables\/#article","isPartOf":{"@id":"https:\/\/www.bbmnoticias.com\/labravaradiofm\/2021\/12\/29\/calidez-en-familia-del-sistema-dif-oaxaca-acude-a-la-region-de-la-mixteca-para-abrigar-a-cientos-de-familias-en-condiciones-vulnerables\/"},"author":{"name":"Staff","@id":"https:\/\/www.bbmnoticias.com\/labravaradiofm\/#\/schema\/person\/68a9e9036ef3c5b55aeb2b71dc8bab45"},"headline":"\u201cCalidez en Familia\u201d del Sistema DIF Oaxaca, acude a la regi\u00f3n de la Mixteca para abrigar a cientos de familias en condiciones vulnerables","datePublished":"2021-12-29T23:10:43+00:00","dateModified":"2021-12-29T23:10:45+00:00","mainEntityOfPage":{"@id":"https:\/\/www.bbmnoticias.com\/labravaradiofm\/2021\/12\/29\/calidez-en-familia-del-sistema-dif-oaxaca-acude-a-la-region-de-la-mixteca-para-abrigar-a-cientos-de-familias-en-condiciones-vulnerables\/"},"wordCount":432,"image":{"@id":"https:\/\/www.bbmnoticias.com\/labravaradiofm\/2021\/12\/29\/calidez-en-familia-del-sistema-dif-oaxaca-acude-a-la-region-de-la-mixteca-para-abrigar-a-cientos-de-familias-en-condiciones-vulnerables\/#primaryimage"},"thumbnailUrl":"https:\/\/www.bbmnoticias.com\/labravaradiofm\/wp-content\/uploads\/sites\/5\/2021\/12\/l29122021-4.jpeg","articleSection":["LOCAL"],"inLanguage":"es"},{"@type":"WebPage","@id":"https:\/\/www.bbmnoticias.com\/labravaradiofm\/2021\/12\/29\/calidez-en-familia-del-sistema-dif-oaxaca-acude-a-la-region-de-la-mixteca-para-abrigar-a-cientos-de-familias-en-condiciones-vulnerables\/","url":"https:\/\/www.bbmnoticias.com\/labravaradiofm\/2021\/12\/29\/calidez-en-familia-del-sistema-dif-oaxaca-acude-a-la-region-de-la-mixteca-para-abrigar-a-cientos-de-familias-en-condiciones-vulnerables\/","name":"\u201cCalidez en Familia\u201d del Sistema DIF Oaxaca, acude a la regi\u00f3n de la Mixteca para abrigar a cientos de familias en condiciones vulnerables - LA BRAVA RADIO","isPartOf":{"@id":"https:\/\/www.bbmnoticias.com\/labravaradiofm\/#website"},"primaryImageOfPage":{"@id":"https:\/\/www.bbmnoticias.com\/labravaradiofm\/2021\/12\/29\/calidez-en-familia-del-sistema-dif-oaxaca-acude-a-la-region-de-la-mixteca-para-abrigar-a-cientos-de-familias-en-condiciones-vulnerables\/#primaryimage"},"image":{"@id":"https:\/\/www.bbmnoticias.com\/labravaradiofm\/2021\/12\/29\/calidez-en-familia-del-sistema-dif-oaxaca-acude-a-la-region-de-la-mixteca-para-abrigar-a-cientos-de-familias-en-condiciones-vulnerables\/#primaryimage"},"thumbnailUrl":"https:\/\/www.bbmnoticias.com\/labravaradiofm\/wp-content\/uploads\/sites\/5\/2021\/12\/l29122021-4.jpeg","datePublished":"2021-12-29T23:10:43+00:00","dateModified":"2021-12-29T23:10:45+00:00","author":{"@id":"https:\/\/www.bbmnoticias.com\/labravaradiofm\/#\/schema\/person\/68a9e9036ef3c5b55aeb2b71dc8bab45"},"breadcrumb":{"@id":"https:\/\/www.bbmnoticias.com\/labravaradiofm\/2021\/12\/29\/calidez-en-familia-del-sistema-dif-oaxaca-acude-a-la-region-de-la-mixteca-para-abrigar-a-cientos-de-familias-en-condiciones-vulnerables\/#breadcrumb"},"inLanguage":"es","potentialAction":[{"@type":"ReadAction","target":["https:\/\/www.bbmnoticias.com\/labravaradiofm\/2021\/12\/29\/calidez-en-familia-del-sistema-dif-oaxaca-acude-a-la-region-de-la-mixteca-para-abrigar-a-cientos-de-familias-en-condiciones-vulnerables\/"]}]},{"@type":"ImageObject","inLanguage":"es","@id":"https:\/\/www.bbmnoticias.com\/labravaradiofm\/2021\/12\/29\/calidez-en-familia-del-sistema-dif-oaxaca-acude-a-la-region-de-la-mixteca-para-abrigar-a-cientos-de-familias-en-condiciones-vulnerables\/#primaryimage","url":"https:\/\/www.bbmnoticias.com\/labravaradiofm\/wp-content\/uploads\/sites\/5\/2021\/12\/l29122021-4.jpeg","contentUrl":"https:\/\/www.bbmnoticias.com\/labravaradiofm\/wp-content\/uploads\/sites\/5\/2021\/12\/l29122021-4.jpeg","width":1024,"height":690},{"@type":"BreadcrumbList","@id":"https:\/\/www.bbmnoticias.com\/labravaradiofm\/2021\/12\/29\/calidez-en-familia-del-sistema-dif-oaxaca-acude-a-la-region-de-la-mixteca-para-abrigar-a-cientos-de-familias-en-condiciones-vulnerables\/#breadcrumb","itemListElement":[{"@type":"ListItem","position":1,"name":"Inicio","item":"https:\/\/www.bbmnoticias.com\/labravaradiofm\/"},{"@type":"ListItem","position":2,"name":"\u201cCalidez en Familia\u201d del Sistema DIF Oaxaca, acude a la regi\u00f3n de la Mixteca para abrigar a cientos de familias en condiciones vulnerables"}]},{"@type":"WebSite","@id":"https:\/\/www.bbmnoticias.com\/labravaradiofm\/#website","url":"https:\/\/www.bbmnoticias.com\/labravaradiofm\/","name":"LA BRAVA RADIO","description":"Empresa productora de medios, Radiodifusi\u00f3n, Noticias, tendencias y todo lo que necesitas saber de la pol\u00edtica mexicana e internacional; entretenimiento, espect\u00e1culos, salud y mucho m\u00e1s.","potentialAction":[{"@type":"SearchAction","target":{"@type":"EntryPoint","urlTemplate":"https:\/\/www.bbmnoticias.com\/labravaradiofm\/?s={search_term_string}"},"query-input":{"@type":"PropertyValueSpecification","valueRequired":true,"valueName":"search_term_string"}}],"inLanguage":"es"},{"@type":"Person","@id":"https:\/\/www.bbmnoticias.com\/labravaradiofm\/#\/schema\/person\/68a9e9036ef3c5b55aeb2b71dc8bab45","name":"Staff","image":{"@type":"ImageObject","inLanguage":"es","@id":"https:\/\/secure.gravatar.com\/avatar\/fdd21ad66fd8b98c407f9dee5b5e588cfe7f0d8579ec20fa6527cd59bab7f0f0?s=96&d=mm&r=g","url":"https:\/\/secure.gravatar.com\/avatar\/fdd21ad66fd8b98c407f9dee5b5e588cfe7f0d8579ec20fa6527cd59bab7f0f0?s=96&d=mm&r=g","contentUrl":"https:\/\/secure.gravatar.com\/avatar\/fdd21ad66fd8b98c407f9dee5b5e588cfe7f0d8579ec20fa6527cd59bab7f0f0?s=96&d=mm&r=g","caption":"Staff"},"url":"https:\/\/www.bbmnoticias.com\/labravaradiofm\/author\/redaccion\/"}]}},"_links":{"self":[{"href":"https:\/\/www.bbmnoticias.com\/labravaradiofm\/wp-json\/wp\/v2\/posts\/7895","targetHints":{"allow":["GET"]}}],"collection":[{"href":"https:\/\/www.bbmnoticias.com\/labravaradiofm\/wp-json\/wp\/v2\/posts"}],"about":[{"href":"https:\/\/www.bbmnoticias.com\/labravaradiofm\/wp-json\/wp\/v2\/types\/post"}],"author":[{"embeddable":true,"href":"https:\/\/www.bbmnoticias.com\/labravaradiofm\/wp-json\/wp\/v2\/users\/2"}],"replies":[{"embeddable":true,"href":"https:\/\/www.bbmnoticias.com\/labravaradiofm\/wp-json\/wp\/v2\/comments?post=7895"}],"version-history":[{"count":0,"href":"https:\/\/www.bbmnoticias.com\/labravaradiofm\/wp-json\/wp\/v2\/posts\/7895\/revisions"}],"wp:featuredmedia":[{"embeddable":true,"href":"https:\/\/www.bbmnoticias.com\/labravaradiofm\/wp-json\/wp\/v2\/media\/7896"}],"wp:attachment":[{"href":"https:\/\/www.bbmnoticias.com\/labravaradiofm\/wp-json\/wp\/v2\/media?parent=7895"}],"wp:term":[{"taxonomy":"category","embeddable":true,"href":"https:\/\/www.bbmnoticias.com\/labravaradiofm\/wp-json\/wp\/v2\/categories?post=7895"},{"taxonomy":"post_tag","embeddable":true,"href":"https:\/\/www.bbmnoticias.com\/labravaradiofm\/wp-json\/wp\/v2\/tags?post=7895"}],"curies":[{"name":"wp","href":"https:\/\/api.w.org\/{rel}","templated":true}]}}