{"id":7888,"date":"2021-12-29T14:49:07","date_gmt":"2021-12-29T20:49:07","guid":{"rendered":"https:\/\/www.bbmnoticias.com\/labravaradiofm\/?p=7888"},"modified":"2021-12-29T14:49:09","modified_gmt":"2021-12-29T20:49:09","slug":"avanza-aplicacion-de-vacuna-de-refuerzo-contra-covid-19-a-personal-de-salud-del-imss","status":"publish","type":"post","link":"https:\/\/www.bbmnoticias.com\/labravaradiofm\/2021\/12\/29\/avanza-aplicacion-de-vacuna-de-refuerzo-contra-covid-19-a-personal-de-salud-del-imss\/","title":{"rendered":"Avanza aplicaci\u00f3n de vacuna de refuerzo contra COVID-19 a personal de salud del IMSS"},"content":{"rendered":"<div style=\"margin-top: 0px; margin-bottom: 0px;\" class=\"sharethis-inline-share-buttons\" ><\/div>\n<p>El Instituto Mexicano del Seguro Social (IMSS) avanza con la aplicaci\u00f3n de la vacuna de refuerzo contra la COVID-19 al personal de salud que labora en Unidades M\u00e9dicas en los tres niveles de atenci\u00f3n en la Ciudad de M\u00e9xico, Coahuila, Michoac\u00e1n y Tlaxcala, con ello proteger a las y los trabajadores que contin\u00faan haciendo frente a la pandemia.<\/p>\n\n\n\n<p>En la Oficina de Representaci\u00f3n del IMSS en Ciudad de M\u00e9xico Norte se aplicar\u00e1n 41 mil 138 dosis de refuerzo, inform\u00f3 el doctor Rodrigo Guadalupe Ojeda Escoto, coordinador auxiliar de Salud P\u00fablica de esta regi\u00f3n.<\/p>\n\n\n\n<p>Detall\u00f3 que se instalaron dos sedes para la inmunizaci\u00f3n del personal con la vacuna de AstraZeneca, una en la explanada del Hospital General del Centro M\u00e9dico Nacional (CMN) La Raza, donde se aplicar\u00e1n 17 mil 687 dosis en 15 c\u00e9lulas vacunadoras, y en la Unidad Morelos\/Unidad de Medicina Familiar (UMF) No. 23, con 23 mil 451 dosis en 12 c\u00e9lulas.<\/p>\n\n\n\n<p>Cada c\u00e9lula de vacunaci\u00f3n cuenta con tres enfermeras o enfermeros que se encargan de aplicar la dosis, recibir el formato espec\u00edfico para vacunaci\u00f3n y vigilar la Red de Fr\u00edo. Para evitar aglomeraciones y cuidar las medidas de bioseguridad como el uso de cubrebocas, sana distancia e higiene de manos, se prev\u00e9 aplicar cinco mil dosis diarias en cada sede.<\/p>\n\n\n\n<p>El doctor Ojeda Escoto se\u00f1al\u00f3 que la vacunaci\u00f3n se realizar\u00e1 hasta el viernes 31 de diciembre, se har\u00e1 un corte de informaci\u00f3n, y de ser necesario extender la estrategia los d\u00edas que se requieran, contemplando que existe personal de salud en periodo vacacional.<\/p>\n\n\n\n<p>Los trabajadores que recibe esta vacuna de refuerzo laboran en las Unidades M\u00e9dicas de Alta Especialidad (UMAE) en el CMN La Raza y en Magdalena de las Salinas, tres Hospitales Generales de Zona, un Hospital General de Zona con Medicina Familiar, 22 Unidades de Medicina Familiar, dos Unidades de Rehabilitaci\u00f3n y Medicina F\u00edsica, as\u00ed como al personal que labora en el Laboratorio Central de Epidemiolog\u00eda, Laboratorio de Investigaci\u00f3n, Ambulancias, Planta de lavado y Central Telef\u00f3nica.<\/p>\n\n\n\n<p>&#8220;La importancia de recibir este refuerzo es el cuidado de la salud de nuestros compa\u00f1eros, y si llegan a tener sintomatolog\u00eda de la COVID-19, sean leves y evitar que ingresen a una unidad hospitalaria&#8221;, resalt\u00f3.<\/p>\n\n\n\n<p>En la Oficina de Representaci\u00f3n del IMSS en Ciudad de M\u00e9xico Sur, se prev\u00e9 inmunizar 36 mil 745 trabajadores de la salud en tres sedes: Hospital de Especialidades del CMN Siglo XXI, del 28 al 30 de diciembre, y en los Hospitales Generales Regionales (HGR) No. 2 Villa Coapa y No. 1 \u201cDr. Carlos Mac Gregor S\u00e1nchez Navarro\u201d, del 28 diciembre al 9 de enero del 2022.<\/p>\n\n\n\n<p>La coordinadora auxiliar de Salud P\u00fablica en CDMX Sur, doctora Zaira Lustres, explic\u00f3 que hay 10 c\u00e9lulas de vacunaci\u00f3n en el Centro M\u00e9dico Siglo XXI para inmunizar hasta 600 personas por hora de todas las categor\u00edas de las UMAE de Especialidades, Pediatr\u00eda, Cardiolog\u00eda y Oncolog\u00eda.<\/p>\n\n\n\n<p><a><\/a>Respecto a la organizaci\u00f3n de este proceso, la doctora Natividad Neri Mu\u00f1oz, encargada de la direcci\u00f3n M\u00e9dica del Hospital de Especialidades, inform\u00f3 que participan 15 personas de diferentes categor\u00edas: directora de Enfermer\u00eda, jefe de Farmacia, epidemiolog\u00eda, Servicio de Protecci\u00f3n y Promoci\u00f3n de la Salud para Trabajadores IMSS (SPPSTIMSS), enfermeras, camilleros y personal directivo de las cuatro Unidades M\u00e9dicas de Alta Especialidad.<\/p>\n\n\n\n<p><strong>Coahuila<\/strong><\/p>\n\n\n\n<p>En Coahuila avanza la aplicaci\u00f3n de la dosis de refuerzo contra la COVID-19 al personal del r\u00e9gimen ordinario del IMSS y del Programa IMSS-BIENESTAR.<\/p>\n\n\n\n<p>El coordinador auxiliar de Salud P\u00fablica, doctor Ildefonso L\u00f3pez Sandoval, se\u00f1al\u00f3 que en la primera l\u00ednea de atenci\u00f3n a la pandemia est\u00e1n 13 mil 795 trabajadores de la salud del IMSS en el estado.<\/p>\n\n\n\n<p>Se tiene considerado concluir la etapa de inoculaci\u00f3n el d\u00eda 30 de diciembre a los trabajadores de los Hospitales Generales de Zona (HGZ), No. 1, 2, 7, 11, 13, 16, 18 y 24 y UMAE No. 71, nosocomios considerados dentro de la red de Infecciones Respiratorias Agudas (IRAG) y los Hospitales Rurales (HR) de IMSS-BIENESTAR No. 33 y 79.<\/p>\n\n\n\n<p><strong>Michoac\u00e1n<\/strong><\/p>\n\n\n\n<p>En el estado de Michoac\u00e1n, un total de 11 mil trabajadoras y trabajadores de la salud que laboran en 16 Unidades M\u00e9dicas Familiares (UMF) y Hospitales reciben la inmunizaci\u00f3n contra SARS-CoV-2 esta semana.<\/p>\n\n\n\n<p>La titular del IMSS en Michoac\u00e1n, Mar\u00eda Luisa Rodea Pimentel, asegur\u00f3 que se trata de impulsar la inmunizaci\u00f3n y protecci\u00f3n de quienes atienden a la sociedad michoacana de la emergencia sanitaria. La inmunizaci\u00f3n se realiza de conformidad con la Pol\u00edtica Nacional de Vacunaci\u00f3n para la Prevenci\u00f3n de COVID-19.<\/p>\n\n\n\n<p><strong>Tlaxcala<\/strong><\/p>\n\n\n\n<p>El Instituto Mexicano del Seguro Social en Tlaxcala instal\u00f3 en tres sedes la vacunaci\u00f3n de refuerzo: lobby del Teatro IMSS \u201cLic. Ignacio Garc\u00eda T\u00e9llez\u201d; Hospital General de Zona (HGZ) No. 1 \u201cLa Loma\u201d, y el HGZ con Unidad de Medicina Familiar No. 2.<\/p>\n\n\n\n<p>La vacunaci\u00f3n del personal se realiza los d\u00edas 28 y 29 de diciembre con la finalidad de proteger a tres mil 150 trabajadores de la Representaci\u00f3n, que laboran en tres hospitales y 14 Unidades de Medicina Familiar.<\/p>\n","protected":false},"excerpt":{"rendered":"<p>El Instituto Mexicano del Seguro Social (IMSS) avanza con la aplicaci\u00f3n de la vacuna de refuerzo contra la COVID-19 al personal de salud que labora en Unidades M\u00e9dicas en los tres niveles de atenci\u00f3n en la Ciudad de M\u00e9xico, Coahuila, Michoac\u00e1n y Tlaxcala, con ello proteger a las y los trabajadores que contin\u00faan haciendo frente [&hellip;]<\/p>\n","protected":false},"author":2,"featured_media":7889,"comment_status":"closed","ping_status":"closed","sticky":false,"template":"","format":"standard","meta":{"footnotes":""},"categories":[19],"tags":[],"class_list":{"0":"post-7888","1":"post","2":"type-post","3":"status-publish","4":"format-standard","5":"has-post-thumbnail","7":"category-nacional"},"yoast_head":"<!-- This site is optimized with the Yoast SEO plugin v27.4 - https:\/\/yoast.com\/product\/yoast-seo-wordpress\/ -->\n<title>Avanza aplicaci\u00f3n de vacuna de refuerzo contra COVID-19 a personal de salud del IMSS - LA BRAVA RADIO<\/title>\n<meta name=\"robots\" content=\"index, follow, max-snippet:-1, max-image-preview:large, max-video-preview:-1\" \/>\n<link rel=\"canonical\" href=\"https:\/\/www.bbmnoticias.com\/labravaradiofm\/2021\/12\/29\/avanza-aplicacion-de-vacuna-de-refuerzo-contra-covid-19-a-personal-de-salud-del-imss\/\" \/>\n<meta property=\"og:locale\" content=\"es_MX\" \/>\n<meta property=\"og:type\" content=\"article\" \/>\n<meta property=\"og:title\" content=\"Avanza aplicaci\u00f3n de vacuna de refuerzo contra COVID-19 a personal de salud del IMSS - LA BRAVA RADIO\" \/>\n<meta property=\"og:description\" content=\"El Instituto Mexicano del Seguro Social (IMSS) avanza con la aplicaci\u00f3n de la vacuna de refuerzo contra la COVID-19 al personal de salud que labora en Unidades M\u00e9dicas en los tres niveles de atenci\u00f3n en la Ciudad de M\u00e9xico, Coahuila, Michoac\u00e1n y Tlaxcala, con ello proteger a las y los trabajadores que contin\u00faan haciendo frente [&hellip;]\" \/>\n<meta property=\"og:url\" content=\"https:\/\/www.bbmnoticias.com\/labravaradiofm\/2021\/12\/29\/avanza-aplicacion-de-vacuna-de-refuerzo-contra-covid-19-a-personal-de-salud-del-imss\/\" \/>\n<meta property=\"og:site_name\" content=\"LA BRAVA RADIO\" \/>\n<meta property=\"article:published_time\" content=\"2021-12-29T20:49:07+00:00\" \/>\n<meta property=\"article:modified_time\" content=\"2021-12-29T20:49:09+00:00\" \/>\n<meta property=\"og:image\" content=\"https:\/\/www.bbmnoticias.com\/labravaradiofm\/wp-content\/uploads\/sites\/5\/2021\/12\/imss-covid.jpg\" \/>\n\t<meta property=\"og:image:width\" content=\"1280\" \/>\n\t<meta property=\"og:image:height\" content=\"853\" \/>\n\t<meta property=\"og:image:type\" content=\"image\/jpeg\" \/>\n<meta name=\"author\" content=\"Staff\" \/>\n<meta name=\"twitter:card\" content=\"summary_large_image\" \/>\n<meta name=\"twitter:label1\" content=\"Escrito por\" \/>\n\t<meta name=\"twitter:data1\" content=\"Staff\" \/>\n\t<meta name=\"twitter:label2\" content=\"Tiempo de lectura\" \/>\n\t<meta name=\"twitter:data2\" content=\"4 minutos\" \/>\n<script type=\"application\/ld+json\" class=\"yoast-schema-graph\">{\"@context\":\"https:\\\/\\\/schema.org\",\"@graph\":[{\"@type\":\"Article\",\"@id\":\"https:\\\/\\\/www.bbmnoticias.com\\\/labravaradiofm\\\/2021\\\/12\\\/29\\\/avanza-aplicacion-de-vacuna-de-refuerzo-contra-covid-19-a-personal-de-salud-del-imss\\\/#article\",\"isPartOf\":{\"@id\":\"https:\\\/\\\/www.bbmnoticias.com\\\/labravaradiofm\\\/2021\\\/12\\\/29\\\/avanza-aplicacion-de-vacuna-de-refuerzo-contra-covid-19-a-personal-de-salud-del-imss\\\/\"},\"author\":{\"name\":\"Staff\",\"@id\":\"https:\\\/\\\/www.bbmnoticias.com\\\/labravaradiofm\\\/#\\\/schema\\\/person\\\/68a9e9036ef3c5b55aeb2b71dc8bab45\"},\"headline\":\"Avanza aplicaci\u00f3n de vacuna de refuerzo contra COVID-19 a personal de salud del IMSS\",\"datePublished\":\"2021-12-29T20:49:07+00:00\",\"dateModified\":\"2021-12-29T20:49:09+00:00\",\"mainEntityOfPage\":{\"@id\":\"https:\\\/\\\/www.bbmnoticias.com\\\/labravaradiofm\\\/2021\\\/12\\\/29\\\/avanza-aplicacion-de-vacuna-de-refuerzo-contra-covid-19-a-personal-de-salud-del-imss\\\/\"},\"wordCount\":872,\"image\":{\"@id\":\"https:\\\/\\\/www.bbmnoticias.com\\\/labravaradiofm\\\/2021\\\/12\\\/29\\\/avanza-aplicacion-de-vacuna-de-refuerzo-contra-covid-19-a-personal-de-salud-del-imss\\\/#primaryimage\"},\"thumbnailUrl\":\"https:\\\/\\\/www.bbmnoticias.com\\\/labravaradiofm\\\/wp-content\\\/uploads\\\/sites\\\/5\\\/2021\\\/12\\\/imss-covid.jpg\",\"articleSection\":[\"NACIONAL\"],\"inLanguage\":\"es\"},{\"@type\":\"WebPage\",\"@id\":\"https:\\\/\\\/www.bbmnoticias.com\\\/labravaradiofm\\\/2021\\\/12\\\/29\\\/avanza-aplicacion-de-vacuna-de-refuerzo-contra-covid-19-a-personal-de-salud-del-imss\\\/\",\"url\":\"https:\\\/\\\/www.bbmnoticias.com\\\/labravaradiofm\\\/2021\\\/12\\\/29\\\/avanza-aplicacion-de-vacuna-de-refuerzo-contra-covid-19-a-personal-de-salud-del-imss\\\/\",\"name\":\"Avanza aplicaci\u00f3n de vacuna de refuerzo contra COVID-19 a personal de salud del IMSS - LA BRAVA RADIO\",\"isPartOf\":{\"@id\":\"https:\\\/\\\/www.bbmnoticias.com\\\/labravaradiofm\\\/#website\"},\"primaryImageOfPage\":{\"@id\":\"https:\\\/\\\/www.bbmnoticias.com\\\/labravaradiofm\\\/2021\\\/12\\\/29\\\/avanza-aplicacion-de-vacuna-de-refuerzo-contra-covid-19-a-personal-de-salud-del-imss\\\/#primaryimage\"},\"image\":{\"@id\":\"https:\\\/\\\/www.bbmnoticias.com\\\/labravaradiofm\\\/2021\\\/12\\\/29\\\/avanza-aplicacion-de-vacuna-de-refuerzo-contra-covid-19-a-personal-de-salud-del-imss\\\/#primaryimage\"},\"thumbnailUrl\":\"https:\\\/\\\/www.bbmnoticias.com\\\/labravaradiofm\\\/wp-content\\\/uploads\\\/sites\\\/5\\\/2021\\\/12\\\/imss-covid.jpg\",\"datePublished\":\"2021-12-29T20:49:07+00:00\",\"dateModified\":\"2021-12-29T20:49:09+00:00\",\"author\":{\"@id\":\"https:\\\/\\\/www.bbmnoticias.com\\\/labravaradiofm\\\/#\\\/schema\\\/person\\\/68a9e9036ef3c5b55aeb2b71dc8bab45\"},\"breadcrumb\":{\"@id\":\"https:\\\/\\\/www.bbmnoticias.com\\\/labravaradiofm\\\/2021\\\/12\\\/29\\\/avanza-aplicacion-de-vacuna-de-refuerzo-contra-covid-19-a-personal-de-salud-del-imss\\\/#breadcrumb\"},\"inLanguage\":\"es\",\"potentialAction\":[{\"@type\":\"ReadAction\",\"target\":[\"https:\\\/\\\/www.bbmnoticias.com\\\/labravaradiofm\\\/2021\\\/12\\\/29\\\/avanza-aplicacion-de-vacuna-de-refuerzo-contra-covid-19-a-personal-de-salud-del-imss\\\/\"]}]},{\"@type\":\"ImageObject\",\"inLanguage\":\"es\",\"@id\":\"https:\\\/\\\/www.bbmnoticias.com\\\/labravaradiofm\\\/2021\\\/12\\\/29\\\/avanza-aplicacion-de-vacuna-de-refuerzo-contra-covid-19-a-personal-de-salud-del-imss\\\/#primaryimage\",\"url\":\"https:\\\/\\\/www.bbmnoticias.com\\\/labravaradiofm\\\/wp-content\\\/uploads\\\/sites\\\/5\\\/2021\\\/12\\\/imss-covid.jpg\",\"contentUrl\":\"https:\\\/\\\/www.bbmnoticias.com\\\/labravaradiofm\\\/wp-content\\\/uploads\\\/sites\\\/5\\\/2021\\\/12\\\/imss-covid.jpg\",\"width\":1280,\"height\":853},{\"@type\":\"BreadcrumbList\",\"@id\":\"https:\\\/\\\/www.bbmnoticias.com\\\/labravaradiofm\\\/2021\\\/12\\\/29\\\/avanza-aplicacion-de-vacuna-de-refuerzo-contra-covid-19-a-personal-de-salud-del-imss\\\/#breadcrumb\",\"itemListElement\":[{\"@type\":\"ListItem\",\"position\":1,\"name\":\"Inicio\",\"item\":\"https:\\\/\\\/www.bbmnoticias.com\\\/labravaradiofm\\\/\"},{\"@type\":\"ListItem\",\"position\":2,\"name\":\"Avanza aplicaci\u00f3n de vacuna de refuerzo contra COVID-19 a personal de salud del IMSS\"}]},{\"@type\":\"WebSite\",\"@id\":\"https:\\\/\\\/www.bbmnoticias.com\\\/labravaradiofm\\\/#website\",\"url\":\"https:\\\/\\\/www.bbmnoticias.com\\\/labravaradiofm\\\/\",\"name\":\"LA BRAVA RADIO\",\"description\":\"Empresa productora de medios, Radiodifusi\u00f3n, Noticias, tendencias y todo lo que necesitas saber de la pol\u00edtica mexicana e internacional; entretenimiento, espect\u00e1culos, salud y mucho m\u00e1s.\",\"potentialAction\":[{\"@type\":\"SearchAction\",\"target\":{\"@type\":\"EntryPoint\",\"urlTemplate\":\"https:\\\/\\\/www.bbmnoticias.com\\\/labravaradiofm\\\/?s={search_term_string}\"},\"query-input\":{\"@type\":\"PropertyValueSpecification\",\"valueRequired\":true,\"valueName\":\"search_term_string\"}}],\"inLanguage\":\"es\"},{\"@type\":\"Person\",\"@id\":\"https:\\\/\\\/www.bbmnoticias.com\\\/labravaradiofm\\\/#\\\/schema\\\/person\\\/68a9e9036ef3c5b55aeb2b71dc8bab45\",\"name\":\"Staff\",\"image\":{\"@type\":\"ImageObject\",\"inLanguage\":\"es\",\"@id\":\"https:\\\/\\\/secure.gravatar.com\\\/avatar\\\/fdd21ad66fd8b98c407f9dee5b5e588cfe7f0d8579ec20fa6527cd59bab7f0f0?s=96&d=mm&r=g\",\"url\":\"https:\\\/\\\/secure.gravatar.com\\\/avatar\\\/fdd21ad66fd8b98c407f9dee5b5e588cfe7f0d8579ec20fa6527cd59bab7f0f0?s=96&d=mm&r=g\",\"contentUrl\":\"https:\\\/\\\/secure.gravatar.com\\\/avatar\\\/fdd21ad66fd8b98c407f9dee5b5e588cfe7f0d8579ec20fa6527cd59bab7f0f0?s=96&d=mm&r=g\",\"caption\":\"Staff\"},\"url\":\"https:\\\/\\\/www.bbmnoticias.com\\\/labravaradiofm\\\/author\\\/redaccion\\\/\"}]}<\/script>\n<!-- \/ Yoast SEO plugin. -->","yoast_head_json":{"title":"Avanza aplicaci\u00f3n de vacuna de refuerzo contra COVID-19 a personal de salud del IMSS - LA BRAVA RADIO","robots":{"index":"index","follow":"follow","max-snippet":"max-snippet:-1","max-image-preview":"max-image-preview:large","max-video-preview":"max-video-preview:-1"},"canonical":"https:\/\/www.bbmnoticias.com\/labravaradiofm\/2021\/12\/29\/avanza-aplicacion-de-vacuna-de-refuerzo-contra-covid-19-a-personal-de-salud-del-imss\/","og_locale":"es_MX","og_type":"article","og_title":"Avanza aplicaci\u00f3n de vacuna de refuerzo contra COVID-19 a personal de salud del IMSS - LA BRAVA RADIO","og_description":"El Instituto Mexicano del Seguro Social (IMSS) avanza con la aplicaci\u00f3n de la vacuna de refuerzo contra la COVID-19 al personal de salud que labora en Unidades M\u00e9dicas en los tres niveles de atenci\u00f3n en la Ciudad de M\u00e9xico, Coahuila, Michoac\u00e1n y Tlaxcala, con ello proteger a las y los trabajadores que contin\u00faan haciendo frente [&hellip;]","og_url":"https:\/\/www.bbmnoticias.com\/labravaradiofm\/2021\/12\/29\/avanza-aplicacion-de-vacuna-de-refuerzo-contra-covid-19-a-personal-de-salud-del-imss\/","og_site_name":"LA BRAVA RADIO","article_published_time":"2021-12-29T20:49:07+00:00","article_modified_time":"2021-12-29T20:49:09+00:00","og_image":[{"width":1280,"height":853,"url":"https:\/\/www.bbmnoticias.com\/labravaradiofm\/wp-content\/uploads\/sites\/5\/2021\/12\/imss-covid.jpg","type":"image\/jpeg"}],"author":"Staff","twitter_card":"summary_large_image","twitter_misc":{"Escrito por":"Staff","Tiempo de lectura":"4 minutos"},"schema":{"@context":"https:\/\/schema.org","@graph":[{"@type":"Article","@id":"https:\/\/www.bbmnoticias.com\/labravaradiofm\/2021\/12\/29\/avanza-aplicacion-de-vacuna-de-refuerzo-contra-covid-19-a-personal-de-salud-del-imss\/#article","isPartOf":{"@id":"https:\/\/www.bbmnoticias.com\/labravaradiofm\/2021\/12\/29\/avanza-aplicacion-de-vacuna-de-refuerzo-contra-covid-19-a-personal-de-salud-del-imss\/"},"author":{"name":"Staff","@id":"https:\/\/www.bbmnoticias.com\/labravaradiofm\/#\/schema\/person\/68a9e9036ef3c5b55aeb2b71dc8bab45"},"headline":"Avanza aplicaci\u00f3n de vacuna de refuerzo contra COVID-19 a personal de salud del IMSS","datePublished":"2021-12-29T20:49:07+00:00","dateModified":"2021-12-29T20:49:09+00:00","mainEntityOfPage":{"@id":"https:\/\/www.bbmnoticias.com\/labravaradiofm\/2021\/12\/29\/avanza-aplicacion-de-vacuna-de-refuerzo-contra-covid-19-a-personal-de-salud-del-imss\/"},"wordCount":872,"image":{"@id":"https:\/\/www.bbmnoticias.com\/labravaradiofm\/2021\/12\/29\/avanza-aplicacion-de-vacuna-de-refuerzo-contra-covid-19-a-personal-de-salud-del-imss\/#primaryimage"},"thumbnailUrl":"https:\/\/www.bbmnoticias.com\/labravaradiofm\/wp-content\/uploads\/sites\/5\/2021\/12\/imss-covid.jpg","articleSection":["NACIONAL"],"inLanguage":"es"},{"@type":"WebPage","@id":"https:\/\/www.bbmnoticias.com\/labravaradiofm\/2021\/12\/29\/avanza-aplicacion-de-vacuna-de-refuerzo-contra-covid-19-a-personal-de-salud-del-imss\/","url":"https:\/\/www.bbmnoticias.com\/labravaradiofm\/2021\/12\/29\/avanza-aplicacion-de-vacuna-de-refuerzo-contra-covid-19-a-personal-de-salud-del-imss\/","name":"Avanza aplicaci\u00f3n de vacuna de refuerzo contra COVID-19 a personal de salud del IMSS - LA BRAVA RADIO","isPartOf":{"@id":"https:\/\/www.bbmnoticias.com\/labravaradiofm\/#website"},"primaryImageOfPage":{"@id":"https:\/\/www.bbmnoticias.com\/labravaradiofm\/2021\/12\/29\/avanza-aplicacion-de-vacuna-de-refuerzo-contra-covid-19-a-personal-de-salud-del-imss\/#primaryimage"},"image":{"@id":"https:\/\/www.bbmnoticias.com\/labravaradiofm\/2021\/12\/29\/avanza-aplicacion-de-vacuna-de-refuerzo-contra-covid-19-a-personal-de-salud-del-imss\/#primaryimage"},"thumbnailUrl":"https:\/\/www.bbmnoticias.com\/labravaradiofm\/wp-content\/uploads\/sites\/5\/2021\/12\/imss-covid.jpg","datePublished":"2021-12-29T20:49:07+00:00","dateModified":"2021-12-29T20:49:09+00:00","author":{"@id":"https:\/\/www.bbmnoticias.com\/labravaradiofm\/#\/schema\/person\/68a9e9036ef3c5b55aeb2b71dc8bab45"},"breadcrumb":{"@id":"https:\/\/www.bbmnoticias.com\/labravaradiofm\/2021\/12\/29\/avanza-aplicacion-de-vacuna-de-refuerzo-contra-covid-19-a-personal-de-salud-del-imss\/#breadcrumb"},"inLanguage":"es","potentialAction":[{"@type":"ReadAction","target":["https:\/\/www.bbmnoticias.com\/labravaradiofm\/2021\/12\/29\/avanza-aplicacion-de-vacuna-de-refuerzo-contra-covid-19-a-personal-de-salud-del-imss\/"]}]},{"@type":"ImageObject","inLanguage":"es","@id":"https:\/\/www.bbmnoticias.com\/labravaradiofm\/2021\/12\/29\/avanza-aplicacion-de-vacuna-de-refuerzo-contra-covid-19-a-personal-de-salud-del-imss\/#primaryimage","url":"https:\/\/www.bbmnoticias.com\/labravaradiofm\/wp-content\/uploads\/sites\/5\/2021\/12\/imss-covid.jpg","contentUrl":"https:\/\/www.bbmnoticias.com\/labravaradiofm\/wp-content\/uploads\/sites\/5\/2021\/12\/imss-covid.jpg","width":1280,"height":853},{"@type":"BreadcrumbList","@id":"https:\/\/www.bbmnoticias.com\/labravaradiofm\/2021\/12\/29\/avanza-aplicacion-de-vacuna-de-refuerzo-contra-covid-19-a-personal-de-salud-del-imss\/#breadcrumb","itemListElement":[{"@type":"ListItem","position":1,"name":"Inicio","item":"https:\/\/www.bbmnoticias.com\/labravaradiofm\/"},{"@type":"ListItem","position":2,"name":"Avanza aplicaci\u00f3n de vacuna de refuerzo contra COVID-19 a personal de salud del IMSS"}]},{"@type":"WebSite","@id":"https:\/\/www.bbmnoticias.com\/labravaradiofm\/#website","url":"https:\/\/www.bbmnoticias.com\/labravaradiofm\/","name":"LA BRAVA RADIO","description":"Empresa productora de medios, Radiodifusi\u00f3n, Noticias, tendencias y todo lo que necesitas saber de la pol\u00edtica mexicana e internacional; entretenimiento, espect\u00e1culos, salud y mucho m\u00e1s.","potentialAction":[{"@type":"SearchAction","target":{"@type":"EntryPoint","urlTemplate":"https:\/\/www.bbmnoticias.com\/labravaradiofm\/?s={search_term_string}"},"query-input":{"@type":"PropertyValueSpecification","valueRequired":true,"valueName":"search_term_string"}}],"inLanguage":"es"},{"@type":"Person","@id":"https:\/\/www.bbmnoticias.com\/labravaradiofm\/#\/schema\/person\/68a9e9036ef3c5b55aeb2b71dc8bab45","name":"Staff","image":{"@type":"ImageObject","inLanguage":"es","@id":"https:\/\/secure.gravatar.com\/avatar\/fdd21ad66fd8b98c407f9dee5b5e588cfe7f0d8579ec20fa6527cd59bab7f0f0?s=96&d=mm&r=g","url":"https:\/\/secure.gravatar.com\/avatar\/fdd21ad66fd8b98c407f9dee5b5e588cfe7f0d8579ec20fa6527cd59bab7f0f0?s=96&d=mm&r=g","contentUrl":"https:\/\/secure.gravatar.com\/avatar\/fdd21ad66fd8b98c407f9dee5b5e588cfe7f0d8579ec20fa6527cd59bab7f0f0?s=96&d=mm&r=g","caption":"Staff"},"url":"https:\/\/www.bbmnoticias.com\/labravaradiofm\/author\/redaccion\/"}]}},"_links":{"self":[{"href":"https:\/\/www.bbmnoticias.com\/labravaradiofm\/wp-json\/wp\/v2\/posts\/7888","targetHints":{"allow":["GET"]}}],"collection":[{"href":"https:\/\/www.bbmnoticias.com\/labravaradiofm\/wp-json\/wp\/v2\/posts"}],"about":[{"href":"https:\/\/www.bbmnoticias.com\/labravaradiofm\/wp-json\/wp\/v2\/types\/post"}],"author":[{"embeddable":true,"href":"https:\/\/www.bbmnoticias.com\/labravaradiofm\/wp-json\/wp\/v2\/users\/2"}],"replies":[{"embeddable":true,"href":"https:\/\/www.bbmnoticias.com\/labravaradiofm\/wp-json\/wp\/v2\/comments?post=7888"}],"version-history":[{"count":0,"href":"https:\/\/www.bbmnoticias.com\/labravaradiofm\/wp-json\/wp\/v2\/posts\/7888\/revisions"}],"wp:featuredmedia":[{"embeddable":true,"href":"https:\/\/www.bbmnoticias.com\/labravaradiofm\/wp-json\/wp\/v2\/media\/7889"}],"wp:attachment":[{"href":"https:\/\/www.bbmnoticias.com\/labravaradiofm\/wp-json\/wp\/v2\/media?parent=7888"}],"wp:term":[{"taxonomy":"category","embeddable":true,"href":"https:\/\/www.bbmnoticias.com\/labravaradiofm\/wp-json\/wp\/v2\/categories?post=7888"},{"taxonomy":"post_tag","embeddable":true,"href":"https:\/\/www.bbmnoticias.com\/labravaradiofm\/wp-json\/wp\/v2\/tags?post=7888"}],"curies":[{"name":"wp","href":"https:\/\/api.w.org\/{rel}","templated":true}]}}