{"id":7850,"date":"2021-12-29T09:58:37","date_gmt":"2021-12-29T15:58:37","guid":{"rendered":"https:\/\/www.bbmnoticias.com\/labravaradiofm\/?p=7850"},"modified":"2021-12-29T09:58:39","modified_gmt":"2021-12-29T15:58:39","slug":"sigue-amenaza-de-boicot-a-la-toma-de-protesta-de-francisco-martinez-neri","status":"publish","type":"post","link":"https:\/\/www.bbmnoticias.com\/labravaradiofm\/2021\/12\/29\/sigue-amenaza-de-boicot-a-la-toma-de-protesta-de-francisco-martinez-neri\/","title":{"rendered":"Sigue amenaza de boicot a la toma de protesta de Francisco Mart\u00ednez Neri"},"content":{"rendered":"<div style=\"margin-top: 0px; margin-bottom: 0px;\" class=\"sharethis-inline-share-buttons\" ><\/div>\n<p><strong>Oaxaca, Oax.- <\/strong>Trabajadores de Confianza del Ayuntamiento de Oaxaca de Ju\u00e1rez, anunciaron que no han recibido los pagos de sus aguinaldos y de sus quincenas del mes de diciembre, por lo que mantienen su amenaza de boicotear la toma de protesta de Francisco Mart\u00ednez Neri.<\/p>\n\n\n\n<p>Detallaron que aunque hace algunos d\u00edas dieron a conocer sus demandas, la actual administraci\u00f3n municipal que encabeza Oswaldo Garc\u00eda Jarqu\u00edn ha hecho o\u00eddos sordos, dej\u00e1ndolos en el olvido, sin empe\u00f1arse a pagar el recurso que por ley les corresponde.<\/p>\n\n\n\n<p>Por ese motivo, amenazan con no permitir la toma de protesta de Francisco Mart\u00ednez Neri sino se cumplen en tiempo y forma con sus pagos de las dos quincenas del mes de diciembre y aguinaldo.<\/p>\n\n\n\n<p>Por ello, pidieron al presidente municipal, Oswaldo Garc\u00eda Jarqu\u00edn, cumplir con su obligaci\u00f3n y pagar a los trabajadores en tiempo y forma.<\/p>\n\n\n\n<p>Aunado a este tema est\u00e1n exigiendo el pago de aguinaldo, vacaciones que por ley les corresponde, adem\u00e1s de incremento salarial, argumentando que en cinco a\u00f1os no lo han recibido.<\/p>\n\n\n\n<p>Se\u00f1alaron que de no ser as\u00ed, la advertencia esta dada de que no van a permitir que Francisco Mart\u00ednez Neri tome protesta el pr\u00f3ximo 01 de enero.<\/p>\n\n\n\n<p>Los trabajadores se\u00f1alaron que no van a permitir que se siga violentando sus derechos como trabajadores, y no descartaron movilizaciones en la Ciudad de Oaxaca.<\/p>\n\n\n\n<p>Indicaron que como los sindicalizados, tambi\u00e9n ellos tienen derechos a recibir sus pagos, por lo que reiteraron el llamado para que se les pague, de lo contrario el tema de boicot podr\u00eda darse el pr\u00f3ximo 01 de diciembre.<\/p>\n","protected":false},"excerpt":{"rendered":"<p>Oaxaca, Oax.- Trabajadores de Confianza del Ayuntamiento de Oaxaca de Ju\u00e1rez, anunciaron que no han recibido los pagos de sus aguinaldos y de sus quincenas del mes de diciembre, por lo que mantienen su amenaza de boicotear la toma de protesta de Francisco Mart\u00ednez Neri. Detallaron que aunque hace algunos d\u00edas dieron a conocer sus [&hellip;]<\/p>\n","protected":false},"author":7,"featured_media":7851,"comment_status":"closed","ping_status":"closed","sticky":false,"template":"","format":"standard","meta":{"footnotes":""},"categories":[2],"tags":[],"class_list":{"0":"post-7850","1":"post","2":"type-post","3":"status-publish","4":"format-standard","5":"has-post-thumbnail","7":"category-oaxaca"},"yoast_head":"<!-- This site is optimized with the Yoast SEO plugin v27.4 - https:\/\/yoast.com\/product\/yoast-seo-wordpress\/ -->\n<title>Sigue amenaza de boicot a la toma de protesta de Francisco Mart\u00ednez Neri - LA BRAVA RADIO<\/title>\n<meta name=\"robots\" content=\"index, follow, max-snippet:-1, max-image-preview:large, max-video-preview:-1\" \/>\n<link rel=\"canonical\" href=\"https:\/\/www.bbmnoticias.com\/labravaradiofm\/2021\/12\/29\/sigue-amenaza-de-boicot-a-la-toma-de-protesta-de-francisco-martinez-neri\/\" \/>\n<meta property=\"og:locale\" content=\"es_MX\" \/>\n<meta property=\"og:type\" content=\"article\" \/>\n<meta property=\"og:title\" content=\"Sigue amenaza de boicot a la toma de protesta de Francisco Mart\u00ednez Neri - LA BRAVA RADIO\" \/>\n<meta property=\"og:description\" content=\"Oaxaca, Oax.- Trabajadores de Confianza del Ayuntamiento de Oaxaca de Ju\u00e1rez, anunciaron que no han recibido los pagos de sus aguinaldos y de sus quincenas del mes de diciembre, por lo que mantienen su amenaza de boicotear la toma de protesta de Francisco Mart\u00ednez Neri. Detallaron que aunque hace algunos d\u00edas dieron a conocer sus [&hellip;]\" \/>\n<meta property=\"og:url\" content=\"https:\/\/www.bbmnoticias.com\/labravaradiofm\/2021\/12\/29\/sigue-amenaza-de-boicot-a-la-toma-de-protesta-de-francisco-martinez-neri\/\" \/>\n<meta property=\"og:site_name\" content=\"LA BRAVA RADIO\" \/>\n<meta property=\"article:published_time\" content=\"2021-12-29T15:58:37+00:00\" \/>\n<meta property=\"article:modified_time\" content=\"2021-12-29T15:58:39+00:00\" \/>\n<meta property=\"og:image\" content=\"https:\/\/www.bbmnoticias.com\/labravaradiofm\/wp-content\/uploads\/sites\/5\/2021\/12\/palacio-municipal.jpg\" \/>\n\t<meta property=\"og:image:width\" content=\"1024\" \/>\n\t<meta property=\"og:image:height\" content=\"683\" \/>\n\t<meta property=\"og:image:type\" content=\"image\/jpeg\" \/>\n<meta name=\"author\" content=\"Cuarta Plana\" \/>\n<meta name=\"twitter:card\" content=\"summary_large_image\" \/>\n<meta name=\"twitter:label1\" content=\"Escrito por\" \/>\n\t<meta name=\"twitter:data1\" content=\"Cuarta Plana\" \/>\n\t<meta name=\"twitter:label2\" content=\"Tiempo de lectura\" \/>\n\t<meta name=\"twitter:data2\" content=\"2 minutos\" \/>\n<script type=\"application\/ld+json\" class=\"yoast-schema-graph\">{\"@context\":\"https:\\\/\\\/schema.org\",\"@graph\":[{\"@type\":\"Article\",\"@id\":\"https:\\\/\\\/www.bbmnoticias.com\\\/labravaradiofm\\\/2021\\\/12\\\/29\\\/sigue-amenaza-de-boicot-a-la-toma-de-protesta-de-francisco-martinez-neri\\\/#article\",\"isPartOf\":{\"@id\":\"https:\\\/\\\/www.bbmnoticias.com\\\/labravaradiofm\\\/2021\\\/12\\\/29\\\/sigue-amenaza-de-boicot-a-la-toma-de-protesta-de-francisco-martinez-neri\\\/\"},\"author\":{\"name\":\"Cuarta Plana\",\"@id\":\"https:\\\/\\\/www.bbmnoticias.com\\\/labravaradiofm\\\/#\\\/schema\\\/person\\\/7d786f9fa529105f958c4791d75455f1\"},\"headline\":\"Sigue amenaza de boicot a la toma de protesta de Francisco Mart\u00ednez Neri\",\"datePublished\":\"2021-12-29T15:58:37+00:00\",\"dateModified\":\"2021-12-29T15:58:39+00:00\",\"mainEntityOfPage\":{\"@id\":\"https:\\\/\\\/www.bbmnoticias.com\\\/labravaradiofm\\\/2021\\\/12\\\/29\\\/sigue-amenaza-de-boicot-a-la-toma-de-protesta-de-francisco-martinez-neri\\\/\"},\"wordCount\":296,\"image\":{\"@id\":\"https:\\\/\\\/www.bbmnoticias.com\\\/labravaradiofm\\\/2021\\\/12\\\/29\\\/sigue-amenaza-de-boicot-a-la-toma-de-protesta-de-francisco-martinez-neri\\\/#primaryimage\"},\"thumbnailUrl\":\"https:\\\/\\\/www.bbmnoticias.com\\\/labravaradiofm\\\/wp-content\\\/uploads\\\/sites\\\/5\\\/2021\\\/12\\\/palacio-municipal.jpg\",\"articleSection\":[\"LOCAL\"],\"inLanguage\":\"es\"},{\"@type\":\"WebPage\",\"@id\":\"https:\\\/\\\/www.bbmnoticias.com\\\/labravaradiofm\\\/2021\\\/12\\\/29\\\/sigue-amenaza-de-boicot-a-la-toma-de-protesta-de-francisco-martinez-neri\\\/\",\"url\":\"https:\\\/\\\/www.bbmnoticias.com\\\/labravaradiofm\\\/2021\\\/12\\\/29\\\/sigue-amenaza-de-boicot-a-la-toma-de-protesta-de-francisco-martinez-neri\\\/\",\"name\":\"Sigue amenaza de boicot a la toma de protesta de Francisco Mart\u00ednez Neri - LA BRAVA RADIO\",\"isPartOf\":{\"@id\":\"https:\\\/\\\/www.bbmnoticias.com\\\/labravaradiofm\\\/#website\"},\"primaryImageOfPage\":{\"@id\":\"https:\\\/\\\/www.bbmnoticias.com\\\/labravaradiofm\\\/2021\\\/12\\\/29\\\/sigue-amenaza-de-boicot-a-la-toma-de-protesta-de-francisco-martinez-neri\\\/#primaryimage\"},\"image\":{\"@id\":\"https:\\\/\\\/www.bbmnoticias.com\\\/labravaradiofm\\\/2021\\\/12\\\/29\\\/sigue-amenaza-de-boicot-a-la-toma-de-protesta-de-francisco-martinez-neri\\\/#primaryimage\"},\"thumbnailUrl\":\"https:\\\/\\\/www.bbmnoticias.com\\\/labravaradiofm\\\/wp-content\\\/uploads\\\/sites\\\/5\\\/2021\\\/12\\\/palacio-municipal.jpg\",\"datePublished\":\"2021-12-29T15:58:37+00:00\",\"dateModified\":\"2021-12-29T15:58:39+00:00\",\"author\":{\"@id\":\"https:\\\/\\\/www.bbmnoticias.com\\\/labravaradiofm\\\/#\\\/schema\\\/person\\\/7d786f9fa529105f958c4791d75455f1\"},\"breadcrumb\":{\"@id\":\"https:\\\/\\\/www.bbmnoticias.com\\\/labravaradiofm\\\/2021\\\/12\\\/29\\\/sigue-amenaza-de-boicot-a-la-toma-de-protesta-de-francisco-martinez-neri\\\/#breadcrumb\"},\"inLanguage\":\"es\",\"potentialAction\":[{\"@type\":\"ReadAction\",\"target\":[\"https:\\\/\\\/www.bbmnoticias.com\\\/labravaradiofm\\\/2021\\\/12\\\/29\\\/sigue-amenaza-de-boicot-a-la-toma-de-protesta-de-francisco-martinez-neri\\\/\"]}]},{\"@type\":\"ImageObject\",\"inLanguage\":\"es\",\"@id\":\"https:\\\/\\\/www.bbmnoticias.com\\\/labravaradiofm\\\/2021\\\/12\\\/29\\\/sigue-amenaza-de-boicot-a-la-toma-de-protesta-de-francisco-martinez-neri\\\/#primaryimage\",\"url\":\"https:\\\/\\\/www.bbmnoticias.com\\\/labravaradiofm\\\/wp-content\\\/uploads\\\/sites\\\/5\\\/2021\\\/12\\\/palacio-municipal.jpg\",\"contentUrl\":\"https:\\\/\\\/www.bbmnoticias.com\\\/labravaradiofm\\\/wp-content\\\/uploads\\\/sites\\\/5\\\/2021\\\/12\\\/palacio-municipal.jpg\",\"width\":1024,\"height\":683},{\"@type\":\"BreadcrumbList\",\"@id\":\"https:\\\/\\\/www.bbmnoticias.com\\\/labravaradiofm\\\/2021\\\/12\\\/29\\\/sigue-amenaza-de-boicot-a-la-toma-de-protesta-de-francisco-martinez-neri\\\/#breadcrumb\",\"itemListElement\":[{\"@type\":\"ListItem\",\"position\":1,\"name\":\"Inicio\",\"item\":\"https:\\\/\\\/www.bbmnoticias.com\\\/labravaradiofm\\\/\"},{\"@type\":\"ListItem\",\"position\":2,\"name\":\"Sigue amenaza de boicot a la toma de protesta de Francisco Mart\u00ednez Neri\"}]},{\"@type\":\"WebSite\",\"@id\":\"https:\\\/\\\/www.bbmnoticias.com\\\/labravaradiofm\\\/#website\",\"url\":\"https:\\\/\\\/www.bbmnoticias.com\\\/labravaradiofm\\\/\",\"name\":\"LA BRAVA RADIO\",\"description\":\"Empresa productora de medios, Radiodifusi\u00f3n, Noticias, tendencias y todo lo que necesitas saber de la pol\u00edtica mexicana e internacional; entretenimiento, espect\u00e1culos, salud y mucho m\u00e1s.\",\"potentialAction\":[{\"@type\":\"SearchAction\",\"target\":{\"@type\":\"EntryPoint\",\"urlTemplate\":\"https:\\\/\\\/www.bbmnoticias.com\\\/labravaradiofm\\\/?s={search_term_string}\"},\"query-input\":{\"@type\":\"PropertyValueSpecification\",\"valueRequired\":true,\"valueName\":\"search_term_string\"}}],\"inLanguage\":\"es\"},{\"@type\":\"Person\",\"@id\":\"https:\\\/\\\/www.bbmnoticias.com\\\/labravaradiofm\\\/#\\\/schema\\\/person\\\/7d786f9fa529105f958c4791d75455f1\",\"name\":\"Cuarta Plana\",\"image\":{\"@type\":\"ImageObject\",\"inLanguage\":\"es\",\"@id\":\"https:\\\/\\\/secure.gravatar.com\\\/avatar\\\/569aeac3582b4864a79ffcd8468ada657f9c0cbf68c06542116f60dfa8c3c2d7?s=96&d=mm&r=g\",\"url\":\"https:\\\/\\\/secure.gravatar.com\\\/avatar\\\/569aeac3582b4864a79ffcd8468ada657f9c0cbf68c06542116f60dfa8c3c2d7?s=96&d=mm&r=g\",\"contentUrl\":\"https:\\\/\\\/secure.gravatar.com\\\/avatar\\\/569aeac3582b4864a79ffcd8468ada657f9c0cbf68c06542116f60dfa8c3c2d7?s=96&d=mm&r=g\",\"caption\":\"Cuarta Plana\"},\"url\":\"https:\\\/\\\/www.bbmnoticias.com\\\/labravaradiofm\\\/author\\\/cuartaplana\\\/\"}]}<\/script>\n<!-- \/ Yoast SEO plugin. -->","yoast_head_json":{"title":"Sigue amenaza de boicot a la toma de protesta de Francisco Mart\u00ednez Neri - LA BRAVA RADIO","robots":{"index":"index","follow":"follow","max-snippet":"max-snippet:-1","max-image-preview":"max-image-preview:large","max-video-preview":"max-video-preview:-1"},"canonical":"https:\/\/www.bbmnoticias.com\/labravaradiofm\/2021\/12\/29\/sigue-amenaza-de-boicot-a-la-toma-de-protesta-de-francisco-martinez-neri\/","og_locale":"es_MX","og_type":"article","og_title":"Sigue amenaza de boicot a la toma de protesta de Francisco Mart\u00ednez Neri - LA BRAVA RADIO","og_description":"Oaxaca, Oax.- Trabajadores de Confianza del Ayuntamiento de Oaxaca de Ju\u00e1rez, anunciaron que no han recibido los pagos de sus aguinaldos y de sus quincenas del mes de diciembre, por lo que mantienen su amenaza de boicotear la toma de protesta de Francisco Mart\u00ednez Neri. Detallaron que aunque hace algunos d\u00edas dieron a conocer sus [&hellip;]","og_url":"https:\/\/www.bbmnoticias.com\/labravaradiofm\/2021\/12\/29\/sigue-amenaza-de-boicot-a-la-toma-de-protesta-de-francisco-martinez-neri\/","og_site_name":"LA BRAVA RADIO","article_published_time":"2021-12-29T15:58:37+00:00","article_modified_time":"2021-12-29T15:58:39+00:00","og_image":[{"width":1024,"height":683,"url":"https:\/\/www.bbmnoticias.com\/labravaradiofm\/wp-content\/uploads\/sites\/5\/2021\/12\/palacio-municipal.jpg","type":"image\/jpeg"}],"author":"Cuarta Plana","twitter_card":"summary_large_image","twitter_misc":{"Escrito por":"Cuarta Plana","Tiempo de lectura":"2 minutos"},"schema":{"@context":"https:\/\/schema.org","@graph":[{"@type":"Article","@id":"https:\/\/www.bbmnoticias.com\/labravaradiofm\/2021\/12\/29\/sigue-amenaza-de-boicot-a-la-toma-de-protesta-de-francisco-martinez-neri\/#article","isPartOf":{"@id":"https:\/\/www.bbmnoticias.com\/labravaradiofm\/2021\/12\/29\/sigue-amenaza-de-boicot-a-la-toma-de-protesta-de-francisco-martinez-neri\/"},"author":{"name":"Cuarta Plana","@id":"https:\/\/www.bbmnoticias.com\/labravaradiofm\/#\/schema\/person\/7d786f9fa529105f958c4791d75455f1"},"headline":"Sigue amenaza de boicot a la toma de protesta de Francisco Mart\u00ednez Neri","datePublished":"2021-12-29T15:58:37+00:00","dateModified":"2021-12-29T15:58:39+00:00","mainEntityOfPage":{"@id":"https:\/\/www.bbmnoticias.com\/labravaradiofm\/2021\/12\/29\/sigue-amenaza-de-boicot-a-la-toma-de-protesta-de-francisco-martinez-neri\/"},"wordCount":296,"image":{"@id":"https:\/\/www.bbmnoticias.com\/labravaradiofm\/2021\/12\/29\/sigue-amenaza-de-boicot-a-la-toma-de-protesta-de-francisco-martinez-neri\/#primaryimage"},"thumbnailUrl":"https:\/\/www.bbmnoticias.com\/labravaradiofm\/wp-content\/uploads\/sites\/5\/2021\/12\/palacio-municipal.jpg","articleSection":["LOCAL"],"inLanguage":"es"},{"@type":"WebPage","@id":"https:\/\/www.bbmnoticias.com\/labravaradiofm\/2021\/12\/29\/sigue-amenaza-de-boicot-a-la-toma-de-protesta-de-francisco-martinez-neri\/","url":"https:\/\/www.bbmnoticias.com\/labravaradiofm\/2021\/12\/29\/sigue-amenaza-de-boicot-a-la-toma-de-protesta-de-francisco-martinez-neri\/","name":"Sigue amenaza de boicot a la toma de protesta de Francisco Mart\u00ednez Neri - LA BRAVA RADIO","isPartOf":{"@id":"https:\/\/www.bbmnoticias.com\/labravaradiofm\/#website"},"primaryImageOfPage":{"@id":"https:\/\/www.bbmnoticias.com\/labravaradiofm\/2021\/12\/29\/sigue-amenaza-de-boicot-a-la-toma-de-protesta-de-francisco-martinez-neri\/#primaryimage"},"image":{"@id":"https:\/\/www.bbmnoticias.com\/labravaradiofm\/2021\/12\/29\/sigue-amenaza-de-boicot-a-la-toma-de-protesta-de-francisco-martinez-neri\/#primaryimage"},"thumbnailUrl":"https:\/\/www.bbmnoticias.com\/labravaradiofm\/wp-content\/uploads\/sites\/5\/2021\/12\/palacio-municipal.jpg","datePublished":"2021-12-29T15:58:37+00:00","dateModified":"2021-12-29T15:58:39+00:00","author":{"@id":"https:\/\/www.bbmnoticias.com\/labravaradiofm\/#\/schema\/person\/7d786f9fa529105f958c4791d75455f1"},"breadcrumb":{"@id":"https:\/\/www.bbmnoticias.com\/labravaradiofm\/2021\/12\/29\/sigue-amenaza-de-boicot-a-la-toma-de-protesta-de-francisco-martinez-neri\/#breadcrumb"},"inLanguage":"es","potentialAction":[{"@type":"ReadAction","target":["https:\/\/www.bbmnoticias.com\/labravaradiofm\/2021\/12\/29\/sigue-amenaza-de-boicot-a-la-toma-de-protesta-de-francisco-martinez-neri\/"]}]},{"@type":"ImageObject","inLanguage":"es","@id":"https:\/\/www.bbmnoticias.com\/labravaradiofm\/2021\/12\/29\/sigue-amenaza-de-boicot-a-la-toma-de-protesta-de-francisco-martinez-neri\/#primaryimage","url":"https:\/\/www.bbmnoticias.com\/labravaradiofm\/wp-content\/uploads\/sites\/5\/2021\/12\/palacio-municipal.jpg","contentUrl":"https:\/\/www.bbmnoticias.com\/labravaradiofm\/wp-content\/uploads\/sites\/5\/2021\/12\/palacio-municipal.jpg","width":1024,"height":683},{"@type":"BreadcrumbList","@id":"https:\/\/www.bbmnoticias.com\/labravaradiofm\/2021\/12\/29\/sigue-amenaza-de-boicot-a-la-toma-de-protesta-de-francisco-martinez-neri\/#breadcrumb","itemListElement":[{"@type":"ListItem","position":1,"name":"Inicio","item":"https:\/\/www.bbmnoticias.com\/labravaradiofm\/"},{"@type":"ListItem","position":2,"name":"Sigue amenaza de boicot a la toma de protesta de Francisco Mart\u00ednez Neri"}]},{"@type":"WebSite","@id":"https:\/\/www.bbmnoticias.com\/labravaradiofm\/#website","url":"https:\/\/www.bbmnoticias.com\/labravaradiofm\/","name":"LA BRAVA RADIO","description":"Empresa productora de medios, Radiodifusi\u00f3n, Noticias, tendencias y todo lo que necesitas saber de la pol\u00edtica mexicana e internacional; entretenimiento, espect\u00e1culos, salud y mucho m\u00e1s.","potentialAction":[{"@type":"SearchAction","target":{"@type":"EntryPoint","urlTemplate":"https:\/\/www.bbmnoticias.com\/labravaradiofm\/?s={search_term_string}"},"query-input":{"@type":"PropertyValueSpecification","valueRequired":true,"valueName":"search_term_string"}}],"inLanguage":"es"},{"@type":"Person","@id":"https:\/\/www.bbmnoticias.com\/labravaradiofm\/#\/schema\/person\/7d786f9fa529105f958c4791d75455f1","name":"Cuarta Plana","image":{"@type":"ImageObject","inLanguage":"es","@id":"https:\/\/secure.gravatar.com\/avatar\/569aeac3582b4864a79ffcd8468ada657f9c0cbf68c06542116f60dfa8c3c2d7?s=96&d=mm&r=g","url":"https:\/\/secure.gravatar.com\/avatar\/569aeac3582b4864a79ffcd8468ada657f9c0cbf68c06542116f60dfa8c3c2d7?s=96&d=mm&r=g","contentUrl":"https:\/\/secure.gravatar.com\/avatar\/569aeac3582b4864a79ffcd8468ada657f9c0cbf68c06542116f60dfa8c3c2d7?s=96&d=mm&r=g","caption":"Cuarta Plana"},"url":"https:\/\/www.bbmnoticias.com\/labravaradiofm\/author\/cuartaplana\/"}]}},"_links":{"self":[{"href":"https:\/\/www.bbmnoticias.com\/labravaradiofm\/wp-json\/wp\/v2\/posts\/7850","targetHints":{"allow":["GET"]}}],"collection":[{"href":"https:\/\/www.bbmnoticias.com\/labravaradiofm\/wp-json\/wp\/v2\/posts"}],"about":[{"href":"https:\/\/www.bbmnoticias.com\/labravaradiofm\/wp-json\/wp\/v2\/types\/post"}],"author":[{"embeddable":true,"href":"https:\/\/www.bbmnoticias.com\/labravaradiofm\/wp-json\/wp\/v2\/users\/7"}],"replies":[{"embeddable":true,"href":"https:\/\/www.bbmnoticias.com\/labravaradiofm\/wp-json\/wp\/v2\/comments?post=7850"}],"version-history":[{"count":0,"href":"https:\/\/www.bbmnoticias.com\/labravaradiofm\/wp-json\/wp\/v2\/posts\/7850\/revisions"}],"wp:featuredmedia":[{"embeddable":true,"href":"https:\/\/www.bbmnoticias.com\/labravaradiofm\/wp-json\/wp\/v2\/media\/7851"}],"wp:attachment":[{"href":"https:\/\/www.bbmnoticias.com\/labravaradiofm\/wp-json\/wp\/v2\/media?parent=7850"}],"wp:term":[{"taxonomy":"category","embeddable":true,"href":"https:\/\/www.bbmnoticias.com\/labravaradiofm\/wp-json\/wp\/v2\/categories?post=7850"},{"taxonomy":"post_tag","embeddable":true,"href":"https:\/\/www.bbmnoticias.com\/labravaradiofm\/wp-json\/wp\/v2\/tags?post=7850"}],"curies":[{"name":"wp","href":"https:\/\/api.w.org\/{rel}","templated":true}]}}