{"id":7844,"date":"2021-12-28T19:01:46","date_gmt":"2021-12-29T01:01:46","guid":{"rendered":"https:\/\/www.bbmnoticias.com\/labravaradiofm\/?p=7844"},"modified":"2021-12-28T19:01:47","modified_gmt":"2021-12-29T01:01:47","slug":"pide-ieepo-a-comunidad-docente-y-escolar-tomar-precauciones-por-descenso-de-temperatura","status":"publish","type":"post","link":"https:\/\/www.bbmnoticias.com\/labravaradiofm\/2021\/12\/28\/pide-ieepo-a-comunidad-docente-y-escolar-tomar-precauciones-por-descenso-de-temperatura\/","title":{"rendered":"Pide IEEPO a comunidad docente y escolar tomar precauciones por descenso de temperatura"},"content":{"rendered":"<div style=\"margin-top: 0px; margin-bottom: 0px;\" class=\"sharethis-inline-share-buttons\" ><\/div>\n<p><strong>Oaxaca de Ju\u00e1rez, Oax. 28 de diciembre de 2021.-<\/strong>&nbsp;Ante la cercan\u00eda del reinicio de clases y al estar pr\u00f3ximo a concluir el per\u00edodo vacacional de fin de a\u00f1o, el Instituto Estatal de Educaci\u00f3n P\u00fablica de Oaxaca (IEEPO), comparte a la comunidad docente y escolar diversas recomendaciones para resguardar la salud de las y los estudiantes, debido a las bajas temperaturas que afectan al territorio oaxaque\u00f1o. &nbsp;<\/p>\n\n\n\n<p>De forma conjunta con la Coordinaci\u00f3n Estatal de Protecci\u00f3n Civil y los Servicios de Salud del Estado, el Instituto&nbsp;&nbsp;realizan acciones de informaci\u00f3n y prevenci\u00f3n para la promoci\u00f3n de la salud durante la temporada de fr\u00edo.&nbsp;<\/p>\n\n\n\n<p>Asimismo, se monitorean las condiciones principalmente en localidades ubicadas a dos mil metros sobre el nivel del mar y municipios de las regiones de los Valles Centrales, Ca\u00f1ada, Costa, Mixteca, Sierras Norte y Sur, consideradas de mayor vulnerabilidad por los cambios clim\u00e1ticos.&nbsp;<\/p>\n\n\n\n<p>De acuerdo al Servicio Meteorol\u00f3gico Nacional (SMN) el ambiente fr\u00edo al amanecer y por la noche se presenta en la Mixteca, Sierra Norte, Sierra Sur y Sierra Mazateca, con posibilidad de heladas por radiaci\u00f3n en municipios por arriba de los mil 800 metros de altura.&nbsp;<\/p>\n\n\n\n<p>Ante ello, es importante que las madres y padres de familia tomen las medidas correspondientes para el cuidado de la salud de las y los escolares, a quienes se recomienda abrigar con ropa gruesa, taparse boca y nariz con bufanda para no respirar aire fr\u00edo, usar su\u00e9teres, chamarras y calzado cerrado.&nbsp;<\/p>\n\n\n\n<p>Otras medidas son el lavado de manos continuo ya que&nbsp;los virus se encuentran en muchos lugares donde ellos juegan; vigilar las actividades al aire libre, procurar una alimentaci\u00f3n adecuada y en caso de que alg\u00fan estudiante presente una enfermedad respiratoria acudir a la cl\u00ednica de salud m\u00e1s cercana.&nbsp;<\/p>\n\n\n\n<p>As\u00ed tambi\u00e9n se pide a la poblaci\u00f3n escolar estar atenta a la informaci\u00f3n que emita la Coordinaci\u00f3n Estatal de Protecci\u00f3n Civil para conocer los cambios climatol\u00f3gicos.<\/p>\n","protected":false},"excerpt":{"rendered":"<p>Oaxaca de Ju\u00e1rez, Oax. 28 de diciembre de 2021.-&nbsp;Ante la cercan\u00eda del reinicio de clases y al estar pr\u00f3ximo a concluir el per\u00edodo vacacional de fin de a\u00f1o, el Instituto Estatal de Educaci\u00f3n P\u00fablica de Oaxaca (IEEPO), comparte a la comunidad docente y escolar diversas recomendaciones para resguardar la salud de las y los estudiantes, [&hellip;]<\/p>\n","protected":false},"author":2,"featured_media":7845,"comment_status":"closed","ping_status":"closed","sticky":false,"template":"","format":"standard","meta":{"footnotes":""},"categories":[2],"tags":[],"class_list":{"0":"post-7844","1":"post","2":"type-post","3":"status-publish","4":"format-standard","5":"has-post-thumbnail","7":"category-oaxaca"},"yoast_head":"<!-- This site is optimized with the Yoast SEO plugin v27.4 - https:\/\/yoast.com\/product\/yoast-seo-wordpress\/ -->\n<title>Pide IEEPO a comunidad docente y escolar tomar precauciones por descenso de temperatura - LA BRAVA RADIO<\/title>\n<meta name=\"robots\" content=\"index, follow, max-snippet:-1, max-image-preview:large, max-video-preview:-1\" \/>\n<link rel=\"canonical\" href=\"https:\/\/www.bbmnoticias.com\/labravaradiofm\/2021\/12\/28\/pide-ieepo-a-comunidad-docente-y-escolar-tomar-precauciones-por-descenso-de-temperatura\/\" \/>\n<meta property=\"og:locale\" content=\"es_MX\" \/>\n<meta property=\"og:type\" content=\"article\" \/>\n<meta property=\"og:title\" content=\"Pide IEEPO a comunidad docente y escolar tomar precauciones por descenso de temperatura - LA BRAVA RADIO\" \/>\n<meta property=\"og:description\" content=\"Oaxaca de Ju\u00e1rez, Oax. 28 de diciembre de 2021.-&nbsp;Ante la cercan\u00eda del reinicio de clases y al estar pr\u00f3ximo a concluir el per\u00edodo vacacional de fin de a\u00f1o, el Instituto Estatal de Educaci\u00f3n P\u00fablica de Oaxaca (IEEPO), comparte a la comunidad docente y escolar diversas recomendaciones para resguardar la salud de las y los estudiantes, [&hellip;]\" \/>\n<meta property=\"og:url\" content=\"https:\/\/www.bbmnoticias.com\/labravaradiofm\/2021\/12\/28\/pide-ieepo-a-comunidad-docente-y-escolar-tomar-precauciones-por-descenso-de-temperatura\/\" \/>\n<meta property=\"og:site_name\" content=\"LA BRAVA RADIO\" \/>\n<meta property=\"article:published_time\" content=\"2021-12-29T01:01:46+00:00\" \/>\n<meta property=\"article:modified_time\" content=\"2021-12-29T01:01:47+00:00\" \/>\n<meta property=\"og:image\" content=\"https:\/\/www.bbmnoticias.com\/labravaradiofm\/wp-content\/uploads\/sites\/5\/2021\/12\/frio-ieepo.jpg\" \/>\n\t<meta property=\"og:image:width\" content=\"700\" \/>\n\t<meta property=\"og:image:height\" content=\"464\" \/>\n\t<meta property=\"og:image:type\" content=\"image\/jpeg\" \/>\n<meta name=\"author\" content=\"Staff\" \/>\n<meta name=\"twitter:card\" content=\"summary_large_image\" \/>\n<meta name=\"twitter:label1\" content=\"Escrito por\" \/>\n\t<meta name=\"twitter:data1\" content=\"Staff\" \/>\n\t<meta name=\"twitter:label2\" content=\"Tiempo de lectura\" \/>\n\t<meta name=\"twitter:data2\" content=\"2 minutos\" \/>\n<script type=\"application\/ld+json\" class=\"yoast-schema-graph\">{\"@context\":\"https:\\\/\\\/schema.org\",\"@graph\":[{\"@type\":\"Article\",\"@id\":\"https:\\\/\\\/www.bbmnoticias.com\\\/labravaradiofm\\\/2021\\\/12\\\/28\\\/pide-ieepo-a-comunidad-docente-y-escolar-tomar-precauciones-por-descenso-de-temperatura\\\/#article\",\"isPartOf\":{\"@id\":\"https:\\\/\\\/www.bbmnoticias.com\\\/labravaradiofm\\\/2021\\\/12\\\/28\\\/pide-ieepo-a-comunidad-docente-y-escolar-tomar-precauciones-por-descenso-de-temperatura\\\/\"},\"author\":{\"name\":\"Staff\",\"@id\":\"https:\\\/\\\/www.bbmnoticias.com\\\/labravaradiofm\\\/#\\\/schema\\\/person\\\/68a9e9036ef3c5b55aeb2b71dc8bab45\"},\"headline\":\"Pide IEEPO a comunidad docente y escolar tomar precauciones por descenso de temperatura\",\"datePublished\":\"2021-12-29T01:01:46+00:00\",\"dateModified\":\"2021-12-29T01:01:47+00:00\",\"mainEntityOfPage\":{\"@id\":\"https:\\\/\\\/www.bbmnoticias.com\\\/labravaradiofm\\\/2021\\\/12\\\/28\\\/pide-ieepo-a-comunidad-docente-y-escolar-tomar-precauciones-por-descenso-de-temperatura\\\/\"},\"wordCount\":367,\"image\":{\"@id\":\"https:\\\/\\\/www.bbmnoticias.com\\\/labravaradiofm\\\/2021\\\/12\\\/28\\\/pide-ieepo-a-comunidad-docente-y-escolar-tomar-precauciones-por-descenso-de-temperatura\\\/#primaryimage\"},\"thumbnailUrl\":\"https:\\\/\\\/www.bbmnoticias.com\\\/labravaradiofm\\\/wp-content\\\/uploads\\\/sites\\\/5\\\/2021\\\/12\\\/frio-ieepo.jpg\",\"articleSection\":[\"LOCAL\"],\"inLanguage\":\"es\"},{\"@type\":\"WebPage\",\"@id\":\"https:\\\/\\\/www.bbmnoticias.com\\\/labravaradiofm\\\/2021\\\/12\\\/28\\\/pide-ieepo-a-comunidad-docente-y-escolar-tomar-precauciones-por-descenso-de-temperatura\\\/\",\"url\":\"https:\\\/\\\/www.bbmnoticias.com\\\/labravaradiofm\\\/2021\\\/12\\\/28\\\/pide-ieepo-a-comunidad-docente-y-escolar-tomar-precauciones-por-descenso-de-temperatura\\\/\",\"name\":\"Pide IEEPO a comunidad docente y escolar tomar precauciones por descenso de temperatura - LA BRAVA RADIO\",\"isPartOf\":{\"@id\":\"https:\\\/\\\/www.bbmnoticias.com\\\/labravaradiofm\\\/#website\"},\"primaryImageOfPage\":{\"@id\":\"https:\\\/\\\/www.bbmnoticias.com\\\/labravaradiofm\\\/2021\\\/12\\\/28\\\/pide-ieepo-a-comunidad-docente-y-escolar-tomar-precauciones-por-descenso-de-temperatura\\\/#primaryimage\"},\"image\":{\"@id\":\"https:\\\/\\\/www.bbmnoticias.com\\\/labravaradiofm\\\/2021\\\/12\\\/28\\\/pide-ieepo-a-comunidad-docente-y-escolar-tomar-precauciones-por-descenso-de-temperatura\\\/#primaryimage\"},\"thumbnailUrl\":\"https:\\\/\\\/www.bbmnoticias.com\\\/labravaradiofm\\\/wp-content\\\/uploads\\\/sites\\\/5\\\/2021\\\/12\\\/frio-ieepo.jpg\",\"datePublished\":\"2021-12-29T01:01:46+00:00\",\"dateModified\":\"2021-12-29T01:01:47+00:00\",\"author\":{\"@id\":\"https:\\\/\\\/www.bbmnoticias.com\\\/labravaradiofm\\\/#\\\/schema\\\/person\\\/68a9e9036ef3c5b55aeb2b71dc8bab45\"},\"breadcrumb\":{\"@id\":\"https:\\\/\\\/www.bbmnoticias.com\\\/labravaradiofm\\\/2021\\\/12\\\/28\\\/pide-ieepo-a-comunidad-docente-y-escolar-tomar-precauciones-por-descenso-de-temperatura\\\/#breadcrumb\"},\"inLanguage\":\"es\",\"potentialAction\":[{\"@type\":\"ReadAction\",\"target\":[\"https:\\\/\\\/www.bbmnoticias.com\\\/labravaradiofm\\\/2021\\\/12\\\/28\\\/pide-ieepo-a-comunidad-docente-y-escolar-tomar-precauciones-por-descenso-de-temperatura\\\/\"]}]},{\"@type\":\"ImageObject\",\"inLanguage\":\"es\",\"@id\":\"https:\\\/\\\/www.bbmnoticias.com\\\/labravaradiofm\\\/2021\\\/12\\\/28\\\/pide-ieepo-a-comunidad-docente-y-escolar-tomar-precauciones-por-descenso-de-temperatura\\\/#primaryimage\",\"url\":\"https:\\\/\\\/www.bbmnoticias.com\\\/labravaradiofm\\\/wp-content\\\/uploads\\\/sites\\\/5\\\/2021\\\/12\\\/frio-ieepo.jpg\",\"contentUrl\":\"https:\\\/\\\/www.bbmnoticias.com\\\/labravaradiofm\\\/wp-content\\\/uploads\\\/sites\\\/5\\\/2021\\\/12\\\/frio-ieepo.jpg\",\"width\":700,\"height\":464},{\"@type\":\"BreadcrumbList\",\"@id\":\"https:\\\/\\\/www.bbmnoticias.com\\\/labravaradiofm\\\/2021\\\/12\\\/28\\\/pide-ieepo-a-comunidad-docente-y-escolar-tomar-precauciones-por-descenso-de-temperatura\\\/#breadcrumb\",\"itemListElement\":[{\"@type\":\"ListItem\",\"position\":1,\"name\":\"Inicio\",\"item\":\"https:\\\/\\\/www.bbmnoticias.com\\\/labravaradiofm\\\/\"},{\"@type\":\"ListItem\",\"position\":2,\"name\":\"Pide IEEPO a comunidad docente y escolar tomar precauciones por descenso de temperatura\"}]},{\"@type\":\"WebSite\",\"@id\":\"https:\\\/\\\/www.bbmnoticias.com\\\/labravaradiofm\\\/#website\",\"url\":\"https:\\\/\\\/www.bbmnoticias.com\\\/labravaradiofm\\\/\",\"name\":\"LA BRAVA RADIO\",\"description\":\"Empresa productora de medios, Radiodifusi\u00f3n, Noticias, tendencias y todo lo que necesitas saber de la pol\u00edtica mexicana e internacional; entretenimiento, espect\u00e1culos, salud y mucho m\u00e1s.\",\"potentialAction\":[{\"@type\":\"SearchAction\",\"target\":{\"@type\":\"EntryPoint\",\"urlTemplate\":\"https:\\\/\\\/www.bbmnoticias.com\\\/labravaradiofm\\\/?s={search_term_string}\"},\"query-input\":{\"@type\":\"PropertyValueSpecification\",\"valueRequired\":true,\"valueName\":\"search_term_string\"}}],\"inLanguage\":\"es\"},{\"@type\":\"Person\",\"@id\":\"https:\\\/\\\/www.bbmnoticias.com\\\/labravaradiofm\\\/#\\\/schema\\\/person\\\/68a9e9036ef3c5b55aeb2b71dc8bab45\",\"name\":\"Staff\",\"image\":{\"@type\":\"ImageObject\",\"inLanguage\":\"es\",\"@id\":\"https:\\\/\\\/secure.gravatar.com\\\/avatar\\\/fdd21ad66fd8b98c407f9dee5b5e588cfe7f0d8579ec20fa6527cd59bab7f0f0?s=96&d=mm&r=g\",\"url\":\"https:\\\/\\\/secure.gravatar.com\\\/avatar\\\/fdd21ad66fd8b98c407f9dee5b5e588cfe7f0d8579ec20fa6527cd59bab7f0f0?s=96&d=mm&r=g\",\"contentUrl\":\"https:\\\/\\\/secure.gravatar.com\\\/avatar\\\/fdd21ad66fd8b98c407f9dee5b5e588cfe7f0d8579ec20fa6527cd59bab7f0f0?s=96&d=mm&r=g\",\"caption\":\"Staff\"},\"url\":\"https:\\\/\\\/www.bbmnoticias.com\\\/labravaradiofm\\\/author\\\/redaccion\\\/\"}]}<\/script>\n<!-- \/ Yoast SEO plugin. -->","yoast_head_json":{"title":"Pide IEEPO a comunidad docente y escolar tomar precauciones por descenso de temperatura - LA BRAVA RADIO","robots":{"index":"index","follow":"follow","max-snippet":"max-snippet:-1","max-image-preview":"max-image-preview:large","max-video-preview":"max-video-preview:-1"},"canonical":"https:\/\/www.bbmnoticias.com\/labravaradiofm\/2021\/12\/28\/pide-ieepo-a-comunidad-docente-y-escolar-tomar-precauciones-por-descenso-de-temperatura\/","og_locale":"es_MX","og_type":"article","og_title":"Pide IEEPO a comunidad docente y escolar tomar precauciones por descenso de temperatura - LA BRAVA RADIO","og_description":"Oaxaca de Ju\u00e1rez, Oax. 28 de diciembre de 2021.-&nbsp;Ante la cercan\u00eda del reinicio de clases y al estar pr\u00f3ximo a concluir el per\u00edodo vacacional de fin de a\u00f1o, el Instituto Estatal de Educaci\u00f3n P\u00fablica de Oaxaca (IEEPO), comparte a la comunidad docente y escolar diversas recomendaciones para resguardar la salud de las y los estudiantes, [&hellip;]","og_url":"https:\/\/www.bbmnoticias.com\/labravaradiofm\/2021\/12\/28\/pide-ieepo-a-comunidad-docente-y-escolar-tomar-precauciones-por-descenso-de-temperatura\/","og_site_name":"LA BRAVA RADIO","article_published_time":"2021-12-29T01:01:46+00:00","article_modified_time":"2021-12-29T01:01:47+00:00","og_image":[{"width":700,"height":464,"url":"https:\/\/www.bbmnoticias.com\/labravaradiofm\/wp-content\/uploads\/sites\/5\/2021\/12\/frio-ieepo.jpg","type":"image\/jpeg"}],"author":"Staff","twitter_card":"summary_large_image","twitter_misc":{"Escrito por":"Staff","Tiempo de lectura":"2 minutos"},"schema":{"@context":"https:\/\/schema.org","@graph":[{"@type":"Article","@id":"https:\/\/www.bbmnoticias.com\/labravaradiofm\/2021\/12\/28\/pide-ieepo-a-comunidad-docente-y-escolar-tomar-precauciones-por-descenso-de-temperatura\/#article","isPartOf":{"@id":"https:\/\/www.bbmnoticias.com\/labravaradiofm\/2021\/12\/28\/pide-ieepo-a-comunidad-docente-y-escolar-tomar-precauciones-por-descenso-de-temperatura\/"},"author":{"name":"Staff","@id":"https:\/\/www.bbmnoticias.com\/labravaradiofm\/#\/schema\/person\/68a9e9036ef3c5b55aeb2b71dc8bab45"},"headline":"Pide IEEPO a comunidad docente y escolar tomar precauciones por descenso de temperatura","datePublished":"2021-12-29T01:01:46+00:00","dateModified":"2021-12-29T01:01:47+00:00","mainEntityOfPage":{"@id":"https:\/\/www.bbmnoticias.com\/labravaradiofm\/2021\/12\/28\/pide-ieepo-a-comunidad-docente-y-escolar-tomar-precauciones-por-descenso-de-temperatura\/"},"wordCount":367,"image":{"@id":"https:\/\/www.bbmnoticias.com\/labravaradiofm\/2021\/12\/28\/pide-ieepo-a-comunidad-docente-y-escolar-tomar-precauciones-por-descenso-de-temperatura\/#primaryimage"},"thumbnailUrl":"https:\/\/www.bbmnoticias.com\/labravaradiofm\/wp-content\/uploads\/sites\/5\/2021\/12\/frio-ieepo.jpg","articleSection":["LOCAL"],"inLanguage":"es"},{"@type":"WebPage","@id":"https:\/\/www.bbmnoticias.com\/labravaradiofm\/2021\/12\/28\/pide-ieepo-a-comunidad-docente-y-escolar-tomar-precauciones-por-descenso-de-temperatura\/","url":"https:\/\/www.bbmnoticias.com\/labravaradiofm\/2021\/12\/28\/pide-ieepo-a-comunidad-docente-y-escolar-tomar-precauciones-por-descenso-de-temperatura\/","name":"Pide IEEPO a comunidad docente y escolar tomar precauciones por descenso de temperatura - LA BRAVA RADIO","isPartOf":{"@id":"https:\/\/www.bbmnoticias.com\/labravaradiofm\/#website"},"primaryImageOfPage":{"@id":"https:\/\/www.bbmnoticias.com\/labravaradiofm\/2021\/12\/28\/pide-ieepo-a-comunidad-docente-y-escolar-tomar-precauciones-por-descenso-de-temperatura\/#primaryimage"},"image":{"@id":"https:\/\/www.bbmnoticias.com\/labravaradiofm\/2021\/12\/28\/pide-ieepo-a-comunidad-docente-y-escolar-tomar-precauciones-por-descenso-de-temperatura\/#primaryimage"},"thumbnailUrl":"https:\/\/www.bbmnoticias.com\/labravaradiofm\/wp-content\/uploads\/sites\/5\/2021\/12\/frio-ieepo.jpg","datePublished":"2021-12-29T01:01:46+00:00","dateModified":"2021-12-29T01:01:47+00:00","author":{"@id":"https:\/\/www.bbmnoticias.com\/labravaradiofm\/#\/schema\/person\/68a9e9036ef3c5b55aeb2b71dc8bab45"},"breadcrumb":{"@id":"https:\/\/www.bbmnoticias.com\/labravaradiofm\/2021\/12\/28\/pide-ieepo-a-comunidad-docente-y-escolar-tomar-precauciones-por-descenso-de-temperatura\/#breadcrumb"},"inLanguage":"es","potentialAction":[{"@type":"ReadAction","target":["https:\/\/www.bbmnoticias.com\/labravaradiofm\/2021\/12\/28\/pide-ieepo-a-comunidad-docente-y-escolar-tomar-precauciones-por-descenso-de-temperatura\/"]}]},{"@type":"ImageObject","inLanguage":"es","@id":"https:\/\/www.bbmnoticias.com\/labravaradiofm\/2021\/12\/28\/pide-ieepo-a-comunidad-docente-y-escolar-tomar-precauciones-por-descenso-de-temperatura\/#primaryimage","url":"https:\/\/www.bbmnoticias.com\/labravaradiofm\/wp-content\/uploads\/sites\/5\/2021\/12\/frio-ieepo.jpg","contentUrl":"https:\/\/www.bbmnoticias.com\/labravaradiofm\/wp-content\/uploads\/sites\/5\/2021\/12\/frio-ieepo.jpg","width":700,"height":464},{"@type":"BreadcrumbList","@id":"https:\/\/www.bbmnoticias.com\/labravaradiofm\/2021\/12\/28\/pide-ieepo-a-comunidad-docente-y-escolar-tomar-precauciones-por-descenso-de-temperatura\/#breadcrumb","itemListElement":[{"@type":"ListItem","position":1,"name":"Inicio","item":"https:\/\/www.bbmnoticias.com\/labravaradiofm\/"},{"@type":"ListItem","position":2,"name":"Pide IEEPO a comunidad docente y escolar tomar precauciones por descenso de temperatura"}]},{"@type":"WebSite","@id":"https:\/\/www.bbmnoticias.com\/labravaradiofm\/#website","url":"https:\/\/www.bbmnoticias.com\/labravaradiofm\/","name":"LA BRAVA RADIO","description":"Empresa productora de medios, Radiodifusi\u00f3n, Noticias, tendencias y todo lo que necesitas saber de la pol\u00edtica mexicana e internacional; entretenimiento, espect\u00e1culos, salud y mucho m\u00e1s.","potentialAction":[{"@type":"SearchAction","target":{"@type":"EntryPoint","urlTemplate":"https:\/\/www.bbmnoticias.com\/labravaradiofm\/?s={search_term_string}"},"query-input":{"@type":"PropertyValueSpecification","valueRequired":true,"valueName":"search_term_string"}}],"inLanguage":"es"},{"@type":"Person","@id":"https:\/\/www.bbmnoticias.com\/labravaradiofm\/#\/schema\/person\/68a9e9036ef3c5b55aeb2b71dc8bab45","name":"Staff","image":{"@type":"ImageObject","inLanguage":"es","@id":"https:\/\/secure.gravatar.com\/avatar\/fdd21ad66fd8b98c407f9dee5b5e588cfe7f0d8579ec20fa6527cd59bab7f0f0?s=96&d=mm&r=g","url":"https:\/\/secure.gravatar.com\/avatar\/fdd21ad66fd8b98c407f9dee5b5e588cfe7f0d8579ec20fa6527cd59bab7f0f0?s=96&d=mm&r=g","contentUrl":"https:\/\/secure.gravatar.com\/avatar\/fdd21ad66fd8b98c407f9dee5b5e588cfe7f0d8579ec20fa6527cd59bab7f0f0?s=96&d=mm&r=g","caption":"Staff"},"url":"https:\/\/www.bbmnoticias.com\/labravaradiofm\/author\/redaccion\/"}]}},"_links":{"self":[{"href":"https:\/\/www.bbmnoticias.com\/labravaradiofm\/wp-json\/wp\/v2\/posts\/7844","targetHints":{"allow":["GET"]}}],"collection":[{"href":"https:\/\/www.bbmnoticias.com\/labravaradiofm\/wp-json\/wp\/v2\/posts"}],"about":[{"href":"https:\/\/www.bbmnoticias.com\/labravaradiofm\/wp-json\/wp\/v2\/types\/post"}],"author":[{"embeddable":true,"href":"https:\/\/www.bbmnoticias.com\/labravaradiofm\/wp-json\/wp\/v2\/users\/2"}],"replies":[{"embeddable":true,"href":"https:\/\/www.bbmnoticias.com\/labravaradiofm\/wp-json\/wp\/v2\/comments?post=7844"}],"version-history":[{"count":0,"href":"https:\/\/www.bbmnoticias.com\/labravaradiofm\/wp-json\/wp\/v2\/posts\/7844\/revisions"}],"wp:featuredmedia":[{"embeddable":true,"href":"https:\/\/www.bbmnoticias.com\/labravaradiofm\/wp-json\/wp\/v2\/media\/7845"}],"wp:attachment":[{"href":"https:\/\/www.bbmnoticias.com\/labravaradiofm\/wp-json\/wp\/v2\/media?parent=7844"}],"wp:term":[{"taxonomy":"category","embeddable":true,"href":"https:\/\/www.bbmnoticias.com\/labravaradiofm\/wp-json\/wp\/v2\/categories?post=7844"},{"taxonomy":"post_tag","embeddable":true,"href":"https:\/\/www.bbmnoticias.com\/labravaradiofm\/wp-json\/wp\/v2\/tags?post=7844"}],"curies":[{"name":"wp","href":"https:\/\/api.w.org\/{rel}","templated":true}]}}