{"id":7825,"date":"2021-12-28T13:43:50","date_gmt":"2021-12-28T19:43:50","guid":{"rendered":"https:\/\/www.bbmnoticias.com\/labravaradiofm\/?p=7825"},"modified":"2021-12-28T13:43:51","modified_gmt":"2021-12-28T19:43:51","slug":"recomienda-imss-oaxaca-extremar-medidas-ante-bajas-temperaturas-que-pueden-agravar-enfermedades-de-piel","status":"publish","type":"post","link":"https:\/\/www.bbmnoticias.com\/labravaradiofm\/2021\/12\/28\/recomienda-imss-oaxaca-extremar-medidas-ante-bajas-temperaturas-que-pueden-agravar-enfermedades-de-piel\/","title":{"rendered":"Recomienda IMSS Oaxaca extremar medidas ante bajas temperaturas que pueden agravar enfermedades de piel"},"content":{"rendered":"<div style=\"margin-top: 0px; margin-bottom: 0px;\" class=\"sharethis-inline-share-buttons\" ><\/div>\n<p>Ante los cambios bruscos de temperatura y toda vez que en estos d\u00edas la entidad oaxaque\u00f1a registra un clima de entre siete y ocho grados cent\u00edgrados, el Instituto Mexicano del Seguro Social (IMSS) en Oaxaca, recomienda abrigarse bien, en especial a los m\u00e1s vulnerables como los adultos mayores y menores de edad.<\/p>\n\n\n\n<p>Los padecimientos de la piel suelen agravarse por las bajas temperaturas, dado que el fr\u00edo disminuye la humedad relativa del aire y llega a secar considerablemente la epidermis, provocando que se deteriore y se torne reseca y \u00e1spera; incluso pueden aparecer grietas y convertirse en heridas considerables.<\/p>\n\n\n\n<p>Al respecto, la coordinadora de Prevenci\u00f3n y Atenci\u00f3n a la Salud del IMSS en Oaxaca, Perla V\u00e1zquez Altamirano, refiri\u00f3 que las bajas temperaturas tambi\u00e9n pueden provocar la aparici\u00f3n de saba\u00f1ones (lesiones enrojecidas en las manos), urticaria al fr\u00edo, livedo reticularis (especie de coloraci\u00f3n viol\u00e1cea en las extremidades), acrocianosis (manos y pies morados) y el fen\u00f3meno de Raynaud (enrojecimiento de la piel, tambi\u00e9n en extremidades), esta \u00faltima puede acompa\u00f1ar a enfermedades generalizadas o se presenta de manera aislada, dejando lesiones que impactan en el reci\u00e9n nacido.<\/p>\n\n\n\n<p>Por ello, la experta en salud explic\u00f3 que en estos d\u00edas de fr\u00edo lo recomendables es hidratar adecuadamente todo el cuerpo, especialmente cara y manos, ya que son las partes m\u00e1s expuestas a las bajas temperaturas.<\/p>\n\n\n\n<p>En el caso de los labios, sugiri\u00f3 usar ung\u00fcentos labiales con protecci\u00f3n solar, y sobre todo, evitar humedecerlos con saliva cuando est\u00e9n secos, pues en un primer momento aporta una sensaci\u00f3n de alivio, despu\u00e9s produce una irritaci\u00f3n y resequedad a\u00fan mayor.<\/p>\n\n\n\n<p>Durante la ducha, la coordinadora de Prevenci\u00f3n y Atenci\u00f3n a la Salud aconsej\u00f3 no abusar del agua caliente, puesto que perjudica la epidermis y es mala para la circulaci\u00f3n; es importante tambi\u00e9n el uso de jabones apropiados e hidratar la piel con cremas adecuadas a cada tipo.<\/p>\n\n\n\n<p>Finalmente, la doctora del IMSS exhort\u00f3 a los pacientes con piel seca, sensible o enfermedades cut\u00e1neas que empeoran en invierno, a procurar incrementar la humedad ambiental de la vivienda o lugar de trabajo.<\/p>\n","protected":false},"excerpt":{"rendered":"<p>Ante los cambios bruscos de temperatura y toda vez que en estos d\u00edas la entidad oaxaque\u00f1a registra un clima de entre siete y ocho grados cent\u00edgrados, el Instituto Mexicano del Seguro Social (IMSS) en Oaxaca, recomienda abrigarse bien, en especial a los m\u00e1s vulnerables como los adultos mayores y menores de edad. Los padecimientos de [&hellip;]<\/p>\n","protected":false},"author":2,"featured_media":7826,"comment_status":"closed","ping_status":"closed","sticky":false,"template":"","format":"standard","meta":{"footnotes":""},"categories":[2],"tags":[],"class_list":{"0":"post-7825","1":"post","2":"type-post","3":"status-publish","4":"format-standard","5":"has-post-thumbnail","7":"category-oaxaca"},"yoast_head":"<!-- This site is optimized with the Yoast SEO plugin v27.4 - https:\/\/yoast.com\/product\/yoast-seo-wordpress\/ -->\n<title>Recomienda IMSS Oaxaca extremar medidas ante bajas temperaturas que pueden agravar enfermedades de piel - LA BRAVA RADIO<\/title>\n<meta name=\"robots\" content=\"index, follow, max-snippet:-1, max-image-preview:large, max-video-preview:-1\" \/>\n<link rel=\"canonical\" href=\"https:\/\/www.bbmnoticias.com\/labravaradiofm\/2021\/12\/28\/recomienda-imss-oaxaca-extremar-medidas-ante-bajas-temperaturas-que-pueden-agravar-enfermedades-de-piel\/\" \/>\n<meta property=\"og:locale\" content=\"es_MX\" \/>\n<meta property=\"og:type\" content=\"article\" \/>\n<meta property=\"og:title\" content=\"Recomienda IMSS Oaxaca extremar medidas ante bajas temperaturas que pueden agravar enfermedades de piel - LA BRAVA RADIO\" \/>\n<meta property=\"og:description\" content=\"Ante los cambios bruscos de temperatura y toda vez que en estos d\u00edas la entidad oaxaque\u00f1a registra un clima de entre siete y ocho grados cent\u00edgrados, el Instituto Mexicano del Seguro Social (IMSS) en Oaxaca, recomienda abrigarse bien, en especial a los m\u00e1s vulnerables como los adultos mayores y menores de edad. Los padecimientos de [&hellip;]\" \/>\n<meta property=\"og:url\" content=\"https:\/\/www.bbmnoticias.com\/labravaradiofm\/2021\/12\/28\/recomienda-imss-oaxaca-extremar-medidas-ante-bajas-temperaturas-que-pueden-agravar-enfermedades-de-piel\/\" \/>\n<meta property=\"og:site_name\" content=\"LA BRAVA RADIO\" \/>\n<meta property=\"article:published_time\" content=\"2021-12-28T19:43:50+00:00\" \/>\n<meta property=\"article:modified_time\" content=\"2021-12-28T19:43:51+00:00\" \/>\n<meta property=\"og:image\" content=\"https:\/\/www.bbmnoticias.com\/labravaradiofm\/wp-content\/uploads\/sites\/5\/2021\/12\/imss-medidas.jpg\" \/>\n\t<meta property=\"og:image:width\" content=\"1200\" \/>\n\t<meta property=\"og:image:height\" content=\"625\" \/>\n\t<meta property=\"og:image:type\" content=\"image\/jpeg\" \/>\n<meta name=\"author\" content=\"Staff\" \/>\n<meta name=\"twitter:card\" content=\"summary_large_image\" \/>\n<meta name=\"twitter:label1\" content=\"Escrito por\" \/>\n\t<meta name=\"twitter:data1\" content=\"Staff\" \/>\n\t<meta name=\"twitter:label2\" content=\"Tiempo de lectura\" \/>\n\t<meta name=\"twitter:data2\" content=\"2 minutos\" \/>\n<script type=\"application\/ld+json\" class=\"yoast-schema-graph\">{\"@context\":\"https:\\\/\\\/schema.org\",\"@graph\":[{\"@type\":\"Article\",\"@id\":\"https:\\\/\\\/www.bbmnoticias.com\\\/labravaradiofm\\\/2021\\\/12\\\/28\\\/recomienda-imss-oaxaca-extremar-medidas-ante-bajas-temperaturas-que-pueden-agravar-enfermedades-de-piel\\\/#article\",\"isPartOf\":{\"@id\":\"https:\\\/\\\/www.bbmnoticias.com\\\/labravaradiofm\\\/2021\\\/12\\\/28\\\/recomienda-imss-oaxaca-extremar-medidas-ante-bajas-temperaturas-que-pueden-agravar-enfermedades-de-piel\\\/\"},\"author\":{\"name\":\"Staff\",\"@id\":\"https:\\\/\\\/www.bbmnoticias.com\\\/labravaradiofm\\\/#\\\/schema\\\/person\\\/68a9e9036ef3c5b55aeb2b71dc8bab45\"},\"headline\":\"Recomienda IMSS Oaxaca extremar medidas ante bajas temperaturas que pueden agravar enfermedades de piel\",\"datePublished\":\"2021-12-28T19:43:50+00:00\",\"dateModified\":\"2021-12-28T19:43:51+00:00\",\"mainEntityOfPage\":{\"@id\":\"https:\\\/\\\/www.bbmnoticias.com\\\/labravaradiofm\\\/2021\\\/12\\\/28\\\/recomienda-imss-oaxaca-extremar-medidas-ante-bajas-temperaturas-que-pueden-agravar-enfermedades-de-piel\\\/\"},\"wordCount\":388,\"image\":{\"@id\":\"https:\\\/\\\/www.bbmnoticias.com\\\/labravaradiofm\\\/2021\\\/12\\\/28\\\/recomienda-imss-oaxaca-extremar-medidas-ante-bajas-temperaturas-que-pueden-agravar-enfermedades-de-piel\\\/#primaryimage\"},\"thumbnailUrl\":\"https:\\\/\\\/www.bbmnoticias.com\\\/labravaradiofm\\\/wp-content\\\/uploads\\\/sites\\\/5\\\/2021\\\/12\\\/imss-medidas.jpg\",\"articleSection\":[\"LOCAL\"],\"inLanguage\":\"es\"},{\"@type\":\"WebPage\",\"@id\":\"https:\\\/\\\/www.bbmnoticias.com\\\/labravaradiofm\\\/2021\\\/12\\\/28\\\/recomienda-imss-oaxaca-extremar-medidas-ante-bajas-temperaturas-que-pueden-agravar-enfermedades-de-piel\\\/\",\"url\":\"https:\\\/\\\/www.bbmnoticias.com\\\/labravaradiofm\\\/2021\\\/12\\\/28\\\/recomienda-imss-oaxaca-extremar-medidas-ante-bajas-temperaturas-que-pueden-agravar-enfermedades-de-piel\\\/\",\"name\":\"Recomienda IMSS Oaxaca extremar medidas ante bajas temperaturas que pueden agravar enfermedades de piel - LA BRAVA RADIO\",\"isPartOf\":{\"@id\":\"https:\\\/\\\/www.bbmnoticias.com\\\/labravaradiofm\\\/#website\"},\"primaryImageOfPage\":{\"@id\":\"https:\\\/\\\/www.bbmnoticias.com\\\/labravaradiofm\\\/2021\\\/12\\\/28\\\/recomienda-imss-oaxaca-extremar-medidas-ante-bajas-temperaturas-que-pueden-agravar-enfermedades-de-piel\\\/#primaryimage\"},\"image\":{\"@id\":\"https:\\\/\\\/www.bbmnoticias.com\\\/labravaradiofm\\\/2021\\\/12\\\/28\\\/recomienda-imss-oaxaca-extremar-medidas-ante-bajas-temperaturas-que-pueden-agravar-enfermedades-de-piel\\\/#primaryimage\"},\"thumbnailUrl\":\"https:\\\/\\\/www.bbmnoticias.com\\\/labravaradiofm\\\/wp-content\\\/uploads\\\/sites\\\/5\\\/2021\\\/12\\\/imss-medidas.jpg\",\"datePublished\":\"2021-12-28T19:43:50+00:00\",\"dateModified\":\"2021-12-28T19:43:51+00:00\",\"author\":{\"@id\":\"https:\\\/\\\/www.bbmnoticias.com\\\/labravaradiofm\\\/#\\\/schema\\\/person\\\/68a9e9036ef3c5b55aeb2b71dc8bab45\"},\"breadcrumb\":{\"@id\":\"https:\\\/\\\/www.bbmnoticias.com\\\/labravaradiofm\\\/2021\\\/12\\\/28\\\/recomienda-imss-oaxaca-extremar-medidas-ante-bajas-temperaturas-que-pueden-agravar-enfermedades-de-piel\\\/#breadcrumb\"},\"inLanguage\":\"es\",\"potentialAction\":[{\"@type\":\"ReadAction\",\"target\":[\"https:\\\/\\\/www.bbmnoticias.com\\\/labravaradiofm\\\/2021\\\/12\\\/28\\\/recomienda-imss-oaxaca-extremar-medidas-ante-bajas-temperaturas-que-pueden-agravar-enfermedades-de-piel\\\/\"]}]},{\"@type\":\"ImageObject\",\"inLanguage\":\"es\",\"@id\":\"https:\\\/\\\/www.bbmnoticias.com\\\/labravaradiofm\\\/2021\\\/12\\\/28\\\/recomienda-imss-oaxaca-extremar-medidas-ante-bajas-temperaturas-que-pueden-agravar-enfermedades-de-piel\\\/#primaryimage\",\"url\":\"https:\\\/\\\/www.bbmnoticias.com\\\/labravaradiofm\\\/wp-content\\\/uploads\\\/sites\\\/5\\\/2021\\\/12\\\/imss-medidas.jpg\",\"contentUrl\":\"https:\\\/\\\/www.bbmnoticias.com\\\/labravaradiofm\\\/wp-content\\\/uploads\\\/sites\\\/5\\\/2021\\\/12\\\/imss-medidas.jpg\",\"width\":1200,\"height\":625},{\"@type\":\"BreadcrumbList\",\"@id\":\"https:\\\/\\\/www.bbmnoticias.com\\\/labravaradiofm\\\/2021\\\/12\\\/28\\\/recomienda-imss-oaxaca-extremar-medidas-ante-bajas-temperaturas-que-pueden-agravar-enfermedades-de-piel\\\/#breadcrumb\",\"itemListElement\":[{\"@type\":\"ListItem\",\"position\":1,\"name\":\"Inicio\",\"item\":\"https:\\\/\\\/www.bbmnoticias.com\\\/labravaradiofm\\\/\"},{\"@type\":\"ListItem\",\"position\":2,\"name\":\"Recomienda IMSS Oaxaca extremar medidas ante bajas temperaturas que pueden agravar enfermedades de piel\"}]},{\"@type\":\"WebSite\",\"@id\":\"https:\\\/\\\/www.bbmnoticias.com\\\/labravaradiofm\\\/#website\",\"url\":\"https:\\\/\\\/www.bbmnoticias.com\\\/labravaradiofm\\\/\",\"name\":\"LA BRAVA RADIO\",\"description\":\"Empresa productora de medios, Radiodifusi\u00f3n, Noticias, tendencias y todo lo que necesitas saber de la pol\u00edtica mexicana e internacional; entretenimiento, espect\u00e1culos, salud y mucho m\u00e1s.\",\"potentialAction\":[{\"@type\":\"SearchAction\",\"target\":{\"@type\":\"EntryPoint\",\"urlTemplate\":\"https:\\\/\\\/www.bbmnoticias.com\\\/labravaradiofm\\\/?s={search_term_string}\"},\"query-input\":{\"@type\":\"PropertyValueSpecification\",\"valueRequired\":true,\"valueName\":\"search_term_string\"}}],\"inLanguage\":\"es\"},{\"@type\":\"Person\",\"@id\":\"https:\\\/\\\/www.bbmnoticias.com\\\/labravaradiofm\\\/#\\\/schema\\\/person\\\/68a9e9036ef3c5b55aeb2b71dc8bab45\",\"name\":\"Staff\",\"image\":{\"@type\":\"ImageObject\",\"inLanguage\":\"es\",\"@id\":\"https:\\\/\\\/secure.gravatar.com\\\/avatar\\\/fdd21ad66fd8b98c407f9dee5b5e588cfe7f0d8579ec20fa6527cd59bab7f0f0?s=96&d=mm&r=g\",\"url\":\"https:\\\/\\\/secure.gravatar.com\\\/avatar\\\/fdd21ad66fd8b98c407f9dee5b5e588cfe7f0d8579ec20fa6527cd59bab7f0f0?s=96&d=mm&r=g\",\"contentUrl\":\"https:\\\/\\\/secure.gravatar.com\\\/avatar\\\/fdd21ad66fd8b98c407f9dee5b5e588cfe7f0d8579ec20fa6527cd59bab7f0f0?s=96&d=mm&r=g\",\"caption\":\"Staff\"},\"url\":\"https:\\\/\\\/www.bbmnoticias.com\\\/labravaradiofm\\\/author\\\/redaccion\\\/\"}]}<\/script>\n<!-- \/ Yoast SEO plugin. -->","yoast_head_json":{"title":"Recomienda IMSS Oaxaca extremar medidas ante bajas temperaturas que pueden agravar enfermedades de piel - LA BRAVA RADIO","robots":{"index":"index","follow":"follow","max-snippet":"max-snippet:-1","max-image-preview":"max-image-preview:large","max-video-preview":"max-video-preview:-1"},"canonical":"https:\/\/www.bbmnoticias.com\/labravaradiofm\/2021\/12\/28\/recomienda-imss-oaxaca-extremar-medidas-ante-bajas-temperaturas-que-pueden-agravar-enfermedades-de-piel\/","og_locale":"es_MX","og_type":"article","og_title":"Recomienda IMSS Oaxaca extremar medidas ante bajas temperaturas que pueden agravar enfermedades de piel - LA BRAVA RADIO","og_description":"Ante los cambios bruscos de temperatura y toda vez que en estos d\u00edas la entidad oaxaque\u00f1a registra un clima de entre siete y ocho grados cent\u00edgrados, el Instituto Mexicano del Seguro Social (IMSS) en Oaxaca, recomienda abrigarse bien, en especial a los m\u00e1s vulnerables como los adultos mayores y menores de edad. Los padecimientos de [&hellip;]","og_url":"https:\/\/www.bbmnoticias.com\/labravaradiofm\/2021\/12\/28\/recomienda-imss-oaxaca-extremar-medidas-ante-bajas-temperaturas-que-pueden-agravar-enfermedades-de-piel\/","og_site_name":"LA BRAVA RADIO","article_published_time":"2021-12-28T19:43:50+00:00","article_modified_time":"2021-12-28T19:43:51+00:00","og_image":[{"width":1200,"height":625,"url":"https:\/\/www.bbmnoticias.com\/labravaradiofm\/wp-content\/uploads\/sites\/5\/2021\/12\/imss-medidas.jpg","type":"image\/jpeg"}],"author":"Staff","twitter_card":"summary_large_image","twitter_misc":{"Escrito por":"Staff","Tiempo de lectura":"2 minutos"},"schema":{"@context":"https:\/\/schema.org","@graph":[{"@type":"Article","@id":"https:\/\/www.bbmnoticias.com\/labravaradiofm\/2021\/12\/28\/recomienda-imss-oaxaca-extremar-medidas-ante-bajas-temperaturas-que-pueden-agravar-enfermedades-de-piel\/#article","isPartOf":{"@id":"https:\/\/www.bbmnoticias.com\/labravaradiofm\/2021\/12\/28\/recomienda-imss-oaxaca-extremar-medidas-ante-bajas-temperaturas-que-pueden-agravar-enfermedades-de-piel\/"},"author":{"name":"Staff","@id":"https:\/\/www.bbmnoticias.com\/labravaradiofm\/#\/schema\/person\/68a9e9036ef3c5b55aeb2b71dc8bab45"},"headline":"Recomienda IMSS Oaxaca extremar medidas ante bajas temperaturas que pueden agravar enfermedades de piel","datePublished":"2021-12-28T19:43:50+00:00","dateModified":"2021-12-28T19:43:51+00:00","mainEntityOfPage":{"@id":"https:\/\/www.bbmnoticias.com\/labravaradiofm\/2021\/12\/28\/recomienda-imss-oaxaca-extremar-medidas-ante-bajas-temperaturas-que-pueden-agravar-enfermedades-de-piel\/"},"wordCount":388,"image":{"@id":"https:\/\/www.bbmnoticias.com\/labravaradiofm\/2021\/12\/28\/recomienda-imss-oaxaca-extremar-medidas-ante-bajas-temperaturas-que-pueden-agravar-enfermedades-de-piel\/#primaryimage"},"thumbnailUrl":"https:\/\/www.bbmnoticias.com\/labravaradiofm\/wp-content\/uploads\/sites\/5\/2021\/12\/imss-medidas.jpg","articleSection":["LOCAL"],"inLanguage":"es"},{"@type":"WebPage","@id":"https:\/\/www.bbmnoticias.com\/labravaradiofm\/2021\/12\/28\/recomienda-imss-oaxaca-extremar-medidas-ante-bajas-temperaturas-que-pueden-agravar-enfermedades-de-piel\/","url":"https:\/\/www.bbmnoticias.com\/labravaradiofm\/2021\/12\/28\/recomienda-imss-oaxaca-extremar-medidas-ante-bajas-temperaturas-que-pueden-agravar-enfermedades-de-piel\/","name":"Recomienda IMSS Oaxaca extremar medidas ante bajas temperaturas que pueden agravar enfermedades de piel - LA BRAVA RADIO","isPartOf":{"@id":"https:\/\/www.bbmnoticias.com\/labravaradiofm\/#website"},"primaryImageOfPage":{"@id":"https:\/\/www.bbmnoticias.com\/labravaradiofm\/2021\/12\/28\/recomienda-imss-oaxaca-extremar-medidas-ante-bajas-temperaturas-que-pueden-agravar-enfermedades-de-piel\/#primaryimage"},"image":{"@id":"https:\/\/www.bbmnoticias.com\/labravaradiofm\/2021\/12\/28\/recomienda-imss-oaxaca-extremar-medidas-ante-bajas-temperaturas-que-pueden-agravar-enfermedades-de-piel\/#primaryimage"},"thumbnailUrl":"https:\/\/www.bbmnoticias.com\/labravaradiofm\/wp-content\/uploads\/sites\/5\/2021\/12\/imss-medidas.jpg","datePublished":"2021-12-28T19:43:50+00:00","dateModified":"2021-12-28T19:43:51+00:00","author":{"@id":"https:\/\/www.bbmnoticias.com\/labravaradiofm\/#\/schema\/person\/68a9e9036ef3c5b55aeb2b71dc8bab45"},"breadcrumb":{"@id":"https:\/\/www.bbmnoticias.com\/labravaradiofm\/2021\/12\/28\/recomienda-imss-oaxaca-extremar-medidas-ante-bajas-temperaturas-que-pueden-agravar-enfermedades-de-piel\/#breadcrumb"},"inLanguage":"es","potentialAction":[{"@type":"ReadAction","target":["https:\/\/www.bbmnoticias.com\/labravaradiofm\/2021\/12\/28\/recomienda-imss-oaxaca-extremar-medidas-ante-bajas-temperaturas-que-pueden-agravar-enfermedades-de-piel\/"]}]},{"@type":"ImageObject","inLanguage":"es","@id":"https:\/\/www.bbmnoticias.com\/labravaradiofm\/2021\/12\/28\/recomienda-imss-oaxaca-extremar-medidas-ante-bajas-temperaturas-que-pueden-agravar-enfermedades-de-piel\/#primaryimage","url":"https:\/\/www.bbmnoticias.com\/labravaradiofm\/wp-content\/uploads\/sites\/5\/2021\/12\/imss-medidas.jpg","contentUrl":"https:\/\/www.bbmnoticias.com\/labravaradiofm\/wp-content\/uploads\/sites\/5\/2021\/12\/imss-medidas.jpg","width":1200,"height":625},{"@type":"BreadcrumbList","@id":"https:\/\/www.bbmnoticias.com\/labravaradiofm\/2021\/12\/28\/recomienda-imss-oaxaca-extremar-medidas-ante-bajas-temperaturas-que-pueden-agravar-enfermedades-de-piel\/#breadcrumb","itemListElement":[{"@type":"ListItem","position":1,"name":"Inicio","item":"https:\/\/www.bbmnoticias.com\/labravaradiofm\/"},{"@type":"ListItem","position":2,"name":"Recomienda IMSS Oaxaca extremar medidas ante bajas temperaturas que pueden agravar enfermedades de piel"}]},{"@type":"WebSite","@id":"https:\/\/www.bbmnoticias.com\/labravaradiofm\/#website","url":"https:\/\/www.bbmnoticias.com\/labravaradiofm\/","name":"LA BRAVA RADIO","description":"Empresa productora de medios, Radiodifusi\u00f3n, Noticias, tendencias y todo lo que necesitas saber de la pol\u00edtica mexicana e internacional; entretenimiento, espect\u00e1culos, salud y mucho m\u00e1s.","potentialAction":[{"@type":"SearchAction","target":{"@type":"EntryPoint","urlTemplate":"https:\/\/www.bbmnoticias.com\/labravaradiofm\/?s={search_term_string}"},"query-input":{"@type":"PropertyValueSpecification","valueRequired":true,"valueName":"search_term_string"}}],"inLanguage":"es"},{"@type":"Person","@id":"https:\/\/www.bbmnoticias.com\/labravaradiofm\/#\/schema\/person\/68a9e9036ef3c5b55aeb2b71dc8bab45","name":"Staff","image":{"@type":"ImageObject","inLanguage":"es","@id":"https:\/\/secure.gravatar.com\/avatar\/fdd21ad66fd8b98c407f9dee5b5e588cfe7f0d8579ec20fa6527cd59bab7f0f0?s=96&d=mm&r=g","url":"https:\/\/secure.gravatar.com\/avatar\/fdd21ad66fd8b98c407f9dee5b5e588cfe7f0d8579ec20fa6527cd59bab7f0f0?s=96&d=mm&r=g","contentUrl":"https:\/\/secure.gravatar.com\/avatar\/fdd21ad66fd8b98c407f9dee5b5e588cfe7f0d8579ec20fa6527cd59bab7f0f0?s=96&d=mm&r=g","caption":"Staff"},"url":"https:\/\/www.bbmnoticias.com\/labravaradiofm\/author\/redaccion\/"}]}},"_links":{"self":[{"href":"https:\/\/www.bbmnoticias.com\/labravaradiofm\/wp-json\/wp\/v2\/posts\/7825","targetHints":{"allow":["GET"]}}],"collection":[{"href":"https:\/\/www.bbmnoticias.com\/labravaradiofm\/wp-json\/wp\/v2\/posts"}],"about":[{"href":"https:\/\/www.bbmnoticias.com\/labravaradiofm\/wp-json\/wp\/v2\/types\/post"}],"author":[{"embeddable":true,"href":"https:\/\/www.bbmnoticias.com\/labravaradiofm\/wp-json\/wp\/v2\/users\/2"}],"replies":[{"embeddable":true,"href":"https:\/\/www.bbmnoticias.com\/labravaradiofm\/wp-json\/wp\/v2\/comments?post=7825"}],"version-history":[{"count":0,"href":"https:\/\/www.bbmnoticias.com\/labravaradiofm\/wp-json\/wp\/v2\/posts\/7825\/revisions"}],"wp:featuredmedia":[{"embeddable":true,"href":"https:\/\/www.bbmnoticias.com\/labravaradiofm\/wp-json\/wp\/v2\/media\/7826"}],"wp:attachment":[{"href":"https:\/\/www.bbmnoticias.com\/labravaradiofm\/wp-json\/wp\/v2\/media?parent=7825"}],"wp:term":[{"taxonomy":"category","embeddable":true,"href":"https:\/\/www.bbmnoticias.com\/labravaradiofm\/wp-json\/wp\/v2\/categories?post=7825"},{"taxonomy":"post_tag","embeddable":true,"href":"https:\/\/www.bbmnoticias.com\/labravaradiofm\/wp-json\/wp\/v2\/tags?post=7825"}],"curies":[{"name":"wp","href":"https:\/\/api.w.org\/{rel}","templated":true}]}}