{"id":7822,"date":"2021-12-28T13:24:23","date_gmt":"2021-12-28T19:24:23","guid":{"rendered":"https:\/\/www.bbmnoticias.com\/labravaradiofm\/?p=7822"},"modified":"2021-12-28T13:24:25","modified_gmt":"2021-12-28T19:24:25","slug":"desaparece-cecilia-minguer-exdirectora-de-museo-en-oaxaca","status":"publish","type":"post","link":"https:\/\/www.bbmnoticias.com\/labravaradiofm\/2021\/12\/28\/desaparece-cecilia-minguer-exdirectora-de-museo-en-oaxaca\/","title":{"rendered":"Desaparece Cecilia Ming\u00fcer, exdirectora de museo en Oaxaca"},"content":{"rendered":"<div style=\"margin-top: 0px; margin-bottom: 0px;\" class=\"sharethis-inline-share-buttons\" ><\/div>\n<p>La <strong>Fiscal\u00eda General del Estado de Oaxaca<\/strong> (FGEO) emiti\u00f3 una ficha de b\u00fasqueda tras la desaparici\u00f3n de <strong>Cecilia Ming\u00fcer Vargas<\/strong>, quien fuera la \u00faltima directora del <strong>Museo de Arte Contempor\u00e1neo de Oaxaca<\/strong> (<strong>MACO<\/strong>).<\/p>\n\n\n\n<p>En la ficha, emitida este martes, la Unidad de B\u00fasqueda de Personas No Localizadas de la FGEO detalla que Cecilia fue vista por \u00faltima vez el 25 de diciembre pasado, y desde entonces no hay informaci\u00f3n sobre ella.<\/p>\n\n\n\n<p>Se presume que puede vestir jeans, zapatos o tenis negros y blusa t\u00edpica, prendas caracter\u00edsticas de su vestimenta cotidiana.<\/p>\n\n\n\n<figure class=\"wp-block-embed is-type-rich is-provider-twitter wp-block-embed-twitter\"><div class=\"wp-block-embed__wrapper\">\nhttps:\/\/twitter.com\/FGEO_DNOL\/status\/1475878526477811717\n<\/div><\/figure>\n\n\n\n<p>Asimismo, la FGEO comparte que la complexi\u00f3n de Ming\u00fcer Vargas es robusta, tiene cabello corto, oscuro y con canas, tez morena, cejas semipobladas.<\/p>\n\n\n\n<p>Cabe mencionar que Cecilia Ming\u00fcer encabeza la lucha de al menos una decena de empleados del museo, quienes desde la primera quincena de abril de 2020, no reciben el pago de sus salarios.<\/p>\n\n\n\n<p>Hasta el momento los empleados contin\u00faan exigiendo sus pagos, sin que la asociaci\u00f3n Amigos del MACO, que encabeza Rub\u00e9n Leyva, solvente el recurso.<\/p>\n\n\n\n<p>Los trabajadores iniciaron un proceso de demanda por la violencia laboral que sufren desde la fecha mencionada, no obstante, la demanda est\u00e1 detenida por la pandemia de Covid-19. Antes, se celebraron al menos tres audiencias en las cuales, no hubo acuerdos, por el contrario, la asociaci\u00f3n intent\u00f3 desconocer a los empleados.<\/p>\n\n\n\n<p>En el proceso legal y tras el desalojo que sufrieron los empleados en abril de 2020, para evitar el cierre del museo, aseveran han recibido amenazas y vejaciones.<\/p>\n","protected":false},"excerpt":{"rendered":"<p>La Fiscal\u00eda General del Estado de Oaxaca (FGEO) emiti\u00f3 una ficha de b\u00fasqueda tras la desaparici\u00f3n de Cecilia Ming\u00fcer Vargas, quien fuera la \u00faltima directora del Museo de Arte Contempor\u00e1neo de Oaxaca (MACO). En la ficha, emitida este martes, la Unidad de B\u00fasqueda de Personas No Localizadas de la FGEO detalla que Cecilia fue vista [&hellip;]<\/p>\n","protected":false},"author":4,"featured_media":7823,"comment_status":"closed","ping_status":"closed","sticky":false,"template":"","format":"standard","meta":{"footnotes":""},"categories":[2],"tags":[],"class_list":{"0":"post-7822","1":"post","2":"type-post","3":"status-publish","4":"format-standard","5":"has-post-thumbnail","7":"category-oaxaca"},"yoast_head":"<!-- This site is optimized with the Yoast SEO plugin v27.4 - https:\/\/yoast.com\/product\/yoast-seo-wordpress\/ -->\n<title>Desaparece Cecilia Ming\u00fcer, exdirectora de museo en Oaxaca - LA BRAVA RADIO<\/title>\n<meta name=\"robots\" content=\"index, follow, max-snippet:-1, max-image-preview:large, max-video-preview:-1\" \/>\n<link rel=\"canonical\" href=\"https:\/\/www.bbmnoticias.com\/labravaradiofm\/2021\/12\/28\/desaparece-cecilia-minguer-exdirectora-de-museo-en-oaxaca\/\" \/>\n<meta property=\"og:locale\" content=\"es_MX\" \/>\n<meta property=\"og:type\" content=\"article\" \/>\n<meta property=\"og:title\" content=\"Desaparece Cecilia Ming\u00fcer, exdirectora de museo en Oaxaca - LA BRAVA RADIO\" \/>\n<meta property=\"og:description\" content=\"La Fiscal\u00eda General del Estado de Oaxaca (FGEO) emiti\u00f3 una ficha de b\u00fasqueda tras la desaparici\u00f3n de Cecilia Ming\u00fcer Vargas, quien fuera la \u00faltima directora del Museo de Arte Contempor\u00e1neo de Oaxaca (MACO). En la ficha, emitida este martes, la Unidad de B\u00fasqueda de Personas No Localizadas de la FGEO detalla que Cecilia fue vista [&hellip;]\" \/>\n<meta property=\"og:url\" content=\"https:\/\/www.bbmnoticias.com\/labravaradiofm\/2021\/12\/28\/desaparece-cecilia-minguer-exdirectora-de-museo-en-oaxaca\/\" \/>\n<meta property=\"og:site_name\" content=\"LA BRAVA RADIO\" \/>\n<meta property=\"article:published_time\" content=\"2021-12-28T19:24:23+00:00\" \/>\n<meta property=\"article:modified_time\" content=\"2021-12-28T19:24:25+00:00\" \/>\n<meta property=\"og:image\" content=\"https:\/\/www.bbmnoticias.com\/labravaradiofm\/wp-content\/uploads\/sites\/5\/2021\/12\/cecilia-graciela.webp\" \/>\n\t<meta property=\"og:image:width\" content=\"1201\" \/>\n\t<meta property=\"og:image:height\" content=\"740\" \/>\n\t<meta property=\"og:image:type\" content=\"image\/webp\" \/>\n<meta name=\"author\" content=\"Agencias\" \/>\n<meta name=\"twitter:card\" content=\"summary_large_image\" \/>\n<meta name=\"twitter:label1\" content=\"Escrito por\" \/>\n\t<meta name=\"twitter:data1\" content=\"Agencias\" \/>\n\t<meta name=\"twitter:label2\" content=\"Tiempo de lectura\" \/>\n\t<meta name=\"twitter:data2\" content=\"2 minutos\" \/>\n<script type=\"application\/ld+json\" class=\"yoast-schema-graph\">{\"@context\":\"https:\\\/\\\/schema.org\",\"@graph\":[{\"@type\":\"Article\",\"@id\":\"https:\\\/\\\/www.bbmnoticias.com\\\/labravaradiofm\\\/2021\\\/12\\\/28\\\/desaparece-cecilia-minguer-exdirectora-de-museo-en-oaxaca\\\/#article\",\"isPartOf\":{\"@id\":\"https:\\\/\\\/www.bbmnoticias.com\\\/labravaradiofm\\\/2021\\\/12\\\/28\\\/desaparece-cecilia-minguer-exdirectora-de-museo-en-oaxaca\\\/\"},\"author\":{\"name\":\"Agencias\",\"@id\":\"https:\\\/\\\/www.bbmnoticias.com\\\/labravaradiofm\\\/#\\\/schema\\\/person\\\/000bdaf0a8fb5bff0d537c4d0778e33f\"},\"headline\":\"Desaparece Cecilia Ming\u00fcer, exdirectora de museo en Oaxaca\",\"datePublished\":\"2021-12-28T19:24:23+00:00\",\"dateModified\":\"2021-12-28T19:24:25+00:00\",\"mainEntityOfPage\":{\"@id\":\"https:\\\/\\\/www.bbmnoticias.com\\\/labravaradiofm\\\/2021\\\/12\\\/28\\\/desaparece-cecilia-minguer-exdirectora-de-museo-en-oaxaca\\\/\"},\"wordCount\":276,\"image\":{\"@id\":\"https:\\\/\\\/www.bbmnoticias.com\\\/labravaradiofm\\\/2021\\\/12\\\/28\\\/desaparece-cecilia-minguer-exdirectora-de-museo-en-oaxaca\\\/#primaryimage\"},\"thumbnailUrl\":\"https:\\\/\\\/www.bbmnoticias.com\\\/labravaradiofm\\\/wp-content\\\/uploads\\\/sites\\\/5\\\/2021\\\/12\\\/cecilia-graciela.webp\",\"articleSection\":[\"LOCAL\"],\"inLanguage\":\"es\"},{\"@type\":\"WebPage\",\"@id\":\"https:\\\/\\\/www.bbmnoticias.com\\\/labravaradiofm\\\/2021\\\/12\\\/28\\\/desaparece-cecilia-minguer-exdirectora-de-museo-en-oaxaca\\\/\",\"url\":\"https:\\\/\\\/www.bbmnoticias.com\\\/labravaradiofm\\\/2021\\\/12\\\/28\\\/desaparece-cecilia-minguer-exdirectora-de-museo-en-oaxaca\\\/\",\"name\":\"Desaparece Cecilia Ming\u00fcer, exdirectora de museo en Oaxaca - LA BRAVA RADIO\",\"isPartOf\":{\"@id\":\"https:\\\/\\\/www.bbmnoticias.com\\\/labravaradiofm\\\/#website\"},\"primaryImageOfPage\":{\"@id\":\"https:\\\/\\\/www.bbmnoticias.com\\\/labravaradiofm\\\/2021\\\/12\\\/28\\\/desaparece-cecilia-minguer-exdirectora-de-museo-en-oaxaca\\\/#primaryimage\"},\"image\":{\"@id\":\"https:\\\/\\\/www.bbmnoticias.com\\\/labravaradiofm\\\/2021\\\/12\\\/28\\\/desaparece-cecilia-minguer-exdirectora-de-museo-en-oaxaca\\\/#primaryimage\"},\"thumbnailUrl\":\"https:\\\/\\\/www.bbmnoticias.com\\\/labravaradiofm\\\/wp-content\\\/uploads\\\/sites\\\/5\\\/2021\\\/12\\\/cecilia-graciela.webp\",\"datePublished\":\"2021-12-28T19:24:23+00:00\",\"dateModified\":\"2021-12-28T19:24:25+00:00\",\"author\":{\"@id\":\"https:\\\/\\\/www.bbmnoticias.com\\\/labravaradiofm\\\/#\\\/schema\\\/person\\\/000bdaf0a8fb5bff0d537c4d0778e33f\"},\"breadcrumb\":{\"@id\":\"https:\\\/\\\/www.bbmnoticias.com\\\/labravaradiofm\\\/2021\\\/12\\\/28\\\/desaparece-cecilia-minguer-exdirectora-de-museo-en-oaxaca\\\/#breadcrumb\"},\"inLanguage\":\"es\",\"potentialAction\":[{\"@type\":\"ReadAction\",\"target\":[\"https:\\\/\\\/www.bbmnoticias.com\\\/labravaradiofm\\\/2021\\\/12\\\/28\\\/desaparece-cecilia-minguer-exdirectora-de-museo-en-oaxaca\\\/\"]}]},{\"@type\":\"ImageObject\",\"inLanguage\":\"es\",\"@id\":\"https:\\\/\\\/www.bbmnoticias.com\\\/labravaradiofm\\\/2021\\\/12\\\/28\\\/desaparece-cecilia-minguer-exdirectora-de-museo-en-oaxaca\\\/#primaryimage\",\"url\":\"https:\\\/\\\/www.bbmnoticias.com\\\/labravaradiofm\\\/wp-content\\\/uploads\\\/sites\\\/5\\\/2021\\\/12\\\/cecilia-graciela.webp\",\"contentUrl\":\"https:\\\/\\\/www.bbmnoticias.com\\\/labravaradiofm\\\/wp-content\\\/uploads\\\/sites\\\/5\\\/2021\\\/12\\\/cecilia-graciela.webp\",\"width\":1201,\"height\":740},{\"@type\":\"BreadcrumbList\",\"@id\":\"https:\\\/\\\/www.bbmnoticias.com\\\/labravaradiofm\\\/2021\\\/12\\\/28\\\/desaparece-cecilia-minguer-exdirectora-de-museo-en-oaxaca\\\/#breadcrumb\",\"itemListElement\":[{\"@type\":\"ListItem\",\"position\":1,\"name\":\"Inicio\",\"item\":\"https:\\\/\\\/www.bbmnoticias.com\\\/labravaradiofm\\\/\"},{\"@type\":\"ListItem\",\"position\":2,\"name\":\"Desaparece Cecilia Ming\u00fcer, exdirectora de museo en Oaxaca\"}]},{\"@type\":\"WebSite\",\"@id\":\"https:\\\/\\\/www.bbmnoticias.com\\\/labravaradiofm\\\/#website\",\"url\":\"https:\\\/\\\/www.bbmnoticias.com\\\/labravaradiofm\\\/\",\"name\":\"LA BRAVA RADIO\",\"description\":\"Empresa productora de medios, Radiodifusi\u00f3n, Noticias, tendencias y todo lo que necesitas saber de la pol\u00edtica mexicana e internacional; entretenimiento, espect\u00e1culos, salud y mucho m\u00e1s.\",\"potentialAction\":[{\"@type\":\"SearchAction\",\"target\":{\"@type\":\"EntryPoint\",\"urlTemplate\":\"https:\\\/\\\/www.bbmnoticias.com\\\/labravaradiofm\\\/?s={search_term_string}\"},\"query-input\":{\"@type\":\"PropertyValueSpecification\",\"valueRequired\":true,\"valueName\":\"search_term_string\"}}],\"inLanguage\":\"es\"},{\"@type\":\"Person\",\"@id\":\"https:\\\/\\\/www.bbmnoticias.com\\\/labravaradiofm\\\/#\\\/schema\\\/person\\\/000bdaf0a8fb5bff0d537c4d0778e33f\",\"name\":\"Agencias\",\"image\":{\"@type\":\"ImageObject\",\"inLanguage\":\"es\",\"@id\":\"https:\\\/\\\/secure.gravatar.com\\\/avatar\\\/739e0b61adf9e398b425c36718c8752286da0e8cd90f20ce9a86678abc26aa0d?s=96&d=mm&r=g\",\"url\":\"https:\\\/\\\/secure.gravatar.com\\\/avatar\\\/739e0b61adf9e398b425c36718c8752286da0e8cd90f20ce9a86678abc26aa0d?s=96&d=mm&r=g\",\"contentUrl\":\"https:\\\/\\\/secure.gravatar.com\\\/avatar\\\/739e0b61adf9e398b425c36718c8752286da0e8cd90f20ce9a86678abc26aa0d?s=96&d=mm&r=g\",\"caption\":\"Agencias\"},\"url\":\"https:\\\/\\\/www.bbmnoticias.com\\\/labravaradiofm\\\/author\\\/agencias\\\/\"}]}<\/script>\n<!-- \/ Yoast SEO plugin. -->","yoast_head_json":{"title":"Desaparece Cecilia Ming\u00fcer, exdirectora de museo en Oaxaca - LA BRAVA RADIO","robots":{"index":"index","follow":"follow","max-snippet":"max-snippet:-1","max-image-preview":"max-image-preview:large","max-video-preview":"max-video-preview:-1"},"canonical":"https:\/\/www.bbmnoticias.com\/labravaradiofm\/2021\/12\/28\/desaparece-cecilia-minguer-exdirectora-de-museo-en-oaxaca\/","og_locale":"es_MX","og_type":"article","og_title":"Desaparece Cecilia Ming\u00fcer, exdirectora de museo en Oaxaca - LA BRAVA RADIO","og_description":"La Fiscal\u00eda General del Estado de Oaxaca (FGEO) emiti\u00f3 una ficha de b\u00fasqueda tras la desaparici\u00f3n de Cecilia Ming\u00fcer Vargas, quien fuera la \u00faltima directora del Museo de Arte Contempor\u00e1neo de Oaxaca (MACO). En la ficha, emitida este martes, la Unidad de B\u00fasqueda de Personas No Localizadas de la FGEO detalla que Cecilia fue vista [&hellip;]","og_url":"https:\/\/www.bbmnoticias.com\/labravaradiofm\/2021\/12\/28\/desaparece-cecilia-minguer-exdirectora-de-museo-en-oaxaca\/","og_site_name":"LA BRAVA RADIO","article_published_time":"2021-12-28T19:24:23+00:00","article_modified_time":"2021-12-28T19:24:25+00:00","og_image":[{"width":1201,"height":740,"url":"https:\/\/www.bbmnoticias.com\/labravaradiofm\/wp-content\/uploads\/sites\/5\/2021\/12\/cecilia-graciela.webp","type":"image\/webp"}],"author":"Agencias","twitter_card":"summary_large_image","twitter_misc":{"Escrito por":"Agencias","Tiempo de lectura":"2 minutos"},"schema":{"@context":"https:\/\/schema.org","@graph":[{"@type":"Article","@id":"https:\/\/www.bbmnoticias.com\/labravaradiofm\/2021\/12\/28\/desaparece-cecilia-minguer-exdirectora-de-museo-en-oaxaca\/#article","isPartOf":{"@id":"https:\/\/www.bbmnoticias.com\/labravaradiofm\/2021\/12\/28\/desaparece-cecilia-minguer-exdirectora-de-museo-en-oaxaca\/"},"author":{"name":"Agencias","@id":"https:\/\/www.bbmnoticias.com\/labravaradiofm\/#\/schema\/person\/000bdaf0a8fb5bff0d537c4d0778e33f"},"headline":"Desaparece Cecilia Ming\u00fcer, exdirectora de museo en Oaxaca","datePublished":"2021-12-28T19:24:23+00:00","dateModified":"2021-12-28T19:24:25+00:00","mainEntityOfPage":{"@id":"https:\/\/www.bbmnoticias.com\/labravaradiofm\/2021\/12\/28\/desaparece-cecilia-minguer-exdirectora-de-museo-en-oaxaca\/"},"wordCount":276,"image":{"@id":"https:\/\/www.bbmnoticias.com\/labravaradiofm\/2021\/12\/28\/desaparece-cecilia-minguer-exdirectora-de-museo-en-oaxaca\/#primaryimage"},"thumbnailUrl":"https:\/\/www.bbmnoticias.com\/labravaradiofm\/wp-content\/uploads\/sites\/5\/2021\/12\/cecilia-graciela.webp","articleSection":["LOCAL"],"inLanguage":"es"},{"@type":"WebPage","@id":"https:\/\/www.bbmnoticias.com\/labravaradiofm\/2021\/12\/28\/desaparece-cecilia-minguer-exdirectora-de-museo-en-oaxaca\/","url":"https:\/\/www.bbmnoticias.com\/labravaradiofm\/2021\/12\/28\/desaparece-cecilia-minguer-exdirectora-de-museo-en-oaxaca\/","name":"Desaparece Cecilia Ming\u00fcer, exdirectora de museo en Oaxaca - LA BRAVA RADIO","isPartOf":{"@id":"https:\/\/www.bbmnoticias.com\/labravaradiofm\/#website"},"primaryImageOfPage":{"@id":"https:\/\/www.bbmnoticias.com\/labravaradiofm\/2021\/12\/28\/desaparece-cecilia-minguer-exdirectora-de-museo-en-oaxaca\/#primaryimage"},"image":{"@id":"https:\/\/www.bbmnoticias.com\/labravaradiofm\/2021\/12\/28\/desaparece-cecilia-minguer-exdirectora-de-museo-en-oaxaca\/#primaryimage"},"thumbnailUrl":"https:\/\/www.bbmnoticias.com\/labravaradiofm\/wp-content\/uploads\/sites\/5\/2021\/12\/cecilia-graciela.webp","datePublished":"2021-12-28T19:24:23+00:00","dateModified":"2021-12-28T19:24:25+00:00","author":{"@id":"https:\/\/www.bbmnoticias.com\/labravaradiofm\/#\/schema\/person\/000bdaf0a8fb5bff0d537c4d0778e33f"},"breadcrumb":{"@id":"https:\/\/www.bbmnoticias.com\/labravaradiofm\/2021\/12\/28\/desaparece-cecilia-minguer-exdirectora-de-museo-en-oaxaca\/#breadcrumb"},"inLanguage":"es","potentialAction":[{"@type":"ReadAction","target":["https:\/\/www.bbmnoticias.com\/labravaradiofm\/2021\/12\/28\/desaparece-cecilia-minguer-exdirectora-de-museo-en-oaxaca\/"]}]},{"@type":"ImageObject","inLanguage":"es","@id":"https:\/\/www.bbmnoticias.com\/labravaradiofm\/2021\/12\/28\/desaparece-cecilia-minguer-exdirectora-de-museo-en-oaxaca\/#primaryimage","url":"https:\/\/www.bbmnoticias.com\/labravaradiofm\/wp-content\/uploads\/sites\/5\/2021\/12\/cecilia-graciela.webp","contentUrl":"https:\/\/www.bbmnoticias.com\/labravaradiofm\/wp-content\/uploads\/sites\/5\/2021\/12\/cecilia-graciela.webp","width":1201,"height":740},{"@type":"BreadcrumbList","@id":"https:\/\/www.bbmnoticias.com\/labravaradiofm\/2021\/12\/28\/desaparece-cecilia-minguer-exdirectora-de-museo-en-oaxaca\/#breadcrumb","itemListElement":[{"@type":"ListItem","position":1,"name":"Inicio","item":"https:\/\/www.bbmnoticias.com\/labravaradiofm\/"},{"@type":"ListItem","position":2,"name":"Desaparece Cecilia Ming\u00fcer, exdirectora de museo en Oaxaca"}]},{"@type":"WebSite","@id":"https:\/\/www.bbmnoticias.com\/labravaradiofm\/#website","url":"https:\/\/www.bbmnoticias.com\/labravaradiofm\/","name":"LA BRAVA RADIO","description":"Empresa productora de medios, Radiodifusi\u00f3n, Noticias, tendencias y todo lo que necesitas saber de la pol\u00edtica mexicana e internacional; entretenimiento, espect\u00e1culos, salud y mucho m\u00e1s.","potentialAction":[{"@type":"SearchAction","target":{"@type":"EntryPoint","urlTemplate":"https:\/\/www.bbmnoticias.com\/labravaradiofm\/?s={search_term_string}"},"query-input":{"@type":"PropertyValueSpecification","valueRequired":true,"valueName":"search_term_string"}}],"inLanguage":"es"},{"@type":"Person","@id":"https:\/\/www.bbmnoticias.com\/labravaradiofm\/#\/schema\/person\/000bdaf0a8fb5bff0d537c4d0778e33f","name":"Agencias","image":{"@type":"ImageObject","inLanguage":"es","@id":"https:\/\/secure.gravatar.com\/avatar\/739e0b61adf9e398b425c36718c8752286da0e8cd90f20ce9a86678abc26aa0d?s=96&d=mm&r=g","url":"https:\/\/secure.gravatar.com\/avatar\/739e0b61adf9e398b425c36718c8752286da0e8cd90f20ce9a86678abc26aa0d?s=96&d=mm&r=g","contentUrl":"https:\/\/secure.gravatar.com\/avatar\/739e0b61adf9e398b425c36718c8752286da0e8cd90f20ce9a86678abc26aa0d?s=96&d=mm&r=g","caption":"Agencias"},"url":"https:\/\/www.bbmnoticias.com\/labravaradiofm\/author\/agencias\/"}]}},"_links":{"self":[{"href":"https:\/\/www.bbmnoticias.com\/labravaradiofm\/wp-json\/wp\/v2\/posts\/7822","targetHints":{"allow":["GET"]}}],"collection":[{"href":"https:\/\/www.bbmnoticias.com\/labravaradiofm\/wp-json\/wp\/v2\/posts"}],"about":[{"href":"https:\/\/www.bbmnoticias.com\/labravaradiofm\/wp-json\/wp\/v2\/types\/post"}],"author":[{"embeddable":true,"href":"https:\/\/www.bbmnoticias.com\/labravaradiofm\/wp-json\/wp\/v2\/users\/4"}],"replies":[{"embeddable":true,"href":"https:\/\/www.bbmnoticias.com\/labravaradiofm\/wp-json\/wp\/v2\/comments?post=7822"}],"version-history":[{"count":0,"href":"https:\/\/www.bbmnoticias.com\/labravaradiofm\/wp-json\/wp\/v2\/posts\/7822\/revisions"}],"wp:featuredmedia":[{"embeddable":true,"href":"https:\/\/www.bbmnoticias.com\/labravaradiofm\/wp-json\/wp\/v2\/media\/7823"}],"wp:attachment":[{"href":"https:\/\/www.bbmnoticias.com\/labravaradiofm\/wp-json\/wp\/v2\/media?parent=7822"}],"wp:term":[{"taxonomy":"category","embeddable":true,"href":"https:\/\/www.bbmnoticias.com\/labravaradiofm\/wp-json\/wp\/v2\/categories?post=7822"},{"taxonomy":"post_tag","embeddable":true,"href":"https:\/\/www.bbmnoticias.com\/labravaradiofm\/wp-json\/wp\/v2\/tags?post=7822"}],"curies":[{"name":"wp","href":"https:\/\/api.w.org\/{rel}","templated":true}]}}