{"id":7811,"date":"2021-12-28T10:42:56","date_gmt":"2021-12-28T16:42:56","guid":{"rendered":"https:\/\/www.bbmnoticias.com\/labravaradiofm\/?p=7811"},"modified":"2021-12-28T14:30:59","modified_gmt":"2021-12-28T20:30:59","slug":"con-posibilidad-de-heladas-en-picos-altos-de-la-mixteca-sierra-norte-y-sierra-sur","status":"publish","type":"post","link":"https:\/\/www.bbmnoticias.com\/labravaradiofm\/2021\/12\/28\/con-posibilidad-de-heladas-en-picos-altos-de-la-mixteca-sierra-norte-y-sierra-sur\/","title":{"rendered":"Con posibilidad de heladas en picos altos de la Mixteca, Sierra Norte y Sierra Sur"},"content":{"rendered":"<div style=\"margin-top: 0px; margin-bottom: 0px;\" class=\"sharethis-inline-share-buttons\" ><\/div>\n<p><strong>Oaxaca de Ju\u00e1rez, Oax. 28 de diciembre de 2021. <\/strong>La Coordinaci\u00f3n Estatal de Protecci\u00f3n Civil de Oaxaca (CEPCO), informa que se prev\u00e9 que se mantenga el sistema anticicl\u00f3nico en diferentes niveles de la atmosfera, centrado sobre el Golfo de M\u00e9xico, favoreciendo cielo despejado, ambiente fr\u00edo al amanecer y durante la noche en elevaciones mayores a mil 500, con posibilidad de heladas en picos altos de la Mixteca, Sierra Norte y Sierra Sur.<\/p>\n\n\n\n<p>Adem\u00e1s, se desarrollar\u00e1 un evento de surada sobre el Istmo y Golfo de Tehuantepec, originando un ambiente con caracter\u00edsticas de caluroso que se extender\u00e1n hacia la l\u00ednea costera. El frente fr\u00edo No.16 se frenar\u00e1 sobre el norte de M\u00e9xico y por la tarde dejar\u00e1 de afectar al pa\u00eds. Sin embargo, un nuevo frente fr\u00edo se estar\u00e1 gestando e ingresando por los estados del noroeste.<\/p>\n\n\n\n<p>En cuanto a las condiciones meteorol\u00f3gicas registradas en las \u00faltimas 24 horas en el estado, domin\u00f3 ambiente fr\u00edo con heladas al amanecer en zonas altas y caluroso en zona bajas, adem\u00e1s de cielo despejado con abundante radiaci\u00f3n solar.<\/p>\n\n\n\n<p>El pron\u00f3stico para la capital del estado es fr\u00edo a fresco al amanecer y por la noche, despejado a medio nublado abundante radiaci\u00f3n solar en horas centrales del d\u00eda. La temperatura m\u00e1xima ser\u00e1 de 28 grados y m\u00ednima de 08.<\/p>\n\n\n\n<p>La Coordinaci\u00f3n estatal de Protecci\u00f3n Civil que encabeza Oscar Valencia Garc\u00eda emite las siguientes recomendaciones por temporada invernal:<\/p>\n\n\n\n<ul class=\"wp-block-list\"><li>Vestir con ropa gruesa, cubriendo todo el cuerpo (chamarra, abrigo, bufanda, gorro, guantes. Etc.).<\/li><li>Informarse a trav\u00e9s de los medios de comunicaci\u00f3n sobre el pron\u00f3stico del tiempo<\/li><li>Comer frutas amarillas ricas en vitamina A y C<\/li><li>Al salir de un lugar caliente cubrir boca y nariz para evitar respirar aire fr\u00edo<\/li><li>Los ni\u00f1os, adultos mayores, enfermos cr\u00f3nicos y personas indigentes son m\u00e1s vulnerables, por lo que se debe tener especial atenci\u00f3n con ellos y cob\u00edjalos.<\/li><li>Al utilizar chimeneas, calentadores u hornillos verificar que haya ventilaci\u00f3n adecuada para evitar intoxicaciones, cuidar que los ni\u00f1os no se acerquen para evitar accidentes.<\/li><li>Sellar puertas y ventanas con papel peri\u00f3dico para evitar cruces de corrientes y salida de calor acumulado en su casa.<\/li><li>No encender estufas ni anafres dentro de habitaciones que carezcan de ventilaci\u00f3n adecuada ya que pueden generar mon\u00f3xido de carbono, este es un gas que no se ve ni tiene olor y es altamente nocivo para la salud.<\/li><\/ul>\n","protected":false},"excerpt":{"rendered":"<p>Oaxaca de Ju\u00e1rez, Oax. 28 de diciembre de 2021. La Coordinaci\u00f3n Estatal de Protecci\u00f3n Civil de Oaxaca (CEPCO), informa que se prev\u00e9 que se mantenga el sistema anticicl\u00f3nico en diferentes niveles de la atmosfera, centrado sobre el Golfo de M\u00e9xico, favoreciendo cielo despejado, ambiente fr\u00edo al amanecer y durante la noche en elevaciones mayores a [&hellip;]<\/p>\n","protected":false},"author":2,"featured_media":7812,"comment_status":"closed","ping_status":"closed","sticky":false,"template":"","format":"standard","meta":{"footnotes":""},"categories":[2],"tags":[],"class_list":{"0":"post-7811","1":"post","2":"type-post","3":"status-publish","4":"format-standard","5":"has-post-thumbnail","7":"category-oaxaca"},"yoast_head":"<!-- This site is optimized with the Yoast SEO plugin v27.4 - https:\/\/yoast.com\/product\/yoast-seo-wordpress\/ -->\n<title>Con posibilidad de heladas en picos altos de la Mixteca, Sierra Norte y Sierra Sur - LA BRAVA RADIO<\/title>\n<meta name=\"robots\" content=\"index, follow, max-snippet:-1, max-image-preview:large, max-video-preview:-1\" \/>\n<link rel=\"canonical\" href=\"https:\/\/www.bbmnoticias.com\/labravaradiofm\/2021\/12\/28\/con-posibilidad-de-heladas-en-picos-altos-de-la-mixteca-sierra-norte-y-sierra-sur\/\" \/>\n<meta property=\"og:locale\" content=\"es_MX\" \/>\n<meta property=\"og:type\" content=\"article\" \/>\n<meta property=\"og:title\" content=\"Con posibilidad de heladas en picos altos de la Mixteca, Sierra Norte y Sierra Sur - LA BRAVA RADIO\" \/>\n<meta property=\"og:description\" content=\"Oaxaca de Ju\u00e1rez, Oax. 28 de diciembre de 2021. La Coordinaci\u00f3n Estatal de Protecci\u00f3n Civil de Oaxaca (CEPCO), informa que se prev\u00e9 que se mantenga el sistema anticicl\u00f3nico en diferentes niveles de la atmosfera, centrado sobre el Golfo de M\u00e9xico, favoreciendo cielo despejado, ambiente fr\u00edo al amanecer y durante la noche en elevaciones mayores a [&hellip;]\" \/>\n<meta property=\"og:url\" content=\"https:\/\/www.bbmnoticias.com\/labravaradiofm\/2021\/12\/28\/con-posibilidad-de-heladas-en-picos-altos-de-la-mixteca-sierra-norte-y-sierra-sur\/\" \/>\n<meta property=\"og:site_name\" content=\"LA BRAVA RADIO\" \/>\n<meta property=\"article:published_time\" content=\"2021-12-28T16:42:56+00:00\" \/>\n<meta property=\"article:modified_time\" content=\"2021-12-28T20:30:59+00:00\" \/>\n<meta property=\"og:image\" content=\"https:\/\/www.bbmnoticias.com\/labravaradiofm\/wp-content\/uploads\/sites\/5\/2021\/12\/heladas-oaxaca.jpg\" \/>\n\t<meta property=\"og:image:width\" content=\"1280\" \/>\n\t<meta property=\"og:image:height\" content=\"960\" \/>\n\t<meta property=\"og:image:type\" content=\"image\/jpeg\" \/>\n<meta name=\"author\" content=\"Staff\" \/>\n<meta name=\"twitter:card\" content=\"summary_large_image\" \/>\n<meta name=\"twitter:label1\" content=\"Escrito por\" \/>\n\t<meta name=\"twitter:data1\" content=\"Staff\" \/>\n\t<meta name=\"twitter:label2\" content=\"Tiempo de lectura\" \/>\n\t<meta name=\"twitter:data2\" content=\"2 minutos\" \/>\n<script type=\"application\/ld+json\" class=\"yoast-schema-graph\">{\"@context\":\"https:\\\/\\\/schema.org\",\"@graph\":[{\"@type\":\"Article\",\"@id\":\"https:\\\/\\\/www.bbmnoticias.com\\\/labravaradiofm\\\/2021\\\/12\\\/28\\\/con-posibilidad-de-heladas-en-picos-altos-de-la-mixteca-sierra-norte-y-sierra-sur\\\/#article\",\"isPartOf\":{\"@id\":\"https:\\\/\\\/www.bbmnoticias.com\\\/labravaradiofm\\\/2021\\\/12\\\/28\\\/con-posibilidad-de-heladas-en-picos-altos-de-la-mixteca-sierra-norte-y-sierra-sur\\\/\"},\"author\":{\"name\":\"Staff\",\"@id\":\"https:\\\/\\\/www.bbmnoticias.com\\\/labravaradiofm\\\/#\\\/schema\\\/person\\\/68a9e9036ef3c5b55aeb2b71dc8bab45\"},\"headline\":\"Con posibilidad de heladas en picos altos de la Mixteca, Sierra Norte y Sierra Sur\",\"datePublished\":\"2021-12-28T16:42:56+00:00\",\"dateModified\":\"2021-12-28T20:30:59+00:00\",\"mainEntityOfPage\":{\"@id\":\"https:\\\/\\\/www.bbmnoticias.com\\\/labravaradiofm\\\/2021\\\/12\\\/28\\\/con-posibilidad-de-heladas-en-picos-altos-de-la-mixteca-sierra-norte-y-sierra-sur\\\/\"},\"wordCount\":439,\"image\":{\"@id\":\"https:\\\/\\\/www.bbmnoticias.com\\\/labravaradiofm\\\/2021\\\/12\\\/28\\\/con-posibilidad-de-heladas-en-picos-altos-de-la-mixteca-sierra-norte-y-sierra-sur\\\/#primaryimage\"},\"thumbnailUrl\":\"https:\\\/\\\/www.bbmnoticias.com\\\/labravaradiofm\\\/wp-content\\\/uploads\\\/sites\\\/5\\\/2021\\\/12\\\/heladas-oaxaca.jpg\",\"articleSection\":[\"LOCAL\"],\"inLanguage\":\"es\"},{\"@type\":\"WebPage\",\"@id\":\"https:\\\/\\\/www.bbmnoticias.com\\\/labravaradiofm\\\/2021\\\/12\\\/28\\\/con-posibilidad-de-heladas-en-picos-altos-de-la-mixteca-sierra-norte-y-sierra-sur\\\/\",\"url\":\"https:\\\/\\\/www.bbmnoticias.com\\\/labravaradiofm\\\/2021\\\/12\\\/28\\\/con-posibilidad-de-heladas-en-picos-altos-de-la-mixteca-sierra-norte-y-sierra-sur\\\/\",\"name\":\"Con posibilidad de heladas en picos altos de la Mixteca, Sierra Norte y Sierra Sur - LA BRAVA RADIO\",\"isPartOf\":{\"@id\":\"https:\\\/\\\/www.bbmnoticias.com\\\/labravaradiofm\\\/#website\"},\"primaryImageOfPage\":{\"@id\":\"https:\\\/\\\/www.bbmnoticias.com\\\/labravaradiofm\\\/2021\\\/12\\\/28\\\/con-posibilidad-de-heladas-en-picos-altos-de-la-mixteca-sierra-norte-y-sierra-sur\\\/#primaryimage\"},\"image\":{\"@id\":\"https:\\\/\\\/www.bbmnoticias.com\\\/labravaradiofm\\\/2021\\\/12\\\/28\\\/con-posibilidad-de-heladas-en-picos-altos-de-la-mixteca-sierra-norte-y-sierra-sur\\\/#primaryimage\"},\"thumbnailUrl\":\"https:\\\/\\\/www.bbmnoticias.com\\\/labravaradiofm\\\/wp-content\\\/uploads\\\/sites\\\/5\\\/2021\\\/12\\\/heladas-oaxaca.jpg\",\"datePublished\":\"2021-12-28T16:42:56+00:00\",\"dateModified\":\"2021-12-28T20:30:59+00:00\",\"author\":{\"@id\":\"https:\\\/\\\/www.bbmnoticias.com\\\/labravaradiofm\\\/#\\\/schema\\\/person\\\/68a9e9036ef3c5b55aeb2b71dc8bab45\"},\"breadcrumb\":{\"@id\":\"https:\\\/\\\/www.bbmnoticias.com\\\/labravaradiofm\\\/2021\\\/12\\\/28\\\/con-posibilidad-de-heladas-en-picos-altos-de-la-mixteca-sierra-norte-y-sierra-sur\\\/#breadcrumb\"},\"inLanguage\":\"es\",\"potentialAction\":[{\"@type\":\"ReadAction\",\"target\":[\"https:\\\/\\\/www.bbmnoticias.com\\\/labravaradiofm\\\/2021\\\/12\\\/28\\\/con-posibilidad-de-heladas-en-picos-altos-de-la-mixteca-sierra-norte-y-sierra-sur\\\/\"]}]},{\"@type\":\"ImageObject\",\"inLanguage\":\"es\",\"@id\":\"https:\\\/\\\/www.bbmnoticias.com\\\/labravaradiofm\\\/2021\\\/12\\\/28\\\/con-posibilidad-de-heladas-en-picos-altos-de-la-mixteca-sierra-norte-y-sierra-sur\\\/#primaryimage\",\"url\":\"https:\\\/\\\/www.bbmnoticias.com\\\/labravaradiofm\\\/wp-content\\\/uploads\\\/sites\\\/5\\\/2021\\\/12\\\/heladas-oaxaca.jpg\",\"contentUrl\":\"https:\\\/\\\/www.bbmnoticias.com\\\/labravaradiofm\\\/wp-content\\\/uploads\\\/sites\\\/5\\\/2021\\\/12\\\/heladas-oaxaca.jpg\",\"width\":1280,\"height\":960},{\"@type\":\"BreadcrumbList\",\"@id\":\"https:\\\/\\\/www.bbmnoticias.com\\\/labravaradiofm\\\/2021\\\/12\\\/28\\\/con-posibilidad-de-heladas-en-picos-altos-de-la-mixteca-sierra-norte-y-sierra-sur\\\/#breadcrumb\",\"itemListElement\":[{\"@type\":\"ListItem\",\"position\":1,\"name\":\"Inicio\",\"item\":\"https:\\\/\\\/www.bbmnoticias.com\\\/labravaradiofm\\\/\"},{\"@type\":\"ListItem\",\"position\":2,\"name\":\"Con posibilidad de heladas en picos altos de la Mixteca, Sierra Norte y Sierra Sur\"}]},{\"@type\":\"WebSite\",\"@id\":\"https:\\\/\\\/www.bbmnoticias.com\\\/labravaradiofm\\\/#website\",\"url\":\"https:\\\/\\\/www.bbmnoticias.com\\\/labravaradiofm\\\/\",\"name\":\"LA BRAVA RADIO\",\"description\":\"Empresa productora de medios, Radiodifusi\u00f3n, Noticias, tendencias y todo lo que necesitas saber de la pol\u00edtica mexicana e internacional; entretenimiento, espect\u00e1culos, salud y mucho m\u00e1s.\",\"potentialAction\":[{\"@type\":\"SearchAction\",\"target\":{\"@type\":\"EntryPoint\",\"urlTemplate\":\"https:\\\/\\\/www.bbmnoticias.com\\\/labravaradiofm\\\/?s={search_term_string}\"},\"query-input\":{\"@type\":\"PropertyValueSpecification\",\"valueRequired\":true,\"valueName\":\"search_term_string\"}}],\"inLanguage\":\"es\"},{\"@type\":\"Person\",\"@id\":\"https:\\\/\\\/www.bbmnoticias.com\\\/labravaradiofm\\\/#\\\/schema\\\/person\\\/68a9e9036ef3c5b55aeb2b71dc8bab45\",\"name\":\"Staff\",\"image\":{\"@type\":\"ImageObject\",\"inLanguage\":\"es\",\"@id\":\"https:\\\/\\\/secure.gravatar.com\\\/avatar\\\/fdd21ad66fd8b98c407f9dee5b5e588cfe7f0d8579ec20fa6527cd59bab7f0f0?s=96&d=mm&r=g\",\"url\":\"https:\\\/\\\/secure.gravatar.com\\\/avatar\\\/fdd21ad66fd8b98c407f9dee5b5e588cfe7f0d8579ec20fa6527cd59bab7f0f0?s=96&d=mm&r=g\",\"contentUrl\":\"https:\\\/\\\/secure.gravatar.com\\\/avatar\\\/fdd21ad66fd8b98c407f9dee5b5e588cfe7f0d8579ec20fa6527cd59bab7f0f0?s=96&d=mm&r=g\",\"caption\":\"Staff\"},\"url\":\"https:\\\/\\\/www.bbmnoticias.com\\\/labravaradiofm\\\/author\\\/redaccion\\\/\"}]}<\/script>\n<!-- \/ Yoast SEO plugin. -->","yoast_head_json":{"title":"Con posibilidad de heladas en picos altos de la Mixteca, Sierra Norte y Sierra Sur - LA BRAVA RADIO","robots":{"index":"index","follow":"follow","max-snippet":"max-snippet:-1","max-image-preview":"max-image-preview:large","max-video-preview":"max-video-preview:-1"},"canonical":"https:\/\/www.bbmnoticias.com\/labravaradiofm\/2021\/12\/28\/con-posibilidad-de-heladas-en-picos-altos-de-la-mixteca-sierra-norte-y-sierra-sur\/","og_locale":"es_MX","og_type":"article","og_title":"Con posibilidad de heladas en picos altos de la Mixteca, Sierra Norte y Sierra Sur - LA BRAVA RADIO","og_description":"Oaxaca de Ju\u00e1rez, Oax. 28 de diciembre de 2021. La Coordinaci\u00f3n Estatal de Protecci\u00f3n Civil de Oaxaca (CEPCO), informa que se prev\u00e9 que se mantenga el sistema anticicl\u00f3nico en diferentes niveles de la atmosfera, centrado sobre el Golfo de M\u00e9xico, favoreciendo cielo despejado, ambiente fr\u00edo al amanecer y durante la noche en elevaciones mayores a [&hellip;]","og_url":"https:\/\/www.bbmnoticias.com\/labravaradiofm\/2021\/12\/28\/con-posibilidad-de-heladas-en-picos-altos-de-la-mixteca-sierra-norte-y-sierra-sur\/","og_site_name":"LA BRAVA RADIO","article_published_time":"2021-12-28T16:42:56+00:00","article_modified_time":"2021-12-28T20:30:59+00:00","og_image":[{"width":1280,"height":960,"url":"https:\/\/www.bbmnoticias.com\/labravaradiofm\/wp-content\/uploads\/sites\/5\/2021\/12\/heladas-oaxaca.jpg","type":"image\/jpeg"}],"author":"Staff","twitter_card":"summary_large_image","twitter_misc":{"Escrito por":"Staff","Tiempo de lectura":"2 minutos"},"schema":{"@context":"https:\/\/schema.org","@graph":[{"@type":"Article","@id":"https:\/\/www.bbmnoticias.com\/labravaradiofm\/2021\/12\/28\/con-posibilidad-de-heladas-en-picos-altos-de-la-mixteca-sierra-norte-y-sierra-sur\/#article","isPartOf":{"@id":"https:\/\/www.bbmnoticias.com\/labravaradiofm\/2021\/12\/28\/con-posibilidad-de-heladas-en-picos-altos-de-la-mixteca-sierra-norte-y-sierra-sur\/"},"author":{"name":"Staff","@id":"https:\/\/www.bbmnoticias.com\/labravaradiofm\/#\/schema\/person\/68a9e9036ef3c5b55aeb2b71dc8bab45"},"headline":"Con posibilidad de heladas en picos altos de la Mixteca, Sierra Norte y Sierra Sur","datePublished":"2021-12-28T16:42:56+00:00","dateModified":"2021-12-28T20:30:59+00:00","mainEntityOfPage":{"@id":"https:\/\/www.bbmnoticias.com\/labravaradiofm\/2021\/12\/28\/con-posibilidad-de-heladas-en-picos-altos-de-la-mixteca-sierra-norte-y-sierra-sur\/"},"wordCount":439,"image":{"@id":"https:\/\/www.bbmnoticias.com\/labravaradiofm\/2021\/12\/28\/con-posibilidad-de-heladas-en-picos-altos-de-la-mixteca-sierra-norte-y-sierra-sur\/#primaryimage"},"thumbnailUrl":"https:\/\/www.bbmnoticias.com\/labravaradiofm\/wp-content\/uploads\/sites\/5\/2021\/12\/heladas-oaxaca.jpg","articleSection":["LOCAL"],"inLanguage":"es"},{"@type":"WebPage","@id":"https:\/\/www.bbmnoticias.com\/labravaradiofm\/2021\/12\/28\/con-posibilidad-de-heladas-en-picos-altos-de-la-mixteca-sierra-norte-y-sierra-sur\/","url":"https:\/\/www.bbmnoticias.com\/labravaradiofm\/2021\/12\/28\/con-posibilidad-de-heladas-en-picos-altos-de-la-mixteca-sierra-norte-y-sierra-sur\/","name":"Con posibilidad de heladas en picos altos de la Mixteca, Sierra Norte y Sierra Sur - LA BRAVA RADIO","isPartOf":{"@id":"https:\/\/www.bbmnoticias.com\/labravaradiofm\/#website"},"primaryImageOfPage":{"@id":"https:\/\/www.bbmnoticias.com\/labravaradiofm\/2021\/12\/28\/con-posibilidad-de-heladas-en-picos-altos-de-la-mixteca-sierra-norte-y-sierra-sur\/#primaryimage"},"image":{"@id":"https:\/\/www.bbmnoticias.com\/labravaradiofm\/2021\/12\/28\/con-posibilidad-de-heladas-en-picos-altos-de-la-mixteca-sierra-norte-y-sierra-sur\/#primaryimage"},"thumbnailUrl":"https:\/\/www.bbmnoticias.com\/labravaradiofm\/wp-content\/uploads\/sites\/5\/2021\/12\/heladas-oaxaca.jpg","datePublished":"2021-12-28T16:42:56+00:00","dateModified":"2021-12-28T20:30:59+00:00","author":{"@id":"https:\/\/www.bbmnoticias.com\/labravaradiofm\/#\/schema\/person\/68a9e9036ef3c5b55aeb2b71dc8bab45"},"breadcrumb":{"@id":"https:\/\/www.bbmnoticias.com\/labravaradiofm\/2021\/12\/28\/con-posibilidad-de-heladas-en-picos-altos-de-la-mixteca-sierra-norte-y-sierra-sur\/#breadcrumb"},"inLanguage":"es","potentialAction":[{"@type":"ReadAction","target":["https:\/\/www.bbmnoticias.com\/labravaradiofm\/2021\/12\/28\/con-posibilidad-de-heladas-en-picos-altos-de-la-mixteca-sierra-norte-y-sierra-sur\/"]}]},{"@type":"ImageObject","inLanguage":"es","@id":"https:\/\/www.bbmnoticias.com\/labravaradiofm\/2021\/12\/28\/con-posibilidad-de-heladas-en-picos-altos-de-la-mixteca-sierra-norte-y-sierra-sur\/#primaryimage","url":"https:\/\/www.bbmnoticias.com\/labravaradiofm\/wp-content\/uploads\/sites\/5\/2021\/12\/heladas-oaxaca.jpg","contentUrl":"https:\/\/www.bbmnoticias.com\/labravaradiofm\/wp-content\/uploads\/sites\/5\/2021\/12\/heladas-oaxaca.jpg","width":1280,"height":960},{"@type":"BreadcrumbList","@id":"https:\/\/www.bbmnoticias.com\/labravaradiofm\/2021\/12\/28\/con-posibilidad-de-heladas-en-picos-altos-de-la-mixteca-sierra-norte-y-sierra-sur\/#breadcrumb","itemListElement":[{"@type":"ListItem","position":1,"name":"Inicio","item":"https:\/\/www.bbmnoticias.com\/labravaradiofm\/"},{"@type":"ListItem","position":2,"name":"Con posibilidad de heladas en picos altos de la Mixteca, Sierra Norte y Sierra Sur"}]},{"@type":"WebSite","@id":"https:\/\/www.bbmnoticias.com\/labravaradiofm\/#website","url":"https:\/\/www.bbmnoticias.com\/labravaradiofm\/","name":"LA BRAVA RADIO","description":"Empresa productora de medios, Radiodifusi\u00f3n, Noticias, tendencias y todo lo que necesitas saber de la pol\u00edtica mexicana e internacional; entretenimiento, espect\u00e1culos, salud y mucho m\u00e1s.","potentialAction":[{"@type":"SearchAction","target":{"@type":"EntryPoint","urlTemplate":"https:\/\/www.bbmnoticias.com\/labravaradiofm\/?s={search_term_string}"},"query-input":{"@type":"PropertyValueSpecification","valueRequired":true,"valueName":"search_term_string"}}],"inLanguage":"es"},{"@type":"Person","@id":"https:\/\/www.bbmnoticias.com\/labravaradiofm\/#\/schema\/person\/68a9e9036ef3c5b55aeb2b71dc8bab45","name":"Staff","image":{"@type":"ImageObject","inLanguage":"es","@id":"https:\/\/secure.gravatar.com\/avatar\/fdd21ad66fd8b98c407f9dee5b5e588cfe7f0d8579ec20fa6527cd59bab7f0f0?s=96&d=mm&r=g","url":"https:\/\/secure.gravatar.com\/avatar\/fdd21ad66fd8b98c407f9dee5b5e588cfe7f0d8579ec20fa6527cd59bab7f0f0?s=96&d=mm&r=g","contentUrl":"https:\/\/secure.gravatar.com\/avatar\/fdd21ad66fd8b98c407f9dee5b5e588cfe7f0d8579ec20fa6527cd59bab7f0f0?s=96&d=mm&r=g","caption":"Staff"},"url":"https:\/\/www.bbmnoticias.com\/labravaradiofm\/author\/redaccion\/"}]}},"_links":{"self":[{"href":"https:\/\/www.bbmnoticias.com\/labravaradiofm\/wp-json\/wp\/v2\/posts\/7811","targetHints":{"allow":["GET"]}}],"collection":[{"href":"https:\/\/www.bbmnoticias.com\/labravaradiofm\/wp-json\/wp\/v2\/posts"}],"about":[{"href":"https:\/\/www.bbmnoticias.com\/labravaradiofm\/wp-json\/wp\/v2\/types\/post"}],"author":[{"embeddable":true,"href":"https:\/\/www.bbmnoticias.com\/labravaradiofm\/wp-json\/wp\/v2\/users\/2"}],"replies":[{"embeddable":true,"href":"https:\/\/www.bbmnoticias.com\/labravaradiofm\/wp-json\/wp\/v2\/comments?post=7811"}],"version-history":[{"count":0,"href":"https:\/\/www.bbmnoticias.com\/labravaradiofm\/wp-json\/wp\/v2\/posts\/7811\/revisions"}],"wp:featuredmedia":[{"embeddable":true,"href":"https:\/\/www.bbmnoticias.com\/labravaradiofm\/wp-json\/wp\/v2\/media\/7812"}],"wp:attachment":[{"href":"https:\/\/www.bbmnoticias.com\/labravaradiofm\/wp-json\/wp\/v2\/media?parent=7811"}],"wp:term":[{"taxonomy":"category","embeddable":true,"href":"https:\/\/www.bbmnoticias.com\/labravaradiofm\/wp-json\/wp\/v2\/categories?post=7811"},{"taxonomy":"post_tag","embeddable":true,"href":"https:\/\/www.bbmnoticias.com\/labravaradiofm\/wp-json\/wp\/v2\/tags?post=7811"}],"curies":[{"name":"wp","href":"https:\/\/api.w.org\/{rel}","templated":true}]}}