{"id":7808,"date":"2021-12-28T08:55:45","date_gmt":"2021-12-28T14:55:45","guid":{"rendered":"https:\/\/www.bbmnoticias.com\/labravaradiofm\/?p=7808"},"modified":"2021-12-28T08:56:03","modified_gmt":"2021-12-28T14:56:03","slug":"desplazados-triquis-de-oaxaca-bloquean-el-eje-central","status":"publish","type":"post","link":"https:\/\/www.bbmnoticias.com\/labravaradiofm\/2021\/12\/28\/desplazados-triquis-de-oaxaca-bloquean-el-eje-central\/","title":{"rendered":"Desplazados triquis de Oaxaca bloquean el Eje Central"},"content":{"rendered":"<div style=\"margin-top: 0px; margin-bottom: 0px;\" class=\"sharethis-inline-share-buttons\" ><\/div>\n<p><em>Ciudad de M\u00e9xico.<\/em> Pobladores desplazados de la comunidad Tierra Blanca Copala, ubicada en la mixteca de Oaxaca, bloquearon esta ma\u00f1ana el Eje Central L\u00e1zaro C\u00e1rdenas, en la Ciudad de M\u00e9xico, para demandar que los gobiernos estatal y federal les brinden las condiciones para un retorno seguro sus hogares, de donde huyeron hace justo un a\u00f1o debido a la violencia generada por un grupo contrario.<\/p>\n\n\n\n<p>Recordaron que el 26 de septiembre de 2020 fueron v\u00edctimas de un ataque armado por parte de integrantes del Movimiento de Unificaci\u00f3n y Lucha Triqui (Mult) que dej\u00f3 el asesinato de Andr\u00e9s Mart\u00ednez, quien viajaba en su auto con tres de sus hijos (todos ni\u00f1os) quienes resultaron con heridas graves, adem\u00e1s de otras personas lesionadas.<\/p>\n\n\n\n<p>Esto orill\u00f3 a 143 familias a abandonar su comunidad y desplazarse de manera forzada hacia otras zonas del estado. Desde enero de este a\u00f1o una representaci\u00f3n de esta comunidad triqui mantiene un plant\u00f3n permanente frente al Palacio de Bellas Artes en demanda de soluci\u00f3n y la presencia de la Guardia Nacional u otra corporaci\u00f3n de seguridad para que puedan regresar a casa sin temor por su integridad.<\/p>\n\n\n\n<p>Aunque se han dado negociaciones con representantes federales y estatales, incluidos el subsecretario de Derechos Humanos de la Secretar\u00eda de Gobernaci\u00f3n (SG), Alejandro Encinas, y el gobernador de Oaxaca, Alejandro Murat, \u201cno hay ning\u00fan avance\u201d y las familias siguen en el \u00e9xodo obligado, dijeron esta ma\u00f1ana.<\/p>\n\n\n\n<p>A un a\u00f1o de su desplazamiento forzado, denunciaron: \u201cNo hay justicia ni condiciones para un retorno seguro a nuestra comunidad. Existe falta voluntad pol\u00edtica para atender nuestras demandas, por eso estamos hoy aqu\u00ed, en este bloqueo, para visibilizar nuestra lucha\u201d.<\/p>\n\n\n\n<p>Los desplazados, entre quienes hay decenas de ni\u00f1os, simpatizan con otro grupo social en la regi\u00f3n, el Movimiento de Unificaci\u00f3n y Lucha Triqui Independiente (Multi) exigieron que una representaci\u00f3n de la SG acuda hasta el sitio de la manifestaci\u00f3n para continuar las negociaciones y alcanzar a la brevedad una soluci\u00f3n.<\/p>\n\n\n\n<p>Pidieron al presidente Andr\u00e9s Manuel L\u00f3pez Obrador \u201cque voltee a vernos\u201d a fin de resolver el conflicto en el que viven desde hace doce meses.<\/p>\n\n\n\n<p>\u201cNo pedimos dinero, ni vivienda o alguna otra cosa. En realidad es un tema de justicia: demandamos que el gobierno federal cree las condiciones necesarias de seguridad para que las familias puedan volver a sus casas y recuperar su patrimonio\u201d.<\/p>\n\n\n\n<p>Detallaron que el Mult, al que se\u00f1alaron de \u201corganizaci\u00f3n paramilitar\u201d, fue el que los expuls\u00f3 de su comunidad y ha impedido su retorno pese a las negociaciones y acuerdos con los gobiernos local y federal.<\/p>\n\n\n\n<p>Recordaron que el 27 de julio, despu\u00e9s de los trabajos de la mesa interinstitucional, se acord\u00f3 el retorno de las 503 personas desplazadas y el Mult \u201clo impidi\u00f3 al realizar un bloqueo a la comunidad. Entre ellos estaba la diputada suplente de Morena por Tlaxiaco, Emelia Ortiz Garc\u00eda, militante del Mult. Pese al acuerdo, ese grupo dijo que entrar\u00edan s\u00f3lo 20 personas al d\u00eda y rechazaron la presencia de corporaciones de seguridad. Eso no garantiza la seguridad de nadie\u201d.<\/p>\n\n\n\n<p>Los manifestantes exigieron que Encinas y Murat vuelvan a participar en las mesas de negociaci\u00f3n ya que sus colaboradores encargados \u201chasta ahora no han resuelto el problema y los paramilitares siguen acosando nuestra comunidad\u201d.<\/p>\n","protected":false},"excerpt":{"rendered":"<p>Ciudad de M\u00e9xico. Pobladores desplazados de la comunidad Tierra Blanca Copala, ubicada en la mixteca de Oaxaca, bloquearon esta ma\u00f1ana el Eje Central L\u00e1zaro C\u00e1rdenas, en la Ciudad de M\u00e9xico, para demandar que los gobiernos estatal y federal les brinden las condiciones para un retorno seguro sus hogares, de donde huyeron hace justo un a\u00f1o [&hellip;]<\/p>\n","protected":false},"author":20,"featured_media":7809,"comment_status":"closed","ping_status":"closed","sticky":false,"template":"","format":"standard","meta":{"footnotes":""},"categories":[19],"tags":[],"class_list":{"0":"post-7808","1":"post","2":"type-post","3":"status-publish","4":"format-standard","5":"has-post-thumbnail","7":"category-nacional"},"yoast_head":"<!-- This site is optimized with the Yoast SEO plugin v27.4 - https:\/\/yoast.com\/product\/yoast-seo-wordpress\/ -->\n<title>Desplazados triquis de Oaxaca bloquean el Eje Central - LA BRAVA RADIO<\/title>\n<meta name=\"robots\" content=\"index, follow, max-snippet:-1, max-image-preview:large, max-video-preview:-1\" \/>\n<link rel=\"canonical\" href=\"https:\/\/www.bbmnoticias.com\/labravaradiofm\/2021\/12\/28\/desplazados-triquis-de-oaxaca-bloquean-el-eje-central\/\" \/>\n<meta property=\"og:locale\" content=\"es_MX\" \/>\n<meta property=\"og:type\" content=\"article\" \/>\n<meta property=\"og:title\" content=\"Desplazados triquis de Oaxaca bloquean el Eje Central - LA BRAVA RADIO\" \/>\n<meta property=\"og:description\" content=\"Ciudad de M\u00e9xico. Pobladores desplazados de la comunidad Tierra Blanca Copala, ubicada en la mixteca de Oaxaca, bloquearon esta ma\u00f1ana el Eje Central L\u00e1zaro C\u00e1rdenas, en la Ciudad de M\u00e9xico, para demandar que los gobiernos estatal y federal les brinden las condiciones para un retorno seguro sus hogares, de donde huyeron hace justo un a\u00f1o [&hellip;]\" \/>\n<meta property=\"og:url\" content=\"https:\/\/www.bbmnoticias.com\/labravaradiofm\/2021\/12\/28\/desplazados-triquis-de-oaxaca-bloquean-el-eje-central\/\" \/>\n<meta property=\"og:site_name\" content=\"LA BRAVA RADIO\" \/>\n<meta property=\"article:published_time\" content=\"2021-12-28T14:55:45+00:00\" \/>\n<meta property=\"article:modified_time\" content=\"2021-12-28T14:56:03+00:00\" \/>\n<meta property=\"og:image\" content=\"https:\/\/www.bbmnoticias.com\/labravaradiofm\/wp-content\/uploads\/sites\/5\/2021\/12\/triquis-ejecentral.jpg\" \/>\n\t<meta property=\"og:image:width\" content=\"680\" \/>\n\t<meta property=\"og:image:height\" content=\"454\" \/>\n\t<meta property=\"og:image:type\" content=\"image\/jpeg\" \/>\n<meta name=\"author\" content=\"La jornada\" \/>\n<meta name=\"twitter:card\" content=\"summary_large_image\" \/>\n<meta name=\"twitter:label1\" content=\"Escrito por\" \/>\n\t<meta name=\"twitter:data1\" content=\"La jornada\" \/>\n\t<meta name=\"twitter:label2\" content=\"Tiempo de lectura\" \/>\n\t<meta name=\"twitter:data2\" content=\"3 minutos\" \/>\n<script type=\"application\/ld+json\" class=\"yoast-schema-graph\">{\"@context\":\"https:\\\/\\\/schema.org\",\"@graph\":[{\"@type\":\"Article\",\"@id\":\"https:\\\/\\\/www.bbmnoticias.com\\\/labravaradiofm\\\/2021\\\/12\\\/28\\\/desplazados-triquis-de-oaxaca-bloquean-el-eje-central\\\/#article\",\"isPartOf\":{\"@id\":\"https:\\\/\\\/www.bbmnoticias.com\\\/labravaradiofm\\\/2021\\\/12\\\/28\\\/desplazados-triquis-de-oaxaca-bloquean-el-eje-central\\\/\"},\"author\":{\"name\":\"La jornada\",\"@id\":\"https:\\\/\\\/www.bbmnoticias.com\\\/labravaradiofm\\\/#\\\/schema\\\/person\\\/8a872b7dc28c6c7da3fa2516edaab5e1\"},\"headline\":\"Desplazados triquis de Oaxaca bloquean el Eje Central\",\"datePublished\":\"2021-12-28T14:55:45+00:00\",\"dateModified\":\"2021-12-28T14:56:03+00:00\",\"mainEntityOfPage\":{\"@id\":\"https:\\\/\\\/www.bbmnoticias.com\\\/labravaradiofm\\\/2021\\\/12\\\/28\\\/desplazados-triquis-de-oaxaca-bloquean-el-eje-central\\\/\"},\"wordCount\":576,\"image\":{\"@id\":\"https:\\\/\\\/www.bbmnoticias.com\\\/labravaradiofm\\\/2021\\\/12\\\/28\\\/desplazados-triquis-de-oaxaca-bloquean-el-eje-central\\\/#primaryimage\"},\"thumbnailUrl\":\"https:\\\/\\\/www.bbmnoticias.com\\\/labravaradiofm\\\/wp-content\\\/uploads\\\/sites\\\/5\\\/2021\\\/12\\\/triquis-ejecentral.jpg\",\"articleSection\":[\"NACIONAL\"],\"inLanguage\":\"es\"},{\"@type\":\"WebPage\",\"@id\":\"https:\\\/\\\/www.bbmnoticias.com\\\/labravaradiofm\\\/2021\\\/12\\\/28\\\/desplazados-triquis-de-oaxaca-bloquean-el-eje-central\\\/\",\"url\":\"https:\\\/\\\/www.bbmnoticias.com\\\/labravaradiofm\\\/2021\\\/12\\\/28\\\/desplazados-triquis-de-oaxaca-bloquean-el-eje-central\\\/\",\"name\":\"Desplazados triquis de Oaxaca bloquean el Eje Central - LA BRAVA RADIO\",\"isPartOf\":{\"@id\":\"https:\\\/\\\/www.bbmnoticias.com\\\/labravaradiofm\\\/#website\"},\"primaryImageOfPage\":{\"@id\":\"https:\\\/\\\/www.bbmnoticias.com\\\/labravaradiofm\\\/2021\\\/12\\\/28\\\/desplazados-triquis-de-oaxaca-bloquean-el-eje-central\\\/#primaryimage\"},\"image\":{\"@id\":\"https:\\\/\\\/www.bbmnoticias.com\\\/labravaradiofm\\\/2021\\\/12\\\/28\\\/desplazados-triquis-de-oaxaca-bloquean-el-eje-central\\\/#primaryimage\"},\"thumbnailUrl\":\"https:\\\/\\\/www.bbmnoticias.com\\\/labravaradiofm\\\/wp-content\\\/uploads\\\/sites\\\/5\\\/2021\\\/12\\\/triquis-ejecentral.jpg\",\"datePublished\":\"2021-12-28T14:55:45+00:00\",\"dateModified\":\"2021-12-28T14:56:03+00:00\",\"author\":{\"@id\":\"https:\\\/\\\/www.bbmnoticias.com\\\/labravaradiofm\\\/#\\\/schema\\\/person\\\/8a872b7dc28c6c7da3fa2516edaab5e1\"},\"breadcrumb\":{\"@id\":\"https:\\\/\\\/www.bbmnoticias.com\\\/labravaradiofm\\\/2021\\\/12\\\/28\\\/desplazados-triquis-de-oaxaca-bloquean-el-eje-central\\\/#breadcrumb\"},\"inLanguage\":\"es\",\"potentialAction\":[{\"@type\":\"ReadAction\",\"target\":[\"https:\\\/\\\/www.bbmnoticias.com\\\/labravaradiofm\\\/2021\\\/12\\\/28\\\/desplazados-triquis-de-oaxaca-bloquean-el-eje-central\\\/\"]}]},{\"@type\":\"ImageObject\",\"inLanguage\":\"es\",\"@id\":\"https:\\\/\\\/www.bbmnoticias.com\\\/labravaradiofm\\\/2021\\\/12\\\/28\\\/desplazados-triquis-de-oaxaca-bloquean-el-eje-central\\\/#primaryimage\",\"url\":\"https:\\\/\\\/www.bbmnoticias.com\\\/labravaradiofm\\\/wp-content\\\/uploads\\\/sites\\\/5\\\/2021\\\/12\\\/triquis-ejecentral.jpg\",\"contentUrl\":\"https:\\\/\\\/www.bbmnoticias.com\\\/labravaradiofm\\\/wp-content\\\/uploads\\\/sites\\\/5\\\/2021\\\/12\\\/triquis-ejecentral.jpg\",\"width\":680,\"height\":454},{\"@type\":\"BreadcrumbList\",\"@id\":\"https:\\\/\\\/www.bbmnoticias.com\\\/labravaradiofm\\\/2021\\\/12\\\/28\\\/desplazados-triquis-de-oaxaca-bloquean-el-eje-central\\\/#breadcrumb\",\"itemListElement\":[{\"@type\":\"ListItem\",\"position\":1,\"name\":\"Inicio\",\"item\":\"https:\\\/\\\/www.bbmnoticias.com\\\/labravaradiofm\\\/\"},{\"@type\":\"ListItem\",\"position\":2,\"name\":\"Desplazados triquis de Oaxaca bloquean el Eje Central\"}]},{\"@type\":\"WebSite\",\"@id\":\"https:\\\/\\\/www.bbmnoticias.com\\\/labravaradiofm\\\/#website\",\"url\":\"https:\\\/\\\/www.bbmnoticias.com\\\/labravaradiofm\\\/\",\"name\":\"LA BRAVA RADIO\",\"description\":\"Empresa productora de medios, Radiodifusi\u00f3n, Noticias, tendencias y todo lo que necesitas saber de la pol\u00edtica mexicana e internacional; entretenimiento, espect\u00e1culos, salud y mucho m\u00e1s.\",\"potentialAction\":[{\"@type\":\"SearchAction\",\"target\":{\"@type\":\"EntryPoint\",\"urlTemplate\":\"https:\\\/\\\/www.bbmnoticias.com\\\/labravaradiofm\\\/?s={search_term_string}\"},\"query-input\":{\"@type\":\"PropertyValueSpecification\",\"valueRequired\":true,\"valueName\":\"search_term_string\"}}],\"inLanguage\":\"es\"},{\"@type\":\"Person\",\"@id\":\"https:\\\/\\\/www.bbmnoticias.com\\\/labravaradiofm\\\/#\\\/schema\\\/person\\\/8a872b7dc28c6c7da3fa2516edaab5e1\",\"name\":\"La jornada\",\"image\":{\"@type\":\"ImageObject\",\"inLanguage\":\"es\",\"@id\":\"https:\\\/\\\/secure.gravatar.com\\\/avatar\\\/f001d4094255fa8b6aa73ccba38f89ac42819d4fe44fb98dd4c02f7c02ee8e20?s=96&d=mm&r=g\",\"url\":\"https:\\\/\\\/secure.gravatar.com\\\/avatar\\\/f001d4094255fa8b6aa73ccba38f89ac42819d4fe44fb98dd4c02f7c02ee8e20?s=96&d=mm&r=g\",\"contentUrl\":\"https:\\\/\\\/secure.gravatar.com\\\/avatar\\\/f001d4094255fa8b6aa73ccba38f89ac42819d4fe44fb98dd4c02f7c02ee8e20?s=96&d=mm&r=g\",\"caption\":\"La jornada\"},\"url\":\"https:\\\/\\\/www.bbmnoticias.com\\\/labravaradiofm\\\/author\\\/lajornada\\\/\"}]}<\/script>\n<!-- \/ Yoast SEO plugin. -->","yoast_head_json":{"title":"Desplazados triquis de Oaxaca bloquean el Eje Central - LA BRAVA RADIO","robots":{"index":"index","follow":"follow","max-snippet":"max-snippet:-1","max-image-preview":"max-image-preview:large","max-video-preview":"max-video-preview:-1"},"canonical":"https:\/\/www.bbmnoticias.com\/labravaradiofm\/2021\/12\/28\/desplazados-triquis-de-oaxaca-bloquean-el-eje-central\/","og_locale":"es_MX","og_type":"article","og_title":"Desplazados triquis de Oaxaca bloquean el Eje Central - LA BRAVA RADIO","og_description":"Ciudad de M\u00e9xico. Pobladores desplazados de la comunidad Tierra Blanca Copala, ubicada en la mixteca de Oaxaca, bloquearon esta ma\u00f1ana el Eje Central L\u00e1zaro C\u00e1rdenas, en la Ciudad de M\u00e9xico, para demandar que los gobiernos estatal y federal les brinden las condiciones para un retorno seguro sus hogares, de donde huyeron hace justo un a\u00f1o [&hellip;]","og_url":"https:\/\/www.bbmnoticias.com\/labravaradiofm\/2021\/12\/28\/desplazados-triquis-de-oaxaca-bloquean-el-eje-central\/","og_site_name":"LA BRAVA RADIO","article_published_time":"2021-12-28T14:55:45+00:00","article_modified_time":"2021-12-28T14:56:03+00:00","og_image":[{"width":680,"height":454,"url":"https:\/\/www.bbmnoticias.com\/labravaradiofm\/wp-content\/uploads\/sites\/5\/2021\/12\/triquis-ejecentral.jpg","type":"image\/jpeg"}],"author":"La jornada","twitter_card":"summary_large_image","twitter_misc":{"Escrito por":"La jornada","Tiempo de lectura":"3 minutos"},"schema":{"@context":"https:\/\/schema.org","@graph":[{"@type":"Article","@id":"https:\/\/www.bbmnoticias.com\/labravaradiofm\/2021\/12\/28\/desplazados-triquis-de-oaxaca-bloquean-el-eje-central\/#article","isPartOf":{"@id":"https:\/\/www.bbmnoticias.com\/labravaradiofm\/2021\/12\/28\/desplazados-triquis-de-oaxaca-bloquean-el-eje-central\/"},"author":{"name":"La jornada","@id":"https:\/\/www.bbmnoticias.com\/labravaradiofm\/#\/schema\/person\/8a872b7dc28c6c7da3fa2516edaab5e1"},"headline":"Desplazados triquis de Oaxaca bloquean el Eje Central","datePublished":"2021-12-28T14:55:45+00:00","dateModified":"2021-12-28T14:56:03+00:00","mainEntityOfPage":{"@id":"https:\/\/www.bbmnoticias.com\/labravaradiofm\/2021\/12\/28\/desplazados-triquis-de-oaxaca-bloquean-el-eje-central\/"},"wordCount":576,"image":{"@id":"https:\/\/www.bbmnoticias.com\/labravaradiofm\/2021\/12\/28\/desplazados-triquis-de-oaxaca-bloquean-el-eje-central\/#primaryimage"},"thumbnailUrl":"https:\/\/www.bbmnoticias.com\/labravaradiofm\/wp-content\/uploads\/sites\/5\/2021\/12\/triquis-ejecentral.jpg","articleSection":["NACIONAL"],"inLanguage":"es"},{"@type":"WebPage","@id":"https:\/\/www.bbmnoticias.com\/labravaradiofm\/2021\/12\/28\/desplazados-triquis-de-oaxaca-bloquean-el-eje-central\/","url":"https:\/\/www.bbmnoticias.com\/labravaradiofm\/2021\/12\/28\/desplazados-triquis-de-oaxaca-bloquean-el-eje-central\/","name":"Desplazados triquis de Oaxaca bloquean el Eje Central - LA BRAVA RADIO","isPartOf":{"@id":"https:\/\/www.bbmnoticias.com\/labravaradiofm\/#website"},"primaryImageOfPage":{"@id":"https:\/\/www.bbmnoticias.com\/labravaradiofm\/2021\/12\/28\/desplazados-triquis-de-oaxaca-bloquean-el-eje-central\/#primaryimage"},"image":{"@id":"https:\/\/www.bbmnoticias.com\/labravaradiofm\/2021\/12\/28\/desplazados-triquis-de-oaxaca-bloquean-el-eje-central\/#primaryimage"},"thumbnailUrl":"https:\/\/www.bbmnoticias.com\/labravaradiofm\/wp-content\/uploads\/sites\/5\/2021\/12\/triquis-ejecentral.jpg","datePublished":"2021-12-28T14:55:45+00:00","dateModified":"2021-12-28T14:56:03+00:00","author":{"@id":"https:\/\/www.bbmnoticias.com\/labravaradiofm\/#\/schema\/person\/8a872b7dc28c6c7da3fa2516edaab5e1"},"breadcrumb":{"@id":"https:\/\/www.bbmnoticias.com\/labravaradiofm\/2021\/12\/28\/desplazados-triquis-de-oaxaca-bloquean-el-eje-central\/#breadcrumb"},"inLanguage":"es","potentialAction":[{"@type":"ReadAction","target":["https:\/\/www.bbmnoticias.com\/labravaradiofm\/2021\/12\/28\/desplazados-triquis-de-oaxaca-bloquean-el-eje-central\/"]}]},{"@type":"ImageObject","inLanguage":"es","@id":"https:\/\/www.bbmnoticias.com\/labravaradiofm\/2021\/12\/28\/desplazados-triquis-de-oaxaca-bloquean-el-eje-central\/#primaryimage","url":"https:\/\/www.bbmnoticias.com\/labravaradiofm\/wp-content\/uploads\/sites\/5\/2021\/12\/triquis-ejecentral.jpg","contentUrl":"https:\/\/www.bbmnoticias.com\/labravaradiofm\/wp-content\/uploads\/sites\/5\/2021\/12\/triquis-ejecentral.jpg","width":680,"height":454},{"@type":"BreadcrumbList","@id":"https:\/\/www.bbmnoticias.com\/labravaradiofm\/2021\/12\/28\/desplazados-triquis-de-oaxaca-bloquean-el-eje-central\/#breadcrumb","itemListElement":[{"@type":"ListItem","position":1,"name":"Inicio","item":"https:\/\/www.bbmnoticias.com\/labravaradiofm\/"},{"@type":"ListItem","position":2,"name":"Desplazados triquis de Oaxaca bloquean el Eje Central"}]},{"@type":"WebSite","@id":"https:\/\/www.bbmnoticias.com\/labravaradiofm\/#website","url":"https:\/\/www.bbmnoticias.com\/labravaradiofm\/","name":"LA BRAVA RADIO","description":"Empresa productora de medios, Radiodifusi\u00f3n, Noticias, tendencias y todo lo que necesitas saber de la pol\u00edtica mexicana e internacional; entretenimiento, espect\u00e1culos, salud y mucho m\u00e1s.","potentialAction":[{"@type":"SearchAction","target":{"@type":"EntryPoint","urlTemplate":"https:\/\/www.bbmnoticias.com\/labravaradiofm\/?s={search_term_string}"},"query-input":{"@type":"PropertyValueSpecification","valueRequired":true,"valueName":"search_term_string"}}],"inLanguage":"es"},{"@type":"Person","@id":"https:\/\/www.bbmnoticias.com\/labravaradiofm\/#\/schema\/person\/8a872b7dc28c6c7da3fa2516edaab5e1","name":"La jornada","image":{"@type":"ImageObject","inLanguage":"es","@id":"https:\/\/secure.gravatar.com\/avatar\/f001d4094255fa8b6aa73ccba38f89ac42819d4fe44fb98dd4c02f7c02ee8e20?s=96&d=mm&r=g","url":"https:\/\/secure.gravatar.com\/avatar\/f001d4094255fa8b6aa73ccba38f89ac42819d4fe44fb98dd4c02f7c02ee8e20?s=96&d=mm&r=g","contentUrl":"https:\/\/secure.gravatar.com\/avatar\/f001d4094255fa8b6aa73ccba38f89ac42819d4fe44fb98dd4c02f7c02ee8e20?s=96&d=mm&r=g","caption":"La jornada"},"url":"https:\/\/www.bbmnoticias.com\/labravaradiofm\/author\/lajornada\/"}]}},"_links":{"self":[{"href":"https:\/\/www.bbmnoticias.com\/labravaradiofm\/wp-json\/wp\/v2\/posts\/7808","targetHints":{"allow":["GET"]}}],"collection":[{"href":"https:\/\/www.bbmnoticias.com\/labravaradiofm\/wp-json\/wp\/v2\/posts"}],"about":[{"href":"https:\/\/www.bbmnoticias.com\/labravaradiofm\/wp-json\/wp\/v2\/types\/post"}],"author":[{"embeddable":true,"href":"https:\/\/www.bbmnoticias.com\/labravaradiofm\/wp-json\/wp\/v2\/users\/20"}],"replies":[{"embeddable":true,"href":"https:\/\/www.bbmnoticias.com\/labravaradiofm\/wp-json\/wp\/v2\/comments?post=7808"}],"version-history":[{"count":0,"href":"https:\/\/www.bbmnoticias.com\/labravaradiofm\/wp-json\/wp\/v2\/posts\/7808\/revisions"}],"wp:featuredmedia":[{"embeddable":true,"href":"https:\/\/www.bbmnoticias.com\/labravaradiofm\/wp-json\/wp\/v2\/media\/7809"}],"wp:attachment":[{"href":"https:\/\/www.bbmnoticias.com\/labravaradiofm\/wp-json\/wp\/v2\/media?parent=7808"}],"wp:term":[{"taxonomy":"category","embeddable":true,"href":"https:\/\/www.bbmnoticias.com\/labravaradiofm\/wp-json\/wp\/v2\/categories?post=7808"},{"taxonomy":"post_tag","embeddable":true,"href":"https:\/\/www.bbmnoticias.com\/labravaradiofm\/wp-json\/wp\/v2\/tags?post=7808"}],"curies":[{"name":"wp","href":"https:\/\/api.w.org\/{rel}","templated":true}]}}