{"id":7799,"date":"2021-12-28T07:51:24","date_gmt":"2021-12-28T13:51:24","guid":{"rendered":"https:\/\/www.bbmnoticias.com\/labravaradiofm\/?p=7799"},"modified":"2021-12-28T07:51:26","modified_gmt":"2021-12-28T13:51:26","slug":"viene-ola-de-omicron-en-mexico-especialista-advierte-de-mas-casos-en-enero","status":"publish","type":"post","link":"https:\/\/www.bbmnoticias.com\/labravaradiofm\/2021\/12\/28\/viene-ola-de-omicron-en-mexico-especialista-advierte-de-mas-casos-en-enero\/","title":{"rendered":"\u00bfViene ola de \u00f3micron en M\u00e9xico? Especialista advierte de m\u00e1s casos en enero"},"content":{"rendered":"<div style=\"margin-top: 0px; margin-bottom: 0px;\" class=\"sharethis-inline-share-buttons\" ><\/div>\n<p>El pa\u00eds va de salida de la ola de contagios ocasionados por la variante delta de COVID-19; sin embargo, estamos a la espera de c\u00f3mo evolucionar\u00e1 la variante \u00f3micron en M\u00e9xico, advirti\u00f3 el especialista en infectolog\u00eda y excomisionado nacional contra la influenza AH1N1, Alejandro Mac\u00edas.<\/p>\n\n\n\n<p>De acuerdo con el especialista, ser\u00e1 \u201cen los primeros meses\u201d del pr\u00f3ximo a\u00f1o cuando se podr\u00edan registrar m\u00e1s casos de la nueva cepa del virus SARS-CoV-2 \u2014considerada por la OMS como variante de preocupaci\u00f3n\u2014.<\/p>\n\n\n\n<p>\u201cAyer se informaron menos de mil casos de COVID-19 para todo M\u00e9xico. Estamos a la salida del pico delta; tensa calma en espera de la entrada de la variante \u00f3micron en los primeros meses de 2022\u2033, se\u00f1al\u00f3 el especialista, en sus redes sociales.<\/p>\n\n\n\n<figure class=\"wp-block-embed is-type-rich is-provider-twitter wp-block-embed-twitter\"><div class=\"wp-block-embed__wrapper\">\n<blockquote class=\"twitter-tweet\" data-width=\"550\" data-dnt=\"true\"><p lang=\"es\" dir=\"ltr\">El d\u00eda de ayer se informaron menos de 1000 casos de COVID19 para todo M\u00e9xico. Estamos a la salida del pico delta; tensa calma en espera de la entrada de la variante \u00f3micron en los primeros meses de 2022. <a href=\"https:\/\/t.co\/ZuUVfT877t\">pic.twitter.com\/ZuUVfT877t<\/a><\/p>&mdash; Alejandro Macias (@doctormacias) <a href=\"https:\/\/twitter.com\/doctormacias\/status\/1475337059799818243?ref_src=twsrc%5Etfw\">December 27, 2021<\/a><\/blockquote><script async src=\"https:\/\/platform.twitter.com\/widgets.js\" charset=\"utf-8\"><\/script>\n<\/div><\/figure>\n\n\n\n<h2 class=\"wp-block-heading\">\u00bfC\u00f3mo ha evolucionado la variante \u00f3micron en M\u00e9xico?<\/h2>\n\n\n\n<p>El subsecretario de Salud federal, Hugo L\u00f3pez-Gatell, inform\u00f3 que se han registrado 23 casos de la variante \u00f3micron en M\u00e9xico hasta el pasado 21 de diciembre.<\/p>\n\n\n\n<p>De los casos confirmados hasta esa fecha, 16 se detectaron en la Ciudad de M\u00e9xico, seis m\u00e1s en el Estado de M\u00e9xico y uno en Tamaulipas.<\/p>\n\n\n\n<p>Sin embargo, en d\u00edas recientes se ha informado sobre la detecci\u00f3n de nuevos casos.<\/p>\n\n\n\n<p>Por ejemplo, la Secretar\u00eda de Salud de Nuevo Le\u00f3n inform\u00f3 que ya son 10 los casos confirmados hasta el 26 de diciembre en esa entidad.<\/p>\n\n\n\n<p>Del total de casos de la nueva cepa en Nuevo Le\u00f3n, nueve se detectaron en personas que llegaron v\u00eda a\u00e9rea procedentes de Estados Unidos, mientras que el otro se trata de un contagio local, es decir, es una persona que no viaj\u00f3, pero que tuvo contacto con una persona que s\u00ed lo hizo.<\/p>\n\n\n\n<p>Tambi\u00e9n, autoridades de Tabasco analizan posibles casos sospechosos.<\/p>\n\n\n\n<p>Al ser cuestionado cu\u00e1ndo podr\u00eda registrarse un repunte de casos de la variante \u00f3micron en M\u00e9xico, el doctor Mac\u00edas se\u00f1al\u00f3 que ser\u00e1 en enero o febrero pr\u00f3ximos.<\/p>\n\n\n\n<p>\u201cEl inicio puede ser lo que se llama una curva logar\u00edtmica, que en los principios, aunque se est\u00e9 duplicado, uno lleva a dos, dos lleva a cuatro, cuatro lleva a ocho, y pareciera muy lento, pero necesita que se acumule una masa cr\u00edtica para que suba en explosi\u00f3n. Eso lo veremos seguramente ya hacia enero o febrero en M\u00e9xico.<\/p>\n\n\n\n<p>\u201cEn Sud\u00e1frica cuando se percataron de la situaci\u00f3n, seguramente, ya ten\u00edan al menos uno o dos meses y ya estaban en esa parte del ascenso\u201d, explic\u00f3 en entrevista con <em>El Heraldo Radio<\/em>.<\/p>\n\n\n\n<p>Mac\u00edas pidi\u00f3 a la poblaci\u00f3n extremar precauciones y diferir las actividades prescindibles.<\/p>\n\n\n\n<p>\u201cLo conveniente es esperar y prepararnos para lo m\u00e1s dif\u00edcil, aunque esperemos que las cosas vayan bien. Lo mejor es siempre extremar precauciones. Creo que si no hay actividades imprescindibles, lo mejor es diferirlas, no va a ser toda la vida.<\/p>\n\n\n\n<p>\u201cEste virus, al parecer, ya se est\u00e1 agotando en sus mutaciones, pero vienen todav\u00eda meses dif\u00edciles y lo conveniente es que si va a entrar con mucha fuerza que lo hagamos lo m\u00e1s pausado que sea posible\u201d, agreg\u00f3.<\/p>\n","protected":false},"excerpt":{"rendered":"<p>El pa\u00eds va de salida de la ola de contagios ocasionados por la variante delta de COVID-19; sin embargo, estamos a la espera de c\u00f3mo evolucionar\u00e1 la variante \u00f3micron en M\u00e9xico, advirti\u00f3 el especialista en infectolog\u00eda y excomisionado nacional contra la influenza AH1N1, Alejandro Mac\u00edas. De acuerdo con el especialista, ser\u00e1 \u201cen los primeros meses\u201d [&hellip;]<\/p>\n","protected":false},"author":4,"featured_media":7800,"comment_status":"closed","ping_status":"closed","sticky":false,"template":"","format":"standard","meta":{"footnotes":""},"categories":[19],"tags":[],"class_list":{"0":"post-7799","1":"post","2":"type-post","3":"status-publish","4":"format-standard","5":"has-post-thumbnail","7":"category-nacional"},"yoast_head":"<!-- This site is optimized with the Yoast SEO plugin v27.4 - https:\/\/yoast.com\/product\/yoast-seo-wordpress\/ -->\n<title>\u00bfViene ola de \u00f3micron en M\u00e9xico? Especialista advierte de m\u00e1s casos en enero - LA BRAVA RADIO<\/title>\n<meta name=\"robots\" content=\"index, follow, max-snippet:-1, max-image-preview:large, max-video-preview:-1\" \/>\n<link rel=\"canonical\" href=\"https:\/\/www.bbmnoticias.com\/labravaradiofm\/2021\/12\/28\/viene-ola-de-omicron-en-mexico-especialista-advierte-de-mas-casos-en-enero\/\" \/>\n<meta property=\"og:locale\" content=\"es_MX\" \/>\n<meta property=\"og:type\" content=\"article\" \/>\n<meta property=\"og:title\" content=\"\u00bfViene ola de \u00f3micron en M\u00e9xico? Especialista advierte de m\u00e1s casos en enero - LA BRAVA RADIO\" \/>\n<meta property=\"og:description\" content=\"El pa\u00eds va de salida de la ola de contagios ocasionados por la variante delta de COVID-19; sin embargo, estamos a la espera de c\u00f3mo evolucionar\u00e1 la variante \u00f3micron en M\u00e9xico, advirti\u00f3 el especialista en infectolog\u00eda y excomisionado nacional contra la influenza AH1N1, Alejandro Mac\u00edas. De acuerdo con el especialista, ser\u00e1 \u201cen los primeros meses\u201d [&hellip;]\" \/>\n<meta property=\"og:url\" content=\"https:\/\/www.bbmnoticias.com\/labravaradiofm\/2021\/12\/28\/viene-ola-de-omicron-en-mexico-especialista-advierte-de-mas-casos-en-enero\/\" \/>\n<meta property=\"og:site_name\" content=\"LA BRAVA RADIO\" \/>\n<meta property=\"article:published_time\" content=\"2021-12-28T13:51:24+00:00\" \/>\n<meta property=\"article:modified_time\" content=\"2021-12-28T13:51:26+00:00\" \/>\n<meta property=\"og:image\" content=\"https:\/\/www.bbmnoticias.com\/labravaradiofm\/wp-content\/uploads\/sites\/5\/2021\/12\/variante-omicron-1.jpeg\" \/>\n\t<meta property=\"og:image:width\" content=\"800\" \/>\n\t<meta property=\"og:image:height\" content=\"533\" \/>\n\t<meta property=\"og:image:type\" content=\"image\/jpeg\" \/>\n<meta name=\"author\" content=\"Agencias\" \/>\n<meta name=\"twitter:card\" content=\"summary_large_image\" \/>\n<meta name=\"twitter:label1\" content=\"Escrito por\" \/>\n\t<meta name=\"twitter:data1\" content=\"Agencias\" \/>\n\t<meta name=\"twitter:label2\" content=\"Tiempo de lectura\" \/>\n\t<meta name=\"twitter:data2\" content=\"3 minutos\" \/>\n<script type=\"application\/ld+json\" class=\"yoast-schema-graph\">{\"@context\":\"https:\\\/\\\/schema.org\",\"@graph\":[{\"@type\":\"Article\",\"@id\":\"https:\\\/\\\/www.bbmnoticias.com\\\/labravaradiofm\\\/2021\\\/12\\\/28\\\/viene-ola-de-omicron-en-mexico-especialista-advierte-de-mas-casos-en-enero\\\/#article\",\"isPartOf\":{\"@id\":\"https:\\\/\\\/www.bbmnoticias.com\\\/labravaradiofm\\\/2021\\\/12\\\/28\\\/viene-ola-de-omicron-en-mexico-especialista-advierte-de-mas-casos-en-enero\\\/\"},\"author\":{\"name\":\"Agencias\",\"@id\":\"https:\\\/\\\/www.bbmnoticias.com\\\/labravaradiofm\\\/#\\\/schema\\\/person\\\/000bdaf0a8fb5bff0d537c4d0778e33f\"},\"headline\":\"\u00bfViene ola de \u00f3micron en M\u00e9xico? Especialista advierte de m\u00e1s casos en enero\",\"datePublished\":\"2021-12-28T13:51:24+00:00\",\"dateModified\":\"2021-12-28T13:51:26+00:00\",\"mainEntityOfPage\":{\"@id\":\"https:\\\/\\\/www.bbmnoticias.com\\\/labravaradiofm\\\/2021\\\/12\\\/28\\\/viene-ola-de-omicron-en-mexico-especialista-advierte-de-mas-casos-en-enero\\\/\"},\"wordCount\":553,\"image\":{\"@id\":\"https:\\\/\\\/www.bbmnoticias.com\\\/labravaradiofm\\\/2021\\\/12\\\/28\\\/viene-ola-de-omicron-en-mexico-especialista-advierte-de-mas-casos-en-enero\\\/#primaryimage\"},\"thumbnailUrl\":\"https:\\\/\\\/www.bbmnoticias.com\\\/labravaradiofm\\\/wp-content\\\/uploads\\\/sites\\\/5\\\/2021\\\/12\\\/variante-omicron-1.jpeg\",\"articleSection\":[\"NACIONAL\"],\"inLanguage\":\"es\"},{\"@type\":\"WebPage\",\"@id\":\"https:\\\/\\\/www.bbmnoticias.com\\\/labravaradiofm\\\/2021\\\/12\\\/28\\\/viene-ola-de-omicron-en-mexico-especialista-advierte-de-mas-casos-en-enero\\\/\",\"url\":\"https:\\\/\\\/www.bbmnoticias.com\\\/labravaradiofm\\\/2021\\\/12\\\/28\\\/viene-ola-de-omicron-en-mexico-especialista-advierte-de-mas-casos-en-enero\\\/\",\"name\":\"\u00bfViene ola de \u00f3micron en M\u00e9xico? Especialista advierte de m\u00e1s casos en enero - LA BRAVA RADIO\",\"isPartOf\":{\"@id\":\"https:\\\/\\\/www.bbmnoticias.com\\\/labravaradiofm\\\/#website\"},\"primaryImageOfPage\":{\"@id\":\"https:\\\/\\\/www.bbmnoticias.com\\\/labravaradiofm\\\/2021\\\/12\\\/28\\\/viene-ola-de-omicron-en-mexico-especialista-advierte-de-mas-casos-en-enero\\\/#primaryimage\"},\"image\":{\"@id\":\"https:\\\/\\\/www.bbmnoticias.com\\\/labravaradiofm\\\/2021\\\/12\\\/28\\\/viene-ola-de-omicron-en-mexico-especialista-advierte-de-mas-casos-en-enero\\\/#primaryimage\"},\"thumbnailUrl\":\"https:\\\/\\\/www.bbmnoticias.com\\\/labravaradiofm\\\/wp-content\\\/uploads\\\/sites\\\/5\\\/2021\\\/12\\\/variante-omicron-1.jpeg\",\"datePublished\":\"2021-12-28T13:51:24+00:00\",\"dateModified\":\"2021-12-28T13:51:26+00:00\",\"author\":{\"@id\":\"https:\\\/\\\/www.bbmnoticias.com\\\/labravaradiofm\\\/#\\\/schema\\\/person\\\/000bdaf0a8fb5bff0d537c4d0778e33f\"},\"breadcrumb\":{\"@id\":\"https:\\\/\\\/www.bbmnoticias.com\\\/labravaradiofm\\\/2021\\\/12\\\/28\\\/viene-ola-de-omicron-en-mexico-especialista-advierte-de-mas-casos-en-enero\\\/#breadcrumb\"},\"inLanguage\":\"es\",\"potentialAction\":[{\"@type\":\"ReadAction\",\"target\":[\"https:\\\/\\\/www.bbmnoticias.com\\\/labravaradiofm\\\/2021\\\/12\\\/28\\\/viene-ola-de-omicron-en-mexico-especialista-advierte-de-mas-casos-en-enero\\\/\"]}]},{\"@type\":\"ImageObject\",\"inLanguage\":\"es\",\"@id\":\"https:\\\/\\\/www.bbmnoticias.com\\\/labravaradiofm\\\/2021\\\/12\\\/28\\\/viene-ola-de-omicron-en-mexico-especialista-advierte-de-mas-casos-en-enero\\\/#primaryimage\",\"url\":\"https:\\\/\\\/www.bbmnoticias.com\\\/labravaradiofm\\\/wp-content\\\/uploads\\\/sites\\\/5\\\/2021\\\/12\\\/variante-omicron-1.jpeg\",\"contentUrl\":\"https:\\\/\\\/www.bbmnoticias.com\\\/labravaradiofm\\\/wp-content\\\/uploads\\\/sites\\\/5\\\/2021\\\/12\\\/variante-omicron-1.jpeg\",\"width\":800,\"height\":533},{\"@type\":\"BreadcrumbList\",\"@id\":\"https:\\\/\\\/www.bbmnoticias.com\\\/labravaradiofm\\\/2021\\\/12\\\/28\\\/viene-ola-de-omicron-en-mexico-especialista-advierte-de-mas-casos-en-enero\\\/#breadcrumb\",\"itemListElement\":[{\"@type\":\"ListItem\",\"position\":1,\"name\":\"Inicio\",\"item\":\"https:\\\/\\\/www.bbmnoticias.com\\\/labravaradiofm\\\/\"},{\"@type\":\"ListItem\",\"position\":2,\"name\":\"\u00bfViene ola de \u00f3micron en M\u00e9xico? Especialista advierte de m\u00e1s casos en enero\"}]},{\"@type\":\"WebSite\",\"@id\":\"https:\\\/\\\/www.bbmnoticias.com\\\/labravaradiofm\\\/#website\",\"url\":\"https:\\\/\\\/www.bbmnoticias.com\\\/labravaradiofm\\\/\",\"name\":\"LA BRAVA RADIO\",\"description\":\"Empresa productora de medios, Radiodifusi\u00f3n, Noticias, tendencias y todo lo que necesitas saber de la pol\u00edtica mexicana e internacional; entretenimiento, espect\u00e1culos, salud y mucho m\u00e1s.\",\"potentialAction\":[{\"@type\":\"SearchAction\",\"target\":{\"@type\":\"EntryPoint\",\"urlTemplate\":\"https:\\\/\\\/www.bbmnoticias.com\\\/labravaradiofm\\\/?s={search_term_string}\"},\"query-input\":{\"@type\":\"PropertyValueSpecification\",\"valueRequired\":true,\"valueName\":\"search_term_string\"}}],\"inLanguage\":\"es\"},{\"@type\":\"Person\",\"@id\":\"https:\\\/\\\/www.bbmnoticias.com\\\/labravaradiofm\\\/#\\\/schema\\\/person\\\/000bdaf0a8fb5bff0d537c4d0778e33f\",\"name\":\"Agencias\",\"image\":{\"@type\":\"ImageObject\",\"inLanguage\":\"es\",\"@id\":\"https:\\\/\\\/secure.gravatar.com\\\/avatar\\\/739e0b61adf9e398b425c36718c8752286da0e8cd90f20ce9a86678abc26aa0d?s=96&d=mm&r=g\",\"url\":\"https:\\\/\\\/secure.gravatar.com\\\/avatar\\\/739e0b61adf9e398b425c36718c8752286da0e8cd90f20ce9a86678abc26aa0d?s=96&d=mm&r=g\",\"contentUrl\":\"https:\\\/\\\/secure.gravatar.com\\\/avatar\\\/739e0b61adf9e398b425c36718c8752286da0e8cd90f20ce9a86678abc26aa0d?s=96&d=mm&r=g\",\"caption\":\"Agencias\"},\"url\":\"https:\\\/\\\/www.bbmnoticias.com\\\/labravaradiofm\\\/author\\\/agencias\\\/\"}]}<\/script>\n<!-- \/ Yoast SEO plugin. -->","yoast_head_json":{"title":"\u00bfViene ola de \u00f3micron en M\u00e9xico? Especialista advierte de m\u00e1s casos en enero - LA BRAVA RADIO","robots":{"index":"index","follow":"follow","max-snippet":"max-snippet:-1","max-image-preview":"max-image-preview:large","max-video-preview":"max-video-preview:-1"},"canonical":"https:\/\/www.bbmnoticias.com\/labravaradiofm\/2021\/12\/28\/viene-ola-de-omicron-en-mexico-especialista-advierte-de-mas-casos-en-enero\/","og_locale":"es_MX","og_type":"article","og_title":"\u00bfViene ola de \u00f3micron en M\u00e9xico? Especialista advierte de m\u00e1s casos en enero - LA BRAVA RADIO","og_description":"El pa\u00eds va de salida de la ola de contagios ocasionados por la variante delta de COVID-19; sin embargo, estamos a la espera de c\u00f3mo evolucionar\u00e1 la variante \u00f3micron en M\u00e9xico, advirti\u00f3 el especialista en infectolog\u00eda y excomisionado nacional contra la influenza AH1N1, Alejandro Mac\u00edas. De acuerdo con el especialista, ser\u00e1 \u201cen los primeros meses\u201d [&hellip;]","og_url":"https:\/\/www.bbmnoticias.com\/labravaradiofm\/2021\/12\/28\/viene-ola-de-omicron-en-mexico-especialista-advierte-de-mas-casos-en-enero\/","og_site_name":"LA BRAVA RADIO","article_published_time":"2021-12-28T13:51:24+00:00","article_modified_time":"2021-12-28T13:51:26+00:00","og_image":[{"width":800,"height":533,"url":"https:\/\/www.bbmnoticias.com\/labravaradiofm\/wp-content\/uploads\/sites\/5\/2021\/12\/variante-omicron-1.jpeg","type":"image\/jpeg"}],"author":"Agencias","twitter_card":"summary_large_image","twitter_misc":{"Escrito por":"Agencias","Tiempo de lectura":"3 minutos"},"schema":{"@context":"https:\/\/schema.org","@graph":[{"@type":"Article","@id":"https:\/\/www.bbmnoticias.com\/labravaradiofm\/2021\/12\/28\/viene-ola-de-omicron-en-mexico-especialista-advierte-de-mas-casos-en-enero\/#article","isPartOf":{"@id":"https:\/\/www.bbmnoticias.com\/labravaradiofm\/2021\/12\/28\/viene-ola-de-omicron-en-mexico-especialista-advierte-de-mas-casos-en-enero\/"},"author":{"name":"Agencias","@id":"https:\/\/www.bbmnoticias.com\/labravaradiofm\/#\/schema\/person\/000bdaf0a8fb5bff0d537c4d0778e33f"},"headline":"\u00bfViene ola de \u00f3micron en M\u00e9xico? Especialista advierte de m\u00e1s casos en enero","datePublished":"2021-12-28T13:51:24+00:00","dateModified":"2021-12-28T13:51:26+00:00","mainEntityOfPage":{"@id":"https:\/\/www.bbmnoticias.com\/labravaradiofm\/2021\/12\/28\/viene-ola-de-omicron-en-mexico-especialista-advierte-de-mas-casos-en-enero\/"},"wordCount":553,"image":{"@id":"https:\/\/www.bbmnoticias.com\/labravaradiofm\/2021\/12\/28\/viene-ola-de-omicron-en-mexico-especialista-advierte-de-mas-casos-en-enero\/#primaryimage"},"thumbnailUrl":"https:\/\/www.bbmnoticias.com\/labravaradiofm\/wp-content\/uploads\/sites\/5\/2021\/12\/variante-omicron-1.jpeg","articleSection":["NACIONAL"],"inLanguage":"es"},{"@type":"WebPage","@id":"https:\/\/www.bbmnoticias.com\/labravaradiofm\/2021\/12\/28\/viene-ola-de-omicron-en-mexico-especialista-advierte-de-mas-casos-en-enero\/","url":"https:\/\/www.bbmnoticias.com\/labravaradiofm\/2021\/12\/28\/viene-ola-de-omicron-en-mexico-especialista-advierte-de-mas-casos-en-enero\/","name":"\u00bfViene ola de \u00f3micron en M\u00e9xico? Especialista advierte de m\u00e1s casos en enero - LA BRAVA RADIO","isPartOf":{"@id":"https:\/\/www.bbmnoticias.com\/labravaradiofm\/#website"},"primaryImageOfPage":{"@id":"https:\/\/www.bbmnoticias.com\/labravaradiofm\/2021\/12\/28\/viene-ola-de-omicron-en-mexico-especialista-advierte-de-mas-casos-en-enero\/#primaryimage"},"image":{"@id":"https:\/\/www.bbmnoticias.com\/labravaradiofm\/2021\/12\/28\/viene-ola-de-omicron-en-mexico-especialista-advierte-de-mas-casos-en-enero\/#primaryimage"},"thumbnailUrl":"https:\/\/www.bbmnoticias.com\/labravaradiofm\/wp-content\/uploads\/sites\/5\/2021\/12\/variante-omicron-1.jpeg","datePublished":"2021-12-28T13:51:24+00:00","dateModified":"2021-12-28T13:51:26+00:00","author":{"@id":"https:\/\/www.bbmnoticias.com\/labravaradiofm\/#\/schema\/person\/000bdaf0a8fb5bff0d537c4d0778e33f"},"breadcrumb":{"@id":"https:\/\/www.bbmnoticias.com\/labravaradiofm\/2021\/12\/28\/viene-ola-de-omicron-en-mexico-especialista-advierte-de-mas-casos-en-enero\/#breadcrumb"},"inLanguage":"es","potentialAction":[{"@type":"ReadAction","target":["https:\/\/www.bbmnoticias.com\/labravaradiofm\/2021\/12\/28\/viene-ola-de-omicron-en-mexico-especialista-advierte-de-mas-casos-en-enero\/"]}]},{"@type":"ImageObject","inLanguage":"es","@id":"https:\/\/www.bbmnoticias.com\/labravaradiofm\/2021\/12\/28\/viene-ola-de-omicron-en-mexico-especialista-advierte-de-mas-casos-en-enero\/#primaryimage","url":"https:\/\/www.bbmnoticias.com\/labravaradiofm\/wp-content\/uploads\/sites\/5\/2021\/12\/variante-omicron-1.jpeg","contentUrl":"https:\/\/www.bbmnoticias.com\/labravaradiofm\/wp-content\/uploads\/sites\/5\/2021\/12\/variante-omicron-1.jpeg","width":800,"height":533},{"@type":"BreadcrumbList","@id":"https:\/\/www.bbmnoticias.com\/labravaradiofm\/2021\/12\/28\/viene-ola-de-omicron-en-mexico-especialista-advierte-de-mas-casos-en-enero\/#breadcrumb","itemListElement":[{"@type":"ListItem","position":1,"name":"Inicio","item":"https:\/\/www.bbmnoticias.com\/labravaradiofm\/"},{"@type":"ListItem","position":2,"name":"\u00bfViene ola de \u00f3micron en M\u00e9xico? Especialista advierte de m\u00e1s casos en enero"}]},{"@type":"WebSite","@id":"https:\/\/www.bbmnoticias.com\/labravaradiofm\/#website","url":"https:\/\/www.bbmnoticias.com\/labravaradiofm\/","name":"LA BRAVA RADIO","description":"Empresa productora de medios, Radiodifusi\u00f3n, Noticias, tendencias y todo lo que necesitas saber de la pol\u00edtica mexicana e internacional; entretenimiento, espect\u00e1culos, salud y mucho m\u00e1s.","potentialAction":[{"@type":"SearchAction","target":{"@type":"EntryPoint","urlTemplate":"https:\/\/www.bbmnoticias.com\/labravaradiofm\/?s={search_term_string}"},"query-input":{"@type":"PropertyValueSpecification","valueRequired":true,"valueName":"search_term_string"}}],"inLanguage":"es"},{"@type":"Person","@id":"https:\/\/www.bbmnoticias.com\/labravaradiofm\/#\/schema\/person\/000bdaf0a8fb5bff0d537c4d0778e33f","name":"Agencias","image":{"@type":"ImageObject","inLanguage":"es","@id":"https:\/\/secure.gravatar.com\/avatar\/739e0b61adf9e398b425c36718c8752286da0e8cd90f20ce9a86678abc26aa0d?s=96&d=mm&r=g","url":"https:\/\/secure.gravatar.com\/avatar\/739e0b61adf9e398b425c36718c8752286da0e8cd90f20ce9a86678abc26aa0d?s=96&d=mm&r=g","contentUrl":"https:\/\/secure.gravatar.com\/avatar\/739e0b61adf9e398b425c36718c8752286da0e8cd90f20ce9a86678abc26aa0d?s=96&d=mm&r=g","caption":"Agencias"},"url":"https:\/\/www.bbmnoticias.com\/labravaradiofm\/author\/agencias\/"}]}},"_links":{"self":[{"href":"https:\/\/www.bbmnoticias.com\/labravaradiofm\/wp-json\/wp\/v2\/posts\/7799","targetHints":{"allow":["GET"]}}],"collection":[{"href":"https:\/\/www.bbmnoticias.com\/labravaradiofm\/wp-json\/wp\/v2\/posts"}],"about":[{"href":"https:\/\/www.bbmnoticias.com\/labravaradiofm\/wp-json\/wp\/v2\/types\/post"}],"author":[{"embeddable":true,"href":"https:\/\/www.bbmnoticias.com\/labravaradiofm\/wp-json\/wp\/v2\/users\/4"}],"replies":[{"embeddable":true,"href":"https:\/\/www.bbmnoticias.com\/labravaradiofm\/wp-json\/wp\/v2\/comments?post=7799"}],"version-history":[{"count":0,"href":"https:\/\/www.bbmnoticias.com\/labravaradiofm\/wp-json\/wp\/v2\/posts\/7799\/revisions"}],"wp:featuredmedia":[{"embeddable":true,"href":"https:\/\/www.bbmnoticias.com\/labravaradiofm\/wp-json\/wp\/v2\/media\/7800"}],"wp:attachment":[{"href":"https:\/\/www.bbmnoticias.com\/labravaradiofm\/wp-json\/wp\/v2\/media?parent=7799"}],"wp:term":[{"taxonomy":"category","embeddable":true,"href":"https:\/\/www.bbmnoticias.com\/labravaradiofm\/wp-json\/wp\/v2\/categories?post=7799"},{"taxonomy":"post_tag","embeddable":true,"href":"https:\/\/www.bbmnoticias.com\/labravaradiofm\/wp-json\/wp\/v2\/tags?post=7799"}],"curies":[{"name":"wp","href":"https:\/\/api.w.org\/{rel}","templated":true}]}}