{"id":7796,"date":"2021-12-28T07:46:16","date_gmt":"2021-12-28T13:46:16","guid":{"rendered":"https:\/\/www.bbmnoticias.com\/labravaradiofm\/?p=7796"},"modified":"2021-12-28T07:46:17","modified_gmt":"2021-12-28T13:46:17","slug":"vacuna-obligatoria-en-vuelos-locales-en-eu-pide-el-principal-experto-en-infecciones","status":"publish","type":"post","link":"https:\/\/www.bbmnoticias.com\/labravaradiofm\/2021\/12\/28\/vacuna-obligatoria-en-vuelos-locales-en-eu-pide-el-principal-experto-en-infecciones\/","title":{"rendered":"Vacuna obligatoria en vuelos locales en EU, pide el principal experto en infecciones"},"content":{"rendered":"<div style=\"margin-top: 0px; margin-bottom: 0px;\" class=\"sharethis-inline-share-buttons\" ><\/div>\n<p>WASHINGTON, D. C.- Al acercarse las celebraciones de A\u00f1o Nuevo, la variante <strong>\u00f3micron <\/strong>ensombrece cada vez m\u00e1s el ambiente. En <strong>Estados Unidos<\/strong>, el doctor Anthony Fauci, el principal experto en temas infecciosos de pa\u00eds, llam\u00f3 ayer a considerar \u201cseriamente\u201d un mandato de <strong>vacunaci\u00f3n <\/strong>para viajes nacionales. Durante una entrevista con MSNBC, Fauci dijo que \u201ccuando impones un requisito de vacunaci\u00f3n, es un incentivo adicional para que m\u00e1s personas se vacunen\u201d.<\/p>\n\n\n\n<p>En otra entrevista, con ABC, advirti\u00f3 que debido a <strong>\u00f3micron<\/strong>, \u201cesto empeorar\u00e1 antes de mejorar\u201d.<\/p>\n\n\n\n<p>Por su parte, el presidente Joe Biden prometi\u00f3 ayer el apoyo completo del gobierno federal a los estados que enfrentan aumentos de casos de COVID-19 debido a <strong>\u00f3micron<\/strong>, incluyendo m\u00e1s pruebas.<\/p>\n\n\n\n<p>\u201cSi necesitan algo, digan algo, y los vamos a respaldar en la forma en que podamos\u201d, dijo el mandatario en una reuni\u00f3n ordinaria entre su equipo de respuesta al coronavirus y 25 mandatarios de la Asociaci\u00f3n Nacional de Gobernadores.<\/p>\n\n\n\n<p>Biden mencion\u00f3 el plan de su gobierno para hacer disponibles 500 millones de pruebas r\u00e1pidas a partir del pr\u00f3ximo mes a trav\u00e9s de un sitio web que todav\u00eda debe desarrollarse.<\/p>\n\n\n\n<p>\u201c<strong>\u00d3micron <\/strong>es una fuente de preocupaci\u00f3n, pero no debe ser una fuente de p\u00e1nico; ha habido tantas vacunaciones y refuerzos, no estamos viendo las hospitalizaciones aumentar tanto como lo hicieron anteriormente\u201d, indic\u00f3.<\/p>\n\n\n\n<p>Y asegur\u00f3: \u201cEstadounidenses, <strong>Estados Unidos <\/strong>ha progresado. Las cosas est\u00e1n mejor\u201d.<\/p>\n\n\n\n<p>No obstante, agreg\u00f3 que \u201cmientras aumentan los casos, a\u00fan tenemos decenas de millones de personas sin vacunar y hay hospitales en algunos lugares que van a desbordarse tanto en t\u00e9rminos de equipamiento como de personal\u201d.<\/p>\n\n\n\n<p>En Europa, el gobierno franc\u00e9s y el primer ministro brit\u00e1nico Boris Johnson evaluaban los \u00faltimos datos y la necesidad de reducir los n\u00fameros r\u00e9cord de infecciones de COVID-19 con medidas adicionales para que las personas se mantengan distanciadas.<\/p>\n\n\n\n<p>En B\u00e9lgica, las compras se limitaron a m\u00e1ximo dos adultos, posiblemente acompa\u00f1ados por ni\u00f1os, y los cines y salas de conciertos cerraron, decisiones duramente criticadas. Incluso las celebraciones masivas, como los fuegos artificiales de A\u00f1o Nuevo, se cancelaron. Los centros nocturnos ya cerraron, y los restaurantes y bares deben cerrar a las 11 de la noche.<\/p>\n\n\n\n<p>En Reino Unido se imponen cada vez m\u00e1s medidas similares. Escocia cerr\u00f3 sus centros nocturnos el lunes despu\u00e9s de que Irlanda del Norte y Gales lo hicieran el domingo.<\/p>\n\n\n\n<p>En Medio Oriente, un hospital israel\u00ed administr\u00f3 ayer la cuarta dosis de la vacuna anti-COVID a un grupo de prueba, mientras el pa\u00eds considera autorizar la medida para poblaciones vulnerables en un intento por superar un aumento en las infecciones impulsadas por \u00f3micron.<\/p>\n\n\n\n<p>El estudio del Centro M\u00e9dico Sheba en Ramat Gan, en las afueras de Tel Aviv, \u201cse centrar\u00e1 en la eficacia de la vacuna en la producci\u00f3n de anticuerpos y la seguridad, para determinar si se necesita una cuarta vacuna en general\u201d, explic\u00f3 un portavoz. Los 150 sujetos son todos parte del personal m\u00e9dico.<\/p>\n","protected":false},"excerpt":{"rendered":"<p>WASHINGTON, D. C.- Al acercarse las celebraciones de A\u00f1o Nuevo, la variante \u00f3micron ensombrece cada vez m\u00e1s el ambiente. En Estados Unidos, el doctor Anthony Fauci, el principal experto en temas infecciosos de pa\u00eds, llam\u00f3 ayer a considerar \u201cseriamente\u201d un mandato de vacunaci\u00f3n para viajes nacionales. Durante una entrevista con MSNBC, Fauci dijo que \u201ccuando [&hellip;]<\/p>\n","protected":false},"author":4,"featured_media":7797,"comment_status":"closed","ping_status":"closed","sticky":false,"template":"","format":"standard","meta":{"footnotes":""},"categories":[1],"tags":[],"class_list":{"0":"post-7796","1":"post","2":"type-post","3":"status-publish","4":"format-standard","5":"has-post-thumbnail","7":"category-sin-categoria"},"yoast_head":"<!-- This site is optimized with the Yoast SEO plugin v27.4 - https:\/\/yoast.com\/product\/yoast-seo-wordpress\/ -->\n<title>Vacuna obligatoria en vuelos locales en EU, pide el principal experto en infecciones - LA BRAVA RADIO<\/title>\n<meta name=\"robots\" content=\"index, follow, max-snippet:-1, max-image-preview:large, max-video-preview:-1\" \/>\n<link rel=\"canonical\" href=\"https:\/\/www.bbmnoticias.com\/labravaradiofm\/2021\/12\/28\/vacuna-obligatoria-en-vuelos-locales-en-eu-pide-el-principal-experto-en-infecciones\/\" \/>\n<meta property=\"og:locale\" content=\"es_MX\" \/>\n<meta property=\"og:type\" content=\"article\" \/>\n<meta property=\"og:title\" content=\"Vacuna obligatoria en vuelos locales en EU, pide el principal experto en infecciones - LA BRAVA RADIO\" \/>\n<meta property=\"og:description\" content=\"WASHINGTON, D. C.- Al acercarse las celebraciones de A\u00f1o Nuevo, la variante \u00f3micron ensombrece cada vez m\u00e1s el ambiente. En Estados Unidos, el doctor Anthony Fauci, el principal experto en temas infecciosos de pa\u00eds, llam\u00f3 ayer a considerar \u201cseriamente\u201d un mandato de vacunaci\u00f3n para viajes nacionales. Durante una entrevista con MSNBC, Fauci dijo que \u201ccuando [&hellip;]\" \/>\n<meta property=\"og:url\" content=\"https:\/\/www.bbmnoticias.com\/labravaradiofm\/2021\/12\/28\/vacuna-obligatoria-en-vuelos-locales-en-eu-pide-el-principal-experto-en-infecciones\/\" \/>\n<meta property=\"og:site_name\" content=\"LA BRAVA RADIO\" \/>\n<meta property=\"article:published_time\" content=\"2021-12-28T13:46:16+00:00\" \/>\n<meta property=\"article:modified_time\" content=\"2021-12-28T13:46:17+00:00\" \/>\n<meta property=\"og:image\" content=\"https:\/\/www.bbmnoticias.com\/labravaradiofm\/wp-content\/uploads\/sites\/5\/2021\/12\/vacunacion-usa.jpg\" \/>\n\t<meta property=\"og:image:width\" content=\"800\" \/>\n\t<meta property=\"og:image:height\" content=\"396\" \/>\n\t<meta property=\"og:image:type\" content=\"image\/jpeg\" \/>\n<meta name=\"author\" content=\"Agencias\" \/>\n<meta name=\"twitter:card\" content=\"summary_large_image\" \/>\n<meta name=\"twitter:label1\" content=\"Escrito por\" \/>\n\t<meta name=\"twitter:data1\" content=\"Agencias\" \/>\n\t<meta name=\"twitter:label2\" content=\"Tiempo de lectura\" \/>\n\t<meta name=\"twitter:data2\" content=\"3 minutos\" \/>\n<script type=\"application\/ld+json\" class=\"yoast-schema-graph\">{\"@context\":\"https:\\\/\\\/schema.org\",\"@graph\":[{\"@type\":\"Article\",\"@id\":\"https:\\\/\\\/www.bbmnoticias.com\\\/labravaradiofm\\\/2021\\\/12\\\/28\\\/vacuna-obligatoria-en-vuelos-locales-en-eu-pide-el-principal-experto-en-infecciones\\\/#article\",\"isPartOf\":{\"@id\":\"https:\\\/\\\/www.bbmnoticias.com\\\/labravaradiofm\\\/2021\\\/12\\\/28\\\/vacuna-obligatoria-en-vuelos-locales-en-eu-pide-el-principal-experto-en-infecciones\\\/\"},\"author\":{\"name\":\"Agencias\",\"@id\":\"https:\\\/\\\/www.bbmnoticias.com\\\/labravaradiofm\\\/#\\\/schema\\\/person\\\/000bdaf0a8fb5bff0d537c4d0778e33f\"},\"headline\":\"Vacuna obligatoria en vuelos locales en EU, pide el principal experto en infecciones\",\"datePublished\":\"2021-12-28T13:46:16+00:00\",\"dateModified\":\"2021-12-28T13:46:17+00:00\",\"mainEntityOfPage\":{\"@id\":\"https:\\\/\\\/www.bbmnoticias.com\\\/labravaradiofm\\\/2021\\\/12\\\/28\\\/vacuna-obligatoria-en-vuelos-locales-en-eu-pide-el-principal-experto-en-infecciones\\\/\"},\"wordCount\":525,\"image\":{\"@id\":\"https:\\\/\\\/www.bbmnoticias.com\\\/labravaradiofm\\\/2021\\\/12\\\/28\\\/vacuna-obligatoria-en-vuelos-locales-en-eu-pide-el-principal-experto-en-infecciones\\\/#primaryimage\"},\"thumbnailUrl\":\"https:\\\/\\\/www.bbmnoticias.com\\\/labravaradiofm\\\/wp-content\\\/uploads\\\/sites\\\/5\\\/2021\\\/12\\\/vacunacion-usa.jpg\",\"inLanguage\":\"es\"},{\"@type\":\"WebPage\",\"@id\":\"https:\\\/\\\/www.bbmnoticias.com\\\/labravaradiofm\\\/2021\\\/12\\\/28\\\/vacuna-obligatoria-en-vuelos-locales-en-eu-pide-el-principal-experto-en-infecciones\\\/\",\"url\":\"https:\\\/\\\/www.bbmnoticias.com\\\/labravaradiofm\\\/2021\\\/12\\\/28\\\/vacuna-obligatoria-en-vuelos-locales-en-eu-pide-el-principal-experto-en-infecciones\\\/\",\"name\":\"Vacuna obligatoria en vuelos locales en EU, pide el principal experto en infecciones - LA BRAVA RADIO\",\"isPartOf\":{\"@id\":\"https:\\\/\\\/www.bbmnoticias.com\\\/labravaradiofm\\\/#website\"},\"primaryImageOfPage\":{\"@id\":\"https:\\\/\\\/www.bbmnoticias.com\\\/labravaradiofm\\\/2021\\\/12\\\/28\\\/vacuna-obligatoria-en-vuelos-locales-en-eu-pide-el-principal-experto-en-infecciones\\\/#primaryimage\"},\"image\":{\"@id\":\"https:\\\/\\\/www.bbmnoticias.com\\\/labravaradiofm\\\/2021\\\/12\\\/28\\\/vacuna-obligatoria-en-vuelos-locales-en-eu-pide-el-principal-experto-en-infecciones\\\/#primaryimage\"},\"thumbnailUrl\":\"https:\\\/\\\/www.bbmnoticias.com\\\/labravaradiofm\\\/wp-content\\\/uploads\\\/sites\\\/5\\\/2021\\\/12\\\/vacunacion-usa.jpg\",\"datePublished\":\"2021-12-28T13:46:16+00:00\",\"dateModified\":\"2021-12-28T13:46:17+00:00\",\"author\":{\"@id\":\"https:\\\/\\\/www.bbmnoticias.com\\\/labravaradiofm\\\/#\\\/schema\\\/person\\\/000bdaf0a8fb5bff0d537c4d0778e33f\"},\"breadcrumb\":{\"@id\":\"https:\\\/\\\/www.bbmnoticias.com\\\/labravaradiofm\\\/2021\\\/12\\\/28\\\/vacuna-obligatoria-en-vuelos-locales-en-eu-pide-el-principal-experto-en-infecciones\\\/#breadcrumb\"},\"inLanguage\":\"es\",\"potentialAction\":[{\"@type\":\"ReadAction\",\"target\":[\"https:\\\/\\\/www.bbmnoticias.com\\\/labravaradiofm\\\/2021\\\/12\\\/28\\\/vacuna-obligatoria-en-vuelos-locales-en-eu-pide-el-principal-experto-en-infecciones\\\/\"]}]},{\"@type\":\"ImageObject\",\"inLanguage\":\"es\",\"@id\":\"https:\\\/\\\/www.bbmnoticias.com\\\/labravaradiofm\\\/2021\\\/12\\\/28\\\/vacuna-obligatoria-en-vuelos-locales-en-eu-pide-el-principal-experto-en-infecciones\\\/#primaryimage\",\"url\":\"https:\\\/\\\/www.bbmnoticias.com\\\/labravaradiofm\\\/wp-content\\\/uploads\\\/sites\\\/5\\\/2021\\\/12\\\/vacunacion-usa.jpg\",\"contentUrl\":\"https:\\\/\\\/www.bbmnoticias.com\\\/labravaradiofm\\\/wp-content\\\/uploads\\\/sites\\\/5\\\/2021\\\/12\\\/vacunacion-usa.jpg\",\"width\":800,\"height\":396},{\"@type\":\"BreadcrumbList\",\"@id\":\"https:\\\/\\\/www.bbmnoticias.com\\\/labravaradiofm\\\/2021\\\/12\\\/28\\\/vacuna-obligatoria-en-vuelos-locales-en-eu-pide-el-principal-experto-en-infecciones\\\/#breadcrumb\",\"itemListElement\":[{\"@type\":\"ListItem\",\"position\":1,\"name\":\"Inicio\",\"item\":\"https:\\\/\\\/www.bbmnoticias.com\\\/labravaradiofm\\\/\"},{\"@type\":\"ListItem\",\"position\":2,\"name\":\"Vacuna obligatoria en vuelos locales en EU, pide el principal experto en infecciones\"}]},{\"@type\":\"WebSite\",\"@id\":\"https:\\\/\\\/www.bbmnoticias.com\\\/labravaradiofm\\\/#website\",\"url\":\"https:\\\/\\\/www.bbmnoticias.com\\\/labravaradiofm\\\/\",\"name\":\"LA BRAVA RADIO\",\"description\":\"Empresa productora de medios, Radiodifusi\u00f3n, Noticias, tendencias y todo lo que necesitas saber de la pol\u00edtica mexicana e internacional; entretenimiento, espect\u00e1culos, salud y mucho m\u00e1s.\",\"potentialAction\":[{\"@type\":\"SearchAction\",\"target\":{\"@type\":\"EntryPoint\",\"urlTemplate\":\"https:\\\/\\\/www.bbmnoticias.com\\\/labravaradiofm\\\/?s={search_term_string}\"},\"query-input\":{\"@type\":\"PropertyValueSpecification\",\"valueRequired\":true,\"valueName\":\"search_term_string\"}}],\"inLanguage\":\"es\"},{\"@type\":\"Person\",\"@id\":\"https:\\\/\\\/www.bbmnoticias.com\\\/labravaradiofm\\\/#\\\/schema\\\/person\\\/000bdaf0a8fb5bff0d537c4d0778e33f\",\"name\":\"Agencias\",\"image\":{\"@type\":\"ImageObject\",\"inLanguage\":\"es\",\"@id\":\"https:\\\/\\\/secure.gravatar.com\\\/avatar\\\/739e0b61adf9e398b425c36718c8752286da0e8cd90f20ce9a86678abc26aa0d?s=96&d=mm&r=g\",\"url\":\"https:\\\/\\\/secure.gravatar.com\\\/avatar\\\/739e0b61adf9e398b425c36718c8752286da0e8cd90f20ce9a86678abc26aa0d?s=96&d=mm&r=g\",\"contentUrl\":\"https:\\\/\\\/secure.gravatar.com\\\/avatar\\\/739e0b61adf9e398b425c36718c8752286da0e8cd90f20ce9a86678abc26aa0d?s=96&d=mm&r=g\",\"caption\":\"Agencias\"},\"url\":\"https:\\\/\\\/www.bbmnoticias.com\\\/labravaradiofm\\\/author\\\/agencias\\\/\"}]}<\/script>\n<!-- \/ Yoast SEO plugin. -->","yoast_head_json":{"title":"Vacuna obligatoria en vuelos locales en EU, pide el principal experto en infecciones - LA BRAVA RADIO","robots":{"index":"index","follow":"follow","max-snippet":"max-snippet:-1","max-image-preview":"max-image-preview:large","max-video-preview":"max-video-preview:-1"},"canonical":"https:\/\/www.bbmnoticias.com\/labravaradiofm\/2021\/12\/28\/vacuna-obligatoria-en-vuelos-locales-en-eu-pide-el-principal-experto-en-infecciones\/","og_locale":"es_MX","og_type":"article","og_title":"Vacuna obligatoria en vuelos locales en EU, pide el principal experto en infecciones - LA BRAVA RADIO","og_description":"WASHINGTON, D. C.- Al acercarse las celebraciones de A\u00f1o Nuevo, la variante \u00f3micron ensombrece cada vez m\u00e1s el ambiente. En Estados Unidos, el doctor Anthony Fauci, el principal experto en temas infecciosos de pa\u00eds, llam\u00f3 ayer a considerar \u201cseriamente\u201d un mandato de vacunaci\u00f3n para viajes nacionales. Durante una entrevista con MSNBC, Fauci dijo que \u201ccuando [&hellip;]","og_url":"https:\/\/www.bbmnoticias.com\/labravaradiofm\/2021\/12\/28\/vacuna-obligatoria-en-vuelos-locales-en-eu-pide-el-principal-experto-en-infecciones\/","og_site_name":"LA BRAVA RADIO","article_published_time":"2021-12-28T13:46:16+00:00","article_modified_time":"2021-12-28T13:46:17+00:00","og_image":[{"width":800,"height":396,"url":"https:\/\/www.bbmnoticias.com\/labravaradiofm\/wp-content\/uploads\/sites\/5\/2021\/12\/vacunacion-usa.jpg","type":"image\/jpeg"}],"author":"Agencias","twitter_card":"summary_large_image","twitter_misc":{"Escrito por":"Agencias","Tiempo de lectura":"3 minutos"},"schema":{"@context":"https:\/\/schema.org","@graph":[{"@type":"Article","@id":"https:\/\/www.bbmnoticias.com\/labravaradiofm\/2021\/12\/28\/vacuna-obligatoria-en-vuelos-locales-en-eu-pide-el-principal-experto-en-infecciones\/#article","isPartOf":{"@id":"https:\/\/www.bbmnoticias.com\/labravaradiofm\/2021\/12\/28\/vacuna-obligatoria-en-vuelos-locales-en-eu-pide-el-principal-experto-en-infecciones\/"},"author":{"name":"Agencias","@id":"https:\/\/www.bbmnoticias.com\/labravaradiofm\/#\/schema\/person\/000bdaf0a8fb5bff0d537c4d0778e33f"},"headline":"Vacuna obligatoria en vuelos locales en EU, pide el principal experto en infecciones","datePublished":"2021-12-28T13:46:16+00:00","dateModified":"2021-12-28T13:46:17+00:00","mainEntityOfPage":{"@id":"https:\/\/www.bbmnoticias.com\/labravaradiofm\/2021\/12\/28\/vacuna-obligatoria-en-vuelos-locales-en-eu-pide-el-principal-experto-en-infecciones\/"},"wordCount":525,"image":{"@id":"https:\/\/www.bbmnoticias.com\/labravaradiofm\/2021\/12\/28\/vacuna-obligatoria-en-vuelos-locales-en-eu-pide-el-principal-experto-en-infecciones\/#primaryimage"},"thumbnailUrl":"https:\/\/www.bbmnoticias.com\/labravaradiofm\/wp-content\/uploads\/sites\/5\/2021\/12\/vacunacion-usa.jpg","inLanguage":"es"},{"@type":"WebPage","@id":"https:\/\/www.bbmnoticias.com\/labravaradiofm\/2021\/12\/28\/vacuna-obligatoria-en-vuelos-locales-en-eu-pide-el-principal-experto-en-infecciones\/","url":"https:\/\/www.bbmnoticias.com\/labravaradiofm\/2021\/12\/28\/vacuna-obligatoria-en-vuelos-locales-en-eu-pide-el-principal-experto-en-infecciones\/","name":"Vacuna obligatoria en vuelos locales en EU, pide el principal experto en infecciones - LA BRAVA RADIO","isPartOf":{"@id":"https:\/\/www.bbmnoticias.com\/labravaradiofm\/#website"},"primaryImageOfPage":{"@id":"https:\/\/www.bbmnoticias.com\/labravaradiofm\/2021\/12\/28\/vacuna-obligatoria-en-vuelos-locales-en-eu-pide-el-principal-experto-en-infecciones\/#primaryimage"},"image":{"@id":"https:\/\/www.bbmnoticias.com\/labravaradiofm\/2021\/12\/28\/vacuna-obligatoria-en-vuelos-locales-en-eu-pide-el-principal-experto-en-infecciones\/#primaryimage"},"thumbnailUrl":"https:\/\/www.bbmnoticias.com\/labravaradiofm\/wp-content\/uploads\/sites\/5\/2021\/12\/vacunacion-usa.jpg","datePublished":"2021-12-28T13:46:16+00:00","dateModified":"2021-12-28T13:46:17+00:00","author":{"@id":"https:\/\/www.bbmnoticias.com\/labravaradiofm\/#\/schema\/person\/000bdaf0a8fb5bff0d537c4d0778e33f"},"breadcrumb":{"@id":"https:\/\/www.bbmnoticias.com\/labravaradiofm\/2021\/12\/28\/vacuna-obligatoria-en-vuelos-locales-en-eu-pide-el-principal-experto-en-infecciones\/#breadcrumb"},"inLanguage":"es","potentialAction":[{"@type":"ReadAction","target":["https:\/\/www.bbmnoticias.com\/labravaradiofm\/2021\/12\/28\/vacuna-obligatoria-en-vuelos-locales-en-eu-pide-el-principal-experto-en-infecciones\/"]}]},{"@type":"ImageObject","inLanguage":"es","@id":"https:\/\/www.bbmnoticias.com\/labravaradiofm\/2021\/12\/28\/vacuna-obligatoria-en-vuelos-locales-en-eu-pide-el-principal-experto-en-infecciones\/#primaryimage","url":"https:\/\/www.bbmnoticias.com\/labravaradiofm\/wp-content\/uploads\/sites\/5\/2021\/12\/vacunacion-usa.jpg","contentUrl":"https:\/\/www.bbmnoticias.com\/labravaradiofm\/wp-content\/uploads\/sites\/5\/2021\/12\/vacunacion-usa.jpg","width":800,"height":396},{"@type":"BreadcrumbList","@id":"https:\/\/www.bbmnoticias.com\/labravaradiofm\/2021\/12\/28\/vacuna-obligatoria-en-vuelos-locales-en-eu-pide-el-principal-experto-en-infecciones\/#breadcrumb","itemListElement":[{"@type":"ListItem","position":1,"name":"Inicio","item":"https:\/\/www.bbmnoticias.com\/labravaradiofm\/"},{"@type":"ListItem","position":2,"name":"Vacuna obligatoria en vuelos locales en EU, pide el principal experto en infecciones"}]},{"@type":"WebSite","@id":"https:\/\/www.bbmnoticias.com\/labravaradiofm\/#website","url":"https:\/\/www.bbmnoticias.com\/labravaradiofm\/","name":"LA BRAVA RADIO","description":"Empresa productora de medios, Radiodifusi\u00f3n, Noticias, tendencias y todo lo que necesitas saber de la pol\u00edtica mexicana e internacional; entretenimiento, espect\u00e1culos, salud y mucho m\u00e1s.","potentialAction":[{"@type":"SearchAction","target":{"@type":"EntryPoint","urlTemplate":"https:\/\/www.bbmnoticias.com\/labravaradiofm\/?s={search_term_string}"},"query-input":{"@type":"PropertyValueSpecification","valueRequired":true,"valueName":"search_term_string"}}],"inLanguage":"es"},{"@type":"Person","@id":"https:\/\/www.bbmnoticias.com\/labravaradiofm\/#\/schema\/person\/000bdaf0a8fb5bff0d537c4d0778e33f","name":"Agencias","image":{"@type":"ImageObject","inLanguage":"es","@id":"https:\/\/secure.gravatar.com\/avatar\/739e0b61adf9e398b425c36718c8752286da0e8cd90f20ce9a86678abc26aa0d?s=96&d=mm&r=g","url":"https:\/\/secure.gravatar.com\/avatar\/739e0b61adf9e398b425c36718c8752286da0e8cd90f20ce9a86678abc26aa0d?s=96&d=mm&r=g","contentUrl":"https:\/\/secure.gravatar.com\/avatar\/739e0b61adf9e398b425c36718c8752286da0e8cd90f20ce9a86678abc26aa0d?s=96&d=mm&r=g","caption":"Agencias"},"url":"https:\/\/www.bbmnoticias.com\/labravaradiofm\/author\/agencias\/"}]}},"_links":{"self":[{"href":"https:\/\/www.bbmnoticias.com\/labravaradiofm\/wp-json\/wp\/v2\/posts\/7796","targetHints":{"allow":["GET"]}}],"collection":[{"href":"https:\/\/www.bbmnoticias.com\/labravaradiofm\/wp-json\/wp\/v2\/posts"}],"about":[{"href":"https:\/\/www.bbmnoticias.com\/labravaradiofm\/wp-json\/wp\/v2\/types\/post"}],"author":[{"embeddable":true,"href":"https:\/\/www.bbmnoticias.com\/labravaradiofm\/wp-json\/wp\/v2\/users\/4"}],"replies":[{"embeddable":true,"href":"https:\/\/www.bbmnoticias.com\/labravaradiofm\/wp-json\/wp\/v2\/comments?post=7796"}],"version-history":[{"count":0,"href":"https:\/\/www.bbmnoticias.com\/labravaradiofm\/wp-json\/wp\/v2\/posts\/7796\/revisions"}],"wp:featuredmedia":[{"embeddable":true,"href":"https:\/\/www.bbmnoticias.com\/labravaradiofm\/wp-json\/wp\/v2\/media\/7797"}],"wp:attachment":[{"href":"https:\/\/www.bbmnoticias.com\/labravaradiofm\/wp-json\/wp\/v2\/media?parent=7796"}],"wp:term":[{"taxonomy":"category","embeddable":true,"href":"https:\/\/www.bbmnoticias.com\/labravaradiofm\/wp-json\/wp\/v2\/categories?post=7796"},{"taxonomy":"post_tag","embeddable":true,"href":"https:\/\/www.bbmnoticias.com\/labravaradiofm\/wp-json\/wp\/v2\/tags?post=7796"}],"curies":[{"name":"wp","href":"https:\/\/api.w.org\/{rel}","templated":true}]}}