{"id":7794,"date":"2021-12-27T20:20:58","date_gmt":"2021-12-28T02:20:58","guid":{"rendered":"https:\/\/www.bbmnoticias.com\/labravaradiofm\/?p=7794"},"modified":"2021-12-27T20:21:00","modified_gmt":"2021-12-28T02:21:00","slug":"captura-aei-a-sujeto-acusado-de-robar-en-domicilio-particular-de-conocido-notario-publico-de-salina-cruz","status":"publish","type":"post","link":"https:\/\/www.bbmnoticias.com\/labravaradiofm\/2021\/12\/27\/captura-aei-a-sujeto-acusado-de-robar-en-domicilio-particular-de-conocido-notario-publico-de-salina-cruz\/","title":{"rendered":"Captura AEI a sujeto acusado de robar en domicilio particular de conocido Notario P\u00fablico de Salina Cruz"},"content":{"rendered":"<div style=\"margin-top: 0px; margin-bottom: 0px;\" class=\"sharethis-inline-share-buttons\" ><\/div>\n<p>Salina Cruz, Oaxaca. Elementos de la Agencia Estatal de Investigaciones AEI, cumplimentaron una orden de aprehensi\u00f3n contra un sujeto acusado de robar en el domicilio particular de un conocido Notario P\u00fablico de Salina Cruz.<\/p>\n\n\n\n<p>La orden de aprehensi\u00f3n se libr\u00f3 bajo la causa penal 667\/2021 y se logr\u00f3 la captura del presunto responsable, el pasado el pasado 24 de diciembre de este a\u00f1o, en pleno centro de este puerto.<\/p>\n\n\n\n<p>Tras la captura de K. J. O. Z. de inmediato fue puesto de inmediato a disposici\u00f3n del Agente del Ministerio P\u00fablico y juez que lo requiri\u00f3.<\/p>\n\n\n\n<p>Cabe mencionar que los hechos ocurrieron el pasado 7 de diciembre del presente, cuando el ahora detenido ingres\u00f3 a la casa de conocido Notario P\u00fablico de Salina Cruz a robar objetos de valor.<\/p>\n","protected":false},"excerpt":{"rendered":"<p>Salina Cruz, Oaxaca. Elementos de la Agencia Estatal de Investigaciones AEI, cumplimentaron una orden de aprehensi\u00f3n contra un sujeto acusado de robar en el domicilio particular de un conocido Notario P\u00fablico de Salina Cruz. La orden de aprehensi\u00f3n se libr\u00f3 bajo la causa penal 667\/2021 y se logr\u00f3 la captura del presunto responsable, el pasado [&hellip;]<\/p>\n","protected":false},"author":3,"featured_media":6988,"comment_status":"closed","ping_status":"closed","sticky":false,"template":"","format":"standard","meta":{"footnotes":""},"categories":[20],"tags":[],"class_list":{"0":"post-7794","1":"post","2":"type-post","3":"status-publish","4":"format-standard","5":"has-post-thumbnail","7":"category-policiaca"},"yoast_head":"<!-- This site is optimized with the Yoast SEO plugin v27.4 - https:\/\/yoast.com\/product\/yoast-seo-wordpress\/ -->\n<title>Captura AEI a sujeto acusado de robar en domicilio particular de conocido Notario P\u00fablico de Salina Cruz - LA BRAVA RADIO<\/title>\n<meta name=\"robots\" content=\"index, follow, max-snippet:-1, max-image-preview:large, max-video-preview:-1\" \/>\n<link rel=\"canonical\" href=\"https:\/\/www.bbmnoticias.com\/labravaradiofm\/2021\/12\/27\/captura-aei-a-sujeto-acusado-de-robar-en-domicilio-particular-de-conocido-notario-publico-de-salina-cruz\/\" \/>\n<meta property=\"og:locale\" content=\"es_MX\" \/>\n<meta property=\"og:type\" content=\"article\" \/>\n<meta property=\"og:title\" content=\"Captura AEI a sujeto acusado de robar en domicilio particular de conocido Notario P\u00fablico de Salina Cruz - LA BRAVA RADIO\" \/>\n<meta property=\"og:description\" content=\"Salina Cruz, Oaxaca. Elementos de la Agencia Estatal de Investigaciones AEI, cumplimentaron una orden de aprehensi\u00f3n contra un sujeto acusado de robar en el domicilio particular de un conocido Notario P\u00fablico de Salina Cruz. La orden de aprehensi\u00f3n se libr\u00f3 bajo la causa penal 667\/2021 y se logr\u00f3 la captura del presunto responsable, el pasado [&hellip;]\" \/>\n<meta property=\"og:url\" content=\"https:\/\/www.bbmnoticias.com\/labravaradiofm\/2021\/12\/27\/captura-aei-a-sujeto-acusado-de-robar-en-domicilio-particular-de-conocido-notario-publico-de-salina-cruz\/\" \/>\n<meta property=\"og:site_name\" content=\"LA BRAVA RADIO\" \/>\n<meta property=\"article:author\" content=\"https:\/\/www.facebook.com\/EdwinMeneses30\" \/>\n<meta property=\"article:published_time\" content=\"2021-12-28T02:20:58+00:00\" \/>\n<meta property=\"article:modified_time\" content=\"2021-12-28T02:21:00+00:00\" \/>\n<meta property=\"og:image\" content=\"https:\/\/www.bbmnoticias.com\/labravaradiofm\/wp-content\/uploads\/sites\/5\/2021\/12\/detenido-porrobar.jpg\" \/>\n\t<meta property=\"og:image:width\" content=\"1200\" \/>\n\t<meta property=\"og:image:height\" content=\"675\" \/>\n\t<meta property=\"og:image:type\" content=\"image\/jpeg\" \/>\n<meta name=\"author\" content=\"Edwin MENESES\" \/>\n<meta name=\"twitter:card\" content=\"summary_large_image\" \/>\n<meta name=\"twitter:creator\" content=\"@https:\/\/twitter.com\/edwin_meneses81\" \/>\n<meta name=\"twitter:label1\" content=\"Escrito por\" \/>\n\t<meta name=\"twitter:data1\" content=\"Edwin MENESES\" \/>\n\t<meta name=\"twitter:label2\" content=\"Tiempo de lectura\" \/>\n\t<meta name=\"twitter:data2\" content=\"1 minuto\" \/>\n<script type=\"application\/ld+json\" class=\"yoast-schema-graph\">{\"@context\":\"https:\\\/\\\/schema.org\",\"@graph\":[{\"@type\":\"Article\",\"@id\":\"https:\\\/\\\/www.bbmnoticias.com\\\/labravaradiofm\\\/2021\\\/12\\\/27\\\/captura-aei-a-sujeto-acusado-de-robar-en-domicilio-particular-de-conocido-notario-publico-de-salina-cruz\\\/#article\",\"isPartOf\":{\"@id\":\"https:\\\/\\\/www.bbmnoticias.com\\\/labravaradiofm\\\/2021\\\/12\\\/27\\\/captura-aei-a-sujeto-acusado-de-robar-en-domicilio-particular-de-conocido-notario-publico-de-salina-cruz\\\/\"},\"author\":{\"name\":\"Edwin MENESES\",\"@id\":\"https:\\\/\\\/www.bbmnoticias.com\\\/labravaradiofm\\\/#\\\/schema\\\/person\\\/9b02a4c779df75b578b6413d0d44d6b6\"},\"headline\":\"Captura AEI a sujeto acusado de robar en domicilio particular de conocido Notario P\u00fablico de Salina Cruz\",\"datePublished\":\"2021-12-28T02:20:58+00:00\",\"dateModified\":\"2021-12-28T02:21:00+00:00\",\"mainEntityOfPage\":{\"@id\":\"https:\\\/\\\/www.bbmnoticias.com\\\/labravaradiofm\\\/2021\\\/12\\\/27\\\/captura-aei-a-sujeto-acusado-de-robar-en-domicilio-particular-de-conocido-notario-publico-de-salina-cruz\\\/\"},\"wordCount\":150,\"image\":{\"@id\":\"https:\\\/\\\/www.bbmnoticias.com\\\/labravaradiofm\\\/2021\\\/12\\\/27\\\/captura-aei-a-sujeto-acusado-de-robar-en-domicilio-particular-de-conocido-notario-publico-de-salina-cruz\\\/#primaryimage\"},\"thumbnailUrl\":\"https:\\\/\\\/www.bbmnoticias.com\\\/labravaradiofm\\\/wp-content\\\/uploads\\\/sites\\\/5\\\/2021\\\/12\\\/detenido-porrobar.jpg\",\"articleSection\":[\"POLICIACA\"],\"inLanguage\":\"es\"},{\"@type\":\"WebPage\",\"@id\":\"https:\\\/\\\/www.bbmnoticias.com\\\/labravaradiofm\\\/2021\\\/12\\\/27\\\/captura-aei-a-sujeto-acusado-de-robar-en-domicilio-particular-de-conocido-notario-publico-de-salina-cruz\\\/\",\"url\":\"https:\\\/\\\/www.bbmnoticias.com\\\/labravaradiofm\\\/2021\\\/12\\\/27\\\/captura-aei-a-sujeto-acusado-de-robar-en-domicilio-particular-de-conocido-notario-publico-de-salina-cruz\\\/\",\"name\":\"Captura AEI a sujeto acusado de robar en domicilio particular de conocido Notario P\u00fablico de Salina Cruz - LA BRAVA RADIO\",\"isPartOf\":{\"@id\":\"https:\\\/\\\/www.bbmnoticias.com\\\/labravaradiofm\\\/#website\"},\"primaryImageOfPage\":{\"@id\":\"https:\\\/\\\/www.bbmnoticias.com\\\/labravaradiofm\\\/2021\\\/12\\\/27\\\/captura-aei-a-sujeto-acusado-de-robar-en-domicilio-particular-de-conocido-notario-publico-de-salina-cruz\\\/#primaryimage\"},\"image\":{\"@id\":\"https:\\\/\\\/www.bbmnoticias.com\\\/labravaradiofm\\\/2021\\\/12\\\/27\\\/captura-aei-a-sujeto-acusado-de-robar-en-domicilio-particular-de-conocido-notario-publico-de-salina-cruz\\\/#primaryimage\"},\"thumbnailUrl\":\"https:\\\/\\\/www.bbmnoticias.com\\\/labravaradiofm\\\/wp-content\\\/uploads\\\/sites\\\/5\\\/2021\\\/12\\\/detenido-porrobar.jpg\",\"datePublished\":\"2021-12-28T02:20:58+00:00\",\"dateModified\":\"2021-12-28T02:21:00+00:00\",\"author\":{\"@id\":\"https:\\\/\\\/www.bbmnoticias.com\\\/labravaradiofm\\\/#\\\/schema\\\/person\\\/9b02a4c779df75b578b6413d0d44d6b6\"},\"breadcrumb\":{\"@id\":\"https:\\\/\\\/www.bbmnoticias.com\\\/labravaradiofm\\\/2021\\\/12\\\/27\\\/captura-aei-a-sujeto-acusado-de-robar-en-domicilio-particular-de-conocido-notario-publico-de-salina-cruz\\\/#breadcrumb\"},\"inLanguage\":\"es\",\"potentialAction\":[{\"@type\":\"ReadAction\",\"target\":[\"https:\\\/\\\/www.bbmnoticias.com\\\/labravaradiofm\\\/2021\\\/12\\\/27\\\/captura-aei-a-sujeto-acusado-de-robar-en-domicilio-particular-de-conocido-notario-publico-de-salina-cruz\\\/\"]}]},{\"@type\":\"ImageObject\",\"inLanguage\":\"es\",\"@id\":\"https:\\\/\\\/www.bbmnoticias.com\\\/labravaradiofm\\\/2021\\\/12\\\/27\\\/captura-aei-a-sujeto-acusado-de-robar-en-domicilio-particular-de-conocido-notario-publico-de-salina-cruz\\\/#primaryimage\",\"url\":\"https:\\\/\\\/www.bbmnoticias.com\\\/labravaradiofm\\\/wp-content\\\/uploads\\\/sites\\\/5\\\/2021\\\/12\\\/detenido-porrobar.jpg\",\"contentUrl\":\"https:\\\/\\\/www.bbmnoticias.com\\\/labravaradiofm\\\/wp-content\\\/uploads\\\/sites\\\/5\\\/2021\\\/12\\\/detenido-porrobar.jpg\",\"width\":1200,\"height\":675},{\"@type\":\"BreadcrumbList\",\"@id\":\"https:\\\/\\\/www.bbmnoticias.com\\\/labravaradiofm\\\/2021\\\/12\\\/27\\\/captura-aei-a-sujeto-acusado-de-robar-en-domicilio-particular-de-conocido-notario-publico-de-salina-cruz\\\/#breadcrumb\",\"itemListElement\":[{\"@type\":\"ListItem\",\"position\":1,\"name\":\"Inicio\",\"item\":\"https:\\\/\\\/www.bbmnoticias.com\\\/labravaradiofm\\\/\"},{\"@type\":\"ListItem\",\"position\":2,\"name\":\"Captura AEI a sujeto acusado de robar en domicilio particular de conocido Notario P\u00fablico de Salina Cruz\"}]},{\"@type\":\"WebSite\",\"@id\":\"https:\\\/\\\/www.bbmnoticias.com\\\/labravaradiofm\\\/#website\",\"url\":\"https:\\\/\\\/www.bbmnoticias.com\\\/labravaradiofm\\\/\",\"name\":\"LA BRAVA RADIO\",\"description\":\"Empresa productora de medios, Radiodifusi\u00f3n, Noticias, tendencias y todo lo que necesitas saber de la pol\u00edtica mexicana e internacional; entretenimiento, espect\u00e1culos, salud y mucho m\u00e1s.\",\"potentialAction\":[{\"@type\":\"SearchAction\",\"target\":{\"@type\":\"EntryPoint\",\"urlTemplate\":\"https:\\\/\\\/www.bbmnoticias.com\\\/labravaradiofm\\\/?s={search_term_string}\"},\"query-input\":{\"@type\":\"PropertyValueSpecification\",\"valueRequired\":true,\"valueName\":\"search_term_string\"}}],\"inLanguage\":\"es\"},{\"@type\":\"Person\",\"@id\":\"https:\\\/\\\/www.bbmnoticias.com\\\/labravaradiofm\\\/#\\\/schema\\\/person\\\/9b02a4c779df75b578b6413d0d44d6b6\",\"name\":\"Edwin MENESES\",\"image\":{\"@type\":\"ImageObject\",\"inLanguage\":\"es\",\"@id\":\"https:\\\/\\\/secure.gravatar.com\\\/avatar\\\/202a15439445248653d719ff745fa195bcc0553404b070fe317543754f253c4f?s=96&d=mm&r=g\",\"url\":\"https:\\\/\\\/secure.gravatar.com\\\/avatar\\\/202a15439445248653d719ff745fa195bcc0553404b070fe317543754f253c4f?s=96&d=mm&r=g\",\"contentUrl\":\"https:\\\/\\\/secure.gravatar.com\\\/avatar\\\/202a15439445248653d719ff745fa195bcc0553404b070fe317543754f253c4f?s=96&d=mm&r=g\",\"caption\":\"Edwin MENESES\"},\"sameAs\":[\"https:\\\/\\\/www.bbmnoticias.com\",\"https:\\\/\\\/www.facebook.com\\\/EdwinMeneses30\",\"https:\\\/\\\/x.com\\\/https:\\\/\\\/twitter.com\\\/edwin_meneses81\"],\"url\":\"https:\\\/\\\/www.bbmnoticias.com\\\/labravaradiofm\\\/author\\\/edwin\\\/\"}]}<\/script>\n<!-- \/ Yoast SEO plugin. -->","yoast_head_json":{"title":"Captura AEI a sujeto acusado de robar en domicilio particular de conocido Notario P\u00fablico de Salina Cruz - LA BRAVA RADIO","robots":{"index":"index","follow":"follow","max-snippet":"max-snippet:-1","max-image-preview":"max-image-preview:large","max-video-preview":"max-video-preview:-1"},"canonical":"https:\/\/www.bbmnoticias.com\/labravaradiofm\/2021\/12\/27\/captura-aei-a-sujeto-acusado-de-robar-en-domicilio-particular-de-conocido-notario-publico-de-salina-cruz\/","og_locale":"es_MX","og_type":"article","og_title":"Captura AEI a sujeto acusado de robar en domicilio particular de conocido Notario P\u00fablico de Salina Cruz - LA BRAVA RADIO","og_description":"Salina Cruz, Oaxaca. Elementos de la Agencia Estatal de Investigaciones AEI, cumplimentaron una orden de aprehensi\u00f3n contra un sujeto acusado de robar en el domicilio particular de un conocido Notario P\u00fablico de Salina Cruz. La orden de aprehensi\u00f3n se libr\u00f3 bajo la causa penal 667\/2021 y se logr\u00f3 la captura del presunto responsable, el pasado [&hellip;]","og_url":"https:\/\/www.bbmnoticias.com\/labravaradiofm\/2021\/12\/27\/captura-aei-a-sujeto-acusado-de-robar-en-domicilio-particular-de-conocido-notario-publico-de-salina-cruz\/","og_site_name":"LA BRAVA RADIO","article_author":"https:\/\/www.facebook.com\/EdwinMeneses30","article_published_time":"2021-12-28T02:20:58+00:00","article_modified_time":"2021-12-28T02:21:00+00:00","og_image":[{"width":1200,"height":675,"url":"https:\/\/www.bbmnoticias.com\/labravaradiofm\/wp-content\/uploads\/sites\/5\/2021\/12\/detenido-porrobar.jpg","type":"image\/jpeg"}],"author":"Edwin MENESES","twitter_card":"summary_large_image","twitter_creator":"@https:\/\/twitter.com\/edwin_meneses81","twitter_misc":{"Escrito por":"Edwin MENESES","Tiempo de lectura":"1 minuto"},"schema":{"@context":"https:\/\/schema.org","@graph":[{"@type":"Article","@id":"https:\/\/www.bbmnoticias.com\/labravaradiofm\/2021\/12\/27\/captura-aei-a-sujeto-acusado-de-robar-en-domicilio-particular-de-conocido-notario-publico-de-salina-cruz\/#article","isPartOf":{"@id":"https:\/\/www.bbmnoticias.com\/labravaradiofm\/2021\/12\/27\/captura-aei-a-sujeto-acusado-de-robar-en-domicilio-particular-de-conocido-notario-publico-de-salina-cruz\/"},"author":{"name":"Edwin MENESES","@id":"https:\/\/www.bbmnoticias.com\/labravaradiofm\/#\/schema\/person\/9b02a4c779df75b578b6413d0d44d6b6"},"headline":"Captura AEI a sujeto acusado de robar en domicilio particular de conocido Notario P\u00fablico de Salina Cruz","datePublished":"2021-12-28T02:20:58+00:00","dateModified":"2021-12-28T02:21:00+00:00","mainEntityOfPage":{"@id":"https:\/\/www.bbmnoticias.com\/labravaradiofm\/2021\/12\/27\/captura-aei-a-sujeto-acusado-de-robar-en-domicilio-particular-de-conocido-notario-publico-de-salina-cruz\/"},"wordCount":150,"image":{"@id":"https:\/\/www.bbmnoticias.com\/labravaradiofm\/2021\/12\/27\/captura-aei-a-sujeto-acusado-de-robar-en-domicilio-particular-de-conocido-notario-publico-de-salina-cruz\/#primaryimage"},"thumbnailUrl":"https:\/\/www.bbmnoticias.com\/labravaradiofm\/wp-content\/uploads\/sites\/5\/2021\/12\/detenido-porrobar.jpg","articleSection":["POLICIACA"],"inLanguage":"es"},{"@type":"WebPage","@id":"https:\/\/www.bbmnoticias.com\/labravaradiofm\/2021\/12\/27\/captura-aei-a-sujeto-acusado-de-robar-en-domicilio-particular-de-conocido-notario-publico-de-salina-cruz\/","url":"https:\/\/www.bbmnoticias.com\/labravaradiofm\/2021\/12\/27\/captura-aei-a-sujeto-acusado-de-robar-en-domicilio-particular-de-conocido-notario-publico-de-salina-cruz\/","name":"Captura AEI a sujeto acusado de robar en domicilio particular de conocido Notario P\u00fablico de Salina Cruz - LA BRAVA RADIO","isPartOf":{"@id":"https:\/\/www.bbmnoticias.com\/labravaradiofm\/#website"},"primaryImageOfPage":{"@id":"https:\/\/www.bbmnoticias.com\/labravaradiofm\/2021\/12\/27\/captura-aei-a-sujeto-acusado-de-robar-en-domicilio-particular-de-conocido-notario-publico-de-salina-cruz\/#primaryimage"},"image":{"@id":"https:\/\/www.bbmnoticias.com\/labravaradiofm\/2021\/12\/27\/captura-aei-a-sujeto-acusado-de-robar-en-domicilio-particular-de-conocido-notario-publico-de-salina-cruz\/#primaryimage"},"thumbnailUrl":"https:\/\/www.bbmnoticias.com\/labravaradiofm\/wp-content\/uploads\/sites\/5\/2021\/12\/detenido-porrobar.jpg","datePublished":"2021-12-28T02:20:58+00:00","dateModified":"2021-12-28T02:21:00+00:00","author":{"@id":"https:\/\/www.bbmnoticias.com\/labravaradiofm\/#\/schema\/person\/9b02a4c779df75b578b6413d0d44d6b6"},"breadcrumb":{"@id":"https:\/\/www.bbmnoticias.com\/labravaradiofm\/2021\/12\/27\/captura-aei-a-sujeto-acusado-de-robar-en-domicilio-particular-de-conocido-notario-publico-de-salina-cruz\/#breadcrumb"},"inLanguage":"es","potentialAction":[{"@type":"ReadAction","target":["https:\/\/www.bbmnoticias.com\/labravaradiofm\/2021\/12\/27\/captura-aei-a-sujeto-acusado-de-robar-en-domicilio-particular-de-conocido-notario-publico-de-salina-cruz\/"]}]},{"@type":"ImageObject","inLanguage":"es","@id":"https:\/\/www.bbmnoticias.com\/labravaradiofm\/2021\/12\/27\/captura-aei-a-sujeto-acusado-de-robar-en-domicilio-particular-de-conocido-notario-publico-de-salina-cruz\/#primaryimage","url":"https:\/\/www.bbmnoticias.com\/labravaradiofm\/wp-content\/uploads\/sites\/5\/2021\/12\/detenido-porrobar.jpg","contentUrl":"https:\/\/www.bbmnoticias.com\/labravaradiofm\/wp-content\/uploads\/sites\/5\/2021\/12\/detenido-porrobar.jpg","width":1200,"height":675},{"@type":"BreadcrumbList","@id":"https:\/\/www.bbmnoticias.com\/labravaradiofm\/2021\/12\/27\/captura-aei-a-sujeto-acusado-de-robar-en-domicilio-particular-de-conocido-notario-publico-de-salina-cruz\/#breadcrumb","itemListElement":[{"@type":"ListItem","position":1,"name":"Inicio","item":"https:\/\/www.bbmnoticias.com\/labravaradiofm\/"},{"@type":"ListItem","position":2,"name":"Captura AEI a sujeto acusado de robar en domicilio particular de conocido Notario P\u00fablico de Salina Cruz"}]},{"@type":"WebSite","@id":"https:\/\/www.bbmnoticias.com\/labravaradiofm\/#website","url":"https:\/\/www.bbmnoticias.com\/labravaradiofm\/","name":"LA BRAVA RADIO","description":"Empresa productora de medios, Radiodifusi\u00f3n, Noticias, tendencias y todo lo que necesitas saber de la pol\u00edtica mexicana e internacional; entretenimiento, espect\u00e1culos, salud y mucho m\u00e1s.","potentialAction":[{"@type":"SearchAction","target":{"@type":"EntryPoint","urlTemplate":"https:\/\/www.bbmnoticias.com\/labravaradiofm\/?s={search_term_string}"},"query-input":{"@type":"PropertyValueSpecification","valueRequired":true,"valueName":"search_term_string"}}],"inLanguage":"es"},{"@type":"Person","@id":"https:\/\/www.bbmnoticias.com\/labravaradiofm\/#\/schema\/person\/9b02a4c779df75b578b6413d0d44d6b6","name":"Edwin MENESES","image":{"@type":"ImageObject","inLanguage":"es","@id":"https:\/\/secure.gravatar.com\/avatar\/202a15439445248653d719ff745fa195bcc0553404b070fe317543754f253c4f?s=96&d=mm&r=g","url":"https:\/\/secure.gravatar.com\/avatar\/202a15439445248653d719ff745fa195bcc0553404b070fe317543754f253c4f?s=96&d=mm&r=g","contentUrl":"https:\/\/secure.gravatar.com\/avatar\/202a15439445248653d719ff745fa195bcc0553404b070fe317543754f253c4f?s=96&d=mm&r=g","caption":"Edwin MENESES"},"sameAs":["https:\/\/www.bbmnoticias.com","https:\/\/www.facebook.com\/EdwinMeneses30","https:\/\/x.com\/https:\/\/twitter.com\/edwin_meneses81"],"url":"https:\/\/www.bbmnoticias.com\/labravaradiofm\/author\/edwin\/"}]}},"_links":{"self":[{"href":"https:\/\/www.bbmnoticias.com\/labravaradiofm\/wp-json\/wp\/v2\/posts\/7794","targetHints":{"allow":["GET"]}}],"collection":[{"href":"https:\/\/www.bbmnoticias.com\/labravaradiofm\/wp-json\/wp\/v2\/posts"}],"about":[{"href":"https:\/\/www.bbmnoticias.com\/labravaradiofm\/wp-json\/wp\/v2\/types\/post"}],"author":[{"embeddable":true,"href":"https:\/\/www.bbmnoticias.com\/labravaradiofm\/wp-json\/wp\/v2\/users\/3"}],"replies":[{"embeddable":true,"href":"https:\/\/www.bbmnoticias.com\/labravaradiofm\/wp-json\/wp\/v2\/comments?post=7794"}],"version-history":[{"count":0,"href":"https:\/\/www.bbmnoticias.com\/labravaradiofm\/wp-json\/wp\/v2\/posts\/7794\/revisions"}],"wp:featuredmedia":[{"embeddable":true,"href":"https:\/\/www.bbmnoticias.com\/labravaradiofm\/wp-json\/wp\/v2\/media\/6988"}],"wp:attachment":[{"href":"https:\/\/www.bbmnoticias.com\/labravaradiofm\/wp-json\/wp\/v2\/media?parent=7794"}],"wp:term":[{"taxonomy":"category","embeddable":true,"href":"https:\/\/www.bbmnoticias.com\/labravaradiofm\/wp-json\/wp\/v2\/categories?post=7794"},{"taxonomy":"post_tag","embeddable":true,"href":"https:\/\/www.bbmnoticias.com\/labravaradiofm\/wp-json\/wp\/v2\/tags?post=7794"}],"curies":[{"name":"wp","href":"https:\/\/api.w.org\/{rel}","templated":true}]}}