{"id":7757,"date":"2021-12-27T12:33:44","date_gmt":"2021-12-27T18:33:44","guid":{"rendered":"https:\/\/www.bbmnoticias.com\/labravaradiofm\/?p=7757"},"modified":"2021-12-27T12:43:31","modified_gmt":"2021-12-27T18:43:31","slug":"no-es-conveniente-amlo-rechaza-denuncia-contra-consejeros-del-ine","status":"publish","type":"post","link":"https:\/\/www.bbmnoticias.com\/labravaradiofm\/2021\/12\/27\/no-es-conveniente-amlo-rechaza-denuncia-contra-consejeros-del-ine\/","title":{"rendered":"AMLO rechaza denuncia contra consejeros del INE"},"content":{"rendered":"<div style=\"margin-top: 0px; margin-bottom: 0px;\" class=\"sharethis-inline-share-buttons\" ><\/div>\n<p>El presidente Andr\u00e9s Manuel L\u00f3pez Obrador consider\u00f3 que la denuncia presentada por el presidente de la C\u00e1mara de Diputados, Sergio Guti\u00e9rrez Luna,&nbsp;contra seis consejeros del Instituto Nacional Electoral (<strong>INE<\/strong>),&nbsp;por la probable comisi\u00f3n de delitos de coalici\u00f3n de servidores p\u00fablicos y abuso de autoridad, <strong>podr\u00eda demorar el proceso para realizar la revocaci\u00f3n de mandato<\/strong>.<\/p>\n\n\n\n<figure class=\"wp-block-pullquote\"><blockquote><p>&#8220;Ya la Corte dio un fallo para que contin\u00fae el proceso de revocaci\u00f3n de mandato, que se cumpla con eso porque lo establece la Constituci\u00f3n, que es la ley de leyes, y <strong>lo dem\u00e1s no lo considero conveniente<\/strong>, pienso incluso que sirve para que tengan m\u00e1s excusas los consejeros y demoren m\u00e1s el proceso y no cumplan con sus responsabilidad, pero desde luego es un asunto del Poder Legislativo con el Poder Judicial&#8221;.<\/p><\/blockquote><\/figure>\n\n\n\n<p>En La Ma\u00f1anera, el Presidente consider\u00f3 que los consejeros cometieron un error al <strong>oponerse a un mandato constitucional<\/strong> y actuar de manera antidemocr\u00e1tica, cuesti\u00f3n que, indic\u00f3, deben reconocer porque &#8220;en pol\u00edtica hay que saber rectificar&#8221;.<\/p>\n\n\n\n<figure class=\"wp-block-pullquote\"><blockquote><p>&#8220;Debe ser la Corte, del Poder judicial, y el Tribunal Electoral quienes resuelvan. No penalizar nada. Creo que (los consejeros) cometieron un error y lo tendr\u00edan que reconocer, porque se opusieron a un mandato constitucional&#8221;.<\/p><\/blockquote><\/figure>\n\n\n\n<p>As\u00ed, L\u00f3pez Obrador aprovech\u00f3 para pedir que <strong>se terminen las denuncias y todo tipo de acusaciones<\/strong> para que se organice la revocaci\u00f3n de mandato.<\/p>\n\n\n\n<figure class=\"wp-block-pullquote\"><blockquote><p>&#8220;Agradezco mucho porque, a pesar de los obst\u00e1culos y la pol\u00e9mica, ya se reunieron diez millones de firmas. <strong>Se sobrepas\u00f3 lo que exige la ley<\/strong> y ahora le va a corresponder a los del INE revisar que sean firmas aut\u00e9nticas&#8221;.<\/p><\/blockquote><\/figure>\n\n\n\n<p>El Presidente se\u00f1al\u00f3 que el n\u00famero de firmas es un <strong>indicador de que la poblaci\u00f3n quiere participar<\/strong>, no solo en esta consulta, puesto que la gente &#8220;quiere ser tomada en cuenta siempre&#8221;.<\/p>\n\n\n\n<p>Record\u00f3 que la ley establece que debe participar el 40 por ciento de todos los ciudadanos para que la consulta <strong>tenga un car\u00e1cter vinculatorio<\/strong>.<\/p>\n\n\n\n<figure class=\"wp-block-pullquote\"><blockquote><p>&#8220;Si particip\u00f3 el 41 por ciento y la mayor\u00eda, por ejemplo el 22 por ciento, dice que se vaya el presidente, pues se tiene que ir. Pero hay que salir a votar para que se llegue al 40 por ciento&#8221;.<\/p><\/blockquote><\/figure>\n\n\n\n<p>El mandatario indic\u00f3 que, en caso de que no se llegue al 40 por ciento en este proceso y la poblaci\u00f3n considera que debe abandonar el cargo, \u00e9l dejar\u00e1 la presidencia.<\/p>\n\n\n\n<figure class=\"wp-block-pullquote\"><blockquote><p>&#8220;Aunque no llegue al 40 por ciento, si la gente dice que se vaya, me voy, porque no se puede gobernar sin el apoyo y el respaldo del pueblo, menos cuando se est\u00e1 llevando a cabo una transformaci\u00f3n. Si no tiene uno el apoyo del pueblo, no se puede hacer nada&#8221;.<\/p><\/blockquote><\/figure>\n\n\n\n<p>Adem\u00e1s, se\u00f1al\u00f3 que se buscar\u00e1 modificar el requerimiento de participaci\u00f3n del 40 por ciento, puesto que se buscar\u00e1 reducir al 30 por ciento.<\/p>\n","protected":false},"excerpt":{"rendered":"<p>El presidente Andr\u00e9s Manuel L\u00f3pez Obrador consider\u00f3 que la denuncia presentada por el presidente de la C\u00e1mara de Diputados, Sergio Guti\u00e9rrez Luna,&nbsp;contra seis consejeros del Instituto Nacional Electoral (INE),&nbsp;por la probable comisi\u00f3n de delitos de coalici\u00f3n de servidores p\u00fablicos y abuso de autoridad, podr\u00eda demorar el proceso para realizar la revocaci\u00f3n de mandato. &#8220;Ya la [&hellip;]<\/p>\n","protected":false},"author":9,"featured_media":7760,"comment_status":"closed","ping_status":"closed","sticky":false,"template":"","format":"standard","meta":{"footnotes":""},"categories":[19],"tags":[],"class_list":{"0":"post-7757","1":"post","2":"type-post","3":"status-publish","4":"format-standard","5":"has-post-thumbnail","7":"category-nacional"},"yoast_head":"<!-- This site is optimized with the Yoast SEO plugin v27.4 - https:\/\/yoast.com\/product\/yoast-seo-wordpress\/ -->\n<title>AMLO rechaza denuncia contra consejeros del INE - LA BRAVA RADIO<\/title>\n<meta name=\"robots\" content=\"index, follow, max-snippet:-1, max-image-preview:large, max-video-preview:-1\" \/>\n<link rel=\"canonical\" href=\"https:\/\/www.bbmnoticias.com\/labravaradiofm\/2021\/12\/27\/no-es-conveniente-amlo-rechaza-denuncia-contra-consejeros-del-ine\/\" \/>\n<meta property=\"og:locale\" content=\"es_MX\" \/>\n<meta property=\"og:type\" content=\"article\" \/>\n<meta property=\"og:title\" content=\"AMLO rechaza denuncia contra consejeros del INE - LA BRAVA RADIO\" \/>\n<meta property=\"og:description\" content=\"El presidente Andr\u00e9s Manuel L\u00f3pez Obrador consider\u00f3 que la denuncia presentada por el presidente de la C\u00e1mara de Diputados, Sergio Guti\u00e9rrez Luna,&nbsp;contra seis consejeros del Instituto Nacional Electoral (INE),&nbsp;por la probable comisi\u00f3n de delitos de coalici\u00f3n de servidores p\u00fablicos y abuso de autoridad, podr\u00eda demorar el proceso para realizar la revocaci\u00f3n de mandato. &#8220;Ya la [&hellip;]\" \/>\n<meta property=\"og:url\" content=\"https:\/\/www.bbmnoticias.com\/labravaradiofm\/2021\/12\/27\/no-es-conveniente-amlo-rechaza-denuncia-contra-consejeros-del-ine\/\" \/>\n<meta property=\"og:site_name\" content=\"LA BRAVA RADIO\" \/>\n<meta property=\"article:published_time\" content=\"2021-12-27T18:33:44+00:00\" \/>\n<meta property=\"article:modified_time\" content=\"2021-12-27T18:43:31+00:00\" \/>\n<meta property=\"og:image\" content=\"https:\/\/www.bbmnoticias.com\/labravaradiofm\/wp-content\/uploads\/sites\/5\/2021\/12\/amlo-penal.jpeg\" \/>\n\t<meta property=\"og:image:width\" content=\"958\" \/>\n\t<meta property=\"og:image:height\" content=\"596\" \/>\n\t<meta property=\"og:image:type\" content=\"image\/jpeg\" \/>\n<meta name=\"author\" content=\"Milenio\" \/>\n<meta name=\"twitter:card\" content=\"summary_large_image\" \/>\n<meta name=\"twitter:label1\" content=\"Escrito por\" \/>\n\t<meta name=\"twitter:data1\" content=\"Milenio\" \/>\n\t<meta name=\"twitter:label2\" content=\"Tiempo de lectura\" \/>\n\t<meta name=\"twitter:data2\" content=\"3 minutos\" \/>\n<script type=\"application\/ld+json\" class=\"yoast-schema-graph\">{\"@context\":\"https:\\\/\\\/schema.org\",\"@graph\":[{\"@type\":\"Article\",\"@id\":\"https:\\\/\\\/www.bbmnoticias.com\\\/labravaradiofm\\\/2021\\\/12\\\/27\\\/no-es-conveniente-amlo-rechaza-denuncia-contra-consejeros-del-ine\\\/#article\",\"isPartOf\":{\"@id\":\"https:\\\/\\\/www.bbmnoticias.com\\\/labravaradiofm\\\/2021\\\/12\\\/27\\\/no-es-conveniente-amlo-rechaza-denuncia-contra-consejeros-del-ine\\\/\"},\"author\":{\"name\":\"Milenio\",\"@id\":\"https:\\\/\\\/www.bbmnoticias.com\\\/labravaradiofm\\\/#\\\/schema\\\/person\\\/1e4f9fdcc0861e07811d58b3cabb2be6\"},\"headline\":\"AMLO rechaza denuncia contra consejeros del INE\",\"datePublished\":\"2021-12-27T18:33:44+00:00\",\"dateModified\":\"2021-12-27T18:43:31+00:00\",\"mainEntityOfPage\":{\"@id\":\"https:\\\/\\\/www.bbmnoticias.com\\\/labravaradiofm\\\/2021\\\/12\\\/27\\\/no-es-conveniente-amlo-rechaza-denuncia-contra-consejeros-del-ine\\\/\"},\"wordCount\":499,\"image\":{\"@id\":\"https:\\\/\\\/www.bbmnoticias.com\\\/labravaradiofm\\\/2021\\\/12\\\/27\\\/no-es-conveniente-amlo-rechaza-denuncia-contra-consejeros-del-ine\\\/#primaryimage\"},\"thumbnailUrl\":\"https:\\\/\\\/www.bbmnoticias.com\\\/labravaradiofm\\\/wp-content\\\/uploads\\\/sites\\\/5\\\/2021\\\/12\\\/amlo-penal.jpeg\",\"articleSection\":[\"NACIONAL\"],\"inLanguage\":\"es\"},{\"@type\":\"WebPage\",\"@id\":\"https:\\\/\\\/www.bbmnoticias.com\\\/labravaradiofm\\\/2021\\\/12\\\/27\\\/no-es-conveniente-amlo-rechaza-denuncia-contra-consejeros-del-ine\\\/\",\"url\":\"https:\\\/\\\/www.bbmnoticias.com\\\/labravaradiofm\\\/2021\\\/12\\\/27\\\/no-es-conveniente-amlo-rechaza-denuncia-contra-consejeros-del-ine\\\/\",\"name\":\"AMLO rechaza denuncia contra consejeros del INE - LA BRAVA RADIO\",\"isPartOf\":{\"@id\":\"https:\\\/\\\/www.bbmnoticias.com\\\/labravaradiofm\\\/#website\"},\"primaryImageOfPage\":{\"@id\":\"https:\\\/\\\/www.bbmnoticias.com\\\/labravaradiofm\\\/2021\\\/12\\\/27\\\/no-es-conveniente-amlo-rechaza-denuncia-contra-consejeros-del-ine\\\/#primaryimage\"},\"image\":{\"@id\":\"https:\\\/\\\/www.bbmnoticias.com\\\/labravaradiofm\\\/2021\\\/12\\\/27\\\/no-es-conveniente-amlo-rechaza-denuncia-contra-consejeros-del-ine\\\/#primaryimage\"},\"thumbnailUrl\":\"https:\\\/\\\/www.bbmnoticias.com\\\/labravaradiofm\\\/wp-content\\\/uploads\\\/sites\\\/5\\\/2021\\\/12\\\/amlo-penal.jpeg\",\"datePublished\":\"2021-12-27T18:33:44+00:00\",\"dateModified\":\"2021-12-27T18:43:31+00:00\",\"author\":{\"@id\":\"https:\\\/\\\/www.bbmnoticias.com\\\/labravaradiofm\\\/#\\\/schema\\\/person\\\/1e4f9fdcc0861e07811d58b3cabb2be6\"},\"breadcrumb\":{\"@id\":\"https:\\\/\\\/www.bbmnoticias.com\\\/labravaradiofm\\\/2021\\\/12\\\/27\\\/no-es-conveniente-amlo-rechaza-denuncia-contra-consejeros-del-ine\\\/#breadcrumb\"},\"inLanguage\":\"es\",\"potentialAction\":[{\"@type\":\"ReadAction\",\"target\":[\"https:\\\/\\\/www.bbmnoticias.com\\\/labravaradiofm\\\/2021\\\/12\\\/27\\\/no-es-conveniente-amlo-rechaza-denuncia-contra-consejeros-del-ine\\\/\"]}]},{\"@type\":\"ImageObject\",\"inLanguage\":\"es\",\"@id\":\"https:\\\/\\\/www.bbmnoticias.com\\\/labravaradiofm\\\/2021\\\/12\\\/27\\\/no-es-conveniente-amlo-rechaza-denuncia-contra-consejeros-del-ine\\\/#primaryimage\",\"url\":\"https:\\\/\\\/www.bbmnoticias.com\\\/labravaradiofm\\\/wp-content\\\/uploads\\\/sites\\\/5\\\/2021\\\/12\\\/amlo-penal.jpeg\",\"contentUrl\":\"https:\\\/\\\/www.bbmnoticias.com\\\/labravaradiofm\\\/wp-content\\\/uploads\\\/sites\\\/5\\\/2021\\\/12\\\/amlo-penal.jpeg\",\"width\":958,\"height\":596},{\"@type\":\"BreadcrumbList\",\"@id\":\"https:\\\/\\\/www.bbmnoticias.com\\\/labravaradiofm\\\/2021\\\/12\\\/27\\\/no-es-conveniente-amlo-rechaza-denuncia-contra-consejeros-del-ine\\\/#breadcrumb\",\"itemListElement\":[{\"@type\":\"ListItem\",\"position\":1,\"name\":\"Inicio\",\"item\":\"https:\\\/\\\/www.bbmnoticias.com\\\/labravaradiofm\\\/\"},{\"@type\":\"ListItem\",\"position\":2,\"name\":\"AMLO rechaza denuncia contra consejeros del INE\"}]},{\"@type\":\"WebSite\",\"@id\":\"https:\\\/\\\/www.bbmnoticias.com\\\/labravaradiofm\\\/#website\",\"url\":\"https:\\\/\\\/www.bbmnoticias.com\\\/labravaradiofm\\\/\",\"name\":\"LA BRAVA RADIO\",\"description\":\"Empresa productora de medios, Radiodifusi\u00f3n, Noticias, tendencias y todo lo que necesitas saber de la pol\u00edtica mexicana e internacional; entretenimiento, espect\u00e1culos, salud y mucho m\u00e1s.\",\"potentialAction\":[{\"@type\":\"SearchAction\",\"target\":{\"@type\":\"EntryPoint\",\"urlTemplate\":\"https:\\\/\\\/www.bbmnoticias.com\\\/labravaradiofm\\\/?s={search_term_string}\"},\"query-input\":{\"@type\":\"PropertyValueSpecification\",\"valueRequired\":true,\"valueName\":\"search_term_string\"}}],\"inLanguage\":\"es\"},{\"@type\":\"Person\",\"@id\":\"https:\\\/\\\/www.bbmnoticias.com\\\/labravaradiofm\\\/#\\\/schema\\\/person\\\/1e4f9fdcc0861e07811d58b3cabb2be6\",\"name\":\"Milenio\",\"image\":{\"@type\":\"ImageObject\",\"inLanguage\":\"es\",\"@id\":\"https:\\\/\\\/secure.gravatar.com\\\/avatar\\\/cc78c90822baf77761fc8dc7e5a764bdbe7760545b0e1698cf9eff8a1818736c?s=96&d=mm&r=g\",\"url\":\"https:\\\/\\\/secure.gravatar.com\\\/avatar\\\/cc78c90822baf77761fc8dc7e5a764bdbe7760545b0e1698cf9eff8a1818736c?s=96&d=mm&r=g\",\"contentUrl\":\"https:\\\/\\\/secure.gravatar.com\\\/avatar\\\/cc78c90822baf77761fc8dc7e5a764bdbe7760545b0e1698cf9eff8a1818736c?s=96&d=mm&r=g\",\"caption\":\"Milenio\"},\"url\":\"https:\\\/\\\/www.bbmnoticias.com\\\/labravaradiofm\\\/author\\\/milenio\\\/\"}]}<\/script>\n<!-- \/ Yoast SEO plugin. -->","yoast_head_json":{"title":"AMLO rechaza denuncia contra consejeros del INE - LA BRAVA RADIO","robots":{"index":"index","follow":"follow","max-snippet":"max-snippet:-1","max-image-preview":"max-image-preview:large","max-video-preview":"max-video-preview:-1"},"canonical":"https:\/\/www.bbmnoticias.com\/labravaradiofm\/2021\/12\/27\/no-es-conveniente-amlo-rechaza-denuncia-contra-consejeros-del-ine\/","og_locale":"es_MX","og_type":"article","og_title":"AMLO rechaza denuncia contra consejeros del INE - LA BRAVA RADIO","og_description":"El presidente Andr\u00e9s Manuel L\u00f3pez Obrador consider\u00f3 que la denuncia presentada por el presidente de la C\u00e1mara de Diputados, Sergio Guti\u00e9rrez Luna,&nbsp;contra seis consejeros del Instituto Nacional Electoral (INE),&nbsp;por la probable comisi\u00f3n de delitos de coalici\u00f3n de servidores p\u00fablicos y abuso de autoridad, podr\u00eda demorar el proceso para realizar la revocaci\u00f3n de mandato. &#8220;Ya la [&hellip;]","og_url":"https:\/\/www.bbmnoticias.com\/labravaradiofm\/2021\/12\/27\/no-es-conveniente-amlo-rechaza-denuncia-contra-consejeros-del-ine\/","og_site_name":"LA BRAVA RADIO","article_published_time":"2021-12-27T18:33:44+00:00","article_modified_time":"2021-12-27T18:43:31+00:00","og_image":[{"width":958,"height":596,"url":"https:\/\/www.bbmnoticias.com\/labravaradiofm\/wp-content\/uploads\/sites\/5\/2021\/12\/amlo-penal.jpeg","type":"image\/jpeg"}],"author":"Milenio","twitter_card":"summary_large_image","twitter_misc":{"Escrito por":"Milenio","Tiempo de lectura":"3 minutos"},"schema":{"@context":"https:\/\/schema.org","@graph":[{"@type":"Article","@id":"https:\/\/www.bbmnoticias.com\/labravaradiofm\/2021\/12\/27\/no-es-conveniente-amlo-rechaza-denuncia-contra-consejeros-del-ine\/#article","isPartOf":{"@id":"https:\/\/www.bbmnoticias.com\/labravaradiofm\/2021\/12\/27\/no-es-conveniente-amlo-rechaza-denuncia-contra-consejeros-del-ine\/"},"author":{"name":"Milenio","@id":"https:\/\/www.bbmnoticias.com\/labravaradiofm\/#\/schema\/person\/1e4f9fdcc0861e07811d58b3cabb2be6"},"headline":"AMLO rechaza denuncia contra consejeros del INE","datePublished":"2021-12-27T18:33:44+00:00","dateModified":"2021-12-27T18:43:31+00:00","mainEntityOfPage":{"@id":"https:\/\/www.bbmnoticias.com\/labravaradiofm\/2021\/12\/27\/no-es-conveniente-amlo-rechaza-denuncia-contra-consejeros-del-ine\/"},"wordCount":499,"image":{"@id":"https:\/\/www.bbmnoticias.com\/labravaradiofm\/2021\/12\/27\/no-es-conveniente-amlo-rechaza-denuncia-contra-consejeros-del-ine\/#primaryimage"},"thumbnailUrl":"https:\/\/www.bbmnoticias.com\/labravaradiofm\/wp-content\/uploads\/sites\/5\/2021\/12\/amlo-penal.jpeg","articleSection":["NACIONAL"],"inLanguage":"es"},{"@type":"WebPage","@id":"https:\/\/www.bbmnoticias.com\/labravaradiofm\/2021\/12\/27\/no-es-conveniente-amlo-rechaza-denuncia-contra-consejeros-del-ine\/","url":"https:\/\/www.bbmnoticias.com\/labravaradiofm\/2021\/12\/27\/no-es-conveniente-amlo-rechaza-denuncia-contra-consejeros-del-ine\/","name":"AMLO rechaza denuncia contra consejeros del INE - LA BRAVA RADIO","isPartOf":{"@id":"https:\/\/www.bbmnoticias.com\/labravaradiofm\/#website"},"primaryImageOfPage":{"@id":"https:\/\/www.bbmnoticias.com\/labravaradiofm\/2021\/12\/27\/no-es-conveniente-amlo-rechaza-denuncia-contra-consejeros-del-ine\/#primaryimage"},"image":{"@id":"https:\/\/www.bbmnoticias.com\/labravaradiofm\/2021\/12\/27\/no-es-conveniente-amlo-rechaza-denuncia-contra-consejeros-del-ine\/#primaryimage"},"thumbnailUrl":"https:\/\/www.bbmnoticias.com\/labravaradiofm\/wp-content\/uploads\/sites\/5\/2021\/12\/amlo-penal.jpeg","datePublished":"2021-12-27T18:33:44+00:00","dateModified":"2021-12-27T18:43:31+00:00","author":{"@id":"https:\/\/www.bbmnoticias.com\/labravaradiofm\/#\/schema\/person\/1e4f9fdcc0861e07811d58b3cabb2be6"},"breadcrumb":{"@id":"https:\/\/www.bbmnoticias.com\/labravaradiofm\/2021\/12\/27\/no-es-conveniente-amlo-rechaza-denuncia-contra-consejeros-del-ine\/#breadcrumb"},"inLanguage":"es","potentialAction":[{"@type":"ReadAction","target":["https:\/\/www.bbmnoticias.com\/labravaradiofm\/2021\/12\/27\/no-es-conveniente-amlo-rechaza-denuncia-contra-consejeros-del-ine\/"]}]},{"@type":"ImageObject","inLanguage":"es","@id":"https:\/\/www.bbmnoticias.com\/labravaradiofm\/2021\/12\/27\/no-es-conveniente-amlo-rechaza-denuncia-contra-consejeros-del-ine\/#primaryimage","url":"https:\/\/www.bbmnoticias.com\/labravaradiofm\/wp-content\/uploads\/sites\/5\/2021\/12\/amlo-penal.jpeg","contentUrl":"https:\/\/www.bbmnoticias.com\/labravaradiofm\/wp-content\/uploads\/sites\/5\/2021\/12\/amlo-penal.jpeg","width":958,"height":596},{"@type":"BreadcrumbList","@id":"https:\/\/www.bbmnoticias.com\/labravaradiofm\/2021\/12\/27\/no-es-conveniente-amlo-rechaza-denuncia-contra-consejeros-del-ine\/#breadcrumb","itemListElement":[{"@type":"ListItem","position":1,"name":"Inicio","item":"https:\/\/www.bbmnoticias.com\/labravaradiofm\/"},{"@type":"ListItem","position":2,"name":"AMLO rechaza denuncia contra consejeros del INE"}]},{"@type":"WebSite","@id":"https:\/\/www.bbmnoticias.com\/labravaradiofm\/#website","url":"https:\/\/www.bbmnoticias.com\/labravaradiofm\/","name":"LA BRAVA RADIO","description":"Empresa productora de medios, Radiodifusi\u00f3n, Noticias, tendencias y todo lo que necesitas saber de la pol\u00edtica mexicana e internacional; entretenimiento, espect\u00e1culos, salud y mucho m\u00e1s.","potentialAction":[{"@type":"SearchAction","target":{"@type":"EntryPoint","urlTemplate":"https:\/\/www.bbmnoticias.com\/labravaradiofm\/?s={search_term_string}"},"query-input":{"@type":"PropertyValueSpecification","valueRequired":true,"valueName":"search_term_string"}}],"inLanguage":"es"},{"@type":"Person","@id":"https:\/\/www.bbmnoticias.com\/labravaradiofm\/#\/schema\/person\/1e4f9fdcc0861e07811d58b3cabb2be6","name":"Milenio","image":{"@type":"ImageObject","inLanguage":"es","@id":"https:\/\/secure.gravatar.com\/avatar\/cc78c90822baf77761fc8dc7e5a764bdbe7760545b0e1698cf9eff8a1818736c?s=96&d=mm&r=g","url":"https:\/\/secure.gravatar.com\/avatar\/cc78c90822baf77761fc8dc7e5a764bdbe7760545b0e1698cf9eff8a1818736c?s=96&d=mm&r=g","contentUrl":"https:\/\/secure.gravatar.com\/avatar\/cc78c90822baf77761fc8dc7e5a764bdbe7760545b0e1698cf9eff8a1818736c?s=96&d=mm&r=g","caption":"Milenio"},"url":"https:\/\/www.bbmnoticias.com\/labravaradiofm\/author\/milenio\/"}]}},"_links":{"self":[{"href":"https:\/\/www.bbmnoticias.com\/labravaradiofm\/wp-json\/wp\/v2\/posts\/7757","targetHints":{"allow":["GET"]}}],"collection":[{"href":"https:\/\/www.bbmnoticias.com\/labravaradiofm\/wp-json\/wp\/v2\/posts"}],"about":[{"href":"https:\/\/www.bbmnoticias.com\/labravaradiofm\/wp-json\/wp\/v2\/types\/post"}],"author":[{"embeddable":true,"href":"https:\/\/www.bbmnoticias.com\/labravaradiofm\/wp-json\/wp\/v2\/users\/9"}],"replies":[{"embeddable":true,"href":"https:\/\/www.bbmnoticias.com\/labravaradiofm\/wp-json\/wp\/v2\/comments?post=7757"}],"version-history":[{"count":0,"href":"https:\/\/www.bbmnoticias.com\/labravaradiofm\/wp-json\/wp\/v2\/posts\/7757\/revisions"}],"wp:featuredmedia":[{"embeddable":true,"href":"https:\/\/www.bbmnoticias.com\/labravaradiofm\/wp-json\/wp\/v2\/media\/7760"}],"wp:attachment":[{"href":"https:\/\/www.bbmnoticias.com\/labravaradiofm\/wp-json\/wp\/v2\/media?parent=7757"}],"wp:term":[{"taxonomy":"category","embeddable":true,"href":"https:\/\/www.bbmnoticias.com\/labravaradiofm\/wp-json\/wp\/v2\/categories?post=7757"},{"taxonomy":"post_tag","embeddable":true,"href":"https:\/\/www.bbmnoticias.com\/labravaradiofm\/wp-json\/wp\/v2\/tags?post=7757"}],"curies":[{"name":"wp","href":"https:\/\/api.w.org\/{rel}","templated":true}]}}