{"id":7696,"date":"2021-12-23T12:49:32","date_gmt":"2021-12-23T18:49:32","guid":{"rendered":"https:\/\/www.bbmnoticias.com\/labravaradiofm\/?p=7696"},"modified":"2021-12-23T12:49:34","modified_gmt":"2021-12-23T18:49:34","slug":"la-nina-provocara-sequias-en-mexico-al-iniciar-el-2022","status":"publish","type":"post","link":"https:\/\/www.bbmnoticias.com\/labravaradiofm\/2021\/12\/23\/la-nina-provocara-sequias-en-mexico-al-iniciar-el-2022\/","title":{"rendered":"La Ni\u00f1a provocar\u00e1 sequ\u00edas en M\u00e9xico al iniciar el 2022"},"content":{"rendered":"<div style=\"margin-top: 0px; margin-bottom: 0px;\" class=\"sharethis-inline-share-buttons\" ><\/div>\n<p>El fen\u00f3meno clim\u00e1tico conocido como<strong> \u201cLa Ni\u00f1a\u201d provocar\u00e1 sequ\u00edas en M\u00e9xico al iniciar el 2022<\/strong>, inform\u00f3 la Universidad Nacional Aut\u00f3noma de M\u00e9xico (UNAM).<\/p>\n\n\n\n<p>A trav\u00e9s de un comunicado de la UNAM, Christian Dom\u00ednguez Sarmiento, investigadora del Instituto de Ciencias de la Atm\u00f3sfera y Cambio Clim\u00e1tico, advirti\u00f3 sobre<strong> las sequ\u00edas que pueden afectar a M\u00e9xico al inicio del pr\u00f3ximo a\u00f1o.<\/strong><\/p>\n\n\n\n<p>La investigadora asegur\u00f3 que la Organizaci\u00f3n Meteorol\u00f3gica Mundial ya advirti\u00f3 que M\u00e9xico se encuentra en condiciones de \u201cLa Ni\u00f1a\u201d, por lo que dichas <strong>sequ\u00edas afectar\u00e1n del norte al centro del pa\u00eds.<\/strong><\/p>\n\n\n\n<p>\u201cDesde octubre, la Organizaci\u00f3n Meteorol\u00f3gica Mundial declar\u00f3 que nos encontramos en condiciones de \u2018La Ni\u00f1a\u2019\u201d, dijo Christian Dom\u00ednguez Sarmiento.<\/p>\n\n\n\n<figure class=\"wp-block-image size-large\"><img loading=\"lazy\" decoding=\"async\" width=\"1024\" height=\"683\" src=\"https:\/\/www.bbmnoticias.com\/labravaradiofm\/wp-content\/uploads\/sites\/5\/2021\/12\/fenomeno-lanina2-1024x683.jpeg\" alt=\"\" class=\"wp-image-7698\" srcset=\"https:\/\/www.bbmnoticias.com\/labravaradiofm\/wp-content\/uploads\/sites\/5\/2021\/12\/fenomeno-lanina2-1024x683.jpeg 1024w, https:\/\/www.bbmnoticias.com\/labravaradiofm\/wp-content\/uploads\/sites\/5\/2021\/12\/fenomeno-lanina2-300x200.jpeg 300w, https:\/\/www.bbmnoticias.com\/labravaradiofm\/wp-content\/uploads\/sites\/5\/2021\/12\/fenomeno-lanina2-768x512.jpeg 768w, https:\/\/www.bbmnoticias.com\/labravaradiofm\/wp-content\/uploads\/sites\/5\/2021\/12\/fenomeno-lanina2-630x420.jpeg 630w, https:\/\/www.bbmnoticias.com\/labravaradiofm\/wp-content\/uploads\/sites\/5\/2021\/12\/fenomeno-lanina2-640x427.jpeg 640w, https:\/\/www.bbmnoticias.com\/labravaradiofm\/wp-content\/uploads\/sites\/5\/2021\/12\/fenomeno-lanina2-681x454.jpeg 681w, https:\/\/www.bbmnoticias.com\/labravaradiofm\/wp-content\/uploads\/sites\/5\/2021\/12\/fenomeno-lanina2.jpeg 1200w\" sizes=\"auto, (max-width: 1024px) 100vw, 1024px\" \/><\/figure>\n\n\n\n<p><\/p>\n\n\n\n<p>Y agreg\u00f3: \u201cSe espera, para los siguientes meses, que se desarrolle desde manera moderada hasta intensa, por lo que otra vez podr\u00edamos tener condiciones de sequ\u00eda desde el norte hasta el centro del pa\u00eds\u201d.<\/p>\n\n\n\n<p>Sin embargo, la investigadora asegur\u00f3 que <strong>la sequ\u00eda se ver\u00e1 contrarrestada con las fuertes lluvias que se han registrado en el pa\u00eds,<\/strong> lo que permiti\u00f3 que varias presas recuperaran sus niveles de almacenamiento.<\/p>\n\n\n\n<p>\u201cEsta temporada de lluvias ha sido ben\u00e9fica para el pa\u00eds, porque tenemos las presas llenas y estamos listos para lo que nos espera en la siguiente temporada\u201d, dijo la investigadora de la UNAM.<\/p>\n\n\n\n<p>Y a\u00f1adi\u00f3: \u201cSi vamos a tener menos precipitaciones de lo que normalmente se espera, vamos a enfrentarnos a condiciones de sequ\u00eda\u201d.<\/p>\n\n\n\n<p>Hasta el 18 de octubre pasado 75 presas estaban al 100%, 64 ten\u00edan de 75% a 100%; otras 41, de 50% a 75%, y s\u00f3lo tres menos de 50%, de acuerdo con reportes de la Comisi\u00f3n Nacional del Agua (Conagua) citados por la UNAM.<\/p>\n\n\n\n<p>Adem\u00e1s, las tres presas principales, Sistema Cutzamala-El Bosque, Valle de Bravo y Villa Victoria-, que abastecen a una parte importante de la Zona Metropolitana del Valle de M\u00e9xico, se ubicaban en 69.4% de su capacidad.<\/p>\n\n\n\n<h2 class=\"wp-block-heading\"><strong>\u00bfQu\u00e9 es \u201cLa Ni\u00f1a\u201d?<\/strong><\/h2>\n\n\n\n<p>Christian Dom\u00ednguez Sarmiento explic\u00f3 que <strong>\u201cLa Ni\u00f1a\u201d son anomal\u00edas de temperaturas muy fr\u00edas que se registran en la superficie del mar del Pac\u00edfico Tropical<\/strong> y es parte de un fen\u00f3meno natural llamado \u201cEl Ni\u00f1o-Oscilaci\u00f3n del Sur\u201d.<\/p>\n\n\n\n<p>La investigadora detall\u00f3 que el fen\u00f3meno clim\u00e1tico de \u201cEl Ni\u00f1o\u201d es c\u00e1lido, mientras que \u201cLa Ni\u00f1a\u201d es fr\u00edo.<\/p>\n\n\n\n<p>Las condiciones de \u201cLa Ni\u00f1a\u201d, agreg\u00f3 Dom\u00ednguez Sarmiento, <strong>producen mucha evaporaci\u00f3n, pocas nubes y que la radiaci\u00f3n entre de manera directa al pa\u00eds.<\/strong><\/p>\n","protected":false},"excerpt":{"rendered":"<p>El fen\u00f3meno clim\u00e1tico conocido como \u201cLa Ni\u00f1a\u201d provocar\u00e1 sequ\u00edas en M\u00e9xico al iniciar el 2022, inform\u00f3 la Universidad Nacional Aut\u00f3noma de M\u00e9xico (UNAM). A trav\u00e9s de un comunicado de la UNAM, Christian Dom\u00ednguez Sarmiento, investigadora del Instituto de Ciencias de la Atm\u00f3sfera y Cambio Clim\u00e1tico, advirti\u00f3 sobre las sequ\u00edas que pueden afectar a M\u00e9xico al [&hellip;]<\/p>\n","protected":false},"author":2,"featured_media":7697,"comment_status":"closed","ping_status":"closed","sticky":false,"template":"","format":"standard","meta":{"footnotes":""},"categories":[19],"tags":[],"class_list":{"0":"post-7696","1":"post","2":"type-post","3":"status-publish","4":"format-standard","5":"has-post-thumbnail","7":"category-nacional"},"yoast_head":"<!-- This site is optimized with the Yoast SEO plugin v27.4 - https:\/\/yoast.com\/product\/yoast-seo-wordpress\/ -->\n<title>La Ni\u00f1a provocar\u00e1 sequ\u00edas en M\u00e9xico al iniciar el 2022 - LA BRAVA RADIO<\/title>\n<meta name=\"robots\" content=\"index, follow, max-snippet:-1, max-image-preview:large, max-video-preview:-1\" \/>\n<link rel=\"canonical\" href=\"https:\/\/www.bbmnoticias.com\/labravaradiofm\/2021\/12\/23\/la-nina-provocara-sequias-en-mexico-al-iniciar-el-2022\/\" \/>\n<meta property=\"og:locale\" content=\"es_MX\" \/>\n<meta property=\"og:type\" content=\"article\" \/>\n<meta property=\"og:title\" content=\"La Ni\u00f1a provocar\u00e1 sequ\u00edas en M\u00e9xico al iniciar el 2022 - LA BRAVA RADIO\" \/>\n<meta property=\"og:description\" content=\"El fen\u00f3meno clim\u00e1tico conocido como \u201cLa Ni\u00f1a\u201d provocar\u00e1 sequ\u00edas en M\u00e9xico al iniciar el 2022, inform\u00f3 la Universidad Nacional Aut\u00f3noma de M\u00e9xico (UNAM). A trav\u00e9s de un comunicado de la UNAM, Christian Dom\u00ednguez Sarmiento, investigadora del Instituto de Ciencias de la Atm\u00f3sfera y Cambio Clim\u00e1tico, advirti\u00f3 sobre las sequ\u00edas que pueden afectar a M\u00e9xico al [&hellip;]\" \/>\n<meta property=\"og:url\" content=\"https:\/\/www.bbmnoticias.com\/labravaradiofm\/2021\/12\/23\/la-nina-provocara-sequias-en-mexico-al-iniciar-el-2022\/\" \/>\n<meta property=\"og:site_name\" content=\"LA BRAVA RADIO\" \/>\n<meta property=\"article:published_time\" content=\"2021-12-23T18:49:32+00:00\" \/>\n<meta property=\"article:modified_time\" content=\"2021-12-23T18:49:34+00:00\" \/>\n<meta property=\"og:image\" content=\"https:\/\/www.bbmnoticias.com\/labravaradiofm\/wp-content\/uploads\/sites\/5\/2021\/12\/fenomeno-lanina.jpg\" \/>\n\t<meta property=\"og:image:width\" content=\"640\" \/>\n\t<meta property=\"og:image:height\" content=\"360\" \/>\n\t<meta property=\"og:image:type\" content=\"image\/jpeg\" \/>\n<meta name=\"author\" content=\"Staff\" \/>\n<meta name=\"twitter:card\" content=\"summary_large_image\" \/>\n<meta name=\"twitter:label1\" content=\"Escrito por\" \/>\n\t<meta name=\"twitter:data1\" content=\"Staff\" \/>\n\t<meta name=\"twitter:label2\" content=\"Tiempo de lectura\" \/>\n\t<meta name=\"twitter:data2\" content=\"2 minutos\" \/>\n<script type=\"application\/ld+json\" class=\"yoast-schema-graph\">{\"@context\":\"https:\\\/\\\/schema.org\",\"@graph\":[{\"@type\":\"Article\",\"@id\":\"https:\\\/\\\/www.bbmnoticias.com\\\/labravaradiofm\\\/2021\\\/12\\\/23\\\/la-nina-provocara-sequias-en-mexico-al-iniciar-el-2022\\\/#article\",\"isPartOf\":{\"@id\":\"https:\\\/\\\/www.bbmnoticias.com\\\/labravaradiofm\\\/2021\\\/12\\\/23\\\/la-nina-provocara-sequias-en-mexico-al-iniciar-el-2022\\\/\"},\"author\":{\"name\":\"Staff\",\"@id\":\"https:\\\/\\\/www.bbmnoticias.com\\\/labravaradiofm\\\/#\\\/schema\\\/person\\\/68a9e9036ef3c5b55aeb2b71dc8bab45\"},\"headline\":\"La Ni\u00f1a provocar\u00e1 sequ\u00edas en M\u00e9xico al iniciar el 2022\",\"datePublished\":\"2021-12-23T18:49:32+00:00\",\"dateModified\":\"2021-12-23T18:49:34+00:00\",\"mainEntityOfPage\":{\"@id\":\"https:\\\/\\\/www.bbmnoticias.com\\\/labravaradiofm\\\/2021\\\/12\\\/23\\\/la-nina-provocara-sequias-en-mexico-al-iniciar-el-2022\\\/\"},\"wordCount\":450,\"image\":{\"@id\":\"https:\\\/\\\/www.bbmnoticias.com\\\/labravaradiofm\\\/2021\\\/12\\\/23\\\/la-nina-provocara-sequias-en-mexico-al-iniciar-el-2022\\\/#primaryimage\"},\"thumbnailUrl\":\"https:\\\/\\\/www.bbmnoticias.com\\\/labravaradiofm\\\/wp-content\\\/uploads\\\/sites\\\/5\\\/2021\\\/12\\\/fenomeno-lanina.jpg\",\"articleSection\":[\"NACIONAL\"],\"inLanguage\":\"es\"},{\"@type\":\"WebPage\",\"@id\":\"https:\\\/\\\/www.bbmnoticias.com\\\/labravaradiofm\\\/2021\\\/12\\\/23\\\/la-nina-provocara-sequias-en-mexico-al-iniciar-el-2022\\\/\",\"url\":\"https:\\\/\\\/www.bbmnoticias.com\\\/labravaradiofm\\\/2021\\\/12\\\/23\\\/la-nina-provocara-sequias-en-mexico-al-iniciar-el-2022\\\/\",\"name\":\"La Ni\u00f1a provocar\u00e1 sequ\u00edas en M\u00e9xico al iniciar el 2022 - LA BRAVA RADIO\",\"isPartOf\":{\"@id\":\"https:\\\/\\\/www.bbmnoticias.com\\\/labravaradiofm\\\/#website\"},\"primaryImageOfPage\":{\"@id\":\"https:\\\/\\\/www.bbmnoticias.com\\\/labravaradiofm\\\/2021\\\/12\\\/23\\\/la-nina-provocara-sequias-en-mexico-al-iniciar-el-2022\\\/#primaryimage\"},\"image\":{\"@id\":\"https:\\\/\\\/www.bbmnoticias.com\\\/labravaradiofm\\\/2021\\\/12\\\/23\\\/la-nina-provocara-sequias-en-mexico-al-iniciar-el-2022\\\/#primaryimage\"},\"thumbnailUrl\":\"https:\\\/\\\/www.bbmnoticias.com\\\/labravaradiofm\\\/wp-content\\\/uploads\\\/sites\\\/5\\\/2021\\\/12\\\/fenomeno-lanina.jpg\",\"datePublished\":\"2021-12-23T18:49:32+00:00\",\"dateModified\":\"2021-12-23T18:49:34+00:00\",\"author\":{\"@id\":\"https:\\\/\\\/www.bbmnoticias.com\\\/labravaradiofm\\\/#\\\/schema\\\/person\\\/68a9e9036ef3c5b55aeb2b71dc8bab45\"},\"breadcrumb\":{\"@id\":\"https:\\\/\\\/www.bbmnoticias.com\\\/labravaradiofm\\\/2021\\\/12\\\/23\\\/la-nina-provocara-sequias-en-mexico-al-iniciar-el-2022\\\/#breadcrumb\"},\"inLanguage\":\"es\",\"potentialAction\":[{\"@type\":\"ReadAction\",\"target\":[\"https:\\\/\\\/www.bbmnoticias.com\\\/labravaradiofm\\\/2021\\\/12\\\/23\\\/la-nina-provocara-sequias-en-mexico-al-iniciar-el-2022\\\/\"]}]},{\"@type\":\"ImageObject\",\"inLanguage\":\"es\",\"@id\":\"https:\\\/\\\/www.bbmnoticias.com\\\/labravaradiofm\\\/2021\\\/12\\\/23\\\/la-nina-provocara-sequias-en-mexico-al-iniciar-el-2022\\\/#primaryimage\",\"url\":\"https:\\\/\\\/www.bbmnoticias.com\\\/labravaradiofm\\\/wp-content\\\/uploads\\\/sites\\\/5\\\/2021\\\/12\\\/fenomeno-lanina.jpg\",\"contentUrl\":\"https:\\\/\\\/www.bbmnoticias.com\\\/labravaradiofm\\\/wp-content\\\/uploads\\\/sites\\\/5\\\/2021\\\/12\\\/fenomeno-lanina.jpg\",\"width\":640,\"height\":360},{\"@type\":\"BreadcrumbList\",\"@id\":\"https:\\\/\\\/www.bbmnoticias.com\\\/labravaradiofm\\\/2021\\\/12\\\/23\\\/la-nina-provocara-sequias-en-mexico-al-iniciar-el-2022\\\/#breadcrumb\",\"itemListElement\":[{\"@type\":\"ListItem\",\"position\":1,\"name\":\"Inicio\",\"item\":\"https:\\\/\\\/www.bbmnoticias.com\\\/labravaradiofm\\\/\"},{\"@type\":\"ListItem\",\"position\":2,\"name\":\"La Ni\u00f1a provocar\u00e1 sequ\u00edas en M\u00e9xico al iniciar el 2022\"}]},{\"@type\":\"WebSite\",\"@id\":\"https:\\\/\\\/www.bbmnoticias.com\\\/labravaradiofm\\\/#website\",\"url\":\"https:\\\/\\\/www.bbmnoticias.com\\\/labravaradiofm\\\/\",\"name\":\"LA BRAVA RADIO\",\"description\":\"Empresa productora de medios, Radiodifusi\u00f3n, Noticias, tendencias y todo lo que necesitas saber de la pol\u00edtica mexicana e internacional; entretenimiento, espect\u00e1culos, salud y mucho m\u00e1s.\",\"potentialAction\":[{\"@type\":\"SearchAction\",\"target\":{\"@type\":\"EntryPoint\",\"urlTemplate\":\"https:\\\/\\\/www.bbmnoticias.com\\\/labravaradiofm\\\/?s={search_term_string}\"},\"query-input\":{\"@type\":\"PropertyValueSpecification\",\"valueRequired\":true,\"valueName\":\"search_term_string\"}}],\"inLanguage\":\"es\"},{\"@type\":\"Person\",\"@id\":\"https:\\\/\\\/www.bbmnoticias.com\\\/labravaradiofm\\\/#\\\/schema\\\/person\\\/68a9e9036ef3c5b55aeb2b71dc8bab45\",\"name\":\"Staff\",\"image\":{\"@type\":\"ImageObject\",\"inLanguage\":\"es\",\"@id\":\"https:\\\/\\\/secure.gravatar.com\\\/avatar\\\/fdd21ad66fd8b98c407f9dee5b5e588cfe7f0d8579ec20fa6527cd59bab7f0f0?s=96&d=mm&r=g\",\"url\":\"https:\\\/\\\/secure.gravatar.com\\\/avatar\\\/fdd21ad66fd8b98c407f9dee5b5e588cfe7f0d8579ec20fa6527cd59bab7f0f0?s=96&d=mm&r=g\",\"contentUrl\":\"https:\\\/\\\/secure.gravatar.com\\\/avatar\\\/fdd21ad66fd8b98c407f9dee5b5e588cfe7f0d8579ec20fa6527cd59bab7f0f0?s=96&d=mm&r=g\",\"caption\":\"Staff\"},\"url\":\"https:\\\/\\\/www.bbmnoticias.com\\\/labravaradiofm\\\/author\\\/redaccion\\\/\"}]}<\/script>\n<!-- \/ Yoast SEO plugin. -->","yoast_head_json":{"title":"La Ni\u00f1a provocar\u00e1 sequ\u00edas en M\u00e9xico al iniciar el 2022 - LA BRAVA RADIO","robots":{"index":"index","follow":"follow","max-snippet":"max-snippet:-1","max-image-preview":"max-image-preview:large","max-video-preview":"max-video-preview:-1"},"canonical":"https:\/\/www.bbmnoticias.com\/labravaradiofm\/2021\/12\/23\/la-nina-provocara-sequias-en-mexico-al-iniciar-el-2022\/","og_locale":"es_MX","og_type":"article","og_title":"La Ni\u00f1a provocar\u00e1 sequ\u00edas en M\u00e9xico al iniciar el 2022 - LA BRAVA RADIO","og_description":"El fen\u00f3meno clim\u00e1tico conocido como \u201cLa Ni\u00f1a\u201d provocar\u00e1 sequ\u00edas en M\u00e9xico al iniciar el 2022, inform\u00f3 la Universidad Nacional Aut\u00f3noma de M\u00e9xico (UNAM). A trav\u00e9s de un comunicado de la UNAM, Christian Dom\u00ednguez Sarmiento, investigadora del Instituto de Ciencias de la Atm\u00f3sfera y Cambio Clim\u00e1tico, advirti\u00f3 sobre las sequ\u00edas que pueden afectar a M\u00e9xico al [&hellip;]","og_url":"https:\/\/www.bbmnoticias.com\/labravaradiofm\/2021\/12\/23\/la-nina-provocara-sequias-en-mexico-al-iniciar-el-2022\/","og_site_name":"LA BRAVA RADIO","article_published_time":"2021-12-23T18:49:32+00:00","article_modified_time":"2021-12-23T18:49:34+00:00","og_image":[{"width":640,"height":360,"url":"https:\/\/www.bbmnoticias.com\/labravaradiofm\/wp-content\/uploads\/sites\/5\/2021\/12\/fenomeno-lanina.jpg","type":"image\/jpeg"}],"author":"Staff","twitter_card":"summary_large_image","twitter_misc":{"Escrito por":"Staff","Tiempo de lectura":"2 minutos"},"schema":{"@context":"https:\/\/schema.org","@graph":[{"@type":"Article","@id":"https:\/\/www.bbmnoticias.com\/labravaradiofm\/2021\/12\/23\/la-nina-provocara-sequias-en-mexico-al-iniciar-el-2022\/#article","isPartOf":{"@id":"https:\/\/www.bbmnoticias.com\/labravaradiofm\/2021\/12\/23\/la-nina-provocara-sequias-en-mexico-al-iniciar-el-2022\/"},"author":{"name":"Staff","@id":"https:\/\/www.bbmnoticias.com\/labravaradiofm\/#\/schema\/person\/68a9e9036ef3c5b55aeb2b71dc8bab45"},"headline":"La Ni\u00f1a provocar\u00e1 sequ\u00edas en M\u00e9xico al iniciar el 2022","datePublished":"2021-12-23T18:49:32+00:00","dateModified":"2021-12-23T18:49:34+00:00","mainEntityOfPage":{"@id":"https:\/\/www.bbmnoticias.com\/labravaradiofm\/2021\/12\/23\/la-nina-provocara-sequias-en-mexico-al-iniciar-el-2022\/"},"wordCount":450,"image":{"@id":"https:\/\/www.bbmnoticias.com\/labravaradiofm\/2021\/12\/23\/la-nina-provocara-sequias-en-mexico-al-iniciar-el-2022\/#primaryimage"},"thumbnailUrl":"https:\/\/www.bbmnoticias.com\/labravaradiofm\/wp-content\/uploads\/sites\/5\/2021\/12\/fenomeno-lanina.jpg","articleSection":["NACIONAL"],"inLanguage":"es"},{"@type":"WebPage","@id":"https:\/\/www.bbmnoticias.com\/labravaradiofm\/2021\/12\/23\/la-nina-provocara-sequias-en-mexico-al-iniciar-el-2022\/","url":"https:\/\/www.bbmnoticias.com\/labravaradiofm\/2021\/12\/23\/la-nina-provocara-sequias-en-mexico-al-iniciar-el-2022\/","name":"La Ni\u00f1a provocar\u00e1 sequ\u00edas en M\u00e9xico al iniciar el 2022 - LA BRAVA RADIO","isPartOf":{"@id":"https:\/\/www.bbmnoticias.com\/labravaradiofm\/#website"},"primaryImageOfPage":{"@id":"https:\/\/www.bbmnoticias.com\/labravaradiofm\/2021\/12\/23\/la-nina-provocara-sequias-en-mexico-al-iniciar-el-2022\/#primaryimage"},"image":{"@id":"https:\/\/www.bbmnoticias.com\/labravaradiofm\/2021\/12\/23\/la-nina-provocara-sequias-en-mexico-al-iniciar-el-2022\/#primaryimage"},"thumbnailUrl":"https:\/\/www.bbmnoticias.com\/labravaradiofm\/wp-content\/uploads\/sites\/5\/2021\/12\/fenomeno-lanina.jpg","datePublished":"2021-12-23T18:49:32+00:00","dateModified":"2021-12-23T18:49:34+00:00","author":{"@id":"https:\/\/www.bbmnoticias.com\/labravaradiofm\/#\/schema\/person\/68a9e9036ef3c5b55aeb2b71dc8bab45"},"breadcrumb":{"@id":"https:\/\/www.bbmnoticias.com\/labravaradiofm\/2021\/12\/23\/la-nina-provocara-sequias-en-mexico-al-iniciar-el-2022\/#breadcrumb"},"inLanguage":"es","potentialAction":[{"@type":"ReadAction","target":["https:\/\/www.bbmnoticias.com\/labravaradiofm\/2021\/12\/23\/la-nina-provocara-sequias-en-mexico-al-iniciar-el-2022\/"]}]},{"@type":"ImageObject","inLanguage":"es","@id":"https:\/\/www.bbmnoticias.com\/labravaradiofm\/2021\/12\/23\/la-nina-provocara-sequias-en-mexico-al-iniciar-el-2022\/#primaryimage","url":"https:\/\/www.bbmnoticias.com\/labravaradiofm\/wp-content\/uploads\/sites\/5\/2021\/12\/fenomeno-lanina.jpg","contentUrl":"https:\/\/www.bbmnoticias.com\/labravaradiofm\/wp-content\/uploads\/sites\/5\/2021\/12\/fenomeno-lanina.jpg","width":640,"height":360},{"@type":"BreadcrumbList","@id":"https:\/\/www.bbmnoticias.com\/labravaradiofm\/2021\/12\/23\/la-nina-provocara-sequias-en-mexico-al-iniciar-el-2022\/#breadcrumb","itemListElement":[{"@type":"ListItem","position":1,"name":"Inicio","item":"https:\/\/www.bbmnoticias.com\/labravaradiofm\/"},{"@type":"ListItem","position":2,"name":"La Ni\u00f1a provocar\u00e1 sequ\u00edas en M\u00e9xico al iniciar el 2022"}]},{"@type":"WebSite","@id":"https:\/\/www.bbmnoticias.com\/labravaradiofm\/#website","url":"https:\/\/www.bbmnoticias.com\/labravaradiofm\/","name":"LA BRAVA RADIO","description":"Empresa productora de medios, Radiodifusi\u00f3n, Noticias, tendencias y todo lo que necesitas saber de la pol\u00edtica mexicana e internacional; entretenimiento, espect\u00e1culos, salud y mucho m\u00e1s.","potentialAction":[{"@type":"SearchAction","target":{"@type":"EntryPoint","urlTemplate":"https:\/\/www.bbmnoticias.com\/labravaradiofm\/?s={search_term_string}"},"query-input":{"@type":"PropertyValueSpecification","valueRequired":true,"valueName":"search_term_string"}}],"inLanguage":"es"},{"@type":"Person","@id":"https:\/\/www.bbmnoticias.com\/labravaradiofm\/#\/schema\/person\/68a9e9036ef3c5b55aeb2b71dc8bab45","name":"Staff","image":{"@type":"ImageObject","inLanguage":"es","@id":"https:\/\/secure.gravatar.com\/avatar\/fdd21ad66fd8b98c407f9dee5b5e588cfe7f0d8579ec20fa6527cd59bab7f0f0?s=96&d=mm&r=g","url":"https:\/\/secure.gravatar.com\/avatar\/fdd21ad66fd8b98c407f9dee5b5e588cfe7f0d8579ec20fa6527cd59bab7f0f0?s=96&d=mm&r=g","contentUrl":"https:\/\/secure.gravatar.com\/avatar\/fdd21ad66fd8b98c407f9dee5b5e588cfe7f0d8579ec20fa6527cd59bab7f0f0?s=96&d=mm&r=g","caption":"Staff"},"url":"https:\/\/www.bbmnoticias.com\/labravaradiofm\/author\/redaccion\/"}]}},"_links":{"self":[{"href":"https:\/\/www.bbmnoticias.com\/labravaradiofm\/wp-json\/wp\/v2\/posts\/7696","targetHints":{"allow":["GET"]}}],"collection":[{"href":"https:\/\/www.bbmnoticias.com\/labravaradiofm\/wp-json\/wp\/v2\/posts"}],"about":[{"href":"https:\/\/www.bbmnoticias.com\/labravaradiofm\/wp-json\/wp\/v2\/types\/post"}],"author":[{"embeddable":true,"href":"https:\/\/www.bbmnoticias.com\/labravaradiofm\/wp-json\/wp\/v2\/users\/2"}],"replies":[{"embeddable":true,"href":"https:\/\/www.bbmnoticias.com\/labravaradiofm\/wp-json\/wp\/v2\/comments?post=7696"}],"version-history":[{"count":0,"href":"https:\/\/www.bbmnoticias.com\/labravaradiofm\/wp-json\/wp\/v2\/posts\/7696\/revisions"}],"wp:featuredmedia":[{"embeddable":true,"href":"https:\/\/www.bbmnoticias.com\/labravaradiofm\/wp-json\/wp\/v2\/media\/7697"}],"wp:attachment":[{"href":"https:\/\/www.bbmnoticias.com\/labravaradiofm\/wp-json\/wp\/v2\/media?parent=7696"}],"wp:term":[{"taxonomy":"category","embeddable":true,"href":"https:\/\/www.bbmnoticias.com\/labravaradiofm\/wp-json\/wp\/v2\/categories?post=7696"},{"taxonomy":"post_tag","embeddable":true,"href":"https:\/\/www.bbmnoticias.com\/labravaradiofm\/wp-json\/wp\/v2\/tags?post=7696"}],"curies":[{"name":"wp","href":"https:\/\/api.w.org\/{rel}","templated":true}]}}