{"id":7693,"date":"2021-12-23T12:39:59","date_gmt":"2021-12-23T18:39:59","guid":{"rendered":"https:\/\/www.bbmnoticias.com\/labravaradiofm\/?p=7693"},"modified":"2021-12-23T12:41:16","modified_gmt":"2021-12-23T18:41:16","slug":"voluntad-popular-favorecio-a-salomon-jara-raul-bolanos-cacho","status":"publish","type":"post","link":"https:\/\/www.bbmnoticias.com\/labravaradiofm\/2021\/12\/23\/voluntad-popular-favorecio-a-salomon-jara-raul-bolanos-cacho\/","title":{"rendered":"Voluntad popular favoreci\u00f3 a Salom\u00f3n Jara: Ra\u00fal Bola\u00f1os-Cacho"},"content":{"rendered":"<div style=\"margin-top: 0px; margin-bottom: 0px;\" class=\"sharethis-inline-share-buttons\" ><\/div>\n<p>OAXACA, Oax. 23 de diciembre de 2021.- El senador, Ra\u00fal Bola\u00f1os-Cacho Cu\u00e9 dijo que las encuestas reflejaron la voluntad popular a favor de su compa\u00f1ero Salom\u00f3n Jara Cruz por lo que fue designado Coordinador Estatal en Defensa de la 4T.<\/p>\n\n\n\n<p>En un video que comparti\u00f3 en redes sociales, destac\u00f3 que fue un ejercicio democr\u00e1tico de las encuestas como m\u00e9todo de selecci\u00f3n del candidato ideal a contender por el gobierno estatal, en el cual particip\u00f3 quedando como el tercer mejor posicionado.<\/p>\n\n\n\n<figure class=\"wp-block-embed is-type-rich is-provider-twitter wp-block-embed-twitter\"><div class=\"wp-block-embed__wrapper\">\n<blockquote class=\"twitter-tweet\" data-width=\"550\" data-dnt=\"true\"><p lang=\"es\" dir=\"ltr\">En un ejercicio democr\u00e1tico, las encuestas mostraron la voluntad popular a favor de <a href=\"https:\/\/twitter.com\/salomonj?ref_src=twsrc%5Etfw\">@salomonj<\/a>, hoy encargado de consolidar la transformaci\u00f3n de Oaxaca. Le deseo todo el \u00e9xito en esta etapa, por el bien de la gente. \u00a1Muchas felicidades, querido Salo! <a href=\"https:\/\/twitter.com\/hashtag\/UnidosTransformamosAOaxaca?src=hash&amp;ref_src=twsrc%5Etfw\">#UnidosTransformamosAOaxaca<\/a> <a href=\"https:\/\/t.co\/fTJKl66Z1L\">pic.twitter.com\/fTJKl66Z1L<\/a><\/p>&mdash; Ra\u00fal Bola\u00f1os-Cacho Cu\u00e9 (@RaulBCCue) <a href=\"https:\/\/twitter.com\/RaulBCCue\/status\/1474073542379687941?ref_src=twsrc%5Etfw\">December 23, 2021<\/a><\/blockquote><script async src=\"https:\/\/platform.twitter.com\/widgets.js\" charset=\"utf-8\"><\/script>\n<\/div><\/figure>\n\n\n\n<p>\u201cDe entre 6 aspirantes las encuestas mostraron la voluntad popular a favor de Salom\u00f3n Jara a quien le deseo todo el \u00e9xito en su campa\u00f1a por el bien de Oaxaca\u201d.<\/p>\n\n\n\n<p>El joven pol\u00edtico manifest\u00f3 que \u201cen la democracia no se trata de ustedes y nosotros, se trata de colaborar unidos para transformar un solo Oaxaca por el bien de la gente de todas las regiones\u201d.<\/p>\n\n\n\n<p>Ra\u00fal Bola\u00f1os-Cacho puntualiz\u00f3 que mas all\u00e1 de colores y partidos \u201caqu\u00ed les refrendo, M\u00e9xico es mi compromiso y Oaxaca mi inspiraci\u00f3n por eso seguiremos trabajando\u201d.<\/p>\n\n\n\n<p>Destac\u00f3 que \u201cpara nosotros el camino apenas comienza, a mis 33 a\u00f1os tengo el honor de ser el portavoz de las y los oaxaque\u00f1os en la m\u00e1xima tribuna del pa\u00eds, el Senado de la Rep\u00fablica\u201d.<\/p>\n\n\n\n<p>As\u00ed que a\u00fan queda mucho por andar para lograr las mejores gestiones que consoliden la transformaci\u00f3n que tanto anhelamos, agreg\u00f3.<\/p>\n","protected":false},"excerpt":{"rendered":"<p>OAXACA, Oax. 23 de diciembre de 2021.- El senador, Ra\u00fal Bola\u00f1os-Cacho Cu\u00e9 dijo que las encuestas reflejaron la voluntad popular a favor de su compa\u00f1ero Salom\u00f3n Jara Cruz por lo que fue designado Coordinador Estatal en Defensa de la 4T. En un video que comparti\u00f3 en redes sociales, destac\u00f3 que fue un ejercicio democr\u00e1tico de [&hellip;]<\/p>\n","protected":false},"author":5,"featured_media":7694,"comment_status":"closed","ping_status":"closed","sticky":false,"template":"","format":"standard","meta":{"footnotes":""},"categories":[1],"tags":[],"class_list":{"0":"post-7693","1":"post","2":"type-post","3":"status-publish","4":"format-standard","5":"has-post-thumbnail","7":"category-sin-categoria"},"yoast_head":"<!-- This site is optimized with the Yoast SEO plugin v27.4 - https:\/\/yoast.com\/product\/yoast-seo-wordpress\/ -->\n<title>Voluntad popular favoreci\u00f3 a Salom\u00f3n Jara: Ra\u00fal Bola\u00f1os-Cacho - LA BRAVA RADIO<\/title>\n<meta name=\"robots\" content=\"index, follow, max-snippet:-1, max-image-preview:large, max-video-preview:-1\" \/>\n<link rel=\"canonical\" href=\"https:\/\/www.bbmnoticias.com\/labravaradiofm\/2021\/12\/23\/voluntad-popular-favorecio-a-salomon-jara-raul-bolanos-cacho\/\" \/>\n<meta property=\"og:locale\" content=\"es_MX\" \/>\n<meta property=\"og:type\" content=\"article\" \/>\n<meta property=\"og:title\" content=\"Voluntad popular favoreci\u00f3 a Salom\u00f3n Jara: Ra\u00fal Bola\u00f1os-Cacho - LA BRAVA RADIO\" \/>\n<meta property=\"og:description\" content=\"OAXACA, Oax. 23 de diciembre de 2021.- El senador, Ra\u00fal Bola\u00f1os-Cacho Cu\u00e9 dijo que las encuestas reflejaron la voluntad popular a favor de su compa\u00f1ero Salom\u00f3n Jara Cruz por lo que fue designado Coordinador Estatal en Defensa de la 4T. En un video que comparti\u00f3 en redes sociales, destac\u00f3 que fue un ejercicio democr\u00e1tico de [&hellip;]\" \/>\n<meta property=\"og:url\" content=\"https:\/\/www.bbmnoticias.com\/labravaradiofm\/2021\/12\/23\/voluntad-popular-favorecio-a-salomon-jara-raul-bolanos-cacho\/\" \/>\n<meta property=\"og:site_name\" content=\"LA BRAVA RADIO\" \/>\n<meta property=\"article:published_time\" content=\"2021-12-23T18:39:59+00:00\" \/>\n<meta property=\"article:modified_time\" content=\"2021-12-23T18:41:16+00:00\" \/>\n<meta property=\"og:image\" content=\"https:\/\/www.bbmnoticias.com\/labravaradiofm\/wp-content\/uploads\/sites\/5\/2021\/12\/raul-bolanos.jpg\" \/>\n\t<meta property=\"og:image:width\" content=\"800\" \/>\n\t<meta property=\"og:image:height\" content=\"485\" \/>\n\t<meta property=\"og:image:type\" content=\"image\/jpeg\" \/>\n<meta name=\"author\" content=\"Quadratin\" \/>\n<meta name=\"twitter:card\" content=\"summary_large_image\" \/>\n<meta name=\"twitter:label1\" content=\"Escrito por\" \/>\n\t<meta name=\"twitter:data1\" content=\"Quadratin\" \/>\n\t<meta name=\"twitter:label2\" content=\"Tiempo de lectura\" \/>\n\t<meta name=\"twitter:data2\" content=\"2 minutos\" \/>\n<script type=\"application\/ld+json\" class=\"yoast-schema-graph\">{\"@context\":\"https:\\\/\\\/schema.org\",\"@graph\":[{\"@type\":\"Article\",\"@id\":\"https:\\\/\\\/www.bbmnoticias.com\\\/labravaradiofm\\\/2021\\\/12\\\/23\\\/voluntad-popular-favorecio-a-salomon-jara-raul-bolanos-cacho\\\/#article\",\"isPartOf\":{\"@id\":\"https:\\\/\\\/www.bbmnoticias.com\\\/labravaradiofm\\\/2021\\\/12\\\/23\\\/voluntad-popular-favorecio-a-salomon-jara-raul-bolanos-cacho\\\/\"},\"author\":{\"name\":\"Quadratin\",\"@id\":\"https:\\\/\\\/www.bbmnoticias.com\\\/labravaradiofm\\\/#\\\/schema\\\/person\\\/c316b6f6c03640cce5d9482ba5a8e5c2\"},\"headline\":\"Voluntad popular favoreci\u00f3 a Salom\u00f3n Jara: Ra\u00fal Bola\u00f1os-Cacho\",\"datePublished\":\"2021-12-23T18:39:59+00:00\",\"dateModified\":\"2021-12-23T18:41:16+00:00\",\"mainEntityOfPage\":{\"@id\":\"https:\\\/\\\/www.bbmnoticias.com\\\/labravaradiofm\\\/2021\\\/12\\\/23\\\/voluntad-popular-favorecio-a-salomon-jara-raul-bolanos-cacho\\\/\"},\"wordCount\":259,\"image\":{\"@id\":\"https:\\\/\\\/www.bbmnoticias.com\\\/labravaradiofm\\\/2021\\\/12\\\/23\\\/voluntad-popular-favorecio-a-salomon-jara-raul-bolanos-cacho\\\/#primaryimage\"},\"thumbnailUrl\":\"https:\\\/\\\/www.bbmnoticias.com\\\/labravaradiofm\\\/wp-content\\\/uploads\\\/sites\\\/5\\\/2021\\\/12\\\/raul-bolanos.jpg\",\"inLanguage\":\"es\"},{\"@type\":\"WebPage\",\"@id\":\"https:\\\/\\\/www.bbmnoticias.com\\\/labravaradiofm\\\/2021\\\/12\\\/23\\\/voluntad-popular-favorecio-a-salomon-jara-raul-bolanos-cacho\\\/\",\"url\":\"https:\\\/\\\/www.bbmnoticias.com\\\/labravaradiofm\\\/2021\\\/12\\\/23\\\/voluntad-popular-favorecio-a-salomon-jara-raul-bolanos-cacho\\\/\",\"name\":\"Voluntad popular favoreci\u00f3 a Salom\u00f3n Jara: Ra\u00fal Bola\u00f1os-Cacho - LA BRAVA RADIO\",\"isPartOf\":{\"@id\":\"https:\\\/\\\/www.bbmnoticias.com\\\/labravaradiofm\\\/#website\"},\"primaryImageOfPage\":{\"@id\":\"https:\\\/\\\/www.bbmnoticias.com\\\/labravaradiofm\\\/2021\\\/12\\\/23\\\/voluntad-popular-favorecio-a-salomon-jara-raul-bolanos-cacho\\\/#primaryimage\"},\"image\":{\"@id\":\"https:\\\/\\\/www.bbmnoticias.com\\\/labravaradiofm\\\/2021\\\/12\\\/23\\\/voluntad-popular-favorecio-a-salomon-jara-raul-bolanos-cacho\\\/#primaryimage\"},\"thumbnailUrl\":\"https:\\\/\\\/www.bbmnoticias.com\\\/labravaradiofm\\\/wp-content\\\/uploads\\\/sites\\\/5\\\/2021\\\/12\\\/raul-bolanos.jpg\",\"datePublished\":\"2021-12-23T18:39:59+00:00\",\"dateModified\":\"2021-12-23T18:41:16+00:00\",\"author\":{\"@id\":\"https:\\\/\\\/www.bbmnoticias.com\\\/labravaradiofm\\\/#\\\/schema\\\/person\\\/c316b6f6c03640cce5d9482ba5a8e5c2\"},\"breadcrumb\":{\"@id\":\"https:\\\/\\\/www.bbmnoticias.com\\\/labravaradiofm\\\/2021\\\/12\\\/23\\\/voluntad-popular-favorecio-a-salomon-jara-raul-bolanos-cacho\\\/#breadcrumb\"},\"inLanguage\":\"es\",\"potentialAction\":[{\"@type\":\"ReadAction\",\"target\":[\"https:\\\/\\\/www.bbmnoticias.com\\\/labravaradiofm\\\/2021\\\/12\\\/23\\\/voluntad-popular-favorecio-a-salomon-jara-raul-bolanos-cacho\\\/\"]}]},{\"@type\":\"ImageObject\",\"inLanguage\":\"es\",\"@id\":\"https:\\\/\\\/www.bbmnoticias.com\\\/labravaradiofm\\\/2021\\\/12\\\/23\\\/voluntad-popular-favorecio-a-salomon-jara-raul-bolanos-cacho\\\/#primaryimage\",\"url\":\"https:\\\/\\\/www.bbmnoticias.com\\\/labravaradiofm\\\/wp-content\\\/uploads\\\/sites\\\/5\\\/2021\\\/12\\\/raul-bolanos.jpg\",\"contentUrl\":\"https:\\\/\\\/www.bbmnoticias.com\\\/labravaradiofm\\\/wp-content\\\/uploads\\\/sites\\\/5\\\/2021\\\/12\\\/raul-bolanos.jpg\",\"width\":800,\"height\":485},{\"@type\":\"BreadcrumbList\",\"@id\":\"https:\\\/\\\/www.bbmnoticias.com\\\/labravaradiofm\\\/2021\\\/12\\\/23\\\/voluntad-popular-favorecio-a-salomon-jara-raul-bolanos-cacho\\\/#breadcrumb\",\"itemListElement\":[{\"@type\":\"ListItem\",\"position\":1,\"name\":\"Inicio\",\"item\":\"https:\\\/\\\/www.bbmnoticias.com\\\/labravaradiofm\\\/\"},{\"@type\":\"ListItem\",\"position\":2,\"name\":\"Voluntad popular favoreci\u00f3 a Salom\u00f3n Jara: Ra\u00fal Bola\u00f1os-Cacho\"}]},{\"@type\":\"WebSite\",\"@id\":\"https:\\\/\\\/www.bbmnoticias.com\\\/labravaradiofm\\\/#website\",\"url\":\"https:\\\/\\\/www.bbmnoticias.com\\\/labravaradiofm\\\/\",\"name\":\"LA BRAVA RADIO\",\"description\":\"Empresa productora de medios, Radiodifusi\u00f3n, Noticias, tendencias y todo lo que necesitas saber de la pol\u00edtica mexicana e internacional; entretenimiento, espect\u00e1culos, salud y mucho m\u00e1s.\",\"potentialAction\":[{\"@type\":\"SearchAction\",\"target\":{\"@type\":\"EntryPoint\",\"urlTemplate\":\"https:\\\/\\\/www.bbmnoticias.com\\\/labravaradiofm\\\/?s={search_term_string}\"},\"query-input\":{\"@type\":\"PropertyValueSpecification\",\"valueRequired\":true,\"valueName\":\"search_term_string\"}}],\"inLanguage\":\"es\"},{\"@type\":\"Person\",\"@id\":\"https:\\\/\\\/www.bbmnoticias.com\\\/labravaradiofm\\\/#\\\/schema\\\/person\\\/c316b6f6c03640cce5d9482ba5a8e5c2\",\"name\":\"Quadratin\",\"image\":{\"@type\":\"ImageObject\",\"inLanguage\":\"es\",\"@id\":\"https:\\\/\\\/secure.gravatar.com\\\/avatar\\\/34008d7d72488432d6a74f81e839efc9f754b118786ca32cf39d9d5508a68f63?s=96&d=mm&r=g\",\"url\":\"https:\\\/\\\/secure.gravatar.com\\\/avatar\\\/34008d7d72488432d6a74f81e839efc9f754b118786ca32cf39d9d5508a68f63?s=96&d=mm&r=g\",\"contentUrl\":\"https:\\\/\\\/secure.gravatar.com\\\/avatar\\\/34008d7d72488432d6a74f81e839efc9f754b118786ca32cf39d9d5508a68f63?s=96&d=mm&r=g\",\"caption\":\"Quadratin\"},\"url\":\"https:\\\/\\\/www.bbmnoticias.com\\\/labravaradiofm\\\/author\\\/quadratin\\\/\"}]}<\/script>\n<!-- \/ Yoast SEO plugin. -->","yoast_head_json":{"title":"Voluntad popular favoreci\u00f3 a Salom\u00f3n Jara: Ra\u00fal Bola\u00f1os-Cacho - LA BRAVA RADIO","robots":{"index":"index","follow":"follow","max-snippet":"max-snippet:-1","max-image-preview":"max-image-preview:large","max-video-preview":"max-video-preview:-1"},"canonical":"https:\/\/www.bbmnoticias.com\/labravaradiofm\/2021\/12\/23\/voluntad-popular-favorecio-a-salomon-jara-raul-bolanos-cacho\/","og_locale":"es_MX","og_type":"article","og_title":"Voluntad popular favoreci\u00f3 a Salom\u00f3n Jara: Ra\u00fal Bola\u00f1os-Cacho - LA BRAVA RADIO","og_description":"OAXACA, Oax. 23 de diciembre de 2021.- El senador, Ra\u00fal Bola\u00f1os-Cacho Cu\u00e9 dijo que las encuestas reflejaron la voluntad popular a favor de su compa\u00f1ero Salom\u00f3n Jara Cruz por lo que fue designado Coordinador Estatal en Defensa de la 4T. En un video que comparti\u00f3 en redes sociales, destac\u00f3 que fue un ejercicio democr\u00e1tico de [&hellip;]","og_url":"https:\/\/www.bbmnoticias.com\/labravaradiofm\/2021\/12\/23\/voluntad-popular-favorecio-a-salomon-jara-raul-bolanos-cacho\/","og_site_name":"LA BRAVA RADIO","article_published_time":"2021-12-23T18:39:59+00:00","article_modified_time":"2021-12-23T18:41:16+00:00","og_image":[{"width":800,"height":485,"url":"https:\/\/www.bbmnoticias.com\/labravaradiofm\/wp-content\/uploads\/sites\/5\/2021\/12\/raul-bolanos.jpg","type":"image\/jpeg"}],"author":"Quadratin","twitter_card":"summary_large_image","twitter_misc":{"Escrito por":"Quadratin","Tiempo de lectura":"2 minutos"},"schema":{"@context":"https:\/\/schema.org","@graph":[{"@type":"Article","@id":"https:\/\/www.bbmnoticias.com\/labravaradiofm\/2021\/12\/23\/voluntad-popular-favorecio-a-salomon-jara-raul-bolanos-cacho\/#article","isPartOf":{"@id":"https:\/\/www.bbmnoticias.com\/labravaradiofm\/2021\/12\/23\/voluntad-popular-favorecio-a-salomon-jara-raul-bolanos-cacho\/"},"author":{"name":"Quadratin","@id":"https:\/\/www.bbmnoticias.com\/labravaradiofm\/#\/schema\/person\/c316b6f6c03640cce5d9482ba5a8e5c2"},"headline":"Voluntad popular favoreci\u00f3 a Salom\u00f3n Jara: Ra\u00fal Bola\u00f1os-Cacho","datePublished":"2021-12-23T18:39:59+00:00","dateModified":"2021-12-23T18:41:16+00:00","mainEntityOfPage":{"@id":"https:\/\/www.bbmnoticias.com\/labravaradiofm\/2021\/12\/23\/voluntad-popular-favorecio-a-salomon-jara-raul-bolanos-cacho\/"},"wordCount":259,"image":{"@id":"https:\/\/www.bbmnoticias.com\/labravaradiofm\/2021\/12\/23\/voluntad-popular-favorecio-a-salomon-jara-raul-bolanos-cacho\/#primaryimage"},"thumbnailUrl":"https:\/\/www.bbmnoticias.com\/labravaradiofm\/wp-content\/uploads\/sites\/5\/2021\/12\/raul-bolanos.jpg","inLanguage":"es"},{"@type":"WebPage","@id":"https:\/\/www.bbmnoticias.com\/labravaradiofm\/2021\/12\/23\/voluntad-popular-favorecio-a-salomon-jara-raul-bolanos-cacho\/","url":"https:\/\/www.bbmnoticias.com\/labravaradiofm\/2021\/12\/23\/voluntad-popular-favorecio-a-salomon-jara-raul-bolanos-cacho\/","name":"Voluntad popular favoreci\u00f3 a Salom\u00f3n Jara: Ra\u00fal Bola\u00f1os-Cacho - LA BRAVA RADIO","isPartOf":{"@id":"https:\/\/www.bbmnoticias.com\/labravaradiofm\/#website"},"primaryImageOfPage":{"@id":"https:\/\/www.bbmnoticias.com\/labravaradiofm\/2021\/12\/23\/voluntad-popular-favorecio-a-salomon-jara-raul-bolanos-cacho\/#primaryimage"},"image":{"@id":"https:\/\/www.bbmnoticias.com\/labravaradiofm\/2021\/12\/23\/voluntad-popular-favorecio-a-salomon-jara-raul-bolanos-cacho\/#primaryimage"},"thumbnailUrl":"https:\/\/www.bbmnoticias.com\/labravaradiofm\/wp-content\/uploads\/sites\/5\/2021\/12\/raul-bolanos.jpg","datePublished":"2021-12-23T18:39:59+00:00","dateModified":"2021-12-23T18:41:16+00:00","author":{"@id":"https:\/\/www.bbmnoticias.com\/labravaradiofm\/#\/schema\/person\/c316b6f6c03640cce5d9482ba5a8e5c2"},"breadcrumb":{"@id":"https:\/\/www.bbmnoticias.com\/labravaradiofm\/2021\/12\/23\/voluntad-popular-favorecio-a-salomon-jara-raul-bolanos-cacho\/#breadcrumb"},"inLanguage":"es","potentialAction":[{"@type":"ReadAction","target":["https:\/\/www.bbmnoticias.com\/labravaradiofm\/2021\/12\/23\/voluntad-popular-favorecio-a-salomon-jara-raul-bolanos-cacho\/"]}]},{"@type":"ImageObject","inLanguage":"es","@id":"https:\/\/www.bbmnoticias.com\/labravaradiofm\/2021\/12\/23\/voluntad-popular-favorecio-a-salomon-jara-raul-bolanos-cacho\/#primaryimage","url":"https:\/\/www.bbmnoticias.com\/labravaradiofm\/wp-content\/uploads\/sites\/5\/2021\/12\/raul-bolanos.jpg","contentUrl":"https:\/\/www.bbmnoticias.com\/labravaradiofm\/wp-content\/uploads\/sites\/5\/2021\/12\/raul-bolanos.jpg","width":800,"height":485},{"@type":"BreadcrumbList","@id":"https:\/\/www.bbmnoticias.com\/labravaradiofm\/2021\/12\/23\/voluntad-popular-favorecio-a-salomon-jara-raul-bolanos-cacho\/#breadcrumb","itemListElement":[{"@type":"ListItem","position":1,"name":"Inicio","item":"https:\/\/www.bbmnoticias.com\/labravaradiofm\/"},{"@type":"ListItem","position":2,"name":"Voluntad popular favoreci\u00f3 a Salom\u00f3n Jara: Ra\u00fal Bola\u00f1os-Cacho"}]},{"@type":"WebSite","@id":"https:\/\/www.bbmnoticias.com\/labravaradiofm\/#website","url":"https:\/\/www.bbmnoticias.com\/labravaradiofm\/","name":"LA BRAVA RADIO","description":"Empresa productora de medios, Radiodifusi\u00f3n, Noticias, tendencias y todo lo que necesitas saber de la pol\u00edtica mexicana e internacional; entretenimiento, espect\u00e1culos, salud y mucho m\u00e1s.","potentialAction":[{"@type":"SearchAction","target":{"@type":"EntryPoint","urlTemplate":"https:\/\/www.bbmnoticias.com\/labravaradiofm\/?s={search_term_string}"},"query-input":{"@type":"PropertyValueSpecification","valueRequired":true,"valueName":"search_term_string"}}],"inLanguage":"es"},{"@type":"Person","@id":"https:\/\/www.bbmnoticias.com\/labravaradiofm\/#\/schema\/person\/c316b6f6c03640cce5d9482ba5a8e5c2","name":"Quadratin","image":{"@type":"ImageObject","inLanguage":"es","@id":"https:\/\/secure.gravatar.com\/avatar\/34008d7d72488432d6a74f81e839efc9f754b118786ca32cf39d9d5508a68f63?s=96&d=mm&r=g","url":"https:\/\/secure.gravatar.com\/avatar\/34008d7d72488432d6a74f81e839efc9f754b118786ca32cf39d9d5508a68f63?s=96&d=mm&r=g","contentUrl":"https:\/\/secure.gravatar.com\/avatar\/34008d7d72488432d6a74f81e839efc9f754b118786ca32cf39d9d5508a68f63?s=96&d=mm&r=g","caption":"Quadratin"},"url":"https:\/\/www.bbmnoticias.com\/labravaradiofm\/author\/quadratin\/"}]}},"_links":{"self":[{"href":"https:\/\/www.bbmnoticias.com\/labravaradiofm\/wp-json\/wp\/v2\/posts\/7693","targetHints":{"allow":["GET"]}}],"collection":[{"href":"https:\/\/www.bbmnoticias.com\/labravaradiofm\/wp-json\/wp\/v2\/posts"}],"about":[{"href":"https:\/\/www.bbmnoticias.com\/labravaradiofm\/wp-json\/wp\/v2\/types\/post"}],"author":[{"embeddable":true,"href":"https:\/\/www.bbmnoticias.com\/labravaradiofm\/wp-json\/wp\/v2\/users\/5"}],"replies":[{"embeddable":true,"href":"https:\/\/www.bbmnoticias.com\/labravaradiofm\/wp-json\/wp\/v2\/comments?post=7693"}],"version-history":[{"count":0,"href":"https:\/\/www.bbmnoticias.com\/labravaradiofm\/wp-json\/wp\/v2\/posts\/7693\/revisions"}],"wp:featuredmedia":[{"embeddable":true,"href":"https:\/\/www.bbmnoticias.com\/labravaradiofm\/wp-json\/wp\/v2\/media\/7694"}],"wp:attachment":[{"href":"https:\/\/www.bbmnoticias.com\/labravaradiofm\/wp-json\/wp\/v2\/media?parent=7693"}],"wp:term":[{"taxonomy":"category","embeddable":true,"href":"https:\/\/www.bbmnoticias.com\/labravaradiofm\/wp-json\/wp\/v2\/categories?post=7693"},{"taxonomy":"post_tag","embeddable":true,"href":"https:\/\/www.bbmnoticias.com\/labravaradiofm\/wp-json\/wp\/v2\/tags?post=7693"}],"curies":[{"name":"wp","href":"https:\/\/api.w.org\/{rel}","templated":true}]}}