{"id":7687,"date":"2021-12-23T12:19:01","date_gmt":"2021-12-23T18:19:01","guid":{"rendered":"https:\/\/www.bbmnoticias.com\/labravaradiofm\/?p=7687"},"modified":"2021-12-23T12:19:03","modified_gmt":"2021-12-23T18:19:03","slug":"llama-imss-oaxaca-a-reforzar-medidas-preventivas-para-evitar-contagios-por-covid-19-durante-fiestas-decembrinas","status":"publish","type":"post","link":"https:\/\/www.bbmnoticias.com\/labravaradiofm\/2021\/12\/23\/llama-imss-oaxaca-a-reforzar-medidas-preventivas-para-evitar-contagios-por-covid-19-durante-fiestas-decembrinas\/","title":{"rendered":"Llama IMSS Oaxaca a reforzar medidas preventivas para evitar contagios por COVID-19 durante fiestas decembrinas"},"content":{"rendered":"<div style=\"margin-top: 0px; margin-bottom: 0px;\" class=\"sharethis-inline-share-buttons\" ><\/div>\n<p>Ante las fiestas decembrinas, el Instituto Mexicano del Seguro Social (IMSS) en Oaxaca hace un llamado a la poblaci\u00f3n a extremar precauciones, con el objetivo de reducir la propagaci\u00f3n del virus SARS-CoV-2.<\/p>\n\n\n\n<p>La jefa de Prestaciones M\u00e9dicas en Oaxaca, doctora Martha Escobar V\u00e1squez, exhort\u00f3 a la poblaci\u00f3n a evitar desplazarse a sitios tur\u00edsticos o a otros lugares en donde se pudiera presentar una aceleraci\u00f3n en los contagios.<\/p>\n\n\n\n<p>Adem\u00e1s, asegur\u00f3 que se puede realizar una celebraci\u00f3n sana, segura y evitar un incremento de contagios, evitando visitar a familiares o amigos con quienes no se conviva, especialmente si en esos hogares hay adultos mayores o personas que formen parte del grupo de riesgo; lo mejor es el uso de las herramientas electr\u00f3nicas, el tel\u00e9fono, las redes sociales o videollamadas para festejar.<\/p>\n\n\n\n<p>No obstante, de ser necesario salir, Escobar V\u00e1squez record\u00f3 continuar con las medidas contra la COVID-19, tales como: uso correcto del cubrebocas, el lavado frecuente de manos con agua y jab\u00f3n o utilizar soluciones con base alcohol al 70%, el estornudo de etiqueta, evitar saludar de mano o beso, mantener la distancia social de 1.5 metros y la aplicaci\u00f3n de la vacuna.<\/p>\n\n\n\n<p>En caso de s\u00edntomas, acudir de manera inmediata a la Unidad de Medicina Familiar correspondiente o al hospital m\u00e1s cercano a su domicilio, o bien, llamar a Orientaci\u00f3n M\u00e9dica Telef\u00f3nica, al tel\u00e9fono 800 222 2668, donde personal calificado le orientar\u00e1 y resolver\u00e1 sus dudas.<\/p>\n","protected":false},"excerpt":{"rendered":"<p>Ante las fiestas decembrinas, el Instituto Mexicano del Seguro Social (IMSS) en Oaxaca hace un llamado a la poblaci\u00f3n a extremar precauciones, con el objetivo de reducir la propagaci\u00f3n del virus SARS-CoV-2. La jefa de Prestaciones M\u00e9dicas en Oaxaca, doctora Martha Escobar V\u00e1squez, exhort\u00f3 a la poblaci\u00f3n a evitar desplazarse a sitios tur\u00edsticos o a [&hellip;]<\/p>\n","protected":false},"author":2,"featured_media":7688,"comment_status":"closed","ping_status":"closed","sticky":false,"template":"","format":"standard","meta":{"footnotes":""},"categories":[2],"tags":[],"class_list":{"0":"post-7687","1":"post","2":"type-post","3":"status-publish","4":"format-standard","5":"has-post-thumbnail","7":"category-oaxaca"},"yoast_head":"<!-- This site is optimized with the Yoast SEO plugin v27.4 - https:\/\/yoast.com\/product\/yoast-seo-wordpress\/ -->\n<title>Llama IMSS Oaxaca a reforzar medidas preventivas para evitar contagios por COVID-19 durante fiestas decembrinas - LA BRAVA RADIO<\/title>\n<meta name=\"robots\" content=\"index, follow, max-snippet:-1, max-image-preview:large, max-video-preview:-1\" \/>\n<link rel=\"canonical\" href=\"https:\/\/www.bbmnoticias.com\/labravaradiofm\/2021\/12\/23\/llama-imss-oaxaca-a-reforzar-medidas-preventivas-para-evitar-contagios-por-covid-19-durante-fiestas-decembrinas\/\" \/>\n<meta property=\"og:locale\" content=\"es_MX\" \/>\n<meta property=\"og:type\" content=\"article\" \/>\n<meta property=\"og:title\" content=\"Llama IMSS Oaxaca a reforzar medidas preventivas para evitar contagios por COVID-19 durante fiestas decembrinas - LA BRAVA RADIO\" \/>\n<meta property=\"og:description\" content=\"Ante las fiestas decembrinas, el Instituto Mexicano del Seguro Social (IMSS) en Oaxaca hace un llamado a la poblaci\u00f3n a extremar precauciones, con el objetivo de reducir la propagaci\u00f3n del virus SARS-CoV-2. La jefa de Prestaciones M\u00e9dicas en Oaxaca, doctora Martha Escobar V\u00e1squez, exhort\u00f3 a la poblaci\u00f3n a evitar desplazarse a sitios tur\u00edsticos o a [&hellip;]\" \/>\n<meta property=\"og:url\" content=\"https:\/\/www.bbmnoticias.com\/labravaradiofm\/2021\/12\/23\/llama-imss-oaxaca-a-reforzar-medidas-preventivas-para-evitar-contagios-por-covid-19-durante-fiestas-decembrinas\/\" \/>\n<meta property=\"og:site_name\" content=\"LA BRAVA RADIO\" \/>\n<meta property=\"article:published_time\" content=\"2021-12-23T18:19:01+00:00\" \/>\n<meta property=\"article:modified_time\" content=\"2021-12-23T18:19:03+00:00\" \/>\n<meta property=\"og:image\" content=\"https:\/\/www.bbmnoticias.com\/labravaradiofm\/wp-content\/uploads\/sites\/5\/2021\/12\/imss-oaxaca-3.jpg\" \/>\n\t<meta property=\"og:image:width\" content=\"1280\" \/>\n\t<meta property=\"og:image:height\" content=\"1110\" \/>\n\t<meta property=\"og:image:type\" content=\"image\/jpeg\" \/>\n<meta name=\"author\" content=\"Staff\" \/>\n<meta name=\"twitter:card\" content=\"summary_large_image\" \/>\n<meta name=\"twitter:label1\" content=\"Escrito por\" \/>\n\t<meta name=\"twitter:data1\" content=\"Staff\" \/>\n\t<meta name=\"twitter:label2\" content=\"Tiempo de lectura\" \/>\n\t<meta name=\"twitter:data2\" content=\"2 minutos\" \/>\n<script type=\"application\/ld+json\" class=\"yoast-schema-graph\">{\"@context\":\"https:\\\/\\\/schema.org\",\"@graph\":[{\"@type\":\"Article\",\"@id\":\"https:\\\/\\\/www.bbmnoticias.com\\\/labravaradiofm\\\/2021\\\/12\\\/23\\\/llama-imss-oaxaca-a-reforzar-medidas-preventivas-para-evitar-contagios-por-covid-19-durante-fiestas-decembrinas\\\/#article\",\"isPartOf\":{\"@id\":\"https:\\\/\\\/www.bbmnoticias.com\\\/labravaradiofm\\\/2021\\\/12\\\/23\\\/llama-imss-oaxaca-a-reforzar-medidas-preventivas-para-evitar-contagios-por-covid-19-durante-fiestas-decembrinas\\\/\"},\"author\":{\"name\":\"Staff\",\"@id\":\"https:\\\/\\\/www.bbmnoticias.com\\\/labravaradiofm\\\/#\\\/schema\\\/person\\\/68a9e9036ef3c5b55aeb2b71dc8bab45\"},\"headline\":\"Llama IMSS Oaxaca a reforzar medidas preventivas para evitar contagios por COVID-19 durante fiestas decembrinas\",\"datePublished\":\"2021-12-23T18:19:01+00:00\",\"dateModified\":\"2021-12-23T18:19:03+00:00\",\"mainEntityOfPage\":{\"@id\":\"https:\\\/\\\/www.bbmnoticias.com\\\/labravaradiofm\\\/2021\\\/12\\\/23\\\/llama-imss-oaxaca-a-reforzar-medidas-preventivas-para-evitar-contagios-por-covid-19-durante-fiestas-decembrinas\\\/\"},\"wordCount\":265,\"image\":{\"@id\":\"https:\\\/\\\/www.bbmnoticias.com\\\/labravaradiofm\\\/2021\\\/12\\\/23\\\/llama-imss-oaxaca-a-reforzar-medidas-preventivas-para-evitar-contagios-por-covid-19-durante-fiestas-decembrinas\\\/#primaryimage\"},\"thumbnailUrl\":\"https:\\\/\\\/www.bbmnoticias.com\\\/labravaradiofm\\\/wp-content\\\/uploads\\\/sites\\\/5\\\/2021\\\/12\\\/imss-oaxaca-3.jpg\",\"articleSection\":[\"LOCAL\"],\"inLanguage\":\"es\"},{\"@type\":\"WebPage\",\"@id\":\"https:\\\/\\\/www.bbmnoticias.com\\\/labravaradiofm\\\/2021\\\/12\\\/23\\\/llama-imss-oaxaca-a-reforzar-medidas-preventivas-para-evitar-contagios-por-covid-19-durante-fiestas-decembrinas\\\/\",\"url\":\"https:\\\/\\\/www.bbmnoticias.com\\\/labravaradiofm\\\/2021\\\/12\\\/23\\\/llama-imss-oaxaca-a-reforzar-medidas-preventivas-para-evitar-contagios-por-covid-19-durante-fiestas-decembrinas\\\/\",\"name\":\"Llama IMSS Oaxaca a reforzar medidas preventivas para evitar contagios por COVID-19 durante fiestas decembrinas - LA BRAVA RADIO\",\"isPartOf\":{\"@id\":\"https:\\\/\\\/www.bbmnoticias.com\\\/labravaradiofm\\\/#website\"},\"primaryImageOfPage\":{\"@id\":\"https:\\\/\\\/www.bbmnoticias.com\\\/labravaradiofm\\\/2021\\\/12\\\/23\\\/llama-imss-oaxaca-a-reforzar-medidas-preventivas-para-evitar-contagios-por-covid-19-durante-fiestas-decembrinas\\\/#primaryimage\"},\"image\":{\"@id\":\"https:\\\/\\\/www.bbmnoticias.com\\\/labravaradiofm\\\/2021\\\/12\\\/23\\\/llama-imss-oaxaca-a-reforzar-medidas-preventivas-para-evitar-contagios-por-covid-19-durante-fiestas-decembrinas\\\/#primaryimage\"},\"thumbnailUrl\":\"https:\\\/\\\/www.bbmnoticias.com\\\/labravaradiofm\\\/wp-content\\\/uploads\\\/sites\\\/5\\\/2021\\\/12\\\/imss-oaxaca-3.jpg\",\"datePublished\":\"2021-12-23T18:19:01+00:00\",\"dateModified\":\"2021-12-23T18:19:03+00:00\",\"author\":{\"@id\":\"https:\\\/\\\/www.bbmnoticias.com\\\/labravaradiofm\\\/#\\\/schema\\\/person\\\/68a9e9036ef3c5b55aeb2b71dc8bab45\"},\"breadcrumb\":{\"@id\":\"https:\\\/\\\/www.bbmnoticias.com\\\/labravaradiofm\\\/2021\\\/12\\\/23\\\/llama-imss-oaxaca-a-reforzar-medidas-preventivas-para-evitar-contagios-por-covid-19-durante-fiestas-decembrinas\\\/#breadcrumb\"},\"inLanguage\":\"es\",\"potentialAction\":[{\"@type\":\"ReadAction\",\"target\":[\"https:\\\/\\\/www.bbmnoticias.com\\\/labravaradiofm\\\/2021\\\/12\\\/23\\\/llama-imss-oaxaca-a-reforzar-medidas-preventivas-para-evitar-contagios-por-covid-19-durante-fiestas-decembrinas\\\/\"]}]},{\"@type\":\"ImageObject\",\"inLanguage\":\"es\",\"@id\":\"https:\\\/\\\/www.bbmnoticias.com\\\/labravaradiofm\\\/2021\\\/12\\\/23\\\/llama-imss-oaxaca-a-reforzar-medidas-preventivas-para-evitar-contagios-por-covid-19-durante-fiestas-decembrinas\\\/#primaryimage\",\"url\":\"https:\\\/\\\/www.bbmnoticias.com\\\/labravaradiofm\\\/wp-content\\\/uploads\\\/sites\\\/5\\\/2021\\\/12\\\/imss-oaxaca-3.jpg\",\"contentUrl\":\"https:\\\/\\\/www.bbmnoticias.com\\\/labravaradiofm\\\/wp-content\\\/uploads\\\/sites\\\/5\\\/2021\\\/12\\\/imss-oaxaca-3.jpg\",\"width\":1280,\"height\":1110},{\"@type\":\"BreadcrumbList\",\"@id\":\"https:\\\/\\\/www.bbmnoticias.com\\\/labravaradiofm\\\/2021\\\/12\\\/23\\\/llama-imss-oaxaca-a-reforzar-medidas-preventivas-para-evitar-contagios-por-covid-19-durante-fiestas-decembrinas\\\/#breadcrumb\",\"itemListElement\":[{\"@type\":\"ListItem\",\"position\":1,\"name\":\"Inicio\",\"item\":\"https:\\\/\\\/www.bbmnoticias.com\\\/labravaradiofm\\\/\"},{\"@type\":\"ListItem\",\"position\":2,\"name\":\"Llama IMSS Oaxaca a reforzar medidas preventivas para evitar contagios por COVID-19 durante fiestas decembrinas\"}]},{\"@type\":\"WebSite\",\"@id\":\"https:\\\/\\\/www.bbmnoticias.com\\\/labravaradiofm\\\/#website\",\"url\":\"https:\\\/\\\/www.bbmnoticias.com\\\/labravaradiofm\\\/\",\"name\":\"LA BRAVA RADIO\",\"description\":\"Empresa productora de medios, Radiodifusi\u00f3n, Noticias, tendencias y todo lo que necesitas saber de la pol\u00edtica mexicana e internacional; entretenimiento, espect\u00e1culos, salud y mucho m\u00e1s.\",\"potentialAction\":[{\"@type\":\"SearchAction\",\"target\":{\"@type\":\"EntryPoint\",\"urlTemplate\":\"https:\\\/\\\/www.bbmnoticias.com\\\/labravaradiofm\\\/?s={search_term_string}\"},\"query-input\":{\"@type\":\"PropertyValueSpecification\",\"valueRequired\":true,\"valueName\":\"search_term_string\"}}],\"inLanguage\":\"es\"},{\"@type\":\"Person\",\"@id\":\"https:\\\/\\\/www.bbmnoticias.com\\\/labravaradiofm\\\/#\\\/schema\\\/person\\\/68a9e9036ef3c5b55aeb2b71dc8bab45\",\"name\":\"Staff\",\"image\":{\"@type\":\"ImageObject\",\"inLanguage\":\"es\",\"@id\":\"https:\\\/\\\/secure.gravatar.com\\\/avatar\\\/fdd21ad66fd8b98c407f9dee5b5e588cfe7f0d8579ec20fa6527cd59bab7f0f0?s=96&d=mm&r=g\",\"url\":\"https:\\\/\\\/secure.gravatar.com\\\/avatar\\\/fdd21ad66fd8b98c407f9dee5b5e588cfe7f0d8579ec20fa6527cd59bab7f0f0?s=96&d=mm&r=g\",\"contentUrl\":\"https:\\\/\\\/secure.gravatar.com\\\/avatar\\\/fdd21ad66fd8b98c407f9dee5b5e588cfe7f0d8579ec20fa6527cd59bab7f0f0?s=96&d=mm&r=g\",\"caption\":\"Staff\"},\"url\":\"https:\\\/\\\/www.bbmnoticias.com\\\/labravaradiofm\\\/author\\\/redaccion\\\/\"}]}<\/script>\n<!-- \/ Yoast SEO plugin. -->","yoast_head_json":{"title":"Llama IMSS Oaxaca a reforzar medidas preventivas para evitar contagios por COVID-19 durante fiestas decembrinas - LA BRAVA RADIO","robots":{"index":"index","follow":"follow","max-snippet":"max-snippet:-1","max-image-preview":"max-image-preview:large","max-video-preview":"max-video-preview:-1"},"canonical":"https:\/\/www.bbmnoticias.com\/labravaradiofm\/2021\/12\/23\/llama-imss-oaxaca-a-reforzar-medidas-preventivas-para-evitar-contagios-por-covid-19-durante-fiestas-decembrinas\/","og_locale":"es_MX","og_type":"article","og_title":"Llama IMSS Oaxaca a reforzar medidas preventivas para evitar contagios por COVID-19 durante fiestas decembrinas - LA BRAVA RADIO","og_description":"Ante las fiestas decembrinas, el Instituto Mexicano del Seguro Social (IMSS) en Oaxaca hace un llamado a la poblaci\u00f3n a extremar precauciones, con el objetivo de reducir la propagaci\u00f3n del virus SARS-CoV-2. La jefa de Prestaciones M\u00e9dicas en Oaxaca, doctora Martha Escobar V\u00e1squez, exhort\u00f3 a la poblaci\u00f3n a evitar desplazarse a sitios tur\u00edsticos o a [&hellip;]","og_url":"https:\/\/www.bbmnoticias.com\/labravaradiofm\/2021\/12\/23\/llama-imss-oaxaca-a-reforzar-medidas-preventivas-para-evitar-contagios-por-covid-19-durante-fiestas-decembrinas\/","og_site_name":"LA BRAVA RADIO","article_published_time":"2021-12-23T18:19:01+00:00","article_modified_time":"2021-12-23T18:19:03+00:00","og_image":[{"width":1280,"height":1110,"url":"https:\/\/www.bbmnoticias.com\/labravaradiofm\/wp-content\/uploads\/sites\/5\/2021\/12\/imss-oaxaca-3.jpg","type":"image\/jpeg"}],"author":"Staff","twitter_card":"summary_large_image","twitter_misc":{"Escrito por":"Staff","Tiempo de lectura":"2 minutos"},"schema":{"@context":"https:\/\/schema.org","@graph":[{"@type":"Article","@id":"https:\/\/www.bbmnoticias.com\/labravaradiofm\/2021\/12\/23\/llama-imss-oaxaca-a-reforzar-medidas-preventivas-para-evitar-contagios-por-covid-19-durante-fiestas-decembrinas\/#article","isPartOf":{"@id":"https:\/\/www.bbmnoticias.com\/labravaradiofm\/2021\/12\/23\/llama-imss-oaxaca-a-reforzar-medidas-preventivas-para-evitar-contagios-por-covid-19-durante-fiestas-decembrinas\/"},"author":{"name":"Staff","@id":"https:\/\/www.bbmnoticias.com\/labravaradiofm\/#\/schema\/person\/68a9e9036ef3c5b55aeb2b71dc8bab45"},"headline":"Llama IMSS Oaxaca a reforzar medidas preventivas para evitar contagios por COVID-19 durante fiestas decembrinas","datePublished":"2021-12-23T18:19:01+00:00","dateModified":"2021-12-23T18:19:03+00:00","mainEntityOfPage":{"@id":"https:\/\/www.bbmnoticias.com\/labravaradiofm\/2021\/12\/23\/llama-imss-oaxaca-a-reforzar-medidas-preventivas-para-evitar-contagios-por-covid-19-durante-fiestas-decembrinas\/"},"wordCount":265,"image":{"@id":"https:\/\/www.bbmnoticias.com\/labravaradiofm\/2021\/12\/23\/llama-imss-oaxaca-a-reforzar-medidas-preventivas-para-evitar-contagios-por-covid-19-durante-fiestas-decembrinas\/#primaryimage"},"thumbnailUrl":"https:\/\/www.bbmnoticias.com\/labravaradiofm\/wp-content\/uploads\/sites\/5\/2021\/12\/imss-oaxaca-3.jpg","articleSection":["LOCAL"],"inLanguage":"es"},{"@type":"WebPage","@id":"https:\/\/www.bbmnoticias.com\/labravaradiofm\/2021\/12\/23\/llama-imss-oaxaca-a-reforzar-medidas-preventivas-para-evitar-contagios-por-covid-19-durante-fiestas-decembrinas\/","url":"https:\/\/www.bbmnoticias.com\/labravaradiofm\/2021\/12\/23\/llama-imss-oaxaca-a-reforzar-medidas-preventivas-para-evitar-contagios-por-covid-19-durante-fiestas-decembrinas\/","name":"Llama IMSS Oaxaca a reforzar medidas preventivas para evitar contagios por COVID-19 durante fiestas decembrinas - LA BRAVA RADIO","isPartOf":{"@id":"https:\/\/www.bbmnoticias.com\/labravaradiofm\/#website"},"primaryImageOfPage":{"@id":"https:\/\/www.bbmnoticias.com\/labravaradiofm\/2021\/12\/23\/llama-imss-oaxaca-a-reforzar-medidas-preventivas-para-evitar-contagios-por-covid-19-durante-fiestas-decembrinas\/#primaryimage"},"image":{"@id":"https:\/\/www.bbmnoticias.com\/labravaradiofm\/2021\/12\/23\/llama-imss-oaxaca-a-reforzar-medidas-preventivas-para-evitar-contagios-por-covid-19-durante-fiestas-decembrinas\/#primaryimage"},"thumbnailUrl":"https:\/\/www.bbmnoticias.com\/labravaradiofm\/wp-content\/uploads\/sites\/5\/2021\/12\/imss-oaxaca-3.jpg","datePublished":"2021-12-23T18:19:01+00:00","dateModified":"2021-12-23T18:19:03+00:00","author":{"@id":"https:\/\/www.bbmnoticias.com\/labravaradiofm\/#\/schema\/person\/68a9e9036ef3c5b55aeb2b71dc8bab45"},"breadcrumb":{"@id":"https:\/\/www.bbmnoticias.com\/labravaradiofm\/2021\/12\/23\/llama-imss-oaxaca-a-reforzar-medidas-preventivas-para-evitar-contagios-por-covid-19-durante-fiestas-decembrinas\/#breadcrumb"},"inLanguage":"es","potentialAction":[{"@type":"ReadAction","target":["https:\/\/www.bbmnoticias.com\/labravaradiofm\/2021\/12\/23\/llama-imss-oaxaca-a-reforzar-medidas-preventivas-para-evitar-contagios-por-covid-19-durante-fiestas-decembrinas\/"]}]},{"@type":"ImageObject","inLanguage":"es","@id":"https:\/\/www.bbmnoticias.com\/labravaradiofm\/2021\/12\/23\/llama-imss-oaxaca-a-reforzar-medidas-preventivas-para-evitar-contagios-por-covid-19-durante-fiestas-decembrinas\/#primaryimage","url":"https:\/\/www.bbmnoticias.com\/labravaradiofm\/wp-content\/uploads\/sites\/5\/2021\/12\/imss-oaxaca-3.jpg","contentUrl":"https:\/\/www.bbmnoticias.com\/labravaradiofm\/wp-content\/uploads\/sites\/5\/2021\/12\/imss-oaxaca-3.jpg","width":1280,"height":1110},{"@type":"BreadcrumbList","@id":"https:\/\/www.bbmnoticias.com\/labravaradiofm\/2021\/12\/23\/llama-imss-oaxaca-a-reforzar-medidas-preventivas-para-evitar-contagios-por-covid-19-durante-fiestas-decembrinas\/#breadcrumb","itemListElement":[{"@type":"ListItem","position":1,"name":"Inicio","item":"https:\/\/www.bbmnoticias.com\/labravaradiofm\/"},{"@type":"ListItem","position":2,"name":"Llama IMSS Oaxaca a reforzar medidas preventivas para evitar contagios por COVID-19 durante fiestas decembrinas"}]},{"@type":"WebSite","@id":"https:\/\/www.bbmnoticias.com\/labravaradiofm\/#website","url":"https:\/\/www.bbmnoticias.com\/labravaradiofm\/","name":"LA BRAVA RADIO","description":"Empresa productora de medios, Radiodifusi\u00f3n, Noticias, tendencias y todo lo que necesitas saber de la pol\u00edtica mexicana e internacional; entretenimiento, espect\u00e1culos, salud y mucho m\u00e1s.","potentialAction":[{"@type":"SearchAction","target":{"@type":"EntryPoint","urlTemplate":"https:\/\/www.bbmnoticias.com\/labravaradiofm\/?s={search_term_string}"},"query-input":{"@type":"PropertyValueSpecification","valueRequired":true,"valueName":"search_term_string"}}],"inLanguage":"es"},{"@type":"Person","@id":"https:\/\/www.bbmnoticias.com\/labravaradiofm\/#\/schema\/person\/68a9e9036ef3c5b55aeb2b71dc8bab45","name":"Staff","image":{"@type":"ImageObject","inLanguage":"es","@id":"https:\/\/secure.gravatar.com\/avatar\/fdd21ad66fd8b98c407f9dee5b5e588cfe7f0d8579ec20fa6527cd59bab7f0f0?s=96&d=mm&r=g","url":"https:\/\/secure.gravatar.com\/avatar\/fdd21ad66fd8b98c407f9dee5b5e588cfe7f0d8579ec20fa6527cd59bab7f0f0?s=96&d=mm&r=g","contentUrl":"https:\/\/secure.gravatar.com\/avatar\/fdd21ad66fd8b98c407f9dee5b5e588cfe7f0d8579ec20fa6527cd59bab7f0f0?s=96&d=mm&r=g","caption":"Staff"},"url":"https:\/\/www.bbmnoticias.com\/labravaradiofm\/author\/redaccion\/"}]}},"_links":{"self":[{"href":"https:\/\/www.bbmnoticias.com\/labravaradiofm\/wp-json\/wp\/v2\/posts\/7687","targetHints":{"allow":["GET"]}}],"collection":[{"href":"https:\/\/www.bbmnoticias.com\/labravaradiofm\/wp-json\/wp\/v2\/posts"}],"about":[{"href":"https:\/\/www.bbmnoticias.com\/labravaradiofm\/wp-json\/wp\/v2\/types\/post"}],"author":[{"embeddable":true,"href":"https:\/\/www.bbmnoticias.com\/labravaradiofm\/wp-json\/wp\/v2\/users\/2"}],"replies":[{"embeddable":true,"href":"https:\/\/www.bbmnoticias.com\/labravaradiofm\/wp-json\/wp\/v2\/comments?post=7687"}],"version-history":[{"count":0,"href":"https:\/\/www.bbmnoticias.com\/labravaradiofm\/wp-json\/wp\/v2\/posts\/7687\/revisions"}],"wp:featuredmedia":[{"embeddable":true,"href":"https:\/\/www.bbmnoticias.com\/labravaradiofm\/wp-json\/wp\/v2\/media\/7688"}],"wp:attachment":[{"href":"https:\/\/www.bbmnoticias.com\/labravaradiofm\/wp-json\/wp\/v2\/media?parent=7687"}],"wp:term":[{"taxonomy":"category","embeddable":true,"href":"https:\/\/www.bbmnoticias.com\/labravaradiofm\/wp-json\/wp\/v2\/categories?post=7687"},{"taxonomy":"post_tag","embeddable":true,"href":"https:\/\/www.bbmnoticias.com\/labravaradiofm\/wp-json\/wp\/v2\/tags?post=7687"}],"curies":[{"name":"wp","href":"https:\/\/api.w.org\/{rel}","templated":true}]}}