{"id":76791,"date":"2026-04-30T20:42:55","date_gmt":"2026-05-01T02:42:55","guid":{"rendered":"https:\/\/www.bbmnoticias.com\/labravaradiofm\/2026\/04\/30\/mas-patrullas-mas-presencia-refuerzan-seguridad-en-juchitan\/"},"modified":"2026-04-30T20:43:14","modified_gmt":"2026-05-01T02:43:14","slug":"mas-patrullas-mas-presencia-refuerzan-seguridad-en-juchitan","status":"publish","type":"post","link":"https:\/\/www.bbmnoticias.com\/labravaradiofm\/2026\/04\/30\/mas-patrullas-mas-presencia-refuerzan-seguridad-en-juchitan\/","title":{"rendered":"M\u00e1s patrullas, m\u00e1s presencia: refuerzan seguridad en Juchit\u00e1n"},"content":{"rendered":"<div style=\"margin-top: 0px; margin-bottom: 0px;\" class=\"sharethis-inline-share-buttons\" ><\/div>\n<p>En el marco del Plan Juchit\u00e1n para la Paz, el secretario de Gobierno, Jes\u00fas Romero L\u00f3pez, acompa\u00f1\u00f3 la entrega de 11 patrullas y 20 motopatrullas como parte del fortalecimiento a la Polic\u00eda Estatal, apostando por una corporaci\u00f3n mejor equipada y m\u00e1s cercana a la gente.<\/p>\n\n\n\n<p>Con una inversi\u00f3n cercana a los 20 millones de pesos, estas unidades no son solo veh\u00edculos, son herramientas para proteger, para llegar a tiempo y para responder cuando m\u00e1s se necesita. Es seguridad que se mueve, que se ve y que se siente.<\/p>\n\n\n\n<p>Una acci\u00f3n que busca resolver con presencia y fortalecimiento en territorio, coordinaci\u00f3n y cercan\u00eda, para que las familias de Juchit\u00e1n vivan con m\u00e1s tranquilidad y confianza, las y los juchitecos siempre tendr\u00e1n el respaldo y acompa\u00f1amiento del Estado.<\/p>\n","protected":false},"excerpt":{"rendered":"<p>En el marco del Plan Juchit\u00e1n para la Paz, el secretario de Gobierno, Jes\u00fas Romero L\u00f3pez, acompa\u00f1\u00f3 la entrega de 11 patrullas y 20 motopatrullas como parte del fortalecimiento a la Polic\u00eda Estatal, apostando por una corporaci\u00f3n mejor equipada y m\u00e1s cercana a la gente. Con una inversi\u00f3n cercana a los 20 millones de pesos, [&hellip;]<\/p>\n","protected":false},"author":2,"featured_media":76793,"comment_status":"closed","ping_status":"open","sticky":false,"template":"","format":"standard","meta":{"footnotes":""},"categories":[2],"tags":[],"class_list":{"0":"post-76791","1":"post","2":"type-post","3":"status-publish","4":"format-standard","5":"has-post-thumbnail","7":"category-oaxaca"},"yoast_head":"<!-- This site is optimized with the Yoast SEO plugin v27.4 - https:\/\/yoast.com\/product\/yoast-seo-wordpress\/ -->\n<title>M\u00e1s patrullas, m\u00e1s presencia: refuerzan seguridad en Juchit\u00e1n - LA BRAVA RADIO<\/title>\n<meta name=\"robots\" content=\"index, follow, max-snippet:-1, max-image-preview:large, max-video-preview:-1\" \/>\n<link rel=\"canonical\" href=\"https:\/\/www.bbmnoticias.com\/mas-patrullas-mas-presencia-refuerzan-seguridad-en-juchitan\/\" \/>\n<meta property=\"og:locale\" content=\"es_MX\" \/>\n<meta property=\"og:type\" content=\"article\" \/>\n<meta property=\"og:title\" content=\"M\u00e1s patrullas, m\u00e1s presencia: refuerzan seguridad en Juchit\u00e1n - LA BRAVA RADIO\" \/>\n<meta property=\"og:description\" content=\"En el marco del Plan Juchit\u00e1n para la Paz, el secretario de Gobierno, Jes\u00fas Romero L\u00f3pez, acompa\u00f1\u00f3 la entrega de 11 patrullas y 20 motopatrullas como parte del fortalecimiento a la Polic\u00eda Estatal, apostando por una corporaci\u00f3n mejor equipada y m\u00e1s cercana a la gente. Con una inversi\u00f3n cercana a los 20 millones de pesos, [&hellip;]\" \/>\n<meta property=\"og:url\" content=\"https:\/\/www.bbmnoticias.com\/mas-patrullas-mas-presencia-refuerzan-seguridad-en-juchitan\/\" \/>\n<meta property=\"og:site_name\" content=\"LA BRAVA RADIO\" \/>\n<meta property=\"article:published_time\" content=\"2026-05-01T02:42:55+00:00\" \/>\n<meta property=\"article:modified_time\" content=\"2026-05-01T02:43:14+00:00\" \/>\n<meta property=\"og:image\" content=\"https:\/\/www.bbmnoticias.com\/labravaradiofm\/wp-content\/uploads\/sites\/5\/2026\/04\/patrullas_juchitan.jpg\" \/>\n\t<meta property=\"og:image:width\" content=\"800\" \/>\n\t<meta property=\"og:image:height\" content=\"522\" \/>\n\t<meta property=\"og:image:type\" content=\"image\/jpeg\" \/>\n<meta name=\"author\" content=\"Staff\" \/>\n<meta name=\"twitter:card\" content=\"summary_large_image\" \/>\n<meta name=\"twitter:label1\" content=\"Escrito por\" \/>\n\t<meta name=\"twitter:data1\" content=\"Staff\" \/>\n\t<meta name=\"twitter:label2\" content=\"Tiempo de lectura\" \/>\n\t<meta name=\"twitter:data2\" content=\"1 minuto\" \/>\n<script type=\"application\/ld+json\" class=\"yoast-schema-graph\">{\"@context\":\"https:\\\/\\\/schema.org\",\"@graph\":[{\"@type\":\"Article\",\"@id\":\"https:\\\/\\\/www.bbmnoticias.com\\\/mas-patrullas-mas-presencia-refuerzan-seguridad-en-juchitan\\\/#article\",\"isPartOf\":{\"@id\":\"https:\\\/\\\/www.bbmnoticias.com\\\/labravaradiofm\\\/2026\\\/04\\\/30\\\/mas-patrullas-mas-presencia-refuerzan-seguridad-en-juchitan\\\/\"},\"author\":{\"name\":\"Staff\",\"@id\":\"https:\\\/\\\/www.bbmnoticias.com\\\/labravaradiofm\\\/#\\\/schema\\\/person\\\/34b139c617a70ea5bef5678bffe4dd7b\"},\"headline\":\"M\u00e1s patrullas, m\u00e1s presencia: refuerzan seguridad en Juchit\u00e1n\",\"datePublished\":\"2026-05-01T02:42:55+00:00\",\"dateModified\":\"2026-05-01T02:43:14+00:00\",\"mainEntityOfPage\":{\"@id\":\"https:\\\/\\\/www.bbmnoticias.com\\\/labravaradiofm\\\/2026\\\/04\\\/30\\\/mas-patrullas-mas-presencia-refuerzan-seguridad-en-juchitan\\\/\"},\"wordCount\":150,\"image\":{\"@id\":\"https:\\\/\\\/www.bbmnoticias.com\\\/mas-patrullas-mas-presencia-refuerzan-seguridad-en-juchitan\\\/#primaryimage\"},\"thumbnailUrl\":\"https:\\\/\\\/www.bbmnoticias.com\\\/labravaradiofm\\\/wp-content\\\/uploads\\\/sites\\\/5\\\/2026\\\/04\\\/patrullas_juchitan.jpg\",\"articleSection\":[\"LOCAL\"],\"inLanguage\":\"es\"},{\"@type\":\"WebPage\",\"@id\":\"https:\\\/\\\/www.bbmnoticias.com\\\/labravaradiofm\\\/2026\\\/04\\\/30\\\/mas-patrullas-mas-presencia-refuerzan-seguridad-en-juchitan\\\/\",\"url\":\"https:\\\/\\\/www.bbmnoticias.com\\\/mas-patrullas-mas-presencia-refuerzan-seguridad-en-juchitan\\\/\",\"name\":\"M\u00e1s patrullas, m\u00e1s presencia: refuerzan seguridad en Juchit\u00e1n - LA BRAVA RADIO\",\"isPartOf\":{\"@id\":\"https:\\\/\\\/www.bbmnoticias.com\\\/labravaradiofm\\\/#website\"},\"primaryImageOfPage\":{\"@id\":\"https:\\\/\\\/www.bbmnoticias.com\\\/mas-patrullas-mas-presencia-refuerzan-seguridad-en-juchitan\\\/#primaryimage\"},\"image\":{\"@id\":\"https:\\\/\\\/www.bbmnoticias.com\\\/mas-patrullas-mas-presencia-refuerzan-seguridad-en-juchitan\\\/#primaryimage\"},\"thumbnailUrl\":\"https:\\\/\\\/www.bbmnoticias.com\\\/labravaradiofm\\\/wp-content\\\/uploads\\\/sites\\\/5\\\/2026\\\/04\\\/patrullas_juchitan.jpg\",\"datePublished\":\"2026-05-01T02:42:55+00:00\",\"dateModified\":\"2026-05-01T02:43:14+00:00\",\"author\":{\"@id\":\"https:\\\/\\\/www.bbmnoticias.com\\\/labravaradiofm\\\/#\\\/schema\\\/person\\\/34b139c617a70ea5bef5678bffe4dd7b\"},\"breadcrumb\":{\"@id\":\"https:\\\/\\\/www.bbmnoticias.com\\\/mas-patrullas-mas-presencia-refuerzan-seguridad-en-juchitan\\\/#breadcrumb\"},\"inLanguage\":\"es\",\"potentialAction\":[{\"@type\":\"ReadAction\",\"target\":[\"https:\\\/\\\/www.bbmnoticias.com\\\/mas-patrullas-mas-presencia-refuerzan-seguridad-en-juchitan\\\/\"]}]},{\"@type\":\"ImageObject\",\"inLanguage\":\"es\",\"@id\":\"https:\\\/\\\/www.bbmnoticias.com\\\/mas-patrullas-mas-presencia-refuerzan-seguridad-en-juchitan\\\/#primaryimage\",\"url\":\"https:\\\/\\\/www.bbmnoticias.com\\\/labravaradiofm\\\/wp-content\\\/uploads\\\/sites\\\/5\\\/2026\\\/04\\\/patrullas_juchitan.jpg\",\"contentUrl\":\"https:\\\/\\\/www.bbmnoticias.com\\\/labravaradiofm\\\/wp-content\\\/uploads\\\/sites\\\/5\\\/2026\\\/04\\\/patrullas_juchitan.jpg\",\"width\":800,\"height\":522},{\"@type\":\"BreadcrumbList\",\"@id\":\"https:\\\/\\\/www.bbmnoticias.com\\\/mas-patrullas-mas-presencia-refuerzan-seguridad-en-juchitan\\\/#breadcrumb\",\"itemListElement\":[{\"@type\":\"ListItem\",\"position\":1,\"name\":\"Inicio\",\"item\":\"https:\\\/\\\/www.bbmnoticias.com\\\/labravaradiofm\\\/\"},{\"@type\":\"ListItem\",\"position\":2,\"name\":\"M\u00e1s patrullas, m\u00e1s presencia: refuerzan seguridad en Juchit\u00e1n\"}]},{\"@type\":\"WebSite\",\"@id\":\"https:\\\/\\\/www.bbmnoticias.com\\\/labravaradiofm\\\/#website\",\"url\":\"https:\\\/\\\/www.bbmnoticias.com\\\/labravaradiofm\\\/\",\"name\":\"LA BRAVA RADIO\",\"description\":\"Empresa productora de medios, Radiodifusi\u00f3n, Noticias, tendencias y todo lo que necesitas saber de la pol\u00edtica mexicana e internacional; entretenimiento, espect\u00e1culos, salud y mucho m\u00e1s.\",\"potentialAction\":[{\"@type\":\"SearchAction\",\"target\":{\"@type\":\"EntryPoint\",\"urlTemplate\":\"https:\\\/\\\/www.bbmnoticias.com\\\/labravaradiofm\\\/?s={search_term_string}\"},\"query-input\":{\"@type\":\"PropertyValueSpecification\",\"valueRequired\":true,\"valueName\":\"search_term_string\"}}],\"inLanguage\":\"es\"},{\"@type\":\"Person\",\"@id\":\"https:\\\/\\\/www.bbmnoticias.com\\\/labravaradiofm\\\/#\\\/schema\\\/person\\\/34b139c617a70ea5bef5678bffe4dd7b\",\"name\":\"Staff\",\"image\":{\"@type\":\"ImageObject\",\"inLanguage\":\"es\",\"@id\":\"https:\\\/\\\/secure.gravatar.com\\\/avatar\\\/fdd21ad66fd8b98c407f9dee5b5e588cfe7f0d8579ec20fa6527cd59bab7f0f0?s=96&d=mm&r=g\",\"url\":\"https:\\\/\\\/secure.gravatar.com\\\/avatar\\\/fdd21ad66fd8b98c407f9dee5b5e588cfe7f0d8579ec20fa6527cd59bab7f0f0?s=96&d=mm&r=g\",\"contentUrl\":\"https:\\\/\\\/secure.gravatar.com\\\/avatar\\\/fdd21ad66fd8b98c407f9dee5b5e588cfe7f0d8579ec20fa6527cd59bab7f0f0?s=96&d=mm&r=g\",\"caption\":\"Staff\"},\"url\":\"https:\\\/\\\/www.bbmnoticias.com\\\/labravaradiofm\\\/author\\\/redaccion\\\/\"}]}<\/script>\n<!-- \/ Yoast SEO plugin. -->","yoast_head_json":{"title":"M\u00e1s patrullas, m\u00e1s presencia: refuerzan seguridad en Juchit\u00e1n - LA BRAVA RADIO","robots":{"index":"index","follow":"follow","max-snippet":"max-snippet:-1","max-image-preview":"max-image-preview:large","max-video-preview":"max-video-preview:-1"},"canonical":"https:\/\/www.bbmnoticias.com\/mas-patrullas-mas-presencia-refuerzan-seguridad-en-juchitan\/","og_locale":"es_MX","og_type":"article","og_title":"M\u00e1s patrullas, m\u00e1s presencia: refuerzan seguridad en Juchit\u00e1n - LA BRAVA RADIO","og_description":"En el marco del Plan Juchit\u00e1n para la Paz, el secretario de Gobierno, Jes\u00fas Romero L\u00f3pez, acompa\u00f1\u00f3 la entrega de 11 patrullas y 20 motopatrullas como parte del fortalecimiento a la Polic\u00eda Estatal, apostando por una corporaci\u00f3n mejor equipada y m\u00e1s cercana a la gente. Con una inversi\u00f3n cercana a los 20 millones de pesos, [&hellip;]","og_url":"https:\/\/www.bbmnoticias.com\/mas-patrullas-mas-presencia-refuerzan-seguridad-en-juchitan\/","og_site_name":"LA BRAVA RADIO","article_published_time":"2026-05-01T02:42:55+00:00","article_modified_time":"2026-05-01T02:43:14+00:00","og_image":[{"width":800,"height":522,"url":"https:\/\/www.bbmnoticias.com\/labravaradiofm\/wp-content\/uploads\/sites\/5\/2026\/04\/patrullas_juchitan.jpg","type":"image\/jpeg"}],"author":"Staff","twitter_card":"summary_large_image","twitter_misc":{"Escrito por":"Staff","Tiempo de lectura":"1 minuto"},"schema":{"@context":"https:\/\/schema.org","@graph":[{"@type":"Article","@id":"https:\/\/www.bbmnoticias.com\/mas-patrullas-mas-presencia-refuerzan-seguridad-en-juchitan\/#article","isPartOf":{"@id":"https:\/\/www.bbmnoticias.com\/labravaradiofm\/2026\/04\/30\/mas-patrullas-mas-presencia-refuerzan-seguridad-en-juchitan\/"},"author":{"name":"Staff","@id":"https:\/\/www.bbmnoticias.com\/labravaradiofm\/#\/schema\/person\/34b139c617a70ea5bef5678bffe4dd7b"},"headline":"M\u00e1s patrullas, m\u00e1s presencia: refuerzan seguridad en Juchit\u00e1n","datePublished":"2026-05-01T02:42:55+00:00","dateModified":"2026-05-01T02:43:14+00:00","mainEntityOfPage":{"@id":"https:\/\/www.bbmnoticias.com\/labravaradiofm\/2026\/04\/30\/mas-patrullas-mas-presencia-refuerzan-seguridad-en-juchitan\/"},"wordCount":150,"image":{"@id":"https:\/\/www.bbmnoticias.com\/mas-patrullas-mas-presencia-refuerzan-seguridad-en-juchitan\/#primaryimage"},"thumbnailUrl":"https:\/\/www.bbmnoticias.com\/labravaradiofm\/wp-content\/uploads\/sites\/5\/2026\/04\/patrullas_juchitan.jpg","articleSection":["LOCAL"],"inLanguage":"es"},{"@type":"WebPage","@id":"https:\/\/www.bbmnoticias.com\/labravaradiofm\/2026\/04\/30\/mas-patrullas-mas-presencia-refuerzan-seguridad-en-juchitan\/","url":"https:\/\/www.bbmnoticias.com\/mas-patrullas-mas-presencia-refuerzan-seguridad-en-juchitan\/","name":"M\u00e1s patrullas, m\u00e1s presencia: refuerzan seguridad en Juchit\u00e1n - LA BRAVA RADIO","isPartOf":{"@id":"https:\/\/www.bbmnoticias.com\/labravaradiofm\/#website"},"primaryImageOfPage":{"@id":"https:\/\/www.bbmnoticias.com\/mas-patrullas-mas-presencia-refuerzan-seguridad-en-juchitan\/#primaryimage"},"image":{"@id":"https:\/\/www.bbmnoticias.com\/mas-patrullas-mas-presencia-refuerzan-seguridad-en-juchitan\/#primaryimage"},"thumbnailUrl":"https:\/\/www.bbmnoticias.com\/labravaradiofm\/wp-content\/uploads\/sites\/5\/2026\/04\/patrullas_juchitan.jpg","datePublished":"2026-05-01T02:42:55+00:00","dateModified":"2026-05-01T02:43:14+00:00","author":{"@id":"https:\/\/www.bbmnoticias.com\/labravaradiofm\/#\/schema\/person\/34b139c617a70ea5bef5678bffe4dd7b"},"breadcrumb":{"@id":"https:\/\/www.bbmnoticias.com\/mas-patrullas-mas-presencia-refuerzan-seguridad-en-juchitan\/#breadcrumb"},"inLanguage":"es","potentialAction":[{"@type":"ReadAction","target":["https:\/\/www.bbmnoticias.com\/mas-patrullas-mas-presencia-refuerzan-seguridad-en-juchitan\/"]}]},{"@type":"ImageObject","inLanguage":"es","@id":"https:\/\/www.bbmnoticias.com\/mas-patrullas-mas-presencia-refuerzan-seguridad-en-juchitan\/#primaryimage","url":"https:\/\/www.bbmnoticias.com\/labravaradiofm\/wp-content\/uploads\/sites\/5\/2026\/04\/patrullas_juchitan.jpg","contentUrl":"https:\/\/www.bbmnoticias.com\/labravaradiofm\/wp-content\/uploads\/sites\/5\/2026\/04\/patrullas_juchitan.jpg","width":800,"height":522},{"@type":"BreadcrumbList","@id":"https:\/\/www.bbmnoticias.com\/mas-patrullas-mas-presencia-refuerzan-seguridad-en-juchitan\/#breadcrumb","itemListElement":[{"@type":"ListItem","position":1,"name":"Inicio","item":"https:\/\/www.bbmnoticias.com\/labravaradiofm\/"},{"@type":"ListItem","position":2,"name":"M\u00e1s patrullas, m\u00e1s presencia: refuerzan seguridad en Juchit\u00e1n"}]},{"@type":"WebSite","@id":"https:\/\/www.bbmnoticias.com\/labravaradiofm\/#website","url":"https:\/\/www.bbmnoticias.com\/labravaradiofm\/","name":"LA BRAVA RADIO","description":"Empresa productora de medios, Radiodifusi\u00f3n, Noticias, tendencias y todo lo que necesitas saber de la pol\u00edtica mexicana e internacional; entretenimiento, espect\u00e1culos, salud y mucho m\u00e1s.","potentialAction":[{"@type":"SearchAction","target":{"@type":"EntryPoint","urlTemplate":"https:\/\/www.bbmnoticias.com\/labravaradiofm\/?s={search_term_string}"},"query-input":{"@type":"PropertyValueSpecification","valueRequired":true,"valueName":"search_term_string"}}],"inLanguage":"es"},{"@type":"Person","@id":"https:\/\/www.bbmnoticias.com\/labravaradiofm\/#\/schema\/person\/34b139c617a70ea5bef5678bffe4dd7b","name":"Staff","image":{"@type":"ImageObject","inLanguage":"es","@id":"https:\/\/secure.gravatar.com\/avatar\/fdd21ad66fd8b98c407f9dee5b5e588cfe7f0d8579ec20fa6527cd59bab7f0f0?s=96&d=mm&r=g","url":"https:\/\/secure.gravatar.com\/avatar\/fdd21ad66fd8b98c407f9dee5b5e588cfe7f0d8579ec20fa6527cd59bab7f0f0?s=96&d=mm&r=g","contentUrl":"https:\/\/secure.gravatar.com\/avatar\/fdd21ad66fd8b98c407f9dee5b5e588cfe7f0d8579ec20fa6527cd59bab7f0f0?s=96&d=mm&r=g","caption":"Staff"},"url":"https:\/\/www.bbmnoticias.com\/labravaradiofm\/author\/redaccion\/"}]}},"_links":{"self":[{"href":"https:\/\/www.bbmnoticias.com\/labravaradiofm\/wp-json\/wp\/v2\/posts\/76791","targetHints":{"allow":["GET"]}}],"collection":[{"href":"https:\/\/www.bbmnoticias.com\/labravaradiofm\/wp-json\/wp\/v2\/posts"}],"about":[{"href":"https:\/\/www.bbmnoticias.com\/labravaradiofm\/wp-json\/wp\/v2\/types\/post"}],"author":[{"embeddable":true,"href":"https:\/\/www.bbmnoticias.com\/labravaradiofm\/wp-json\/wp\/v2\/users\/2"}],"replies":[{"embeddable":true,"href":"https:\/\/www.bbmnoticias.com\/labravaradiofm\/wp-json\/wp\/v2\/comments?post=76791"}],"version-history":[{"count":1,"href":"https:\/\/www.bbmnoticias.com\/labravaradiofm\/wp-json\/wp\/v2\/posts\/76791\/revisions"}],"predecessor-version":[{"id":76792,"href":"https:\/\/www.bbmnoticias.com\/labravaradiofm\/wp-json\/wp\/v2\/posts\/76791\/revisions\/76792"}],"wp:featuredmedia":[{"embeddable":true,"href":"https:\/\/www.bbmnoticias.com\/labravaradiofm\/wp-json\/wp\/v2\/media\/76793"}],"wp:attachment":[{"href":"https:\/\/www.bbmnoticias.com\/labravaradiofm\/wp-json\/wp\/v2\/media?parent=76791"}],"wp:term":[{"taxonomy":"category","embeddable":true,"href":"https:\/\/www.bbmnoticias.com\/labravaradiofm\/wp-json\/wp\/v2\/categories?post=76791"},{"taxonomy":"post_tag","embeddable":true,"href":"https:\/\/www.bbmnoticias.com\/labravaradiofm\/wp-json\/wp\/v2\/tags?post=76791"}],"curies":[{"name":"wp","href":"https:\/\/api.w.org\/{rel}","templated":true}]}}