{"id":7678,"date":"2021-12-23T11:09:32","date_gmt":"2021-12-23T17:09:32","guid":{"rendered":"https:\/\/www.bbmnoticias.com\/labravaradiofm\/?p=7678"},"modified":"2021-12-23T11:10:25","modified_gmt":"2021-12-23T17:10:25","slug":"rechaza-susana-harp-decision-de-morena-y-anuncia-que-defendera-candidatura-al-gobierno-de-oaxaca","status":"publish","type":"post","link":"https:\/\/www.bbmnoticias.com\/labravaradiofm\/2021\/12\/23\/rechaza-susana-harp-decision-de-morena-y-anuncia-que-defendera-candidatura-al-gobierno-de-oaxaca\/","title":{"rendered":"Rechaza Susana Harp decisi\u00f3n de Morena y anuncia que defender\u00e1 candidatura al gobierno de Oaxaca"},"content":{"rendered":"<div style=\"margin-top: 0px; margin-bottom: 0px;\" class=\"sharethis-inline-share-buttons\" ><\/div>\n<p>Oaxaca.\u2013 La senadora de la Rep\u00fablica <strong>Susana Harp Iturribarr\u00eda <\/strong>anunci\u00f3 que<strong> recurrir\u00e1 a la justicia <\/strong>para inconformarse con la decisi\u00f3n del partido Morena por designar a Salom\u00f3n Jara Cruz como su candidato al gobierno de Oaxaca.<\/p>\n\n\n\n<p>\u201cLes informo que procederemos frente a esta acci\u00f3n, la justicia nos asiste. Defenderemos la voluntad y defenderemos la candidatura en este proceso interno\u201d, inform\u00f3 a trav\u00e9s de un comunicado en sus redes sociales.<\/p>\n\n\n\n<p>Seg\u00fan la Senadora en la encuesta del Comit\u00e9 de elecciones de Morena, el porcentaje de opiniones positivas hacia su persona es alto y los negativos que tiene son muy bajos, apenas un 4.1%, frente a un 13.3% de opiniones negativas con las que cuentan otros aspirantes. \u201cEsta misma ponderaci\u00f3n se repite en las otras 3 encuestas\u201d, sostuvo.<\/p>\n\n\n\n<h2 class=\"wp-block-heading\">Pueblo de Oaxaca quiere que una mujer llegue a la gubernatura: Harp&nbsp;<\/h2>\n\n\n\n<p>De acuerdo a los resultados que les dieron las tres encuestadoras,&nbsp; m\u00e1s la de Morena, dijo que Oaxaca es el estado con mayor n\u00famero de competitividad porque existe un 50.77% de probabilidad de que Morena triunfe en Oaxaca.<\/p>\n\n\n\n<p>\u201cPor ello, y en cumplimiento a los lineamientos de paridad, debe ser una mujer quien sea la persona candidata en nuestra tierra\u201d, se\u00f1al\u00f3.<\/p>\n\n\n\n<p>Susana Harp recalc\u00f3 que lo anterior se fundamenta en que el pueblo de Oaxaca \u201cha dejado claro que quiere que por primera vez una mujer llegue a la gubernatura\u201d.<\/p>\n\n\n\n<p>En todas las encuestas realizadas la opini\u00f3n se mantiene entre 55.5, 52.5, 50.6 y 62.1% a favor de que Morena postule a una mujer como candidata.<\/p>\n\n\n\n<p>\u201cEl mensaje del pueblo ha sido expuesto y debe respetarse. La comisi\u00f3n de elecciones de Morena debe respetar el sentir de las mujeres y hombres de Oaxaca\u201d, sentenci\u00f3 la Senadora.<\/p>\n\n\n\n<p>Por su parte, Salom\u00f3n Jara escribi\u00f3 en sus redes sociales que es momento de trabajar en unidad \u201cmujeres y hombres de todos los pueblos de Oaxaca. Es momento de alcanzar el sue\u00f1o, construir el futuro y defender la esperanza\u201d.<\/p>\n\n\n\n<p>El senador con licencia de Morena tambi\u00e9n expres\u00f3 su agradecimiento a los oaxaque\u00f1os que lo han \u201chonrado con su confianza para encabezar el proceso de transformaci\u00f3n en nuestro estado\u201d y expres\u00f3 su respeto y reconocimiento a los otros aspirantes a la candidatura Irma Juan Carlos, Susana Harp, Benjam\u00edn Robles, Armando Contreras y Ra\u00fal Bola\u00f1os.<\/p>\n\n\n\n<p>\u201cSomos parte de un mismo equipo, impulsamos un mismo proyecto. Todas y todos queremos que la Cuarta Transformaci\u00f3n llegue a Oaxaca\u201d, finaliz\u00f3.<\/p>\n","protected":false},"excerpt":{"rendered":"<p>Oaxaca.\u2013 La senadora de la Rep\u00fablica Susana Harp Iturribarr\u00eda anunci\u00f3 que recurrir\u00e1 a la justicia para inconformarse con la decisi\u00f3n del partido Morena por designar a Salom\u00f3n Jara Cruz como su candidato al gobierno de Oaxaca. \u201cLes informo que procederemos frente a esta acci\u00f3n, la justicia nos asiste. Defenderemos la voluntad y defenderemos la candidatura [&hellip;]<\/p>\n","protected":false},"author":2,"featured_media":7679,"comment_status":"closed","ping_status":"closed","sticky":false,"template":"","format":"standard","meta":{"footnotes":""},"categories":[2],"tags":[],"class_list":{"0":"post-7678","1":"post","2":"type-post","3":"status-publish","4":"format-standard","5":"has-post-thumbnail","7":"category-oaxaca"},"yoast_head":"<!-- This site is optimized with the Yoast SEO plugin v27.4 - https:\/\/yoast.com\/product\/yoast-seo-wordpress\/ -->\n<title>Rechaza Susana Harp decisi\u00f3n de Morena y anuncia que defender\u00e1 candidatura al gobierno de Oaxaca - LA BRAVA RADIO<\/title>\n<meta name=\"robots\" content=\"index, follow, max-snippet:-1, max-image-preview:large, max-video-preview:-1\" \/>\n<link rel=\"canonical\" href=\"https:\/\/www.bbmnoticias.com\/labravaradiofm\/2021\/12\/23\/rechaza-susana-harp-decision-de-morena-y-anuncia-que-defendera-candidatura-al-gobierno-de-oaxaca\/\" \/>\n<meta property=\"og:locale\" content=\"es_MX\" \/>\n<meta property=\"og:type\" content=\"article\" \/>\n<meta property=\"og:title\" content=\"Rechaza Susana Harp decisi\u00f3n de Morena y anuncia que defender\u00e1 candidatura al gobierno de Oaxaca - LA BRAVA RADIO\" \/>\n<meta property=\"og:description\" content=\"Oaxaca.\u2013 La senadora de la Rep\u00fablica Susana Harp Iturribarr\u00eda anunci\u00f3 que recurrir\u00e1 a la justicia para inconformarse con la decisi\u00f3n del partido Morena por designar a Salom\u00f3n Jara Cruz como su candidato al gobierno de Oaxaca. \u201cLes informo que procederemos frente a esta acci\u00f3n, la justicia nos asiste. Defenderemos la voluntad y defenderemos la candidatura [&hellip;]\" \/>\n<meta property=\"og:url\" content=\"https:\/\/www.bbmnoticias.com\/labravaradiofm\/2021\/12\/23\/rechaza-susana-harp-decision-de-morena-y-anuncia-que-defendera-candidatura-al-gobierno-de-oaxaca\/\" \/>\n<meta property=\"og:site_name\" content=\"LA BRAVA RADIO\" \/>\n<meta property=\"article:published_time\" content=\"2021-12-23T17:09:32+00:00\" \/>\n<meta property=\"article:modified_time\" content=\"2021-12-23T17:10:25+00:00\" \/>\n<meta property=\"og:image\" content=\"https:\/\/www.bbmnoticias.com\/labravaradiofm\/wp-content\/uploads\/sites\/5\/2021\/12\/susana-harp.jpg\" \/>\n\t<meta property=\"og:image:width\" content=\"640\" \/>\n\t<meta property=\"og:image:height\" content=\"426\" \/>\n\t<meta property=\"og:image:type\" content=\"image\/jpeg\" \/>\n<meta name=\"author\" content=\"Staff\" \/>\n<meta name=\"twitter:card\" content=\"summary_large_image\" \/>\n<meta name=\"twitter:label1\" content=\"Escrito por\" \/>\n\t<meta name=\"twitter:data1\" content=\"Staff\" \/>\n\t<meta name=\"twitter:label2\" content=\"Tiempo de lectura\" \/>\n\t<meta name=\"twitter:data2\" content=\"2 minutos\" \/>\n<script type=\"application\/ld+json\" class=\"yoast-schema-graph\">{\"@context\":\"https:\\\/\\\/schema.org\",\"@graph\":[{\"@type\":\"Article\",\"@id\":\"https:\\\/\\\/www.bbmnoticias.com\\\/labravaradiofm\\\/2021\\\/12\\\/23\\\/rechaza-susana-harp-decision-de-morena-y-anuncia-que-defendera-candidatura-al-gobierno-de-oaxaca\\\/#article\",\"isPartOf\":{\"@id\":\"https:\\\/\\\/www.bbmnoticias.com\\\/labravaradiofm\\\/2021\\\/12\\\/23\\\/rechaza-susana-harp-decision-de-morena-y-anuncia-que-defendera-candidatura-al-gobierno-de-oaxaca\\\/\"},\"author\":{\"name\":\"Staff\",\"@id\":\"https:\\\/\\\/www.bbmnoticias.com\\\/labravaradiofm\\\/#\\\/schema\\\/person\\\/68a9e9036ef3c5b55aeb2b71dc8bab45\"},\"headline\":\"Rechaza Susana Harp decisi\u00f3n de Morena y anuncia que defender\u00e1 candidatura al gobierno de Oaxaca\",\"datePublished\":\"2021-12-23T17:09:32+00:00\",\"dateModified\":\"2021-12-23T17:10:25+00:00\",\"mainEntityOfPage\":{\"@id\":\"https:\\\/\\\/www.bbmnoticias.com\\\/labravaradiofm\\\/2021\\\/12\\\/23\\\/rechaza-susana-harp-decision-de-morena-y-anuncia-que-defendera-candidatura-al-gobierno-de-oaxaca\\\/\"},\"wordCount\":431,\"image\":{\"@id\":\"https:\\\/\\\/www.bbmnoticias.com\\\/labravaradiofm\\\/2021\\\/12\\\/23\\\/rechaza-susana-harp-decision-de-morena-y-anuncia-que-defendera-candidatura-al-gobierno-de-oaxaca\\\/#primaryimage\"},\"thumbnailUrl\":\"https:\\\/\\\/www.bbmnoticias.com\\\/labravaradiofm\\\/wp-content\\\/uploads\\\/sites\\\/5\\\/2021\\\/12\\\/susana-harp.jpg\",\"articleSection\":[\"LOCAL\"],\"inLanguage\":\"es\"},{\"@type\":\"WebPage\",\"@id\":\"https:\\\/\\\/www.bbmnoticias.com\\\/labravaradiofm\\\/2021\\\/12\\\/23\\\/rechaza-susana-harp-decision-de-morena-y-anuncia-que-defendera-candidatura-al-gobierno-de-oaxaca\\\/\",\"url\":\"https:\\\/\\\/www.bbmnoticias.com\\\/labravaradiofm\\\/2021\\\/12\\\/23\\\/rechaza-susana-harp-decision-de-morena-y-anuncia-que-defendera-candidatura-al-gobierno-de-oaxaca\\\/\",\"name\":\"Rechaza Susana Harp decisi\u00f3n de Morena y anuncia que defender\u00e1 candidatura al gobierno de Oaxaca - LA BRAVA RADIO\",\"isPartOf\":{\"@id\":\"https:\\\/\\\/www.bbmnoticias.com\\\/labravaradiofm\\\/#website\"},\"primaryImageOfPage\":{\"@id\":\"https:\\\/\\\/www.bbmnoticias.com\\\/labravaradiofm\\\/2021\\\/12\\\/23\\\/rechaza-susana-harp-decision-de-morena-y-anuncia-que-defendera-candidatura-al-gobierno-de-oaxaca\\\/#primaryimage\"},\"image\":{\"@id\":\"https:\\\/\\\/www.bbmnoticias.com\\\/labravaradiofm\\\/2021\\\/12\\\/23\\\/rechaza-susana-harp-decision-de-morena-y-anuncia-que-defendera-candidatura-al-gobierno-de-oaxaca\\\/#primaryimage\"},\"thumbnailUrl\":\"https:\\\/\\\/www.bbmnoticias.com\\\/labravaradiofm\\\/wp-content\\\/uploads\\\/sites\\\/5\\\/2021\\\/12\\\/susana-harp.jpg\",\"datePublished\":\"2021-12-23T17:09:32+00:00\",\"dateModified\":\"2021-12-23T17:10:25+00:00\",\"author\":{\"@id\":\"https:\\\/\\\/www.bbmnoticias.com\\\/labravaradiofm\\\/#\\\/schema\\\/person\\\/68a9e9036ef3c5b55aeb2b71dc8bab45\"},\"breadcrumb\":{\"@id\":\"https:\\\/\\\/www.bbmnoticias.com\\\/labravaradiofm\\\/2021\\\/12\\\/23\\\/rechaza-susana-harp-decision-de-morena-y-anuncia-que-defendera-candidatura-al-gobierno-de-oaxaca\\\/#breadcrumb\"},\"inLanguage\":\"es\",\"potentialAction\":[{\"@type\":\"ReadAction\",\"target\":[\"https:\\\/\\\/www.bbmnoticias.com\\\/labravaradiofm\\\/2021\\\/12\\\/23\\\/rechaza-susana-harp-decision-de-morena-y-anuncia-que-defendera-candidatura-al-gobierno-de-oaxaca\\\/\"]}]},{\"@type\":\"ImageObject\",\"inLanguage\":\"es\",\"@id\":\"https:\\\/\\\/www.bbmnoticias.com\\\/labravaradiofm\\\/2021\\\/12\\\/23\\\/rechaza-susana-harp-decision-de-morena-y-anuncia-que-defendera-candidatura-al-gobierno-de-oaxaca\\\/#primaryimage\",\"url\":\"https:\\\/\\\/www.bbmnoticias.com\\\/labravaradiofm\\\/wp-content\\\/uploads\\\/sites\\\/5\\\/2021\\\/12\\\/susana-harp.jpg\",\"contentUrl\":\"https:\\\/\\\/www.bbmnoticias.com\\\/labravaradiofm\\\/wp-content\\\/uploads\\\/sites\\\/5\\\/2021\\\/12\\\/susana-harp.jpg\",\"width\":640,\"height\":426},{\"@type\":\"BreadcrumbList\",\"@id\":\"https:\\\/\\\/www.bbmnoticias.com\\\/labravaradiofm\\\/2021\\\/12\\\/23\\\/rechaza-susana-harp-decision-de-morena-y-anuncia-que-defendera-candidatura-al-gobierno-de-oaxaca\\\/#breadcrumb\",\"itemListElement\":[{\"@type\":\"ListItem\",\"position\":1,\"name\":\"Inicio\",\"item\":\"https:\\\/\\\/www.bbmnoticias.com\\\/labravaradiofm\\\/\"},{\"@type\":\"ListItem\",\"position\":2,\"name\":\"Rechaza Susana Harp decisi\u00f3n de Morena y anuncia que defender\u00e1 candidatura al gobierno de Oaxaca\"}]},{\"@type\":\"WebSite\",\"@id\":\"https:\\\/\\\/www.bbmnoticias.com\\\/labravaradiofm\\\/#website\",\"url\":\"https:\\\/\\\/www.bbmnoticias.com\\\/labravaradiofm\\\/\",\"name\":\"LA BRAVA RADIO\",\"description\":\"Empresa productora de medios, Radiodifusi\u00f3n, Noticias, tendencias y todo lo que necesitas saber de la pol\u00edtica mexicana e internacional; entretenimiento, espect\u00e1culos, salud y mucho m\u00e1s.\",\"potentialAction\":[{\"@type\":\"SearchAction\",\"target\":{\"@type\":\"EntryPoint\",\"urlTemplate\":\"https:\\\/\\\/www.bbmnoticias.com\\\/labravaradiofm\\\/?s={search_term_string}\"},\"query-input\":{\"@type\":\"PropertyValueSpecification\",\"valueRequired\":true,\"valueName\":\"search_term_string\"}}],\"inLanguage\":\"es\"},{\"@type\":\"Person\",\"@id\":\"https:\\\/\\\/www.bbmnoticias.com\\\/labravaradiofm\\\/#\\\/schema\\\/person\\\/68a9e9036ef3c5b55aeb2b71dc8bab45\",\"name\":\"Staff\",\"image\":{\"@type\":\"ImageObject\",\"inLanguage\":\"es\",\"@id\":\"https:\\\/\\\/secure.gravatar.com\\\/avatar\\\/fdd21ad66fd8b98c407f9dee5b5e588cfe7f0d8579ec20fa6527cd59bab7f0f0?s=96&d=mm&r=g\",\"url\":\"https:\\\/\\\/secure.gravatar.com\\\/avatar\\\/fdd21ad66fd8b98c407f9dee5b5e588cfe7f0d8579ec20fa6527cd59bab7f0f0?s=96&d=mm&r=g\",\"contentUrl\":\"https:\\\/\\\/secure.gravatar.com\\\/avatar\\\/fdd21ad66fd8b98c407f9dee5b5e588cfe7f0d8579ec20fa6527cd59bab7f0f0?s=96&d=mm&r=g\",\"caption\":\"Staff\"},\"url\":\"https:\\\/\\\/www.bbmnoticias.com\\\/labravaradiofm\\\/author\\\/redaccion\\\/\"}]}<\/script>\n<!-- \/ Yoast SEO plugin. -->","yoast_head_json":{"title":"Rechaza Susana Harp decisi\u00f3n de Morena y anuncia que defender\u00e1 candidatura al gobierno de Oaxaca - LA BRAVA RADIO","robots":{"index":"index","follow":"follow","max-snippet":"max-snippet:-1","max-image-preview":"max-image-preview:large","max-video-preview":"max-video-preview:-1"},"canonical":"https:\/\/www.bbmnoticias.com\/labravaradiofm\/2021\/12\/23\/rechaza-susana-harp-decision-de-morena-y-anuncia-que-defendera-candidatura-al-gobierno-de-oaxaca\/","og_locale":"es_MX","og_type":"article","og_title":"Rechaza Susana Harp decisi\u00f3n de Morena y anuncia que defender\u00e1 candidatura al gobierno de Oaxaca - LA BRAVA RADIO","og_description":"Oaxaca.\u2013 La senadora de la Rep\u00fablica Susana Harp Iturribarr\u00eda anunci\u00f3 que recurrir\u00e1 a la justicia para inconformarse con la decisi\u00f3n del partido Morena por designar a Salom\u00f3n Jara Cruz como su candidato al gobierno de Oaxaca. \u201cLes informo que procederemos frente a esta acci\u00f3n, la justicia nos asiste. Defenderemos la voluntad y defenderemos la candidatura [&hellip;]","og_url":"https:\/\/www.bbmnoticias.com\/labravaradiofm\/2021\/12\/23\/rechaza-susana-harp-decision-de-morena-y-anuncia-que-defendera-candidatura-al-gobierno-de-oaxaca\/","og_site_name":"LA BRAVA RADIO","article_published_time":"2021-12-23T17:09:32+00:00","article_modified_time":"2021-12-23T17:10:25+00:00","og_image":[{"width":640,"height":426,"url":"https:\/\/www.bbmnoticias.com\/labravaradiofm\/wp-content\/uploads\/sites\/5\/2021\/12\/susana-harp.jpg","type":"image\/jpeg"}],"author":"Staff","twitter_card":"summary_large_image","twitter_misc":{"Escrito por":"Staff","Tiempo de lectura":"2 minutos"},"schema":{"@context":"https:\/\/schema.org","@graph":[{"@type":"Article","@id":"https:\/\/www.bbmnoticias.com\/labravaradiofm\/2021\/12\/23\/rechaza-susana-harp-decision-de-morena-y-anuncia-que-defendera-candidatura-al-gobierno-de-oaxaca\/#article","isPartOf":{"@id":"https:\/\/www.bbmnoticias.com\/labravaradiofm\/2021\/12\/23\/rechaza-susana-harp-decision-de-morena-y-anuncia-que-defendera-candidatura-al-gobierno-de-oaxaca\/"},"author":{"name":"Staff","@id":"https:\/\/www.bbmnoticias.com\/labravaradiofm\/#\/schema\/person\/68a9e9036ef3c5b55aeb2b71dc8bab45"},"headline":"Rechaza Susana Harp decisi\u00f3n de Morena y anuncia que defender\u00e1 candidatura al gobierno de Oaxaca","datePublished":"2021-12-23T17:09:32+00:00","dateModified":"2021-12-23T17:10:25+00:00","mainEntityOfPage":{"@id":"https:\/\/www.bbmnoticias.com\/labravaradiofm\/2021\/12\/23\/rechaza-susana-harp-decision-de-morena-y-anuncia-que-defendera-candidatura-al-gobierno-de-oaxaca\/"},"wordCount":431,"image":{"@id":"https:\/\/www.bbmnoticias.com\/labravaradiofm\/2021\/12\/23\/rechaza-susana-harp-decision-de-morena-y-anuncia-que-defendera-candidatura-al-gobierno-de-oaxaca\/#primaryimage"},"thumbnailUrl":"https:\/\/www.bbmnoticias.com\/labravaradiofm\/wp-content\/uploads\/sites\/5\/2021\/12\/susana-harp.jpg","articleSection":["LOCAL"],"inLanguage":"es"},{"@type":"WebPage","@id":"https:\/\/www.bbmnoticias.com\/labravaradiofm\/2021\/12\/23\/rechaza-susana-harp-decision-de-morena-y-anuncia-que-defendera-candidatura-al-gobierno-de-oaxaca\/","url":"https:\/\/www.bbmnoticias.com\/labravaradiofm\/2021\/12\/23\/rechaza-susana-harp-decision-de-morena-y-anuncia-que-defendera-candidatura-al-gobierno-de-oaxaca\/","name":"Rechaza Susana Harp decisi\u00f3n de Morena y anuncia que defender\u00e1 candidatura al gobierno de Oaxaca - LA BRAVA RADIO","isPartOf":{"@id":"https:\/\/www.bbmnoticias.com\/labravaradiofm\/#website"},"primaryImageOfPage":{"@id":"https:\/\/www.bbmnoticias.com\/labravaradiofm\/2021\/12\/23\/rechaza-susana-harp-decision-de-morena-y-anuncia-que-defendera-candidatura-al-gobierno-de-oaxaca\/#primaryimage"},"image":{"@id":"https:\/\/www.bbmnoticias.com\/labravaradiofm\/2021\/12\/23\/rechaza-susana-harp-decision-de-morena-y-anuncia-que-defendera-candidatura-al-gobierno-de-oaxaca\/#primaryimage"},"thumbnailUrl":"https:\/\/www.bbmnoticias.com\/labravaradiofm\/wp-content\/uploads\/sites\/5\/2021\/12\/susana-harp.jpg","datePublished":"2021-12-23T17:09:32+00:00","dateModified":"2021-12-23T17:10:25+00:00","author":{"@id":"https:\/\/www.bbmnoticias.com\/labravaradiofm\/#\/schema\/person\/68a9e9036ef3c5b55aeb2b71dc8bab45"},"breadcrumb":{"@id":"https:\/\/www.bbmnoticias.com\/labravaradiofm\/2021\/12\/23\/rechaza-susana-harp-decision-de-morena-y-anuncia-que-defendera-candidatura-al-gobierno-de-oaxaca\/#breadcrumb"},"inLanguage":"es","potentialAction":[{"@type":"ReadAction","target":["https:\/\/www.bbmnoticias.com\/labravaradiofm\/2021\/12\/23\/rechaza-susana-harp-decision-de-morena-y-anuncia-que-defendera-candidatura-al-gobierno-de-oaxaca\/"]}]},{"@type":"ImageObject","inLanguage":"es","@id":"https:\/\/www.bbmnoticias.com\/labravaradiofm\/2021\/12\/23\/rechaza-susana-harp-decision-de-morena-y-anuncia-que-defendera-candidatura-al-gobierno-de-oaxaca\/#primaryimage","url":"https:\/\/www.bbmnoticias.com\/labravaradiofm\/wp-content\/uploads\/sites\/5\/2021\/12\/susana-harp.jpg","contentUrl":"https:\/\/www.bbmnoticias.com\/labravaradiofm\/wp-content\/uploads\/sites\/5\/2021\/12\/susana-harp.jpg","width":640,"height":426},{"@type":"BreadcrumbList","@id":"https:\/\/www.bbmnoticias.com\/labravaradiofm\/2021\/12\/23\/rechaza-susana-harp-decision-de-morena-y-anuncia-que-defendera-candidatura-al-gobierno-de-oaxaca\/#breadcrumb","itemListElement":[{"@type":"ListItem","position":1,"name":"Inicio","item":"https:\/\/www.bbmnoticias.com\/labravaradiofm\/"},{"@type":"ListItem","position":2,"name":"Rechaza Susana Harp decisi\u00f3n de Morena y anuncia que defender\u00e1 candidatura al gobierno de Oaxaca"}]},{"@type":"WebSite","@id":"https:\/\/www.bbmnoticias.com\/labravaradiofm\/#website","url":"https:\/\/www.bbmnoticias.com\/labravaradiofm\/","name":"LA BRAVA RADIO","description":"Empresa productora de medios, Radiodifusi\u00f3n, Noticias, tendencias y todo lo que necesitas saber de la pol\u00edtica mexicana e internacional; entretenimiento, espect\u00e1culos, salud y mucho m\u00e1s.","potentialAction":[{"@type":"SearchAction","target":{"@type":"EntryPoint","urlTemplate":"https:\/\/www.bbmnoticias.com\/labravaradiofm\/?s={search_term_string}"},"query-input":{"@type":"PropertyValueSpecification","valueRequired":true,"valueName":"search_term_string"}}],"inLanguage":"es"},{"@type":"Person","@id":"https:\/\/www.bbmnoticias.com\/labravaradiofm\/#\/schema\/person\/68a9e9036ef3c5b55aeb2b71dc8bab45","name":"Staff","image":{"@type":"ImageObject","inLanguage":"es","@id":"https:\/\/secure.gravatar.com\/avatar\/fdd21ad66fd8b98c407f9dee5b5e588cfe7f0d8579ec20fa6527cd59bab7f0f0?s=96&d=mm&r=g","url":"https:\/\/secure.gravatar.com\/avatar\/fdd21ad66fd8b98c407f9dee5b5e588cfe7f0d8579ec20fa6527cd59bab7f0f0?s=96&d=mm&r=g","contentUrl":"https:\/\/secure.gravatar.com\/avatar\/fdd21ad66fd8b98c407f9dee5b5e588cfe7f0d8579ec20fa6527cd59bab7f0f0?s=96&d=mm&r=g","caption":"Staff"},"url":"https:\/\/www.bbmnoticias.com\/labravaradiofm\/author\/redaccion\/"}]}},"_links":{"self":[{"href":"https:\/\/www.bbmnoticias.com\/labravaradiofm\/wp-json\/wp\/v2\/posts\/7678","targetHints":{"allow":["GET"]}}],"collection":[{"href":"https:\/\/www.bbmnoticias.com\/labravaradiofm\/wp-json\/wp\/v2\/posts"}],"about":[{"href":"https:\/\/www.bbmnoticias.com\/labravaradiofm\/wp-json\/wp\/v2\/types\/post"}],"author":[{"embeddable":true,"href":"https:\/\/www.bbmnoticias.com\/labravaradiofm\/wp-json\/wp\/v2\/users\/2"}],"replies":[{"embeddable":true,"href":"https:\/\/www.bbmnoticias.com\/labravaradiofm\/wp-json\/wp\/v2\/comments?post=7678"}],"version-history":[{"count":0,"href":"https:\/\/www.bbmnoticias.com\/labravaradiofm\/wp-json\/wp\/v2\/posts\/7678\/revisions"}],"wp:featuredmedia":[{"embeddable":true,"href":"https:\/\/www.bbmnoticias.com\/labravaradiofm\/wp-json\/wp\/v2\/media\/7679"}],"wp:attachment":[{"href":"https:\/\/www.bbmnoticias.com\/labravaradiofm\/wp-json\/wp\/v2\/media?parent=7678"}],"wp:term":[{"taxonomy":"category","embeddable":true,"href":"https:\/\/www.bbmnoticias.com\/labravaradiofm\/wp-json\/wp\/v2\/categories?post=7678"},{"taxonomy":"post_tag","embeddable":true,"href":"https:\/\/www.bbmnoticias.com\/labravaradiofm\/wp-json\/wp\/v2\/tags?post=7678"}],"curies":[{"name":"wp","href":"https:\/\/api.w.org\/{rel}","templated":true}]}}