{"id":76779,"date":"2026-04-30T15:28:49","date_gmt":"2026-04-30T21:28:49","guid":{"rendered":"https:\/\/www.bbmnoticias.com\/labravaradiofm\/2026\/04\/30\/identifican-a-maestra-fallecida-en-tragico-accidente-de-autobus-en-el-istmo\/"},"modified":"2026-04-30T15:28:55","modified_gmt":"2026-04-30T21:28:55","slug":"identifican-a-maestra-fallecida-en-tragico-accidente-de-autobus-en-el-istmo","status":"publish","type":"post","link":"https:\/\/www.bbmnoticias.com\/labravaradiofm\/2026\/04\/30\/identifican-a-maestra-fallecida-en-tragico-accidente-de-autobus-en-el-istmo\/","title":{"rendered":"Identifican a maestra fallecida en tr\u00e1gico accidente de autob\u00fas en el Istmo"},"content":{"rendered":"<div style=\"margin-top: 0px; margin-bottom: 0px;\" class=\"sharethis-inline-share-buttons\" ><\/div>\n<p><strong>Istmo de Tehuantepec, Oaxaca.<\/strong> \u2014 Fue identificada la mujer que perdi\u00f3 la vida en el aparatoso accidente ocurrido la tarde de este jueves sobre la carretera Trans\u00edstmica, en el tramo Juchit\u00e1n\u2013Tehuantepec.<\/p>\n\n\n\n<p>Se trata de <strong>Roxana Garc\u00eda S\u00e1nchez<\/strong>, de 47 a\u00f1os de edad, originaria y vecina de Juchit\u00e1n de Zaragoza, habitante de la Cuarta Secci\u00f3n, quien se desempe\u00f1aba como maestra de primaria en la escuela Octavio Paz, en el municipio de Santo Domingo Tehuantepec.<\/p>\n\n\n\n<p>De acuerdo con los primeros reportes, la docente regresaba de sus labores cuando ocurri\u00f3 el fatal percance.<\/p>\n\n\n\n<p>El accidente se registr\u00f3 a la altura de la agencia municipal Rancho Llano, donde un autob\u00fas de la l\u00ednea Istme\u00f1os volc\u00f3 de manera violenta. Durante el siniestro, la profesora qued\u00f3 atrapada y fue aplastada por la unidad, perdiendo la vida en el lugar.<\/p>\n\n\n\n<p>Testigos se\u00f1alaron que el cami\u00f3n comenz\u00f3 a zigzaguear antes de que el conductor perdiera el control, provocando la volcadura que dej\u00f3 adem\u00e1s varios pasajeros lesionados.<\/p>\n\n\n\n<p>Elementos de emergencia arribaron al sitio para auxiliar a los heridos, mientras que autoridades acordonaron la zona y realizaron las diligencias correspondientes.<\/p>\n","protected":false},"excerpt":{"rendered":"<p>Istmo de Tehuantepec, Oaxaca. \u2014 Fue identificada la mujer que perdi\u00f3 la vida en el aparatoso accidente ocurrido la tarde de este jueves sobre la carretera Trans\u00edstmica, en el tramo Juchit\u00e1n\u2013Tehuantepec. Se trata de Roxana Garc\u00eda S\u00e1nchez, de 47 a\u00f1os de edad, originaria y vecina de Juchit\u00e1n de Zaragoza, habitante de la Cuarta Secci\u00f3n, quien [&hellip;]<\/p>\n","protected":false},"author":2,"featured_media":76781,"comment_status":"closed","ping_status":"open","sticky":false,"template":"","format":"standard","meta":{"footnotes":""},"categories":[2,20],"tags":[],"class_list":{"0":"post-76779","1":"post","2":"type-post","3":"status-publish","4":"format-standard","5":"has-post-thumbnail","7":"category-oaxaca","8":"category-policiaca"},"yoast_head":"<!-- This site is optimized with the Yoast SEO plugin v27.4 - https:\/\/yoast.com\/product\/yoast-seo-wordpress\/ -->\n<title>Identifican a maestra fallecida en tr\u00e1gico accidente de autob\u00fas en el Istmo - LA BRAVA RADIO<\/title>\n<meta name=\"robots\" content=\"index, follow, max-snippet:-1, max-image-preview:large, max-video-preview:-1\" \/>\n<link rel=\"canonical\" href=\"https:\/\/www.bbmnoticias.com\/identifican-a-maestra-fallecida-en-tragico-accidente-de-autobus-en-el-istmo\/\" \/>\n<meta property=\"og:locale\" content=\"es_MX\" \/>\n<meta property=\"og:type\" content=\"article\" \/>\n<meta property=\"og:title\" content=\"Identifican a maestra fallecida en tr\u00e1gico accidente de autob\u00fas en el Istmo - LA BRAVA RADIO\" \/>\n<meta property=\"og:description\" content=\"Istmo de Tehuantepec, Oaxaca. \u2014 Fue identificada la mujer que perdi\u00f3 la vida en el aparatoso accidente ocurrido la tarde de este jueves sobre la carretera Trans\u00edstmica, en el tramo Juchit\u00e1n\u2013Tehuantepec. Se trata de Roxana Garc\u00eda S\u00e1nchez, de 47 a\u00f1os de edad, originaria y vecina de Juchit\u00e1n de Zaragoza, habitante de la Cuarta Secci\u00f3n, quien [&hellip;]\" \/>\n<meta property=\"og:url\" content=\"https:\/\/www.bbmnoticias.com\/identifican-a-maestra-fallecida-en-tragico-accidente-de-autobus-en-el-istmo\/\" \/>\n<meta property=\"og:site_name\" content=\"LA BRAVA RADIO\" \/>\n<meta property=\"article:published_time\" content=\"2026-04-30T21:28:49+00:00\" \/>\n<meta property=\"article:modified_time\" content=\"2026-04-30T21:28:55+00:00\" \/>\n<meta property=\"og:image\" content=\"https:\/\/www.bbmnoticias.com\/labravaradiofm\/wp-content\/uploads\/sites\/5\/2026\/04\/profesora_juchitan.jpg\" \/>\n\t<meta property=\"og:image:width\" content=\"800\" \/>\n\t<meta property=\"og:image:height\" content=\"450\" \/>\n\t<meta property=\"og:image:type\" content=\"image\/jpeg\" \/>\n<meta name=\"author\" content=\"Staff\" \/>\n<meta name=\"twitter:card\" content=\"summary_large_image\" \/>\n<meta name=\"twitter:label1\" content=\"Escrito por\" \/>\n\t<meta name=\"twitter:data1\" content=\"Staff\" \/>\n\t<meta name=\"twitter:label2\" content=\"Tiempo de lectura\" \/>\n\t<meta name=\"twitter:data2\" content=\"1 minuto\" \/>\n<script type=\"application\/ld+json\" class=\"yoast-schema-graph\">{\"@context\":\"https:\\\/\\\/schema.org\",\"@graph\":[{\"@type\":\"Article\",\"@id\":\"https:\\\/\\\/www.bbmnoticias.com\\\/identifican-a-maestra-fallecida-en-tragico-accidente-de-autobus-en-el-istmo\\\/#article\",\"isPartOf\":{\"@id\":\"https:\\\/\\\/www.bbmnoticias.com\\\/labravaradiofm\\\/2026\\\/04\\\/30\\\/identifican-a-maestra-fallecida-en-tragico-accidente-de-autobus-en-el-istmo\\\/\"},\"author\":{\"name\":\"Staff\",\"@id\":\"https:\\\/\\\/www.bbmnoticias.com\\\/labravaradiofm\\\/#\\\/schema\\\/person\\\/68a9e9036ef3c5b55aeb2b71dc8bab45\"},\"headline\":\"Identifican a maestra fallecida en tr\u00e1gico accidente de autob\u00fas en el Istmo\",\"datePublished\":\"2026-04-30T21:28:49+00:00\",\"dateModified\":\"2026-04-30T21:28:55+00:00\",\"mainEntityOfPage\":{\"@id\":\"https:\\\/\\\/www.bbmnoticias.com\\\/labravaradiofm\\\/2026\\\/04\\\/30\\\/identifican-a-maestra-fallecida-en-tragico-accidente-de-autobus-en-el-istmo\\\/\"},\"wordCount\":207,\"image\":{\"@id\":\"https:\\\/\\\/www.bbmnoticias.com\\\/identifican-a-maestra-fallecida-en-tragico-accidente-de-autobus-en-el-istmo\\\/#primaryimage\"},\"thumbnailUrl\":\"https:\\\/\\\/www.bbmnoticias.com\\\/labravaradiofm\\\/wp-content\\\/uploads\\\/sites\\\/5\\\/2026\\\/04\\\/profesora_juchitan.jpg\",\"articleSection\":[\"LOCAL\",\"POLICIACA\"],\"inLanguage\":\"es\"},{\"@type\":\"WebPage\",\"@id\":\"https:\\\/\\\/www.bbmnoticias.com\\\/labravaradiofm\\\/2026\\\/04\\\/30\\\/identifican-a-maestra-fallecida-en-tragico-accidente-de-autobus-en-el-istmo\\\/\",\"url\":\"https:\\\/\\\/www.bbmnoticias.com\\\/identifican-a-maestra-fallecida-en-tragico-accidente-de-autobus-en-el-istmo\\\/\",\"name\":\"Identifican a maestra fallecida en tr\u00e1gico accidente de autob\u00fas en el Istmo - LA BRAVA RADIO\",\"isPartOf\":{\"@id\":\"https:\\\/\\\/www.bbmnoticias.com\\\/labravaradiofm\\\/#website\"},\"primaryImageOfPage\":{\"@id\":\"https:\\\/\\\/www.bbmnoticias.com\\\/identifican-a-maestra-fallecida-en-tragico-accidente-de-autobus-en-el-istmo\\\/#primaryimage\"},\"image\":{\"@id\":\"https:\\\/\\\/www.bbmnoticias.com\\\/identifican-a-maestra-fallecida-en-tragico-accidente-de-autobus-en-el-istmo\\\/#primaryimage\"},\"thumbnailUrl\":\"https:\\\/\\\/www.bbmnoticias.com\\\/labravaradiofm\\\/wp-content\\\/uploads\\\/sites\\\/5\\\/2026\\\/04\\\/profesora_juchitan.jpg\",\"datePublished\":\"2026-04-30T21:28:49+00:00\",\"dateModified\":\"2026-04-30T21:28:55+00:00\",\"author\":{\"@id\":\"https:\\\/\\\/www.bbmnoticias.com\\\/labravaradiofm\\\/#\\\/schema\\\/person\\\/68a9e9036ef3c5b55aeb2b71dc8bab45\"},\"breadcrumb\":{\"@id\":\"https:\\\/\\\/www.bbmnoticias.com\\\/identifican-a-maestra-fallecida-en-tragico-accidente-de-autobus-en-el-istmo\\\/#breadcrumb\"},\"inLanguage\":\"es\",\"potentialAction\":[{\"@type\":\"ReadAction\",\"target\":[\"https:\\\/\\\/www.bbmnoticias.com\\\/identifican-a-maestra-fallecida-en-tragico-accidente-de-autobus-en-el-istmo\\\/\"]}]},{\"@type\":\"ImageObject\",\"inLanguage\":\"es\",\"@id\":\"https:\\\/\\\/www.bbmnoticias.com\\\/identifican-a-maestra-fallecida-en-tragico-accidente-de-autobus-en-el-istmo\\\/#primaryimage\",\"url\":\"https:\\\/\\\/www.bbmnoticias.com\\\/labravaradiofm\\\/wp-content\\\/uploads\\\/sites\\\/5\\\/2026\\\/04\\\/profesora_juchitan.jpg\",\"contentUrl\":\"https:\\\/\\\/www.bbmnoticias.com\\\/labravaradiofm\\\/wp-content\\\/uploads\\\/sites\\\/5\\\/2026\\\/04\\\/profesora_juchitan.jpg\",\"width\":800,\"height\":450},{\"@type\":\"BreadcrumbList\",\"@id\":\"https:\\\/\\\/www.bbmnoticias.com\\\/identifican-a-maestra-fallecida-en-tragico-accidente-de-autobus-en-el-istmo\\\/#breadcrumb\",\"itemListElement\":[{\"@type\":\"ListItem\",\"position\":1,\"name\":\"Inicio\",\"item\":\"https:\\\/\\\/www.bbmnoticias.com\\\/labravaradiofm\\\/\"},{\"@type\":\"ListItem\",\"position\":2,\"name\":\"Identifican a maestra fallecida en tr\u00e1gico accidente de autob\u00fas en el Istmo\"}]},{\"@type\":\"WebSite\",\"@id\":\"https:\\\/\\\/www.bbmnoticias.com\\\/labravaradiofm\\\/#website\",\"url\":\"https:\\\/\\\/www.bbmnoticias.com\\\/labravaradiofm\\\/\",\"name\":\"LA BRAVA RADIO\",\"description\":\"Empresa productora de medios, Radiodifusi\u00f3n, Noticias, tendencias y todo lo que necesitas saber de la pol\u00edtica mexicana e internacional; entretenimiento, espect\u00e1culos, salud y mucho m\u00e1s.\",\"potentialAction\":[{\"@type\":\"SearchAction\",\"target\":{\"@type\":\"EntryPoint\",\"urlTemplate\":\"https:\\\/\\\/www.bbmnoticias.com\\\/labravaradiofm\\\/?s={search_term_string}\"},\"query-input\":{\"@type\":\"PropertyValueSpecification\",\"valueRequired\":true,\"valueName\":\"search_term_string\"}}],\"inLanguage\":\"es\"},{\"@type\":\"Person\",\"@id\":\"https:\\\/\\\/www.bbmnoticias.com\\\/labravaradiofm\\\/#\\\/schema\\\/person\\\/68a9e9036ef3c5b55aeb2b71dc8bab45\",\"name\":\"Staff\",\"image\":{\"@type\":\"ImageObject\",\"inLanguage\":\"es\",\"@id\":\"https:\\\/\\\/secure.gravatar.com\\\/avatar\\\/fdd21ad66fd8b98c407f9dee5b5e588cfe7f0d8579ec20fa6527cd59bab7f0f0?s=96&d=mm&r=g\",\"url\":\"https:\\\/\\\/secure.gravatar.com\\\/avatar\\\/fdd21ad66fd8b98c407f9dee5b5e588cfe7f0d8579ec20fa6527cd59bab7f0f0?s=96&d=mm&r=g\",\"contentUrl\":\"https:\\\/\\\/secure.gravatar.com\\\/avatar\\\/fdd21ad66fd8b98c407f9dee5b5e588cfe7f0d8579ec20fa6527cd59bab7f0f0?s=96&d=mm&r=g\",\"caption\":\"Staff\"},\"url\":\"https:\\\/\\\/www.bbmnoticias.com\\\/labravaradiofm\\\/author\\\/redaccion\\\/\"}]}<\/script>\n<!-- \/ Yoast SEO plugin. -->","yoast_head_json":{"title":"Identifican a maestra fallecida en tr\u00e1gico accidente de autob\u00fas en el Istmo - LA BRAVA RADIO","robots":{"index":"index","follow":"follow","max-snippet":"max-snippet:-1","max-image-preview":"max-image-preview:large","max-video-preview":"max-video-preview:-1"},"canonical":"https:\/\/www.bbmnoticias.com\/identifican-a-maestra-fallecida-en-tragico-accidente-de-autobus-en-el-istmo\/","og_locale":"es_MX","og_type":"article","og_title":"Identifican a maestra fallecida en tr\u00e1gico accidente de autob\u00fas en el Istmo - LA BRAVA RADIO","og_description":"Istmo de Tehuantepec, Oaxaca. \u2014 Fue identificada la mujer que perdi\u00f3 la vida en el aparatoso accidente ocurrido la tarde de este jueves sobre la carretera Trans\u00edstmica, en el tramo Juchit\u00e1n\u2013Tehuantepec. Se trata de Roxana Garc\u00eda S\u00e1nchez, de 47 a\u00f1os de edad, originaria y vecina de Juchit\u00e1n de Zaragoza, habitante de la Cuarta Secci\u00f3n, quien [&hellip;]","og_url":"https:\/\/www.bbmnoticias.com\/identifican-a-maestra-fallecida-en-tragico-accidente-de-autobus-en-el-istmo\/","og_site_name":"LA BRAVA RADIO","article_published_time":"2026-04-30T21:28:49+00:00","article_modified_time":"2026-04-30T21:28:55+00:00","og_image":[{"width":800,"height":450,"url":"https:\/\/www.bbmnoticias.com\/labravaradiofm\/wp-content\/uploads\/sites\/5\/2026\/04\/profesora_juchitan.jpg","type":"image\/jpeg"}],"author":"Staff","twitter_card":"summary_large_image","twitter_misc":{"Escrito por":"Staff","Tiempo de lectura":"1 minuto"},"schema":{"@context":"https:\/\/schema.org","@graph":[{"@type":"Article","@id":"https:\/\/www.bbmnoticias.com\/identifican-a-maestra-fallecida-en-tragico-accidente-de-autobus-en-el-istmo\/#article","isPartOf":{"@id":"https:\/\/www.bbmnoticias.com\/labravaradiofm\/2026\/04\/30\/identifican-a-maestra-fallecida-en-tragico-accidente-de-autobus-en-el-istmo\/"},"author":{"name":"Staff","@id":"https:\/\/www.bbmnoticias.com\/labravaradiofm\/#\/schema\/person\/68a9e9036ef3c5b55aeb2b71dc8bab45"},"headline":"Identifican a maestra fallecida en tr\u00e1gico accidente de autob\u00fas en el Istmo","datePublished":"2026-04-30T21:28:49+00:00","dateModified":"2026-04-30T21:28:55+00:00","mainEntityOfPage":{"@id":"https:\/\/www.bbmnoticias.com\/labravaradiofm\/2026\/04\/30\/identifican-a-maestra-fallecida-en-tragico-accidente-de-autobus-en-el-istmo\/"},"wordCount":207,"image":{"@id":"https:\/\/www.bbmnoticias.com\/identifican-a-maestra-fallecida-en-tragico-accidente-de-autobus-en-el-istmo\/#primaryimage"},"thumbnailUrl":"https:\/\/www.bbmnoticias.com\/labravaradiofm\/wp-content\/uploads\/sites\/5\/2026\/04\/profesora_juchitan.jpg","articleSection":["LOCAL","POLICIACA"],"inLanguage":"es"},{"@type":"WebPage","@id":"https:\/\/www.bbmnoticias.com\/labravaradiofm\/2026\/04\/30\/identifican-a-maestra-fallecida-en-tragico-accidente-de-autobus-en-el-istmo\/","url":"https:\/\/www.bbmnoticias.com\/identifican-a-maestra-fallecida-en-tragico-accidente-de-autobus-en-el-istmo\/","name":"Identifican a maestra fallecida en tr\u00e1gico accidente de autob\u00fas en el Istmo - LA BRAVA RADIO","isPartOf":{"@id":"https:\/\/www.bbmnoticias.com\/labravaradiofm\/#website"},"primaryImageOfPage":{"@id":"https:\/\/www.bbmnoticias.com\/identifican-a-maestra-fallecida-en-tragico-accidente-de-autobus-en-el-istmo\/#primaryimage"},"image":{"@id":"https:\/\/www.bbmnoticias.com\/identifican-a-maestra-fallecida-en-tragico-accidente-de-autobus-en-el-istmo\/#primaryimage"},"thumbnailUrl":"https:\/\/www.bbmnoticias.com\/labravaradiofm\/wp-content\/uploads\/sites\/5\/2026\/04\/profesora_juchitan.jpg","datePublished":"2026-04-30T21:28:49+00:00","dateModified":"2026-04-30T21:28:55+00:00","author":{"@id":"https:\/\/www.bbmnoticias.com\/labravaradiofm\/#\/schema\/person\/68a9e9036ef3c5b55aeb2b71dc8bab45"},"breadcrumb":{"@id":"https:\/\/www.bbmnoticias.com\/identifican-a-maestra-fallecida-en-tragico-accidente-de-autobus-en-el-istmo\/#breadcrumb"},"inLanguage":"es","potentialAction":[{"@type":"ReadAction","target":["https:\/\/www.bbmnoticias.com\/identifican-a-maestra-fallecida-en-tragico-accidente-de-autobus-en-el-istmo\/"]}]},{"@type":"ImageObject","inLanguage":"es","@id":"https:\/\/www.bbmnoticias.com\/identifican-a-maestra-fallecida-en-tragico-accidente-de-autobus-en-el-istmo\/#primaryimage","url":"https:\/\/www.bbmnoticias.com\/labravaradiofm\/wp-content\/uploads\/sites\/5\/2026\/04\/profesora_juchitan.jpg","contentUrl":"https:\/\/www.bbmnoticias.com\/labravaradiofm\/wp-content\/uploads\/sites\/5\/2026\/04\/profesora_juchitan.jpg","width":800,"height":450},{"@type":"BreadcrumbList","@id":"https:\/\/www.bbmnoticias.com\/identifican-a-maestra-fallecida-en-tragico-accidente-de-autobus-en-el-istmo\/#breadcrumb","itemListElement":[{"@type":"ListItem","position":1,"name":"Inicio","item":"https:\/\/www.bbmnoticias.com\/labravaradiofm\/"},{"@type":"ListItem","position":2,"name":"Identifican a maestra fallecida en tr\u00e1gico accidente de autob\u00fas en el Istmo"}]},{"@type":"WebSite","@id":"https:\/\/www.bbmnoticias.com\/labravaradiofm\/#website","url":"https:\/\/www.bbmnoticias.com\/labravaradiofm\/","name":"LA BRAVA RADIO","description":"Empresa productora de medios, Radiodifusi\u00f3n, Noticias, tendencias y todo lo que necesitas saber de la pol\u00edtica mexicana e internacional; entretenimiento, espect\u00e1culos, salud y mucho m\u00e1s.","potentialAction":[{"@type":"SearchAction","target":{"@type":"EntryPoint","urlTemplate":"https:\/\/www.bbmnoticias.com\/labravaradiofm\/?s={search_term_string}"},"query-input":{"@type":"PropertyValueSpecification","valueRequired":true,"valueName":"search_term_string"}}],"inLanguage":"es"},{"@type":"Person","@id":"https:\/\/www.bbmnoticias.com\/labravaradiofm\/#\/schema\/person\/68a9e9036ef3c5b55aeb2b71dc8bab45","name":"Staff","image":{"@type":"ImageObject","inLanguage":"es","@id":"https:\/\/secure.gravatar.com\/avatar\/fdd21ad66fd8b98c407f9dee5b5e588cfe7f0d8579ec20fa6527cd59bab7f0f0?s=96&d=mm&r=g","url":"https:\/\/secure.gravatar.com\/avatar\/fdd21ad66fd8b98c407f9dee5b5e588cfe7f0d8579ec20fa6527cd59bab7f0f0?s=96&d=mm&r=g","contentUrl":"https:\/\/secure.gravatar.com\/avatar\/fdd21ad66fd8b98c407f9dee5b5e588cfe7f0d8579ec20fa6527cd59bab7f0f0?s=96&d=mm&r=g","caption":"Staff"},"url":"https:\/\/www.bbmnoticias.com\/labravaradiofm\/author\/redaccion\/"}]}},"_links":{"self":[{"href":"https:\/\/www.bbmnoticias.com\/labravaradiofm\/wp-json\/wp\/v2\/posts\/76779","targetHints":{"allow":["GET"]}}],"collection":[{"href":"https:\/\/www.bbmnoticias.com\/labravaradiofm\/wp-json\/wp\/v2\/posts"}],"about":[{"href":"https:\/\/www.bbmnoticias.com\/labravaradiofm\/wp-json\/wp\/v2\/types\/post"}],"author":[{"embeddable":true,"href":"https:\/\/www.bbmnoticias.com\/labravaradiofm\/wp-json\/wp\/v2\/users\/2"}],"replies":[{"embeddable":true,"href":"https:\/\/www.bbmnoticias.com\/labravaradiofm\/wp-json\/wp\/v2\/comments?post=76779"}],"version-history":[{"count":1,"href":"https:\/\/www.bbmnoticias.com\/labravaradiofm\/wp-json\/wp\/v2\/posts\/76779\/revisions"}],"predecessor-version":[{"id":76780,"href":"https:\/\/www.bbmnoticias.com\/labravaradiofm\/wp-json\/wp\/v2\/posts\/76779\/revisions\/76780"}],"wp:featuredmedia":[{"embeddable":true,"href":"https:\/\/www.bbmnoticias.com\/labravaradiofm\/wp-json\/wp\/v2\/media\/76781"}],"wp:attachment":[{"href":"https:\/\/www.bbmnoticias.com\/labravaradiofm\/wp-json\/wp\/v2\/media?parent=76779"}],"wp:term":[{"taxonomy":"category","embeddable":true,"href":"https:\/\/www.bbmnoticias.com\/labravaradiofm\/wp-json\/wp\/v2\/categories?post=76779"},{"taxonomy":"post_tag","embeddable":true,"href":"https:\/\/www.bbmnoticias.com\/labravaradiofm\/wp-json\/wp\/v2\/tags?post=76779"}],"curies":[{"name":"wp","href":"https:\/\/api.w.org\/{rel}","templated":true}]}}