{"id":76773,"date":"2026-04-30T11:55:16","date_gmt":"2026-04-30T17:55:16","guid":{"rendered":"https:\/\/www.bbmnoticias.com\/labravaradiofm\/2026\/04\/30\/sep-recibira-manana-1-de-mayo-a-la-cnte\/"},"modified":"2026-04-30T11:55:36","modified_gmt":"2026-04-30T17:55:36","slug":"sep-recibira-manana-1-de-mayo-a-la-cnte","status":"publish","type":"post","link":"https:\/\/www.bbmnoticias.com\/labravaradiofm\/2026\/04\/30\/sep-recibira-manana-1-de-mayo-a-la-cnte\/","title":{"rendered":"SEP recibir\u00e1 ma\u00f1ana 1 de mayo a la CNTE"},"content":{"rendered":"<div style=\"margin-top: 0px; margin-bottom: 0px;\" class=\"sharethis-inline-share-buttons\" ><\/div>\n<p><em>Ciudad de M\u00e9xico. <\/em>La Secretar\u00eda de Educaci\u00f3n P\u00fablica (SEP) recibir\u00e1 ma\u00f1ana viernes a los maestros de la Coordinadora Nacional de Trabajadores de la Educaci\u00f3n (CNTE) que entregar\u00e1n su pliego petitorio. Hay comunicaci\u00f3n permanente con ellos, afirm\u00f3 el titular de la dependencia federal, Mario Delgado.&nbsp;<\/p>\n\n\n\n<p>Dijo que en el encuentro tambi\u00e9n participar\u00e1 la Secretar\u00eda de Gobernaci\u00f3n y reiter\u00f3 que con la apertura del gobierno federal, \u201cno hay necesidad de manifestaciones\u201d en la calles, pero subray\u00f3, \u201csomos respetuosos\u201d de las decisiones que tomen. &nbsp;<\/p>\n\n\n\n<p>Tambi\u00e9n inform\u00f3 que la pr\u00f3xima semana se definir\u00e1 si es viable y en qu\u00e9 condiciones, la posible modificaci\u00f3n del calendario escolar. El mi\u00e9rcoles 7 de mayo se llevar\u00e1 a cabo una reuni\u00f3n con los secretarios de educaci\u00f3n de los estados para revisar los planteamientos que algunos han realizado.&nbsp;<\/p>\n\n\n\n<p>En algunas entidades solicitan anticipar el cierre del ciclo escolar por cuestiones del clima y por el Mundial de Futbol que se realizar\u00e1 en el mes de junio. El funcionario coment\u00f3 el caso de Jalisco que ha propuesto tener clases en l\u00ednea y Nuevo Le\u00f3n que, dice, puede adelantar el cierre del ciclo escolar.&nbsp;<\/p>\n","protected":false},"excerpt":{"rendered":"<p>Ciudad de M\u00e9xico. La Secretar\u00eda de Educaci\u00f3n P\u00fablica (SEP) recibir\u00e1 ma\u00f1ana viernes a los maestros de la Coordinadora Nacional de Trabajadores de la Educaci\u00f3n (CNTE) que entregar\u00e1n su pliego petitorio. Hay comunicaci\u00f3n permanente con ellos, afirm\u00f3 el titular de la dependencia federal, Mario Delgado.&nbsp; Dijo que en el encuentro tambi\u00e9n participar\u00e1 la Secretar\u00eda de Gobernaci\u00f3n [&hellip;]<\/p>\n","protected":false},"author":4,"featured_media":76775,"comment_status":"closed","ping_status":"open","sticky":false,"template":"","format":"standard","meta":{"footnotes":""},"categories":[2,19],"tags":[],"class_list":{"0":"post-76773","1":"post","2":"type-post","3":"status-publish","4":"format-standard","5":"has-post-thumbnail","7":"category-oaxaca","8":"category-nacional"},"yoast_head":"<!-- This site is optimized with the Yoast SEO plugin v27.4 - https:\/\/yoast.com\/product\/yoast-seo-wordpress\/ -->\n<title>SEP recibir\u00e1 ma\u00f1ana 1 de mayo a la CNTE - LA BRAVA RADIO<\/title>\n<meta name=\"robots\" content=\"index, follow, max-snippet:-1, max-image-preview:large, max-video-preview:-1\" \/>\n<link rel=\"canonical\" href=\"https:\/\/www.bbmnoticias.com\/sep-recibira-manana-1-de-mayo-a-la-cnte\/\" \/>\n<meta property=\"og:locale\" content=\"es_MX\" \/>\n<meta property=\"og:type\" content=\"article\" \/>\n<meta property=\"og:title\" content=\"SEP recibir\u00e1 ma\u00f1ana 1 de mayo a la CNTE - LA BRAVA RADIO\" \/>\n<meta property=\"og:description\" content=\"Ciudad de M\u00e9xico. La Secretar\u00eda de Educaci\u00f3n P\u00fablica (SEP) recibir\u00e1 ma\u00f1ana viernes a los maestros de la Coordinadora Nacional de Trabajadores de la Educaci\u00f3n (CNTE) que entregar\u00e1n su pliego petitorio. Hay comunicaci\u00f3n permanente con ellos, afirm\u00f3 el titular de la dependencia federal, Mario Delgado.&nbsp; Dijo que en el encuentro tambi\u00e9n participar\u00e1 la Secretar\u00eda de Gobernaci\u00f3n [&hellip;]\" \/>\n<meta property=\"og:url\" content=\"https:\/\/www.bbmnoticias.com\/sep-recibira-manana-1-de-mayo-a-la-cnte\/\" \/>\n<meta property=\"og:site_name\" content=\"LA BRAVA RADIO\" \/>\n<meta property=\"article:published_time\" content=\"2026-04-30T17:55:16+00:00\" \/>\n<meta property=\"article:modified_time\" content=\"2026-04-30T17:55:36+00:00\" \/>\n<meta property=\"og:image\" content=\"https:\/\/www.bbmnoticias.com\/labravaradiofm\/wp-content\/uploads\/sites\/5\/2026\/04\/sep_cnte.webp\" \/>\n\t<meta property=\"og:image:width\" content=\"1200\" \/>\n\t<meta property=\"og:image:height\" content=\"799\" \/>\n\t<meta property=\"og:image:type\" content=\"image\/webp\" \/>\n<meta name=\"author\" content=\"Agencias\" \/>\n<meta name=\"twitter:card\" content=\"summary_large_image\" \/>\n<meta name=\"twitter:label1\" content=\"Escrito por\" \/>\n\t<meta name=\"twitter:data1\" content=\"Agencias\" \/>\n\t<meta name=\"twitter:label2\" content=\"Tiempo de lectura\" \/>\n\t<meta name=\"twitter:data2\" content=\"1 minuto\" \/>\n<script type=\"application\/ld+json\" class=\"yoast-schema-graph\">{\"@context\":\"https:\\\/\\\/schema.org\",\"@graph\":[{\"@type\":\"Article\",\"@id\":\"https:\\\/\\\/www.bbmnoticias.com\\\/sep-recibira-manana-1-de-mayo-a-la-cnte\\\/#article\",\"isPartOf\":{\"@id\":\"https:\\\/\\\/www.bbmnoticias.com\\\/labravaradiofm\\\/2026\\\/04\\\/30\\\/sep-recibira-manana-1-de-mayo-a-la-cnte\\\/\"},\"author\":{\"name\":\"Agencias\",\"@id\":\"https:\\\/\\\/www.bbmnoticias.com\\\/labravaradiofm\\\/#\\\/schema\\\/person\\\/000bdaf0a8fb5bff0d537c4d0778e33f\"},\"headline\":\"SEP recibir\u00e1 ma\u00f1ana 1 de mayo a la CNTE\",\"datePublished\":\"2026-04-30T17:55:16+00:00\",\"dateModified\":\"2026-04-30T17:55:36+00:00\",\"mainEntityOfPage\":{\"@id\":\"https:\\\/\\\/www.bbmnoticias.com\\\/labravaradiofm\\\/2026\\\/04\\\/30\\\/sep-recibira-manana-1-de-mayo-a-la-cnte\\\/\"},\"wordCount\":214,\"image\":{\"@id\":\"https:\\\/\\\/www.bbmnoticias.com\\\/sep-recibira-manana-1-de-mayo-a-la-cnte\\\/#primaryimage\"},\"thumbnailUrl\":\"https:\\\/\\\/www.bbmnoticias.com\\\/labravaradiofm\\\/wp-content\\\/uploads\\\/sites\\\/5\\\/2026\\\/04\\\/sep_cnte.webp\",\"articleSection\":[\"LOCAL\",\"NACIONAL\"],\"inLanguage\":\"es\"},{\"@type\":\"WebPage\",\"@id\":\"https:\\\/\\\/www.bbmnoticias.com\\\/labravaradiofm\\\/2026\\\/04\\\/30\\\/sep-recibira-manana-1-de-mayo-a-la-cnte\\\/\",\"url\":\"https:\\\/\\\/www.bbmnoticias.com\\\/sep-recibira-manana-1-de-mayo-a-la-cnte\\\/\",\"name\":\"SEP recibir\u00e1 ma\u00f1ana 1 de mayo a la CNTE - LA BRAVA RADIO\",\"isPartOf\":{\"@id\":\"https:\\\/\\\/www.bbmnoticias.com\\\/labravaradiofm\\\/#website\"},\"primaryImageOfPage\":{\"@id\":\"https:\\\/\\\/www.bbmnoticias.com\\\/sep-recibira-manana-1-de-mayo-a-la-cnte\\\/#primaryimage\"},\"image\":{\"@id\":\"https:\\\/\\\/www.bbmnoticias.com\\\/sep-recibira-manana-1-de-mayo-a-la-cnte\\\/#primaryimage\"},\"thumbnailUrl\":\"https:\\\/\\\/www.bbmnoticias.com\\\/labravaradiofm\\\/wp-content\\\/uploads\\\/sites\\\/5\\\/2026\\\/04\\\/sep_cnte.webp\",\"datePublished\":\"2026-04-30T17:55:16+00:00\",\"dateModified\":\"2026-04-30T17:55:36+00:00\",\"author\":{\"@id\":\"https:\\\/\\\/www.bbmnoticias.com\\\/labravaradiofm\\\/#\\\/schema\\\/person\\\/000bdaf0a8fb5bff0d537c4d0778e33f\"},\"breadcrumb\":{\"@id\":\"https:\\\/\\\/www.bbmnoticias.com\\\/sep-recibira-manana-1-de-mayo-a-la-cnte\\\/#breadcrumb\"},\"inLanguage\":\"es\",\"potentialAction\":[{\"@type\":\"ReadAction\",\"target\":[\"https:\\\/\\\/www.bbmnoticias.com\\\/sep-recibira-manana-1-de-mayo-a-la-cnte\\\/\"]}]},{\"@type\":\"ImageObject\",\"inLanguage\":\"es\",\"@id\":\"https:\\\/\\\/www.bbmnoticias.com\\\/sep-recibira-manana-1-de-mayo-a-la-cnte\\\/#primaryimage\",\"url\":\"https:\\\/\\\/www.bbmnoticias.com\\\/labravaradiofm\\\/wp-content\\\/uploads\\\/sites\\\/5\\\/2026\\\/04\\\/sep_cnte.webp\",\"contentUrl\":\"https:\\\/\\\/www.bbmnoticias.com\\\/labravaradiofm\\\/wp-content\\\/uploads\\\/sites\\\/5\\\/2026\\\/04\\\/sep_cnte.webp\",\"width\":1200,\"height\":799},{\"@type\":\"BreadcrumbList\",\"@id\":\"https:\\\/\\\/www.bbmnoticias.com\\\/sep-recibira-manana-1-de-mayo-a-la-cnte\\\/#breadcrumb\",\"itemListElement\":[{\"@type\":\"ListItem\",\"position\":1,\"name\":\"Inicio\",\"item\":\"https:\\\/\\\/www.bbmnoticias.com\\\/labravaradiofm\\\/\"},{\"@type\":\"ListItem\",\"position\":2,\"name\":\"SEP recibir\u00e1 ma\u00f1ana 1 de mayo a la CNTE\"}]},{\"@type\":\"WebSite\",\"@id\":\"https:\\\/\\\/www.bbmnoticias.com\\\/labravaradiofm\\\/#website\",\"url\":\"https:\\\/\\\/www.bbmnoticias.com\\\/labravaradiofm\\\/\",\"name\":\"LA BRAVA RADIO\",\"description\":\"Empresa productora de medios, Radiodifusi\u00f3n, Noticias, tendencias y todo lo que necesitas saber de la pol\u00edtica mexicana e internacional; entretenimiento, espect\u00e1culos, salud y mucho m\u00e1s.\",\"potentialAction\":[{\"@type\":\"SearchAction\",\"target\":{\"@type\":\"EntryPoint\",\"urlTemplate\":\"https:\\\/\\\/www.bbmnoticias.com\\\/labravaradiofm\\\/?s={search_term_string}\"},\"query-input\":{\"@type\":\"PropertyValueSpecification\",\"valueRequired\":true,\"valueName\":\"search_term_string\"}}],\"inLanguage\":\"es\"},{\"@type\":\"Person\",\"@id\":\"https:\\\/\\\/www.bbmnoticias.com\\\/labravaradiofm\\\/#\\\/schema\\\/person\\\/000bdaf0a8fb5bff0d537c4d0778e33f\",\"name\":\"Agencias\",\"image\":{\"@type\":\"ImageObject\",\"inLanguage\":\"es\",\"@id\":\"https:\\\/\\\/secure.gravatar.com\\\/avatar\\\/739e0b61adf9e398b425c36718c8752286da0e8cd90f20ce9a86678abc26aa0d?s=96&d=mm&r=g\",\"url\":\"https:\\\/\\\/secure.gravatar.com\\\/avatar\\\/739e0b61adf9e398b425c36718c8752286da0e8cd90f20ce9a86678abc26aa0d?s=96&d=mm&r=g\",\"contentUrl\":\"https:\\\/\\\/secure.gravatar.com\\\/avatar\\\/739e0b61adf9e398b425c36718c8752286da0e8cd90f20ce9a86678abc26aa0d?s=96&d=mm&r=g\",\"caption\":\"Agencias\"},\"url\":\"https:\\\/\\\/www.bbmnoticias.com\\\/labravaradiofm\\\/author\\\/agencias\\\/\"}]}<\/script>\n<!-- \/ Yoast SEO plugin. -->","yoast_head_json":{"title":"SEP recibir\u00e1 ma\u00f1ana 1 de mayo a la CNTE - LA BRAVA RADIO","robots":{"index":"index","follow":"follow","max-snippet":"max-snippet:-1","max-image-preview":"max-image-preview:large","max-video-preview":"max-video-preview:-1"},"canonical":"https:\/\/www.bbmnoticias.com\/sep-recibira-manana-1-de-mayo-a-la-cnte\/","og_locale":"es_MX","og_type":"article","og_title":"SEP recibir\u00e1 ma\u00f1ana 1 de mayo a la CNTE - LA BRAVA RADIO","og_description":"Ciudad de M\u00e9xico. La Secretar\u00eda de Educaci\u00f3n P\u00fablica (SEP) recibir\u00e1 ma\u00f1ana viernes a los maestros de la Coordinadora Nacional de Trabajadores de la Educaci\u00f3n (CNTE) que entregar\u00e1n su pliego petitorio. Hay comunicaci\u00f3n permanente con ellos, afirm\u00f3 el titular de la dependencia federal, Mario Delgado.&nbsp; Dijo que en el encuentro tambi\u00e9n participar\u00e1 la Secretar\u00eda de Gobernaci\u00f3n [&hellip;]","og_url":"https:\/\/www.bbmnoticias.com\/sep-recibira-manana-1-de-mayo-a-la-cnte\/","og_site_name":"LA BRAVA RADIO","article_published_time":"2026-04-30T17:55:16+00:00","article_modified_time":"2026-04-30T17:55:36+00:00","og_image":[{"width":1200,"height":799,"url":"https:\/\/www.bbmnoticias.com\/labravaradiofm\/wp-content\/uploads\/sites\/5\/2026\/04\/sep_cnte.webp","type":"image\/webp"}],"author":"Agencias","twitter_card":"summary_large_image","twitter_misc":{"Escrito por":"Agencias","Tiempo de lectura":"1 minuto"},"schema":{"@context":"https:\/\/schema.org","@graph":[{"@type":"Article","@id":"https:\/\/www.bbmnoticias.com\/sep-recibira-manana-1-de-mayo-a-la-cnte\/#article","isPartOf":{"@id":"https:\/\/www.bbmnoticias.com\/labravaradiofm\/2026\/04\/30\/sep-recibira-manana-1-de-mayo-a-la-cnte\/"},"author":{"name":"Agencias","@id":"https:\/\/www.bbmnoticias.com\/labravaradiofm\/#\/schema\/person\/000bdaf0a8fb5bff0d537c4d0778e33f"},"headline":"SEP recibir\u00e1 ma\u00f1ana 1 de mayo a la CNTE","datePublished":"2026-04-30T17:55:16+00:00","dateModified":"2026-04-30T17:55:36+00:00","mainEntityOfPage":{"@id":"https:\/\/www.bbmnoticias.com\/labravaradiofm\/2026\/04\/30\/sep-recibira-manana-1-de-mayo-a-la-cnte\/"},"wordCount":214,"image":{"@id":"https:\/\/www.bbmnoticias.com\/sep-recibira-manana-1-de-mayo-a-la-cnte\/#primaryimage"},"thumbnailUrl":"https:\/\/www.bbmnoticias.com\/labravaradiofm\/wp-content\/uploads\/sites\/5\/2026\/04\/sep_cnte.webp","articleSection":["LOCAL","NACIONAL"],"inLanguage":"es"},{"@type":"WebPage","@id":"https:\/\/www.bbmnoticias.com\/labravaradiofm\/2026\/04\/30\/sep-recibira-manana-1-de-mayo-a-la-cnte\/","url":"https:\/\/www.bbmnoticias.com\/sep-recibira-manana-1-de-mayo-a-la-cnte\/","name":"SEP recibir\u00e1 ma\u00f1ana 1 de mayo a la CNTE - LA BRAVA RADIO","isPartOf":{"@id":"https:\/\/www.bbmnoticias.com\/labravaradiofm\/#website"},"primaryImageOfPage":{"@id":"https:\/\/www.bbmnoticias.com\/sep-recibira-manana-1-de-mayo-a-la-cnte\/#primaryimage"},"image":{"@id":"https:\/\/www.bbmnoticias.com\/sep-recibira-manana-1-de-mayo-a-la-cnte\/#primaryimage"},"thumbnailUrl":"https:\/\/www.bbmnoticias.com\/labravaradiofm\/wp-content\/uploads\/sites\/5\/2026\/04\/sep_cnte.webp","datePublished":"2026-04-30T17:55:16+00:00","dateModified":"2026-04-30T17:55:36+00:00","author":{"@id":"https:\/\/www.bbmnoticias.com\/labravaradiofm\/#\/schema\/person\/000bdaf0a8fb5bff0d537c4d0778e33f"},"breadcrumb":{"@id":"https:\/\/www.bbmnoticias.com\/sep-recibira-manana-1-de-mayo-a-la-cnte\/#breadcrumb"},"inLanguage":"es","potentialAction":[{"@type":"ReadAction","target":["https:\/\/www.bbmnoticias.com\/sep-recibira-manana-1-de-mayo-a-la-cnte\/"]}]},{"@type":"ImageObject","inLanguage":"es","@id":"https:\/\/www.bbmnoticias.com\/sep-recibira-manana-1-de-mayo-a-la-cnte\/#primaryimage","url":"https:\/\/www.bbmnoticias.com\/labravaradiofm\/wp-content\/uploads\/sites\/5\/2026\/04\/sep_cnte.webp","contentUrl":"https:\/\/www.bbmnoticias.com\/labravaradiofm\/wp-content\/uploads\/sites\/5\/2026\/04\/sep_cnte.webp","width":1200,"height":799},{"@type":"BreadcrumbList","@id":"https:\/\/www.bbmnoticias.com\/sep-recibira-manana-1-de-mayo-a-la-cnte\/#breadcrumb","itemListElement":[{"@type":"ListItem","position":1,"name":"Inicio","item":"https:\/\/www.bbmnoticias.com\/labravaradiofm\/"},{"@type":"ListItem","position":2,"name":"SEP recibir\u00e1 ma\u00f1ana 1 de mayo a la CNTE"}]},{"@type":"WebSite","@id":"https:\/\/www.bbmnoticias.com\/labravaradiofm\/#website","url":"https:\/\/www.bbmnoticias.com\/labravaradiofm\/","name":"LA BRAVA RADIO","description":"Empresa productora de medios, Radiodifusi\u00f3n, Noticias, tendencias y todo lo que necesitas saber de la pol\u00edtica mexicana e internacional; entretenimiento, espect\u00e1culos, salud y mucho m\u00e1s.","potentialAction":[{"@type":"SearchAction","target":{"@type":"EntryPoint","urlTemplate":"https:\/\/www.bbmnoticias.com\/labravaradiofm\/?s={search_term_string}"},"query-input":{"@type":"PropertyValueSpecification","valueRequired":true,"valueName":"search_term_string"}}],"inLanguage":"es"},{"@type":"Person","@id":"https:\/\/www.bbmnoticias.com\/labravaradiofm\/#\/schema\/person\/000bdaf0a8fb5bff0d537c4d0778e33f","name":"Agencias","image":{"@type":"ImageObject","inLanguage":"es","@id":"https:\/\/secure.gravatar.com\/avatar\/739e0b61adf9e398b425c36718c8752286da0e8cd90f20ce9a86678abc26aa0d?s=96&d=mm&r=g","url":"https:\/\/secure.gravatar.com\/avatar\/739e0b61adf9e398b425c36718c8752286da0e8cd90f20ce9a86678abc26aa0d?s=96&d=mm&r=g","contentUrl":"https:\/\/secure.gravatar.com\/avatar\/739e0b61adf9e398b425c36718c8752286da0e8cd90f20ce9a86678abc26aa0d?s=96&d=mm&r=g","caption":"Agencias"},"url":"https:\/\/www.bbmnoticias.com\/labravaradiofm\/author\/agencias\/"}]}},"_links":{"self":[{"href":"https:\/\/www.bbmnoticias.com\/labravaradiofm\/wp-json\/wp\/v2\/posts\/76773","targetHints":{"allow":["GET"]}}],"collection":[{"href":"https:\/\/www.bbmnoticias.com\/labravaradiofm\/wp-json\/wp\/v2\/posts"}],"about":[{"href":"https:\/\/www.bbmnoticias.com\/labravaradiofm\/wp-json\/wp\/v2\/types\/post"}],"author":[{"embeddable":true,"href":"https:\/\/www.bbmnoticias.com\/labravaradiofm\/wp-json\/wp\/v2\/users\/4"}],"replies":[{"embeddable":true,"href":"https:\/\/www.bbmnoticias.com\/labravaradiofm\/wp-json\/wp\/v2\/comments?post=76773"}],"version-history":[{"count":1,"href":"https:\/\/www.bbmnoticias.com\/labravaradiofm\/wp-json\/wp\/v2\/posts\/76773\/revisions"}],"predecessor-version":[{"id":76774,"href":"https:\/\/www.bbmnoticias.com\/labravaradiofm\/wp-json\/wp\/v2\/posts\/76773\/revisions\/76774"}],"wp:featuredmedia":[{"embeddable":true,"href":"https:\/\/www.bbmnoticias.com\/labravaradiofm\/wp-json\/wp\/v2\/media\/76775"}],"wp:attachment":[{"href":"https:\/\/www.bbmnoticias.com\/labravaradiofm\/wp-json\/wp\/v2\/media?parent=76773"}],"wp:term":[{"taxonomy":"category","embeddable":true,"href":"https:\/\/www.bbmnoticias.com\/labravaradiofm\/wp-json\/wp\/v2\/categories?post=76773"},{"taxonomy":"post_tag","embeddable":true,"href":"https:\/\/www.bbmnoticias.com\/labravaradiofm\/wp-json\/wp\/v2\/tags?post=76773"}],"curies":[{"name":"wp","href":"https:\/\/api.w.org\/{rel}","templated":true}]}}