{"id":76758,"date":"2026-04-30T08:23:11","date_gmt":"2026-04-30T14:23:11","guid":{"rendered":"https:\/\/www.bbmnoticias.com\/labravaradiofm\/2026\/04\/30\/no-vamos-a-cubrir-a-nadie-que-haya-cometido-un-delito-dice-sheinbaum-ante-acusacion-de-corte-de-eu-contra-funcionarios-de-sinaloa\/"},"modified":"2026-04-30T08:23:19","modified_gmt":"2026-04-30T14:23:19","slug":"no-vamos-a-cubrir-a-nadie-que-haya-cometido-un-delito-dice-sheinbaum-ante-acusacion-de-corte-de-eu-contra-funcionarios-de-sinaloa","status":"publish","type":"post","link":"https:\/\/www.bbmnoticias.com\/labravaradiofm\/2026\/04\/30\/no-vamos-a-cubrir-a-nadie-que-haya-cometido-un-delito-dice-sheinbaum-ante-acusacion-de-corte-de-eu-contra-funcionarios-de-sinaloa\/","title":{"rendered":"&#8220;No vamos a cubrir a nadie que haya cometido un delito&#8221;, dice Sheinbaum ante acusaci\u00f3n de Corte de EU contra funcionarios de Sinaloa"},"content":{"rendered":"<div style=\"margin-top: 0px; margin-bottom: 0px;\" class=\"sharethis-inline-share-buttons\" ><\/div>\n<p>El <strong>Gobierno de M\u00e9xico <\/strong>fij\u00f3 su <strong>postura<\/strong> sobre la <strong>acusaci\u00f3n formal<\/strong> que hizo la<strong> Suprema Corte<\/strong> de<strong> Nueva York<\/strong> que se\u00f1al\u00f3 a <strong>mandos<\/strong> de la <strong>polic\u00eda de Sinaloa<\/strong>, as\u00ed como del gobernador, <strong>Rub\u00e9n Rocha Moya<\/strong>, de tener presuntos&nbsp;<strong>v\u00ednculos<\/strong> con el <strong>narcotr\u00e1fico<\/strong> en espec\u00edfico con el <strong>c\u00e1rtel de Sinaloa<\/strong> fundado por Joaqu\u00edn \u2018El Chapo\u2019 Guzm\u00e1n e Ismael \u2018El Mayo\u2019 Zambada.<\/p>\n\n\n\n<p>Durante la <strong>Ma\u00f1anera<\/strong> de este<strong> jueves 30 de abril<\/strong>, la Presidenta Sheinbaum ley\u00f3 un comunicado donde explic\u00f3: &#8220;Si la <strong>FGR<\/strong> recibe <strong>pruebas contundentes<\/strong> e <strong>irrefutables<\/strong> conforme a la legislaci\u00f3n mexicana o en su propia investigaci\u00f3n deber\u00e1 <strong>proceder<\/strong> <strong>conforme<\/strong> a <strong>derecho<\/strong> bajo <strong>nuestra jurisdicci\u00f3n<\/strong>\u201d, acot\u00f3l al tiempo que record\u00f3:<\/p>\n\n\n\n<blockquote class=\"wp-block-quote is-layout-flow wp-block-quote-is-layout-flow\">\n<p>\u201cNo vamos a cubrir a nadie que haya cometido un delito, sin embargo, si no existen pruebas claras, es evidente que el objetivo de estas imputaciones por parte del Departamento de Justicia es pol\u00edtico\u201d: Claudia Sheinbaum.<\/p>\n<\/blockquote>\n\n\n\n<h2 class=\"wp-block-heading\">Sheinbaum reitera proteger la soberan\u00eda de M\u00e9xico<\/h2>\n\n\n\n<p>Asimismo, <strong>Claudia Sheinbaum Pardo<\/strong> fue <strong>enf\u00e1tica<\/strong> al asegurar: \u201cDebe quedar sumamente claro, bajo <strong>ning\u00fan motivo<\/strong> vamos a <strong>permitir<\/strong> la <strong>intromisi\u00f3n<\/strong> o <strong>injerencia<\/strong> de un gobierno extranjero en las decisiones que le competen exclusivamente al pueblo de M\u00e9xico&#8221;, se\u00f1al\u00f3 la mandataria al afirmar que siempre <strong>defender\u00e1<\/strong> la <strong>soberan\u00eda<\/strong>:<\/p>\n\n\n\n<blockquote class=\"wp-block-quote is-layout-flow wp-block-quote-is-layout-flow\">\n<p>&#8220;Jur\u00e9 respetar las leyes, y asumir el bienestar del pueblo y la soberan\u00eda nacional&#8221;: Claudia Sheinbaum.<\/p>\n<\/blockquote>\n\n\n\n<p>Sobre la posibilidad de que sea un tema pol\u00edtico la <strong>orden de extradici\u00f3n<\/strong> que hizo la <strong>Corte neoyorquina<\/strong> para los <strong>10 funcionarios de Sinaloa<\/strong>, la<strong> jefa del Ejecutivo Federal <\/strong>afirm\u00f3 que es una<strong> hecho sin precedentes<\/strong>, y en caso de que existan las pruebas contundentes de la acusaci\u00f3n, \u201cdebe haber tambi\u00e9n <strong>discreci\u00f3n<\/strong> en estos casos\u201d, sentenci\u00f3.<\/p>\n\n\n\n<h2 class=\"wp-block-heading\">\u00bfQu\u00e9 dice el Departamento de Justicia de EU sobre los funcionarios de Sinaloa?<\/h2>\n\n\n\n<p>El <strong>Departamento de Justicia de Estados Unidos <\/strong>emiti\u00f3 un comunicado en donde se\u00f1al\u00f3 la solicitud de la orden de extradici\u00f3n contra los 10 funcionarios de Sinaloa: &#8220;Se les acusa de haberse asociado con el <strong>c\u00e1rtel de Sinaloa<\/strong> para distribuir <strong>cantidades masivas<\/strong> de <strong>narc\u00f3ticos<\/strong> a Estados Unidos&#8221;.<\/p>\n\n\n\n<p>La acusaci\u00f3n de la Corte estadounidense fue presentada ante el tribunal federal del Distrito Sur de <strong>Nueva York<\/strong>, la cual fue <strong>asignado<\/strong> a la <strong>jueza federal <\/strong>de distrito <strong>Katherine Polk Failla<\/strong>.<\/p>\n","protected":false},"excerpt":{"rendered":"<p>El Gobierno de M\u00e9xico fij\u00f3 su postura sobre la acusaci\u00f3n formal que hizo la Suprema Corte de Nueva York que se\u00f1al\u00f3 a mandos de la polic\u00eda de Sinaloa, as\u00ed como del gobernador, Rub\u00e9n Rocha Moya, de tener presuntos&nbsp;v\u00ednculos con el narcotr\u00e1fico en espec\u00edfico con el c\u00e1rtel de Sinaloa fundado por Joaqu\u00edn \u2018El Chapo\u2019 Guzm\u00e1n e [&hellip;]<\/p>\n","protected":false},"author":4,"featured_media":76760,"comment_status":"closed","ping_status":"open","sticky":false,"template":"","format":"standard","meta":{"footnotes":""},"categories":[2,19],"tags":[],"class_list":{"0":"post-76758","1":"post","2":"type-post","3":"status-publish","4":"format-standard","5":"has-post-thumbnail","7":"category-oaxaca","8":"category-nacional"},"yoast_head":"<!-- This site is optimized with the Yoast SEO plugin v27.4 - https:\/\/yoast.com\/product\/yoast-seo-wordpress\/ -->\n<title>&quot;No vamos a cubrir a nadie que haya cometido un delito&quot;, dice Sheinbaum ante acusaci\u00f3n de Corte de EU contra funcionarios de Sinaloa - LA BRAVA RADIO<\/title>\n<meta name=\"robots\" content=\"index, follow, max-snippet:-1, max-image-preview:large, max-video-preview:-1\" \/>\n<link rel=\"canonical\" href=\"https:\/\/www.bbmnoticias.com\/no-vamos-a-cubrir-a-nadie-que-haya-cometido-un-delito-dice-sheinbaum-ante-acusacion-de-corte-de-eu-contra-funcionarios-de-sinaloa\/\" \/>\n<meta property=\"og:locale\" content=\"es_MX\" \/>\n<meta property=\"og:type\" content=\"article\" \/>\n<meta property=\"og:title\" content=\"&quot;No vamos a cubrir a nadie que haya cometido un delito&quot;, dice Sheinbaum ante acusaci\u00f3n de Corte de EU contra funcionarios de Sinaloa - LA BRAVA RADIO\" \/>\n<meta property=\"og:description\" content=\"El Gobierno de M\u00e9xico fij\u00f3 su postura sobre la acusaci\u00f3n formal que hizo la Suprema Corte de Nueva York que se\u00f1al\u00f3 a mandos de la polic\u00eda de Sinaloa, as\u00ed como del gobernador, Rub\u00e9n Rocha Moya, de tener presuntos&nbsp;v\u00ednculos con el narcotr\u00e1fico en espec\u00edfico con el c\u00e1rtel de Sinaloa fundado por Joaqu\u00edn \u2018El Chapo\u2019 Guzm\u00e1n e [&hellip;]\" \/>\n<meta property=\"og:url\" content=\"https:\/\/www.bbmnoticias.com\/no-vamos-a-cubrir-a-nadie-que-haya-cometido-un-delito-dice-sheinbaum-ante-acusacion-de-corte-de-eu-contra-funcionarios-de-sinaloa\/\" \/>\n<meta property=\"og:site_name\" content=\"LA BRAVA RADIO\" \/>\n<meta property=\"article:published_time\" content=\"2026-04-30T14:23:11+00:00\" \/>\n<meta property=\"article:modified_time\" content=\"2026-04-30T14:23:19+00:00\" \/>\n<meta property=\"og:image\" content=\"https:\/\/www.bbmnoticias.com\/labravaradiofm\/wp-content\/uploads\/sites\/5\/2026\/04\/claudia_sheinbaum-4.jpg\" \/>\n\t<meta property=\"og:image:width\" content=\"848\" \/>\n\t<meta property=\"og:image:height\" content=\"477\" \/>\n\t<meta property=\"og:image:type\" content=\"image\/jpeg\" \/>\n<meta name=\"author\" content=\"Agencias\" \/>\n<meta name=\"twitter:card\" content=\"summary_large_image\" \/>\n<meta name=\"twitter:label1\" content=\"Escrito por\" \/>\n\t<meta name=\"twitter:data1\" content=\"Agencias\" \/>\n\t<meta name=\"twitter:label2\" content=\"Tiempo de lectura\" \/>\n\t<meta name=\"twitter:data2\" content=\"2 minutos\" \/>\n<script type=\"application\/ld+json\" class=\"yoast-schema-graph\">{\"@context\":\"https:\\\/\\\/schema.org\",\"@graph\":[{\"@type\":\"Article\",\"@id\":\"https:\\\/\\\/www.bbmnoticias.com\\\/no-vamos-a-cubrir-a-nadie-que-haya-cometido-un-delito-dice-sheinbaum-ante-acusacion-de-corte-de-eu-contra-funcionarios-de-sinaloa\\\/#article\",\"isPartOf\":{\"@id\":\"https:\\\/\\\/www.bbmnoticias.com\\\/labravaradiofm\\\/2026\\\/04\\\/30\\\/no-vamos-a-cubrir-a-nadie-que-haya-cometido-un-delito-dice-sheinbaum-ante-acusacion-de-corte-de-eu-contra-funcionarios-de-sinaloa\\\/\"},\"author\":{\"name\":\"Agencias\",\"@id\":\"https:\\\/\\\/www.bbmnoticias.com\\\/labravaradiofm\\\/#\\\/schema\\\/person\\\/000bdaf0a8fb5bff0d537c4d0778e33f\"},\"headline\":\"&#8220;No vamos a cubrir a nadie que haya cometido un delito&#8221;, dice Sheinbaum ante acusaci\u00f3n de Corte de EU contra funcionarios de Sinaloa\",\"datePublished\":\"2026-04-30T14:23:11+00:00\",\"dateModified\":\"2026-04-30T14:23:19+00:00\",\"mainEntityOfPage\":{\"@id\":\"https:\\\/\\\/www.bbmnoticias.com\\\/labravaradiofm\\\/2026\\\/04\\\/30\\\/no-vamos-a-cubrir-a-nadie-que-haya-cometido-un-delito-dice-sheinbaum-ante-acusacion-de-corte-de-eu-contra-funcionarios-de-sinaloa\\\/\"},\"wordCount\":418,\"image\":{\"@id\":\"https:\\\/\\\/www.bbmnoticias.com\\\/no-vamos-a-cubrir-a-nadie-que-haya-cometido-un-delito-dice-sheinbaum-ante-acusacion-de-corte-de-eu-contra-funcionarios-de-sinaloa\\\/#primaryimage\"},\"thumbnailUrl\":\"https:\\\/\\\/www.bbmnoticias.com\\\/labravaradiofm\\\/wp-content\\\/uploads\\\/sites\\\/5\\\/2026\\\/04\\\/claudia_sheinbaum-4.jpg\",\"articleSection\":[\"LOCAL\",\"NACIONAL\"],\"inLanguage\":\"es\"},{\"@type\":\"WebPage\",\"@id\":\"https:\\\/\\\/www.bbmnoticias.com\\\/labravaradiofm\\\/2026\\\/04\\\/30\\\/no-vamos-a-cubrir-a-nadie-que-haya-cometido-un-delito-dice-sheinbaum-ante-acusacion-de-corte-de-eu-contra-funcionarios-de-sinaloa\\\/\",\"url\":\"https:\\\/\\\/www.bbmnoticias.com\\\/no-vamos-a-cubrir-a-nadie-que-haya-cometido-un-delito-dice-sheinbaum-ante-acusacion-de-corte-de-eu-contra-funcionarios-de-sinaloa\\\/\",\"name\":\"\\\"No vamos a cubrir a nadie que haya cometido un delito\\\", dice Sheinbaum ante acusaci\u00f3n de Corte de EU contra funcionarios de Sinaloa - LA BRAVA RADIO\",\"isPartOf\":{\"@id\":\"https:\\\/\\\/www.bbmnoticias.com\\\/labravaradiofm\\\/#website\"},\"primaryImageOfPage\":{\"@id\":\"https:\\\/\\\/www.bbmnoticias.com\\\/no-vamos-a-cubrir-a-nadie-que-haya-cometido-un-delito-dice-sheinbaum-ante-acusacion-de-corte-de-eu-contra-funcionarios-de-sinaloa\\\/#primaryimage\"},\"image\":{\"@id\":\"https:\\\/\\\/www.bbmnoticias.com\\\/no-vamos-a-cubrir-a-nadie-que-haya-cometido-un-delito-dice-sheinbaum-ante-acusacion-de-corte-de-eu-contra-funcionarios-de-sinaloa\\\/#primaryimage\"},\"thumbnailUrl\":\"https:\\\/\\\/www.bbmnoticias.com\\\/labravaradiofm\\\/wp-content\\\/uploads\\\/sites\\\/5\\\/2026\\\/04\\\/claudia_sheinbaum-4.jpg\",\"datePublished\":\"2026-04-30T14:23:11+00:00\",\"dateModified\":\"2026-04-30T14:23:19+00:00\",\"author\":{\"@id\":\"https:\\\/\\\/www.bbmnoticias.com\\\/labravaradiofm\\\/#\\\/schema\\\/person\\\/000bdaf0a8fb5bff0d537c4d0778e33f\"},\"breadcrumb\":{\"@id\":\"https:\\\/\\\/www.bbmnoticias.com\\\/no-vamos-a-cubrir-a-nadie-que-haya-cometido-un-delito-dice-sheinbaum-ante-acusacion-de-corte-de-eu-contra-funcionarios-de-sinaloa\\\/#breadcrumb\"},\"inLanguage\":\"es\",\"potentialAction\":[{\"@type\":\"ReadAction\",\"target\":[\"https:\\\/\\\/www.bbmnoticias.com\\\/no-vamos-a-cubrir-a-nadie-que-haya-cometido-un-delito-dice-sheinbaum-ante-acusacion-de-corte-de-eu-contra-funcionarios-de-sinaloa\\\/\"]}]},{\"@type\":\"ImageObject\",\"inLanguage\":\"es\",\"@id\":\"https:\\\/\\\/www.bbmnoticias.com\\\/no-vamos-a-cubrir-a-nadie-que-haya-cometido-un-delito-dice-sheinbaum-ante-acusacion-de-corte-de-eu-contra-funcionarios-de-sinaloa\\\/#primaryimage\",\"url\":\"https:\\\/\\\/www.bbmnoticias.com\\\/labravaradiofm\\\/wp-content\\\/uploads\\\/sites\\\/5\\\/2026\\\/04\\\/claudia_sheinbaum-4.jpg\",\"contentUrl\":\"https:\\\/\\\/www.bbmnoticias.com\\\/labravaradiofm\\\/wp-content\\\/uploads\\\/sites\\\/5\\\/2026\\\/04\\\/claudia_sheinbaum-4.jpg\",\"width\":848,\"height\":477},{\"@type\":\"BreadcrumbList\",\"@id\":\"https:\\\/\\\/www.bbmnoticias.com\\\/no-vamos-a-cubrir-a-nadie-que-haya-cometido-un-delito-dice-sheinbaum-ante-acusacion-de-corte-de-eu-contra-funcionarios-de-sinaloa\\\/#breadcrumb\",\"itemListElement\":[{\"@type\":\"ListItem\",\"position\":1,\"name\":\"Inicio\",\"item\":\"https:\\\/\\\/www.bbmnoticias.com\\\/labravaradiofm\\\/\"},{\"@type\":\"ListItem\",\"position\":2,\"name\":\"&#8220;No vamos a cubrir a nadie que haya cometido un delito&#8221;, dice Sheinbaum ante acusaci\u00f3n de Corte de EU contra funcionarios de Sinaloa\"}]},{\"@type\":\"WebSite\",\"@id\":\"https:\\\/\\\/www.bbmnoticias.com\\\/labravaradiofm\\\/#website\",\"url\":\"https:\\\/\\\/www.bbmnoticias.com\\\/labravaradiofm\\\/\",\"name\":\"LA BRAVA RADIO\",\"description\":\"Empresa productora de medios, Radiodifusi\u00f3n, Noticias, tendencias y todo lo que necesitas saber de la pol\u00edtica mexicana e internacional; entretenimiento, espect\u00e1culos, salud y mucho m\u00e1s.\",\"potentialAction\":[{\"@type\":\"SearchAction\",\"target\":{\"@type\":\"EntryPoint\",\"urlTemplate\":\"https:\\\/\\\/www.bbmnoticias.com\\\/labravaradiofm\\\/?s={search_term_string}\"},\"query-input\":{\"@type\":\"PropertyValueSpecification\",\"valueRequired\":true,\"valueName\":\"search_term_string\"}}],\"inLanguage\":\"es\"},{\"@type\":\"Person\",\"@id\":\"https:\\\/\\\/www.bbmnoticias.com\\\/labravaradiofm\\\/#\\\/schema\\\/person\\\/000bdaf0a8fb5bff0d537c4d0778e33f\",\"name\":\"Agencias\",\"image\":{\"@type\":\"ImageObject\",\"inLanguage\":\"es\",\"@id\":\"https:\\\/\\\/secure.gravatar.com\\\/avatar\\\/739e0b61adf9e398b425c36718c8752286da0e8cd90f20ce9a86678abc26aa0d?s=96&d=mm&r=g\",\"url\":\"https:\\\/\\\/secure.gravatar.com\\\/avatar\\\/739e0b61adf9e398b425c36718c8752286da0e8cd90f20ce9a86678abc26aa0d?s=96&d=mm&r=g\",\"contentUrl\":\"https:\\\/\\\/secure.gravatar.com\\\/avatar\\\/739e0b61adf9e398b425c36718c8752286da0e8cd90f20ce9a86678abc26aa0d?s=96&d=mm&r=g\",\"caption\":\"Agencias\"},\"url\":\"https:\\\/\\\/www.bbmnoticias.com\\\/labravaradiofm\\\/author\\\/agencias\\\/\"}]}<\/script>\n<!-- \/ Yoast SEO plugin. -->","yoast_head_json":{"title":"\"No vamos a cubrir a nadie que haya cometido un delito\", dice Sheinbaum ante acusaci\u00f3n de Corte de EU contra funcionarios de Sinaloa - LA BRAVA RADIO","robots":{"index":"index","follow":"follow","max-snippet":"max-snippet:-1","max-image-preview":"max-image-preview:large","max-video-preview":"max-video-preview:-1"},"canonical":"https:\/\/www.bbmnoticias.com\/no-vamos-a-cubrir-a-nadie-que-haya-cometido-un-delito-dice-sheinbaum-ante-acusacion-de-corte-de-eu-contra-funcionarios-de-sinaloa\/","og_locale":"es_MX","og_type":"article","og_title":"\"No vamos a cubrir a nadie que haya cometido un delito\", dice Sheinbaum ante acusaci\u00f3n de Corte de EU contra funcionarios de Sinaloa - LA BRAVA RADIO","og_description":"El Gobierno de M\u00e9xico fij\u00f3 su postura sobre la acusaci\u00f3n formal que hizo la Suprema Corte de Nueva York que se\u00f1al\u00f3 a mandos de la polic\u00eda de Sinaloa, as\u00ed como del gobernador, Rub\u00e9n Rocha Moya, de tener presuntos&nbsp;v\u00ednculos con el narcotr\u00e1fico en espec\u00edfico con el c\u00e1rtel de Sinaloa fundado por Joaqu\u00edn \u2018El Chapo\u2019 Guzm\u00e1n e [&hellip;]","og_url":"https:\/\/www.bbmnoticias.com\/no-vamos-a-cubrir-a-nadie-que-haya-cometido-un-delito-dice-sheinbaum-ante-acusacion-de-corte-de-eu-contra-funcionarios-de-sinaloa\/","og_site_name":"LA BRAVA RADIO","article_published_time":"2026-04-30T14:23:11+00:00","article_modified_time":"2026-04-30T14:23:19+00:00","og_image":[{"width":848,"height":477,"url":"https:\/\/www.bbmnoticias.com\/labravaradiofm\/wp-content\/uploads\/sites\/5\/2026\/04\/claudia_sheinbaum-4.jpg","type":"image\/jpeg"}],"author":"Agencias","twitter_card":"summary_large_image","twitter_misc":{"Escrito por":"Agencias","Tiempo de lectura":"2 minutos"},"schema":{"@context":"https:\/\/schema.org","@graph":[{"@type":"Article","@id":"https:\/\/www.bbmnoticias.com\/no-vamos-a-cubrir-a-nadie-que-haya-cometido-un-delito-dice-sheinbaum-ante-acusacion-de-corte-de-eu-contra-funcionarios-de-sinaloa\/#article","isPartOf":{"@id":"https:\/\/www.bbmnoticias.com\/labravaradiofm\/2026\/04\/30\/no-vamos-a-cubrir-a-nadie-que-haya-cometido-un-delito-dice-sheinbaum-ante-acusacion-de-corte-de-eu-contra-funcionarios-de-sinaloa\/"},"author":{"name":"Agencias","@id":"https:\/\/www.bbmnoticias.com\/labravaradiofm\/#\/schema\/person\/000bdaf0a8fb5bff0d537c4d0778e33f"},"headline":"&#8220;No vamos a cubrir a nadie que haya cometido un delito&#8221;, dice Sheinbaum ante acusaci\u00f3n de Corte de EU contra funcionarios de Sinaloa","datePublished":"2026-04-30T14:23:11+00:00","dateModified":"2026-04-30T14:23:19+00:00","mainEntityOfPage":{"@id":"https:\/\/www.bbmnoticias.com\/labravaradiofm\/2026\/04\/30\/no-vamos-a-cubrir-a-nadie-que-haya-cometido-un-delito-dice-sheinbaum-ante-acusacion-de-corte-de-eu-contra-funcionarios-de-sinaloa\/"},"wordCount":418,"image":{"@id":"https:\/\/www.bbmnoticias.com\/no-vamos-a-cubrir-a-nadie-que-haya-cometido-un-delito-dice-sheinbaum-ante-acusacion-de-corte-de-eu-contra-funcionarios-de-sinaloa\/#primaryimage"},"thumbnailUrl":"https:\/\/www.bbmnoticias.com\/labravaradiofm\/wp-content\/uploads\/sites\/5\/2026\/04\/claudia_sheinbaum-4.jpg","articleSection":["LOCAL","NACIONAL"],"inLanguage":"es"},{"@type":"WebPage","@id":"https:\/\/www.bbmnoticias.com\/labravaradiofm\/2026\/04\/30\/no-vamos-a-cubrir-a-nadie-que-haya-cometido-un-delito-dice-sheinbaum-ante-acusacion-de-corte-de-eu-contra-funcionarios-de-sinaloa\/","url":"https:\/\/www.bbmnoticias.com\/no-vamos-a-cubrir-a-nadie-que-haya-cometido-un-delito-dice-sheinbaum-ante-acusacion-de-corte-de-eu-contra-funcionarios-de-sinaloa\/","name":"\"No vamos a cubrir a nadie que haya cometido un delito\", dice Sheinbaum ante acusaci\u00f3n de Corte de EU contra funcionarios de Sinaloa - LA BRAVA RADIO","isPartOf":{"@id":"https:\/\/www.bbmnoticias.com\/labravaradiofm\/#website"},"primaryImageOfPage":{"@id":"https:\/\/www.bbmnoticias.com\/no-vamos-a-cubrir-a-nadie-que-haya-cometido-un-delito-dice-sheinbaum-ante-acusacion-de-corte-de-eu-contra-funcionarios-de-sinaloa\/#primaryimage"},"image":{"@id":"https:\/\/www.bbmnoticias.com\/no-vamos-a-cubrir-a-nadie-que-haya-cometido-un-delito-dice-sheinbaum-ante-acusacion-de-corte-de-eu-contra-funcionarios-de-sinaloa\/#primaryimage"},"thumbnailUrl":"https:\/\/www.bbmnoticias.com\/labravaradiofm\/wp-content\/uploads\/sites\/5\/2026\/04\/claudia_sheinbaum-4.jpg","datePublished":"2026-04-30T14:23:11+00:00","dateModified":"2026-04-30T14:23:19+00:00","author":{"@id":"https:\/\/www.bbmnoticias.com\/labravaradiofm\/#\/schema\/person\/000bdaf0a8fb5bff0d537c4d0778e33f"},"breadcrumb":{"@id":"https:\/\/www.bbmnoticias.com\/no-vamos-a-cubrir-a-nadie-que-haya-cometido-un-delito-dice-sheinbaum-ante-acusacion-de-corte-de-eu-contra-funcionarios-de-sinaloa\/#breadcrumb"},"inLanguage":"es","potentialAction":[{"@type":"ReadAction","target":["https:\/\/www.bbmnoticias.com\/no-vamos-a-cubrir-a-nadie-que-haya-cometido-un-delito-dice-sheinbaum-ante-acusacion-de-corte-de-eu-contra-funcionarios-de-sinaloa\/"]}]},{"@type":"ImageObject","inLanguage":"es","@id":"https:\/\/www.bbmnoticias.com\/no-vamos-a-cubrir-a-nadie-que-haya-cometido-un-delito-dice-sheinbaum-ante-acusacion-de-corte-de-eu-contra-funcionarios-de-sinaloa\/#primaryimage","url":"https:\/\/www.bbmnoticias.com\/labravaradiofm\/wp-content\/uploads\/sites\/5\/2026\/04\/claudia_sheinbaum-4.jpg","contentUrl":"https:\/\/www.bbmnoticias.com\/labravaradiofm\/wp-content\/uploads\/sites\/5\/2026\/04\/claudia_sheinbaum-4.jpg","width":848,"height":477},{"@type":"BreadcrumbList","@id":"https:\/\/www.bbmnoticias.com\/no-vamos-a-cubrir-a-nadie-que-haya-cometido-un-delito-dice-sheinbaum-ante-acusacion-de-corte-de-eu-contra-funcionarios-de-sinaloa\/#breadcrumb","itemListElement":[{"@type":"ListItem","position":1,"name":"Inicio","item":"https:\/\/www.bbmnoticias.com\/labravaradiofm\/"},{"@type":"ListItem","position":2,"name":"&#8220;No vamos a cubrir a nadie que haya cometido un delito&#8221;, dice Sheinbaum ante acusaci\u00f3n de Corte de EU contra funcionarios de Sinaloa"}]},{"@type":"WebSite","@id":"https:\/\/www.bbmnoticias.com\/labravaradiofm\/#website","url":"https:\/\/www.bbmnoticias.com\/labravaradiofm\/","name":"LA BRAVA RADIO","description":"Empresa productora de medios, Radiodifusi\u00f3n, Noticias, tendencias y todo lo que necesitas saber de la pol\u00edtica mexicana e internacional; entretenimiento, espect\u00e1culos, salud y mucho m\u00e1s.","potentialAction":[{"@type":"SearchAction","target":{"@type":"EntryPoint","urlTemplate":"https:\/\/www.bbmnoticias.com\/labravaradiofm\/?s={search_term_string}"},"query-input":{"@type":"PropertyValueSpecification","valueRequired":true,"valueName":"search_term_string"}}],"inLanguage":"es"},{"@type":"Person","@id":"https:\/\/www.bbmnoticias.com\/labravaradiofm\/#\/schema\/person\/000bdaf0a8fb5bff0d537c4d0778e33f","name":"Agencias","image":{"@type":"ImageObject","inLanguage":"es","@id":"https:\/\/secure.gravatar.com\/avatar\/739e0b61adf9e398b425c36718c8752286da0e8cd90f20ce9a86678abc26aa0d?s=96&d=mm&r=g","url":"https:\/\/secure.gravatar.com\/avatar\/739e0b61adf9e398b425c36718c8752286da0e8cd90f20ce9a86678abc26aa0d?s=96&d=mm&r=g","contentUrl":"https:\/\/secure.gravatar.com\/avatar\/739e0b61adf9e398b425c36718c8752286da0e8cd90f20ce9a86678abc26aa0d?s=96&d=mm&r=g","caption":"Agencias"},"url":"https:\/\/www.bbmnoticias.com\/labravaradiofm\/author\/agencias\/"}]}},"_links":{"self":[{"href":"https:\/\/www.bbmnoticias.com\/labravaradiofm\/wp-json\/wp\/v2\/posts\/76758","targetHints":{"allow":["GET"]}}],"collection":[{"href":"https:\/\/www.bbmnoticias.com\/labravaradiofm\/wp-json\/wp\/v2\/posts"}],"about":[{"href":"https:\/\/www.bbmnoticias.com\/labravaradiofm\/wp-json\/wp\/v2\/types\/post"}],"author":[{"embeddable":true,"href":"https:\/\/www.bbmnoticias.com\/labravaradiofm\/wp-json\/wp\/v2\/users\/4"}],"replies":[{"embeddable":true,"href":"https:\/\/www.bbmnoticias.com\/labravaradiofm\/wp-json\/wp\/v2\/comments?post=76758"}],"version-history":[{"count":1,"href":"https:\/\/www.bbmnoticias.com\/labravaradiofm\/wp-json\/wp\/v2\/posts\/76758\/revisions"}],"predecessor-version":[{"id":76759,"href":"https:\/\/www.bbmnoticias.com\/labravaradiofm\/wp-json\/wp\/v2\/posts\/76758\/revisions\/76759"}],"wp:featuredmedia":[{"embeddable":true,"href":"https:\/\/www.bbmnoticias.com\/labravaradiofm\/wp-json\/wp\/v2\/media\/76760"}],"wp:attachment":[{"href":"https:\/\/www.bbmnoticias.com\/labravaradiofm\/wp-json\/wp\/v2\/media?parent=76758"}],"wp:term":[{"taxonomy":"category","embeddable":true,"href":"https:\/\/www.bbmnoticias.com\/labravaradiofm\/wp-json\/wp\/v2\/categories?post=76758"},{"taxonomy":"post_tag","embeddable":true,"href":"https:\/\/www.bbmnoticias.com\/labravaradiofm\/wp-json\/wp\/v2\/tags?post=76758"}],"curies":[{"name":"wp","href":"https:\/\/api.w.org\/{rel}","templated":true}]}}