{"id":76752,"date":"2026-04-29T20:10:02","date_gmt":"2026-04-30T02:10:02","guid":{"rendered":"https:\/\/www.bbmnoticias.com\/labravaradiofm\/2026\/04\/29\/celebra-pemex-semana-de-seguridad-y-salud-en-el-trabajo-en-salina-cruz\/"},"modified":"2026-04-29T20:10:20","modified_gmt":"2026-04-30T02:10:20","slug":"celebra-pemex-semana-de-seguridad-y-salud-en-el-trabajo-en-salina-cruz","status":"publish","type":"post","link":"https:\/\/www.bbmnoticias.com\/labravaradiofm\/2026\/04\/29\/celebra-pemex-semana-de-seguridad-y-salud-en-el-trabajo-en-salina-cruz\/","title":{"rendered":"Celebra Pemex semana de Seguridad y Salud en el Trabajo en Salina Cruz"},"content":{"rendered":"<div style=\"margin-top: 0px; margin-bottom: 0px;\" class=\"sharethis-inline-share-buttons\" ><\/div>\n<p>Salina Cruz, Oaxaca. \u2013 Del 27 al 29 de abril de 2026, Petr\u00f3leos Mexicanos (Pemex) celebr\u00f3 la Semana de Seguridad, Salud en el Trabajo y Protecci\u00f3n Ambiental (SSPA), bajo la coordinaci\u00f3n de la Subdirecci\u00f3n de Proyectos Industriales. <\/p>\n\n\n\n<p>En el marco del D\u00eda Mundial de la Seguridad y Salud en el Trabajo, se llevaron a cabo talleres, conferencias y pr\u00e1cticas de seguridad para actualizar conocimientos y reforzar la ejecuci\u00f3n t\u00e9cnica bajo est\u00e1ndares de riesgo m\u00ednimo. <\/p>\n\n\n\n<p>La Empresa P\u00fablica del Estado capacita e incentiva tanto a su personal como a las y los colaboradores de empresas prestadoras de servicios.<\/p>\n\n\n\n<p>Las actividades se desarrollaron en el \u00e1rea de construcci\u00f3n del proyecto de aprovechamientos residuales de la Refiner\u00eda Salina Cruz y consolidan la prevenci\u00f3n como eje central de la integridad operativa. <\/p>\n\n\n\n<p>Para Pemex, el capital humano impulsa la soberan\u00eda energ\u00e9tica de M\u00e9xico, por ello prioriza la integridad f\u00edsica de su fuerza laboral. El compromiso con la seguridad protege la vida y garantiza el bienestar de la comunidad petrolera.<\/p>\n","protected":false},"excerpt":{"rendered":"<p>Salina Cruz, Oaxaca. \u2013 Del 27 al 29 de abril de 2026, Petr\u00f3leos Mexicanos (Pemex) celebr\u00f3 la Semana de Seguridad, Salud en el Trabajo y Protecci\u00f3n Ambiental (SSPA), bajo la coordinaci\u00f3n de la Subdirecci\u00f3n de Proyectos Industriales. En el marco del D\u00eda Mundial de la Seguridad y Salud en el Trabajo, se llevaron a cabo [&hellip;]<\/p>\n","protected":false},"author":2,"featured_media":76754,"comment_status":"closed","ping_status":"open","sticky":false,"template":"","format":"standard","meta":{"footnotes":""},"categories":[2],"tags":[],"class_list":{"0":"post-76752","1":"post","2":"type-post","3":"status-publish","4":"format-standard","5":"has-post-thumbnail","7":"category-oaxaca"},"yoast_head":"<!-- This site is optimized with the Yoast SEO plugin v27.4 - https:\/\/yoast.com\/product\/yoast-seo-wordpress\/ -->\n<title>Celebra Pemex semana de Seguridad y Salud en el Trabajo en Salina Cruz - LA BRAVA RADIO<\/title>\n<meta name=\"robots\" content=\"index, follow, max-snippet:-1, max-image-preview:large, max-video-preview:-1\" \/>\n<link rel=\"canonical\" href=\"https:\/\/www.bbmnoticias.com\/celebra-pemex-semana-de-seguridad-y-salud-en-el-trabajo-en-salina-cruz\/\" \/>\n<meta property=\"og:locale\" content=\"es_MX\" \/>\n<meta property=\"og:type\" content=\"article\" \/>\n<meta property=\"og:title\" content=\"Celebra Pemex semana de Seguridad y Salud en el Trabajo en Salina Cruz - LA BRAVA RADIO\" \/>\n<meta property=\"og:description\" content=\"Salina Cruz, Oaxaca. \u2013 Del 27 al 29 de abril de 2026, Petr\u00f3leos Mexicanos (Pemex) celebr\u00f3 la Semana de Seguridad, Salud en el Trabajo y Protecci\u00f3n Ambiental (SSPA), bajo la coordinaci\u00f3n de la Subdirecci\u00f3n de Proyectos Industriales. En el marco del D\u00eda Mundial de la Seguridad y Salud en el Trabajo, se llevaron a cabo [&hellip;]\" \/>\n<meta property=\"og:url\" content=\"https:\/\/www.bbmnoticias.com\/celebra-pemex-semana-de-seguridad-y-salud-en-el-trabajo-en-salina-cruz\/\" \/>\n<meta property=\"og:site_name\" content=\"LA BRAVA RADIO\" \/>\n<meta property=\"article:published_time\" content=\"2026-04-30T02:10:02+00:00\" \/>\n<meta property=\"article:modified_time\" content=\"2026-04-30T02:10:20+00:00\" \/>\n<meta property=\"og:image\" content=\"https:\/\/www.bbmnoticias.com\/labravaradiofm\/wp-content\/uploads\/sites\/5\/2026\/04\/pemex_salinacruz.jpg\" \/>\n\t<meta property=\"og:image:width\" content=\"800\" \/>\n\t<meta property=\"og:image:height\" content=\"533\" \/>\n\t<meta property=\"og:image:type\" content=\"image\/jpeg\" \/>\n<meta name=\"author\" content=\"Staff\" \/>\n<meta name=\"twitter:card\" content=\"summary_large_image\" \/>\n<meta name=\"twitter:label1\" content=\"Escrito por\" \/>\n\t<meta name=\"twitter:data1\" content=\"Staff\" \/>\n\t<meta name=\"twitter:label2\" content=\"Tiempo de lectura\" \/>\n\t<meta name=\"twitter:data2\" content=\"1 minuto\" \/>\n<script type=\"application\/ld+json\" class=\"yoast-schema-graph\">{\"@context\":\"https:\\\/\\\/schema.org\",\"@graph\":[{\"@type\":\"Article\",\"@id\":\"https:\\\/\\\/www.bbmnoticias.com\\\/celebra-pemex-semana-de-seguridad-y-salud-en-el-trabajo-en-salina-cruz\\\/#article\",\"isPartOf\":{\"@id\":\"https:\\\/\\\/www.bbmnoticias.com\\\/labravaradiofm\\\/2026\\\/04\\\/29\\\/celebra-pemex-semana-de-seguridad-y-salud-en-el-trabajo-en-salina-cruz\\\/\"},\"author\":{\"name\":\"Staff\",\"@id\":\"https:\\\/\\\/www.bbmnoticias.com\\\/labravaradiofm\\\/#\\\/schema\\\/person\\\/68a9e9036ef3c5b55aeb2b71dc8bab45\"},\"headline\":\"Celebra Pemex semana de Seguridad y Salud en el Trabajo en Salina Cruz\",\"datePublished\":\"2026-04-30T02:10:02+00:00\",\"dateModified\":\"2026-04-30T02:10:20+00:00\",\"mainEntityOfPage\":{\"@id\":\"https:\\\/\\\/www.bbmnoticias.com\\\/labravaradiofm\\\/2026\\\/04\\\/29\\\/celebra-pemex-semana-de-seguridad-y-salud-en-el-trabajo-en-salina-cruz\\\/\"},\"wordCount\":191,\"image\":{\"@id\":\"https:\\\/\\\/www.bbmnoticias.com\\\/celebra-pemex-semana-de-seguridad-y-salud-en-el-trabajo-en-salina-cruz\\\/#primaryimage\"},\"thumbnailUrl\":\"https:\\\/\\\/www.bbmnoticias.com\\\/labravaradiofm\\\/wp-content\\\/uploads\\\/sites\\\/5\\\/2026\\\/04\\\/pemex_salinacruz.jpg\",\"articleSection\":[\"LOCAL\"],\"inLanguage\":\"es\"},{\"@type\":\"WebPage\",\"@id\":\"https:\\\/\\\/www.bbmnoticias.com\\\/labravaradiofm\\\/2026\\\/04\\\/29\\\/celebra-pemex-semana-de-seguridad-y-salud-en-el-trabajo-en-salina-cruz\\\/\",\"url\":\"https:\\\/\\\/www.bbmnoticias.com\\\/celebra-pemex-semana-de-seguridad-y-salud-en-el-trabajo-en-salina-cruz\\\/\",\"name\":\"Celebra Pemex semana de Seguridad y Salud en el Trabajo en Salina Cruz - LA BRAVA RADIO\",\"isPartOf\":{\"@id\":\"https:\\\/\\\/www.bbmnoticias.com\\\/labravaradiofm\\\/#website\"},\"primaryImageOfPage\":{\"@id\":\"https:\\\/\\\/www.bbmnoticias.com\\\/celebra-pemex-semana-de-seguridad-y-salud-en-el-trabajo-en-salina-cruz\\\/#primaryimage\"},\"image\":{\"@id\":\"https:\\\/\\\/www.bbmnoticias.com\\\/celebra-pemex-semana-de-seguridad-y-salud-en-el-trabajo-en-salina-cruz\\\/#primaryimage\"},\"thumbnailUrl\":\"https:\\\/\\\/www.bbmnoticias.com\\\/labravaradiofm\\\/wp-content\\\/uploads\\\/sites\\\/5\\\/2026\\\/04\\\/pemex_salinacruz.jpg\",\"datePublished\":\"2026-04-30T02:10:02+00:00\",\"dateModified\":\"2026-04-30T02:10:20+00:00\",\"author\":{\"@id\":\"https:\\\/\\\/www.bbmnoticias.com\\\/labravaradiofm\\\/#\\\/schema\\\/person\\\/68a9e9036ef3c5b55aeb2b71dc8bab45\"},\"breadcrumb\":{\"@id\":\"https:\\\/\\\/www.bbmnoticias.com\\\/celebra-pemex-semana-de-seguridad-y-salud-en-el-trabajo-en-salina-cruz\\\/#breadcrumb\"},\"inLanguage\":\"es\",\"potentialAction\":[{\"@type\":\"ReadAction\",\"target\":[\"https:\\\/\\\/www.bbmnoticias.com\\\/celebra-pemex-semana-de-seguridad-y-salud-en-el-trabajo-en-salina-cruz\\\/\"]}]},{\"@type\":\"ImageObject\",\"inLanguage\":\"es\",\"@id\":\"https:\\\/\\\/www.bbmnoticias.com\\\/celebra-pemex-semana-de-seguridad-y-salud-en-el-trabajo-en-salina-cruz\\\/#primaryimage\",\"url\":\"https:\\\/\\\/www.bbmnoticias.com\\\/labravaradiofm\\\/wp-content\\\/uploads\\\/sites\\\/5\\\/2026\\\/04\\\/pemex_salinacruz.jpg\",\"contentUrl\":\"https:\\\/\\\/www.bbmnoticias.com\\\/labravaradiofm\\\/wp-content\\\/uploads\\\/sites\\\/5\\\/2026\\\/04\\\/pemex_salinacruz.jpg\",\"width\":800,\"height\":533},{\"@type\":\"BreadcrumbList\",\"@id\":\"https:\\\/\\\/www.bbmnoticias.com\\\/celebra-pemex-semana-de-seguridad-y-salud-en-el-trabajo-en-salina-cruz\\\/#breadcrumb\",\"itemListElement\":[{\"@type\":\"ListItem\",\"position\":1,\"name\":\"Inicio\",\"item\":\"https:\\\/\\\/www.bbmnoticias.com\\\/labravaradiofm\\\/\"},{\"@type\":\"ListItem\",\"position\":2,\"name\":\"Celebra Pemex semana de Seguridad y Salud en el Trabajo en Salina Cruz\"}]},{\"@type\":\"WebSite\",\"@id\":\"https:\\\/\\\/www.bbmnoticias.com\\\/labravaradiofm\\\/#website\",\"url\":\"https:\\\/\\\/www.bbmnoticias.com\\\/labravaradiofm\\\/\",\"name\":\"LA BRAVA RADIO\",\"description\":\"Empresa productora de medios, Radiodifusi\u00f3n, Noticias, tendencias y todo lo que necesitas saber de la pol\u00edtica mexicana e internacional; entretenimiento, espect\u00e1culos, salud y mucho m\u00e1s.\",\"potentialAction\":[{\"@type\":\"SearchAction\",\"target\":{\"@type\":\"EntryPoint\",\"urlTemplate\":\"https:\\\/\\\/www.bbmnoticias.com\\\/labravaradiofm\\\/?s={search_term_string}\"},\"query-input\":{\"@type\":\"PropertyValueSpecification\",\"valueRequired\":true,\"valueName\":\"search_term_string\"}}],\"inLanguage\":\"es\"},{\"@type\":\"Person\",\"@id\":\"https:\\\/\\\/www.bbmnoticias.com\\\/labravaradiofm\\\/#\\\/schema\\\/person\\\/68a9e9036ef3c5b55aeb2b71dc8bab45\",\"name\":\"Staff\",\"image\":{\"@type\":\"ImageObject\",\"inLanguage\":\"es\",\"@id\":\"https:\\\/\\\/secure.gravatar.com\\\/avatar\\\/fdd21ad66fd8b98c407f9dee5b5e588cfe7f0d8579ec20fa6527cd59bab7f0f0?s=96&d=mm&r=g\",\"url\":\"https:\\\/\\\/secure.gravatar.com\\\/avatar\\\/fdd21ad66fd8b98c407f9dee5b5e588cfe7f0d8579ec20fa6527cd59bab7f0f0?s=96&d=mm&r=g\",\"contentUrl\":\"https:\\\/\\\/secure.gravatar.com\\\/avatar\\\/fdd21ad66fd8b98c407f9dee5b5e588cfe7f0d8579ec20fa6527cd59bab7f0f0?s=96&d=mm&r=g\",\"caption\":\"Staff\"},\"url\":\"https:\\\/\\\/www.bbmnoticias.com\\\/labravaradiofm\\\/author\\\/redaccion\\\/\"}]}<\/script>\n<!-- \/ Yoast SEO plugin. -->","yoast_head_json":{"title":"Celebra Pemex semana de Seguridad y Salud en el Trabajo en Salina Cruz - LA BRAVA RADIO","robots":{"index":"index","follow":"follow","max-snippet":"max-snippet:-1","max-image-preview":"max-image-preview:large","max-video-preview":"max-video-preview:-1"},"canonical":"https:\/\/www.bbmnoticias.com\/celebra-pemex-semana-de-seguridad-y-salud-en-el-trabajo-en-salina-cruz\/","og_locale":"es_MX","og_type":"article","og_title":"Celebra Pemex semana de Seguridad y Salud en el Trabajo en Salina Cruz - LA BRAVA RADIO","og_description":"Salina Cruz, Oaxaca. \u2013 Del 27 al 29 de abril de 2026, Petr\u00f3leos Mexicanos (Pemex) celebr\u00f3 la Semana de Seguridad, Salud en el Trabajo y Protecci\u00f3n Ambiental (SSPA), bajo la coordinaci\u00f3n de la Subdirecci\u00f3n de Proyectos Industriales. En el marco del D\u00eda Mundial de la Seguridad y Salud en el Trabajo, se llevaron a cabo [&hellip;]","og_url":"https:\/\/www.bbmnoticias.com\/celebra-pemex-semana-de-seguridad-y-salud-en-el-trabajo-en-salina-cruz\/","og_site_name":"LA BRAVA RADIO","article_published_time":"2026-04-30T02:10:02+00:00","article_modified_time":"2026-04-30T02:10:20+00:00","og_image":[{"width":800,"height":533,"url":"https:\/\/www.bbmnoticias.com\/labravaradiofm\/wp-content\/uploads\/sites\/5\/2026\/04\/pemex_salinacruz.jpg","type":"image\/jpeg"}],"author":"Staff","twitter_card":"summary_large_image","twitter_misc":{"Escrito por":"Staff","Tiempo de lectura":"1 minuto"},"schema":{"@context":"https:\/\/schema.org","@graph":[{"@type":"Article","@id":"https:\/\/www.bbmnoticias.com\/celebra-pemex-semana-de-seguridad-y-salud-en-el-trabajo-en-salina-cruz\/#article","isPartOf":{"@id":"https:\/\/www.bbmnoticias.com\/labravaradiofm\/2026\/04\/29\/celebra-pemex-semana-de-seguridad-y-salud-en-el-trabajo-en-salina-cruz\/"},"author":{"name":"Staff","@id":"https:\/\/www.bbmnoticias.com\/labravaradiofm\/#\/schema\/person\/68a9e9036ef3c5b55aeb2b71dc8bab45"},"headline":"Celebra Pemex semana de Seguridad y Salud en el Trabajo en Salina Cruz","datePublished":"2026-04-30T02:10:02+00:00","dateModified":"2026-04-30T02:10:20+00:00","mainEntityOfPage":{"@id":"https:\/\/www.bbmnoticias.com\/labravaradiofm\/2026\/04\/29\/celebra-pemex-semana-de-seguridad-y-salud-en-el-trabajo-en-salina-cruz\/"},"wordCount":191,"image":{"@id":"https:\/\/www.bbmnoticias.com\/celebra-pemex-semana-de-seguridad-y-salud-en-el-trabajo-en-salina-cruz\/#primaryimage"},"thumbnailUrl":"https:\/\/www.bbmnoticias.com\/labravaradiofm\/wp-content\/uploads\/sites\/5\/2026\/04\/pemex_salinacruz.jpg","articleSection":["LOCAL"],"inLanguage":"es"},{"@type":"WebPage","@id":"https:\/\/www.bbmnoticias.com\/labravaradiofm\/2026\/04\/29\/celebra-pemex-semana-de-seguridad-y-salud-en-el-trabajo-en-salina-cruz\/","url":"https:\/\/www.bbmnoticias.com\/celebra-pemex-semana-de-seguridad-y-salud-en-el-trabajo-en-salina-cruz\/","name":"Celebra Pemex semana de Seguridad y Salud en el Trabajo en Salina Cruz - LA BRAVA RADIO","isPartOf":{"@id":"https:\/\/www.bbmnoticias.com\/labravaradiofm\/#website"},"primaryImageOfPage":{"@id":"https:\/\/www.bbmnoticias.com\/celebra-pemex-semana-de-seguridad-y-salud-en-el-trabajo-en-salina-cruz\/#primaryimage"},"image":{"@id":"https:\/\/www.bbmnoticias.com\/celebra-pemex-semana-de-seguridad-y-salud-en-el-trabajo-en-salina-cruz\/#primaryimage"},"thumbnailUrl":"https:\/\/www.bbmnoticias.com\/labravaradiofm\/wp-content\/uploads\/sites\/5\/2026\/04\/pemex_salinacruz.jpg","datePublished":"2026-04-30T02:10:02+00:00","dateModified":"2026-04-30T02:10:20+00:00","author":{"@id":"https:\/\/www.bbmnoticias.com\/labravaradiofm\/#\/schema\/person\/68a9e9036ef3c5b55aeb2b71dc8bab45"},"breadcrumb":{"@id":"https:\/\/www.bbmnoticias.com\/celebra-pemex-semana-de-seguridad-y-salud-en-el-trabajo-en-salina-cruz\/#breadcrumb"},"inLanguage":"es","potentialAction":[{"@type":"ReadAction","target":["https:\/\/www.bbmnoticias.com\/celebra-pemex-semana-de-seguridad-y-salud-en-el-trabajo-en-salina-cruz\/"]}]},{"@type":"ImageObject","inLanguage":"es","@id":"https:\/\/www.bbmnoticias.com\/celebra-pemex-semana-de-seguridad-y-salud-en-el-trabajo-en-salina-cruz\/#primaryimage","url":"https:\/\/www.bbmnoticias.com\/labravaradiofm\/wp-content\/uploads\/sites\/5\/2026\/04\/pemex_salinacruz.jpg","contentUrl":"https:\/\/www.bbmnoticias.com\/labravaradiofm\/wp-content\/uploads\/sites\/5\/2026\/04\/pemex_salinacruz.jpg","width":800,"height":533},{"@type":"BreadcrumbList","@id":"https:\/\/www.bbmnoticias.com\/celebra-pemex-semana-de-seguridad-y-salud-en-el-trabajo-en-salina-cruz\/#breadcrumb","itemListElement":[{"@type":"ListItem","position":1,"name":"Inicio","item":"https:\/\/www.bbmnoticias.com\/labravaradiofm\/"},{"@type":"ListItem","position":2,"name":"Celebra Pemex semana de Seguridad y Salud en el Trabajo en Salina Cruz"}]},{"@type":"WebSite","@id":"https:\/\/www.bbmnoticias.com\/labravaradiofm\/#website","url":"https:\/\/www.bbmnoticias.com\/labravaradiofm\/","name":"LA BRAVA RADIO","description":"Empresa productora de medios, Radiodifusi\u00f3n, Noticias, tendencias y todo lo que necesitas saber de la pol\u00edtica mexicana e internacional; entretenimiento, espect\u00e1culos, salud y mucho m\u00e1s.","potentialAction":[{"@type":"SearchAction","target":{"@type":"EntryPoint","urlTemplate":"https:\/\/www.bbmnoticias.com\/labravaradiofm\/?s={search_term_string}"},"query-input":{"@type":"PropertyValueSpecification","valueRequired":true,"valueName":"search_term_string"}}],"inLanguage":"es"},{"@type":"Person","@id":"https:\/\/www.bbmnoticias.com\/labravaradiofm\/#\/schema\/person\/68a9e9036ef3c5b55aeb2b71dc8bab45","name":"Staff","image":{"@type":"ImageObject","inLanguage":"es","@id":"https:\/\/secure.gravatar.com\/avatar\/fdd21ad66fd8b98c407f9dee5b5e588cfe7f0d8579ec20fa6527cd59bab7f0f0?s=96&d=mm&r=g","url":"https:\/\/secure.gravatar.com\/avatar\/fdd21ad66fd8b98c407f9dee5b5e588cfe7f0d8579ec20fa6527cd59bab7f0f0?s=96&d=mm&r=g","contentUrl":"https:\/\/secure.gravatar.com\/avatar\/fdd21ad66fd8b98c407f9dee5b5e588cfe7f0d8579ec20fa6527cd59bab7f0f0?s=96&d=mm&r=g","caption":"Staff"},"url":"https:\/\/www.bbmnoticias.com\/labravaradiofm\/author\/redaccion\/"}]}},"_links":{"self":[{"href":"https:\/\/www.bbmnoticias.com\/labravaradiofm\/wp-json\/wp\/v2\/posts\/76752","targetHints":{"allow":["GET"]}}],"collection":[{"href":"https:\/\/www.bbmnoticias.com\/labravaradiofm\/wp-json\/wp\/v2\/posts"}],"about":[{"href":"https:\/\/www.bbmnoticias.com\/labravaradiofm\/wp-json\/wp\/v2\/types\/post"}],"author":[{"embeddable":true,"href":"https:\/\/www.bbmnoticias.com\/labravaradiofm\/wp-json\/wp\/v2\/users\/2"}],"replies":[{"embeddable":true,"href":"https:\/\/www.bbmnoticias.com\/labravaradiofm\/wp-json\/wp\/v2\/comments?post=76752"}],"version-history":[{"count":1,"href":"https:\/\/www.bbmnoticias.com\/labravaradiofm\/wp-json\/wp\/v2\/posts\/76752\/revisions"}],"predecessor-version":[{"id":76753,"href":"https:\/\/www.bbmnoticias.com\/labravaradiofm\/wp-json\/wp\/v2\/posts\/76752\/revisions\/76753"}],"wp:featuredmedia":[{"embeddable":true,"href":"https:\/\/www.bbmnoticias.com\/labravaradiofm\/wp-json\/wp\/v2\/media\/76754"}],"wp:attachment":[{"href":"https:\/\/www.bbmnoticias.com\/labravaradiofm\/wp-json\/wp\/v2\/media?parent=76752"}],"wp:term":[{"taxonomy":"category","embeddable":true,"href":"https:\/\/www.bbmnoticias.com\/labravaradiofm\/wp-json\/wp\/v2\/categories?post=76752"},{"taxonomy":"post_tag","embeddable":true,"href":"https:\/\/www.bbmnoticias.com\/labravaradiofm\/wp-json\/wp\/v2\/tags?post=76752"}],"curies":[{"name":"wp","href":"https:\/\/api.w.org\/{rel}","templated":true}]}}