{"id":7675,"date":"2021-12-23T10:54:32","date_gmt":"2021-12-23T16:54:32","guid":{"rendered":"https:\/\/www.bbmnoticias.com\/labravaradiofm\/?p=7675"},"modified":"2021-12-23T10:54:33","modified_gmt":"2021-12-23T16:54:33","slug":"silvia-pinal-es-hospitalizada-por-covid","status":"publish","type":"post","link":"https:\/\/www.bbmnoticias.com\/labravaradiofm\/2021\/12\/23\/silvia-pinal-es-hospitalizada-por-covid\/","title":{"rendered":"Silvia Pinal es hospitalizada por covid"},"content":{"rendered":"<div style=\"margin-top: 0px; margin-bottom: 0px;\" class=\"sharethis-inline-share-buttons\" ><\/div>\n<p><strong>Silvia Pinal, famosa actriz mexicana de 90 a\u00f1os de edad, fue hospitalizada de emergencia tras dar positivo a covid-19,<\/strong> as\u00ed lo informaron esta ma\u00f1ana en el programa <em>Hoy<\/em>. La familia de la conductora confirm\u00f3 la noticia a la emisi\u00f3n de Televisa, empresa para la cu\u00e1l Pinal trabaj\u00f3 por muchos a\u00f1os.<strong> Silvia Pasquel, hija de la primera actriz, revel\u00f3 que su madre primero fue ingresada al hospital por una arritmia card\u00edaca.<\/strong><\/p>\n\n\n\n<p>Fue durante <strong>la secci\u00f3n \u2018Desayunando y Chismeando\u2019 del programa <em>Hoy <\/em>en donde se inform\u00f3 que la primera actriz Silvia Pinal dio positivo al covid-19<\/strong> y que por ello tuvo que ser hospitalizada de emergencia.<\/p>\n\n\n\n<p>En entrevista para el <strong><em>programa Hoy,<\/em><\/strong>Silvia Pasquel explic\u00f3 que se dieron cuenta que su madre ten\u00eda coronavirus luego de que acudiera al hospital porque se le hab\u00eda subido y bajado la presi\u00f3n; adem\u00e1s de que presentaba una arritmia card\u00edaca.<\/p>\n\n\n\n<p>Detall\u00f3 que en un primer momento, por el problema de presi\u00f3n y card\u00edaco, Silvia Pinal estaba en terapia intensiva, pero despu\u00e9s la pasaron a un cuarto normal. <strong>Tras varios estudios descubrieron que ten\u00eda covid-19.<\/strong><\/p>\n\n\n\n<figure class=\"wp-block-pullquote\"><blockquote><p><strong>&#8220;El d\u00eda de ayer nos report\u00f3 la enfermera que ten\u00eda la presi\u00f3n muy alta y de ah\u00ed le dieron un medicamento que tuvo un efecto contrario que le baj\u00f3 la presi\u00f3n. En la pl\u00e1tica que tuvo con un cardiologo que tuvo en ese momento dijo que se ten\u00eda que hacer un electrocardiograma para ver la posibilidad de ponerle un cat\u00e9ter y as\u00ed poder estabilizar su ritmo card\u00edaco. Despu\u00e9s decidimos llevarla al hospital&#8221;, indic\u00f3 Silvia Paquel.<\/strong><\/p><\/blockquote><\/figure>\n\n\n\n<figure class=\"wp-block-pullquote\"><blockquote><p><strong>\u201cEn la noche cuando llegamos estaba mi mam\u00e1 en terapia intensiva y luego la pasaron a una habitaci\u00f3n. Estaba como siempre muy animosa, muy bromista y fue ah\u00ed cuando nos dijeron que la prueba de covid-19 hab\u00eda sido positiva\u201d, indic\u00f3 Silvia Pasquel.<\/strong><\/p><\/blockquote><\/figure>\n\n\n\n<p>Asimismo,<strong> asegur\u00f3 que su madre Silvia Pinal se qued\u00f3 hospitalizada en una \u00e1rea covid, por lo que toda la familia de la actriz se tuvo que regresar a casa para resguardarse<\/strong>, pues todos tuvieron contacto con la primera actriz.<\/p>\n\n\n\n<figure class=\"wp-block-pullquote\"><blockquote><p><strong>\u201cDesde ah\u00ed todos nos regresamos a la casa porque tuvimos contacto con ella. Nos tenemos que hacer pruebas. El doctor nos dijo que estaba en el mejor momento donde apenas se est\u00e1 manifestando la enfermedad. Tiene sus vacunas. Pasar\u00e1 la enfermedad sin ning\u00fan riesgo. La vemos que est\u00e1 muy fuerte\u201d, agreg\u00f3.<\/strong><\/p><\/blockquote><\/figure>\n\n\n\n<h2 class=\"wp-block-heading\">\u00bfQui\u00e9n es Silvia Pinal?<\/h2>\n\n\n\n<p><strong>Silvia Ver\u00f3nica Pasquel Hidalgo naci\u00f3 en Guaymas, Sonora, el 12 de septiembre de 1931, fue hija de Mar\u00eda Luisa Hidalgo Aguilar y Mois\u00e9s Pasquel, a quien la actriz conoci\u00f3 hasta que tuvo 11 a\u00f1os.<\/strong><\/p>\n\n\n\n<p>Es una de las artistas m\u00e1s importantes dentro del mundo del espect\u00e1culo en M\u00e9xico, su belleza inigualable caus\u00f3 que m\u00e1s de un hombre cayera a sus pies.<strong> Adem\u00e1s, su talento le permiti\u00f3 trabajar con directores como Luis Bu\u00f1uel y protagonizar pel\u00edculas como Viridiana.<\/strong><\/p>\n\n\n\n<p>Desde peque\u00f1a, la actriz se sinti\u00f3 atra\u00edda por el mundo del espect\u00e1culo, incluso tom\u00f3 clases de \u00f3pera. Despu\u00e9s de prepararse en el canto, Silvia Pinal particip\u00f3 en montajes como L<strong><em>as hijas de C\u00e1diz y Madama Butterfly.<\/em><\/strong> Despu\u00e9s de realizar varias obras, Silvia Pinal comenz\u00f3 a abrirse paso en el cine. Su primera participaci\u00f3n fue para la pel\u00edcula Bamba de 1949.<\/p>\n\n\n\n<p><strong>Silvia Pinal es madre de Silvia Pasquel, Alejandra Guzm\u00e1n, Luis Enrique Guzm\u00e1n y Viridiana Alatriste (quien falleci\u00f3 en 1982).<\/strong><\/p>\n","protected":false},"excerpt":{"rendered":"<p>Silvia Pinal, famosa actriz mexicana de 90 a\u00f1os de edad, fue hospitalizada de emergencia tras dar positivo a covid-19, as\u00ed lo informaron esta ma\u00f1ana en el programa Hoy. La familia de la conductora confirm\u00f3 la noticia a la emisi\u00f3n de Televisa, empresa para la cu\u00e1l Pinal trabaj\u00f3 por muchos a\u00f1os. Silvia Pasquel, hija de la [&hellip;]<\/p>\n","protected":false},"author":9,"featured_media":7676,"comment_status":"closed","ping_status":"closed","sticky":false,"template":"","format":"standard","meta":{"footnotes":""},"categories":[1],"tags":[],"class_list":{"0":"post-7675","1":"post","2":"type-post","3":"status-publish","4":"format-standard","5":"has-post-thumbnail","7":"category-sin-categoria"},"yoast_head":"<!-- This site is optimized with the Yoast SEO plugin v27.4 - https:\/\/yoast.com\/product\/yoast-seo-wordpress\/ -->\n<title>Silvia Pinal es hospitalizada por covid - LA BRAVA RADIO<\/title>\n<meta name=\"robots\" content=\"index, follow, max-snippet:-1, max-image-preview:large, max-video-preview:-1\" \/>\n<link rel=\"canonical\" href=\"https:\/\/www.bbmnoticias.com\/labravaradiofm\/2021\/12\/23\/silvia-pinal-es-hospitalizada-por-covid\/\" \/>\n<meta property=\"og:locale\" content=\"es_MX\" \/>\n<meta property=\"og:type\" content=\"article\" \/>\n<meta property=\"og:title\" content=\"Silvia Pinal es hospitalizada por covid - LA BRAVA RADIO\" \/>\n<meta property=\"og:description\" content=\"Silvia Pinal, famosa actriz mexicana de 90 a\u00f1os de edad, fue hospitalizada de emergencia tras dar positivo a covid-19, as\u00ed lo informaron esta ma\u00f1ana en el programa Hoy. La familia de la conductora confirm\u00f3 la noticia a la emisi\u00f3n de Televisa, empresa para la cu\u00e1l Pinal trabaj\u00f3 por muchos a\u00f1os. Silvia Pasquel, hija de la [&hellip;]\" \/>\n<meta property=\"og:url\" content=\"https:\/\/www.bbmnoticias.com\/labravaradiofm\/2021\/12\/23\/silvia-pinal-es-hospitalizada-por-covid\/\" \/>\n<meta property=\"og:site_name\" content=\"LA BRAVA RADIO\" \/>\n<meta property=\"article:published_time\" content=\"2021-12-23T16:54:32+00:00\" \/>\n<meta property=\"article:modified_time\" content=\"2021-12-23T16:54:33+00:00\" \/>\n<meta property=\"og:image\" content=\"https:\/\/www.bbmnoticias.com\/labravaradiofm\/wp-content\/uploads\/sites\/5\/2021\/12\/hospitalizan-de-emergencia-a-silvia.jpg\" \/>\n\t<meta property=\"og:image:width\" content=\"1200\" \/>\n\t<meta property=\"og:image:height\" content=\"747\" \/>\n\t<meta property=\"og:image:type\" content=\"image\/jpeg\" \/>\n<meta name=\"author\" content=\"Milenio\" \/>\n<meta name=\"twitter:card\" content=\"summary_large_image\" \/>\n<meta name=\"twitter:label1\" content=\"Escrito por\" \/>\n\t<meta name=\"twitter:data1\" content=\"Milenio\" \/>\n\t<meta name=\"twitter:label2\" content=\"Tiempo de lectura\" \/>\n\t<meta name=\"twitter:data2\" content=\"3 minutos\" \/>\n<script type=\"application\/ld+json\" class=\"yoast-schema-graph\">{\"@context\":\"https:\\\/\\\/schema.org\",\"@graph\":[{\"@type\":\"Article\",\"@id\":\"https:\\\/\\\/www.bbmnoticias.com\\\/labravaradiofm\\\/2021\\\/12\\\/23\\\/silvia-pinal-es-hospitalizada-por-covid\\\/#article\",\"isPartOf\":{\"@id\":\"https:\\\/\\\/www.bbmnoticias.com\\\/labravaradiofm\\\/2021\\\/12\\\/23\\\/silvia-pinal-es-hospitalizada-por-covid\\\/\"},\"author\":{\"name\":\"Milenio\",\"@id\":\"https:\\\/\\\/www.bbmnoticias.com\\\/labravaradiofm\\\/#\\\/schema\\\/person\\\/721d0cdff27d6c6be0b7dfbd566fedd1\"},\"headline\":\"Silvia Pinal es hospitalizada por covid\",\"datePublished\":\"2021-12-23T16:54:32+00:00\",\"dateModified\":\"2021-12-23T16:54:33+00:00\",\"mainEntityOfPage\":{\"@id\":\"https:\\\/\\\/www.bbmnoticias.com\\\/labravaradiofm\\\/2021\\\/12\\\/23\\\/silvia-pinal-es-hospitalizada-por-covid\\\/\"},\"wordCount\":596,\"image\":{\"@id\":\"https:\\\/\\\/www.bbmnoticias.com\\\/labravaradiofm\\\/2021\\\/12\\\/23\\\/silvia-pinal-es-hospitalizada-por-covid\\\/#primaryimage\"},\"thumbnailUrl\":\"https:\\\/\\\/www.bbmnoticias.com\\\/labravaradiofm\\\/wp-content\\\/uploads\\\/sites\\\/5\\\/2021\\\/12\\\/hospitalizan-de-emergencia-a-silvia.jpg\",\"inLanguage\":\"es\"},{\"@type\":\"WebPage\",\"@id\":\"https:\\\/\\\/www.bbmnoticias.com\\\/labravaradiofm\\\/2021\\\/12\\\/23\\\/silvia-pinal-es-hospitalizada-por-covid\\\/\",\"url\":\"https:\\\/\\\/www.bbmnoticias.com\\\/labravaradiofm\\\/2021\\\/12\\\/23\\\/silvia-pinal-es-hospitalizada-por-covid\\\/\",\"name\":\"Silvia Pinal es hospitalizada por covid - LA BRAVA RADIO\",\"isPartOf\":{\"@id\":\"https:\\\/\\\/www.bbmnoticias.com\\\/labravaradiofm\\\/#website\"},\"primaryImageOfPage\":{\"@id\":\"https:\\\/\\\/www.bbmnoticias.com\\\/labravaradiofm\\\/2021\\\/12\\\/23\\\/silvia-pinal-es-hospitalizada-por-covid\\\/#primaryimage\"},\"image\":{\"@id\":\"https:\\\/\\\/www.bbmnoticias.com\\\/labravaradiofm\\\/2021\\\/12\\\/23\\\/silvia-pinal-es-hospitalizada-por-covid\\\/#primaryimage\"},\"thumbnailUrl\":\"https:\\\/\\\/www.bbmnoticias.com\\\/labravaradiofm\\\/wp-content\\\/uploads\\\/sites\\\/5\\\/2021\\\/12\\\/hospitalizan-de-emergencia-a-silvia.jpg\",\"datePublished\":\"2021-12-23T16:54:32+00:00\",\"dateModified\":\"2021-12-23T16:54:33+00:00\",\"author\":{\"@id\":\"https:\\\/\\\/www.bbmnoticias.com\\\/labravaradiofm\\\/#\\\/schema\\\/person\\\/721d0cdff27d6c6be0b7dfbd566fedd1\"},\"breadcrumb\":{\"@id\":\"https:\\\/\\\/www.bbmnoticias.com\\\/labravaradiofm\\\/2021\\\/12\\\/23\\\/silvia-pinal-es-hospitalizada-por-covid\\\/#breadcrumb\"},\"inLanguage\":\"es\",\"potentialAction\":[{\"@type\":\"ReadAction\",\"target\":[\"https:\\\/\\\/www.bbmnoticias.com\\\/labravaradiofm\\\/2021\\\/12\\\/23\\\/silvia-pinal-es-hospitalizada-por-covid\\\/\"]}]},{\"@type\":\"ImageObject\",\"inLanguage\":\"es\",\"@id\":\"https:\\\/\\\/www.bbmnoticias.com\\\/labravaradiofm\\\/2021\\\/12\\\/23\\\/silvia-pinal-es-hospitalizada-por-covid\\\/#primaryimage\",\"url\":\"https:\\\/\\\/www.bbmnoticias.com\\\/labravaradiofm\\\/wp-content\\\/uploads\\\/sites\\\/5\\\/2021\\\/12\\\/hospitalizan-de-emergencia-a-silvia.jpg\",\"contentUrl\":\"https:\\\/\\\/www.bbmnoticias.com\\\/labravaradiofm\\\/wp-content\\\/uploads\\\/sites\\\/5\\\/2021\\\/12\\\/hospitalizan-de-emergencia-a-silvia.jpg\",\"width\":1200,\"height\":747},{\"@type\":\"BreadcrumbList\",\"@id\":\"https:\\\/\\\/www.bbmnoticias.com\\\/labravaradiofm\\\/2021\\\/12\\\/23\\\/silvia-pinal-es-hospitalizada-por-covid\\\/#breadcrumb\",\"itemListElement\":[{\"@type\":\"ListItem\",\"position\":1,\"name\":\"Inicio\",\"item\":\"https:\\\/\\\/www.bbmnoticias.com\\\/labravaradiofm\\\/\"},{\"@type\":\"ListItem\",\"position\":2,\"name\":\"Silvia Pinal es hospitalizada por covid\"}]},{\"@type\":\"WebSite\",\"@id\":\"https:\\\/\\\/www.bbmnoticias.com\\\/labravaradiofm\\\/#website\",\"url\":\"https:\\\/\\\/www.bbmnoticias.com\\\/labravaradiofm\\\/\",\"name\":\"LA BRAVA RADIO\",\"description\":\"Empresa productora de medios, Radiodifusi\u00f3n, Noticias, tendencias y todo lo que necesitas saber de la pol\u00edtica mexicana e internacional; entretenimiento, espect\u00e1culos, salud y mucho m\u00e1s.\",\"potentialAction\":[{\"@type\":\"SearchAction\",\"target\":{\"@type\":\"EntryPoint\",\"urlTemplate\":\"https:\\\/\\\/www.bbmnoticias.com\\\/labravaradiofm\\\/?s={search_term_string}\"},\"query-input\":{\"@type\":\"PropertyValueSpecification\",\"valueRequired\":true,\"valueName\":\"search_term_string\"}}],\"inLanguage\":\"es\"},{\"@type\":\"Person\",\"@id\":\"https:\\\/\\\/www.bbmnoticias.com\\\/labravaradiofm\\\/#\\\/schema\\\/person\\\/721d0cdff27d6c6be0b7dfbd566fedd1\",\"name\":\"Milenio\",\"image\":{\"@type\":\"ImageObject\",\"inLanguage\":\"es\",\"@id\":\"https:\\\/\\\/secure.gravatar.com\\\/avatar\\\/cc78c90822baf77761fc8dc7e5a764bdbe7760545b0e1698cf9eff8a1818736c?s=96&d=mm&r=g\",\"url\":\"https:\\\/\\\/secure.gravatar.com\\\/avatar\\\/cc78c90822baf77761fc8dc7e5a764bdbe7760545b0e1698cf9eff8a1818736c?s=96&d=mm&r=g\",\"contentUrl\":\"https:\\\/\\\/secure.gravatar.com\\\/avatar\\\/cc78c90822baf77761fc8dc7e5a764bdbe7760545b0e1698cf9eff8a1818736c?s=96&d=mm&r=g\",\"caption\":\"Milenio\"},\"url\":\"https:\\\/\\\/www.bbmnoticias.com\\\/labravaradiofm\\\/author\\\/milenio\\\/\"}]}<\/script>\n<!-- \/ Yoast SEO plugin. -->","yoast_head_json":{"title":"Silvia Pinal es hospitalizada por covid - LA BRAVA RADIO","robots":{"index":"index","follow":"follow","max-snippet":"max-snippet:-1","max-image-preview":"max-image-preview:large","max-video-preview":"max-video-preview:-1"},"canonical":"https:\/\/www.bbmnoticias.com\/labravaradiofm\/2021\/12\/23\/silvia-pinal-es-hospitalizada-por-covid\/","og_locale":"es_MX","og_type":"article","og_title":"Silvia Pinal es hospitalizada por covid - LA BRAVA RADIO","og_description":"Silvia Pinal, famosa actriz mexicana de 90 a\u00f1os de edad, fue hospitalizada de emergencia tras dar positivo a covid-19, as\u00ed lo informaron esta ma\u00f1ana en el programa Hoy. La familia de la conductora confirm\u00f3 la noticia a la emisi\u00f3n de Televisa, empresa para la cu\u00e1l Pinal trabaj\u00f3 por muchos a\u00f1os. Silvia Pasquel, hija de la [&hellip;]","og_url":"https:\/\/www.bbmnoticias.com\/labravaradiofm\/2021\/12\/23\/silvia-pinal-es-hospitalizada-por-covid\/","og_site_name":"LA BRAVA RADIO","article_published_time":"2021-12-23T16:54:32+00:00","article_modified_time":"2021-12-23T16:54:33+00:00","og_image":[{"width":1200,"height":747,"url":"https:\/\/www.bbmnoticias.com\/labravaradiofm\/wp-content\/uploads\/sites\/5\/2021\/12\/hospitalizan-de-emergencia-a-silvia.jpg","type":"image\/jpeg"}],"author":"Milenio","twitter_card":"summary_large_image","twitter_misc":{"Escrito por":"Milenio","Tiempo de lectura":"3 minutos"},"schema":{"@context":"https:\/\/schema.org","@graph":[{"@type":"Article","@id":"https:\/\/www.bbmnoticias.com\/labravaradiofm\/2021\/12\/23\/silvia-pinal-es-hospitalizada-por-covid\/#article","isPartOf":{"@id":"https:\/\/www.bbmnoticias.com\/labravaradiofm\/2021\/12\/23\/silvia-pinal-es-hospitalizada-por-covid\/"},"author":{"name":"Milenio","@id":"https:\/\/www.bbmnoticias.com\/labravaradiofm\/#\/schema\/person\/721d0cdff27d6c6be0b7dfbd566fedd1"},"headline":"Silvia Pinal es hospitalizada por covid","datePublished":"2021-12-23T16:54:32+00:00","dateModified":"2021-12-23T16:54:33+00:00","mainEntityOfPage":{"@id":"https:\/\/www.bbmnoticias.com\/labravaradiofm\/2021\/12\/23\/silvia-pinal-es-hospitalizada-por-covid\/"},"wordCount":596,"image":{"@id":"https:\/\/www.bbmnoticias.com\/labravaradiofm\/2021\/12\/23\/silvia-pinal-es-hospitalizada-por-covid\/#primaryimage"},"thumbnailUrl":"https:\/\/www.bbmnoticias.com\/labravaradiofm\/wp-content\/uploads\/sites\/5\/2021\/12\/hospitalizan-de-emergencia-a-silvia.jpg","inLanguage":"es"},{"@type":"WebPage","@id":"https:\/\/www.bbmnoticias.com\/labravaradiofm\/2021\/12\/23\/silvia-pinal-es-hospitalizada-por-covid\/","url":"https:\/\/www.bbmnoticias.com\/labravaradiofm\/2021\/12\/23\/silvia-pinal-es-hospitalizada-por-covid\/","name":"Silvia Pinal es hospitalizada por covid - LA BRAVA RADIO","isPartOf":{"@id":"https:\/\/www.bbmnoticias.com\/labravaradiofm\/#website"},"primaryImageOfPage":{"@id":"https:\/\/www.bbmnoticias.com\/labravaradiofm\/2021\/12\/23\/silvia-pinal-es-hospitalizada-por-covid\/#primaryimage"},"image":{"@id":"https:\/\/www.bbmnoticias.com\/labravaradiofm\/2021\/12\/23\/silvia-pinal-es-hospitalizada-por-covid\/#primaryimage"},"thumbnailUrl":"https:\/\/www.bbmnoticias.com\/labravaradiofm\/wp-content\/uploads\/sites\/5\/2021\/12\/hospitalizan-de-emergencia-a-silvia.jpg","datePublished":"2021-12-23T16:54:32+00:00","dateModified":"2021-12-23T16:54:33+00:00","author":{"@id":"https:\/\/www.bbmnoticias.com\/labravaradiofm\/#\/schema\/person\/721d0cdff27d6c6be0b7dfbd566fedd1"},"breadcrumb":{"@id":"https:\/\/www.bbmnoticias.com\/labravaradiofm\/2021\/12\/23\/silvia-pinal-es-hospitalizada-por-covid\/#breadcrumb"},"inLanguage":"es","potentialAction":[{"@type":"ReadAction","target":["https:\/\/www.bbmnoticias.com\/labravaradiofm\/2021\/12\/23\/silvia-pinal-es-hospitalizada-por-covid\/"]}]},{"@type":"ImageObject","inLanguage":"es","@id":"https:\/\/www.bbmnoticias.com\/labravaradiofm\/2021\/12\/23\/silvia-pinal-es-hospitalizada-por-covid\/#primaryimage","url":"https:\/\/www.bbmnoticias.com\/labravaradiofm\/wp-content\/uploads\/sites\/5\/2021\/12\/hospitalizan-de-emergencia-a-silvia.jpg","contentUrl":"https:\/\/www.bbmnoticias.com\/labravaradiofm\/wp-content\/uploads\/sites\/5\/2021\/12\/hospitalizan-de-emergencia-a-silvia.jpg","width":1200,"height":747},{"@type":"BreadcrumbList","@id":"https:\/\/www.bbmnoticias.com\/labravaradiofm\/2021\/12\/23\/silvia-pinal-es-hospitalizada-por-covid\/#breadcrumb","itemListElement":[{"@type":"ListItem","position":1,"name":"Inicio","item":"https:\/\/www.bbmnoticias.com\/labravaradiofm\/"},{"@type":"ListItem","position":2,"name":"Silvia Pinal es hospitalizada por covid"}]},{"@type":"WebSite","@id":"https:\/\/www.bbmnoticias.com\/labravaradiofm\/#website","url":"https:\/\/www.bbmnoticias.com\/labravaradiofm\/","name":"LA BRAVA RADIO","description":"Empresa productora de medios, Radiodifusi\u00f3n, Noticias, tendencias y todo lo que necesitas saber de la pol\u00edtica mexicana e internacional; entretenimiento, espect\u00e1culos, salud y mucho m\u00e1s.","potentialAction":[{"@type":"SearchAction","target":{"@type":"EntryPoint","urlTemplate":"https:\/\/www.bbmnoticias.com\/labravaradiofm\/?s={search_term_string}"},"query-input":{"@type":"PropertyValueSpecification","valueRequired":true,"valueName":"search_term_string"}}],"inLanguage":"es"},{"@type":"Person","@id":"https:\/\/www.bbmnoticias.com\/labravaradiofm\/#\/schema\/person\/721d0cdff27d6c6be0b7dfbd566fedd1","name":"Milenio","image":{"@type":"ImageObject","inLanguage":"es","@id":"https:\/\/secure.gravatar.com\/avatar\/cc78c90822baf77761fc8dc7e5a764bdbe7760545b0e1698cf9eff8a1818736c?s=96&d=mm&r=g","url":"https:\/\/secure.gravatar.com\/avatar\/cc78c90822baf77761fc8dc7e5a764bdbe7760545b0e1698cf9eff8a1818736c?s=96&d=mm&r=g","contentUrl":"https:\/\/secure.gravatar.com\/avatar\/cc78c90822baf77761fc8dc7e5a764bdbe7760545b0e1698cf9eff8a1818736c?s=96&d=mm&r=g","caption":"Milenio"},"url":"https:\/\/www.bbmnoticias.com\/labravaradiofm\/author\/milenio\/"}]}},"_links":{"self":[{"href":"https:\/\/www.bbmnoticias.com\/labravaradiofm\/wp-json\/wp\/v2\/posts\/7675","targetHints":{"allow":["GET"]}}],"collection":[{"href":"https:\/\/www.bbmnoticias.com\/labravaradiofm\/wp-json\/wp\/v2\/posts"}],"about":[{"href":"https:\/\/www.bbmnoticias.com\/labravaradiofm\/wp-json\/wp\/v2\/types\/post"}],"author":[{"embeddable":true,"href":"https:\/\/www.bbmnoticias.com\/labravaradiofm\/wp-json\/wp\/v2\/users\/9"}],"replies":[{"embeddable":true,"href":"https:\/\/www.bbmnoticias.com\/labravaradiofm\/wp-json\/wp\/v2\/comments?post=7675"}],"version-history":[{"count":0,"href":"https:\/\/www.bbmnoticias.com\/labravaradiofm\/wp-json\/wp\/v2\/posts\/7675\/revisions"}],"wp:featuredmedia":[{"embeddable":true,"href":"https:\/\/www.bbmnoticias.com\/labravaradiofm\/wp-json\/wp\/v2\/media\/7676"}],"wp:attachment":[{"href":"https:\/\/www.bbmnoticias.com\/labravaradiofm\/wp-json\/wp\/v2\/media?parent=7675"}],"wp:term":[{"taxonomy":"category","embeddable":true,"href":"https:\/\/www.bbmnoticias.com\/labravaradiofm\/wp-json\/wp\/v2\/categories?post=7675"},{"taxonomy":"post_tag","embeddable":true,"href":"https:\/\/www.bbmnoticias.com\/labravaradiofm\/wp-json\/wp\/v2\/tags?post=7675"}],"curies":[{"name":"wp","href":"https:\/\/api.w.org\/{rel}","templated":true}]}}