{"id":76744,"date":"2026-04-29T20:12:48","date_gmt":"2026-04-30T00:58:48","guid":{"rendered":"https:\/\/www.bbmnoticias.com\/labravaradiofm\/2026\/04\/29\/fgr-inicia-investigacion-por-acusacion-de-eu-contra-ruben-rocha\/"},"modified":"2026-04-29T20:12:54","modified_gmt":"2026-04-30T02:12:54","slug":"fgr-inicia-investigacion-por-acusacion-de-eu-contra-ruben-rocha","status":"publish","type":"post","link":"https:\/\/www.bbmnoticias.com\/labravaradiofm\/2026\/04\/29\/fgr-inicia-investigacion-por-acusacion-de-eu-contra-ruben-rocha\/","title":{"rendered":"\u201cS\u00f3lo se conceder\u00e1 la extradici\u00f3n si se considera si hay pruebas suficientes\u201d: FGR sobre funcionarios de Sinaloa"},"content":{"rendered":"<div style=\"margin-top: 0px; margin-bottom: 0px;\" class=\"sharethis-inline-share-buttons\" ><\/div>\n<p>La <strong>Fiscal\u00eda General de la Rep\u00fablica<\/strong> (FGR) inform\u00f3 que inici\u00f3 una investigaci\u00f3n para determinar si hay datos de <strong>prueba <\/strong>que sostengan la acusaci\u00f3n de <strong>Estados Unidos<\/strong> contra el gobernador de <strong>Sinaloa<\/strong>, <strong>Rub\u00e9n Rocha Moya<\/strong>, y otros nueve funcionarios.<\/p>\n\n\n\n<p>En un mensaje a medios,<strong> Ulises Lara L\u00f3pez<\/strong>, vocero de dicha instituci\u00f3n, respondi\u00f3 que se analizar\u00e1 la investigaci\u00f3n recibida del Departamento de Estado con la finalidad de ver si existen los elementos probatorios necesarios para detener y extraditar al vecino pa\u00eds del norte al mandatario estatal morenista y los jefes policiacos se\u00f1alados.<\/p>\n\n\n\n<figure class=\"wp-block-embed is-type-video is-provider-youtube wp-block-embed-youtube wp-embed-aspect-16-9 wp-has-aspect-ratio\"><div class=\"wp-block-embed__wrapper\">\n<div class=\"youtube-embed\" data-video_id=\"IVlcWTjKGjU\"><iframe loading=\"lazy\" title=\"#envivo Mensaje de Ulises Lara, con relaci\u00f3n a funcionarios de Sinaloa.29\/04\/26.\" width=\"696\" height=\"392\" src=\"https:\/\/www.youtube.com\/embed\/IVlcWTjKGjU?start=2&#038;feature=oembed\" frameborder=\"0\" allow=\"accelerometer; autoplay; clipboard-write; encrypted-media; gyroscope; picture-in-picture; web-share\" referrerpolicy=\"strict-origin-when-cross-origin\" allowfullscreen><\/iframe><\/div>\n<\/div><\/figure>\n\n\n\n<p>Lara L\u00f3pez anunci\u00f3 que la<strong> FGR<\/strong> empezar\u00e1 paralelamente una investigaci\u00f3n para verificar que la investigaci\u00f3n del Departamento de Justicia y de la DEA est\u00e9 sustentada para solicitar la detenci\u00f3n.<\/p>\n\n\n\n<p>Dijo que la ley mexicana en la materia, se\u00f1ala que para una orden de aprehensi\u00f3n se deben presentar pruebas.<\/p>\n\n\n\n<p>&#8220;Como es del conocimiento p\u00fablico, la legislaci\u00f3n mexicana se\u00f1ala claramente que para solicitar a la autoridad judicial una<strong> orden de aprehensi\u00f3n <\/strong>se requiere presentar datos de prueba que infieran la posibilidad de que alguna persona ha cometido un delito&#8221;.<\/p>\n\n\n\n<p>Indic\u00f3 que el Tratado Bilateral en la materia refiere, con toda precisi\u00f3n, que solamente se conceder\u00e1 la extradici\u00f3n si se determina que las pruebas son suficientes, conforme a las leyes de la parte requerida, en este caso de nuestro pa\u00eds.<\/p>\n","protected":false},"excerpt":{"rendered":"<p>La Fiscal\u00eda General de la Rep\u00fablica (FGR) inform\u00f3 que inici\u00f3 una investigaci\u00f3n para determinar si hay datos de prueba que sostengan la acusaci\u00f3n de Estados Unidos contra el gobernador de Sinaloa, Rub\u00e9n Rocha Moya, y otros nueve funcionarios. En un mensaje a medios, Ulises Lara L\u00f3pez, vocero de dicha instituci\u00f3n, respondi\u00f3 que se analizar\u00e1 la [&hellip;]<\/p>\n","protected":false},"author":4,"featured_media":76746,"comment_status":"closed","ping_status":"open","sticky":false,"template":"","format":"standard","meta":{"footnotes":""},"categories":[2,19],"tags":[],"class_list":{"0":"post-76744","1":"post","2":"type-post","3":"status-publish","4":"format-standard","5":"has-post-thumbnail","7":"category-oaxaca","8":"category-nacional"},"yoast_head":"<!-- This site is optimized with the Yoast SEO plugin v27.4 - https:\/\/yoast.com\/product\/yoast-seo-wordpress\/ -->\n<title>\u201cS\u00f3lo se conceder\u00e1 la extradici\u00f3n si se considera si hay pruebas suficientes\u201d: FGR sobre funcionarios de Sinaloa - LA BRAVA RADIO<\/title>\n<meta name=\"robots\" content=\"index, follow, max-snippet:-1, max-image-preview:large, max-video-preview:-1\" \/>\n<link rel=\"canonical\" href=\"https:\/\/www.bbmnoticias.com\/fgr-inicia-investigacion-por-acusacion-de-eu-contra-ruben-rocha\/\" \/>\n<meta property=\"og:locale\" content=\"es_MX\" \/>\n<meta property=\"og:type\" content=\"article\" \/>\n<meta property=\"og:title\" content=\"\u201cS\u00f3lo se conceder\u00e1 la extradici\u00f3n si se considera si hay pruebas suficientes\u201d: FGR sobre funcionarios de Sinaloa - LA BRAVA RADIO\" \/>\n<meta property=\"og:description\" content=\"La Fiscal\u00eda General de la Rep\u00fablica (FGR) inform\u00f3 que inici\u00f3 una investigaci\u00f3n para determinar si hay datos de prueba que sostengan la acusaci\u00f3n de Estados Unidos contra el gobernador de Sinaloa, Rub\u00e9n Rocha Moya, y otros nueve funcionarios. En un mensaje a medios, Ulises Lara L\u00f3pez, vocero de dicha instituci\u00f3n, respondi\u00f3 que se analizar\u00e1 la [&hellip;]\" \/>\n<meta property=\"og:url\" content=\"https:\/\/www.bbmnoticias.com\/fgr-inicia-investigacion-por-acusacion-de-eu-contra-ruben-rocha\/\" \/>\n<meta property=\"og:site_name\" content=\"LA BRAVA RADIO\" \/>\n<meta property=\"article:published_time\" content=\"2026-04-30T00:58:48+00:00\" \/>\n<meta property=\"article:modified_time\" content=\"2026-04-30T02:12:54+00:00\" \/>\n<meta property=\"og:image\" content=\"https:\/\/www.bbmnoticias.com\/labravaradiofm\/wp-content\/uploads\/sites\/5\/2026\/04\/fiscali_republica.jpg\" \/>\n\t<meta property=\"og:image:width\" content=\"800\" \/>\n\t<meta property=\"og:image:height\" content=\"493\" \/>\n\t<meta property=\"og:image:type\" content=\"image\/jpeg\" \/>\n<meta name=\"author\" content=\"Agencias\" \/>\n<meta name=\"twitter:card\" content=\"summary_large_image\" \/>\n<meta name=\"twitter:label1\" content=\"Escrito por\" \/>\n\t<meta name=\"twitter:data1\" content=\"Agencias\" \/>\n\t<meta name=\"twitter:label2\" content=\"Tiempo de lectura\" \/>\n\t<meta name=\"twitter:data2\" content=\"1 minuto\" \/>\n<script type=\"application\/ld+json\" class=\"yoast-schema-graph\">{\"@context\":\"https:\\\/\\\/schema.org\",\"@graph\":[{\"@type\":\"Article\",\"@id\":\"https:\\\/\\\/www.bbmnoticias.com\\\/fgr-inicia-investigacion-por-acusacion-de-eu-contra-ruben-rocha\\\/#article\",\"isPartOf\":{\"@id\":\"https:\\\/\\\/www.bbmnoticias.com\\\/labravaradiofm\\\/2026\\\/04\\\/29\\\/fgr-inicia-investigacion-por-acusacion-de-eu-contra-ruben-rocha\\\/\"},\"author\":{\"name\":\"Agencias\",\"@id\":\"https:\\\/\\\/www.bbmnoticias.com\\\/labravaradiofm\\\/#\\\/schema\\\/person\\\/000bdaf0a8fb5bff0d537c4d0778e33f\"},\"headline\":\"\u201cS\u00f3lo se conceder\u00e1 la extradici\u00f3n si se considera si hay pruebas suficientes\u201d: FGR sobre funcionarios de Sinaloa\",\"datePublished\":\"2026-04-30T00:58:48+00:00\",\"dateModified\":\"2026-04-30T02:12:54+00:00\",\"mainEntityOfPage\":{\"@id\":\"https:\\\/\\\/www.bbmnoticias.com\\\/labravaradiofm\\\/2026\\\/04\\\/29\\\/fgr-inicia-investigacion-por-acusacion-de-eu-contra-ruben-rocha\\\/\"},\"wordCount\":269,\"image\":{\"@id\":\"https:\\\/\\\/www.bbmnoticias.com\\\/fgr-inicia-investigacion-por-acusacion-de-eu-contra-ruben-rocha\\\/#primaryimage\"},\"thumbnailUrl\":\"https:\\\/\\\/www.bbmnoticias.com\\\/labravaradiofm\\\/wp-content\\\/uploads\\\/sites\\\/5\\\/2026\\\/04\\\/fiscali_republica.jpg\",\"articleSection\":[\"LOCAL\",\"NACIONAL\"],\"inLanguage\":\"es\"},{\"@type\":\"WebPage\",\"@id\":\"https:\\\/\\\/www.bbmnoticias.com\\\/labravaradiofm\\\/2026\\\/04\\\/29\\\/fgr-inicia-investigacion-por-acusacion-de-eu-contra-ruben-rocha\\\/\",\"url\":\"https:\\\/\\\/www.bbmnoticias.com\\\/fgr-inicia-investigacion-por-acusacion-de-eu-contra-ruben-rocha\\\/\",\"name\":\"\u201cS\u00f3lo se conceder\u00e1 la extradici\u00f3n si se considera si hay pruebas suficientes\u201d: FGR sobre funcionarios de Sinaloa - LA BRAVA RADIO\",\"isPartOf\":{\"@id\":\"https:\\\/\\\/www.bbmnoticias.com\\\/labravaradiofm\\\/#website\"},\"primaryImageOfPage\":{\"@id\":\"https:\\\/\\\/www.bbmnoticias.com\\\/fgr-inicia-investigacion-por-acusacion-de-eu-contra-ruben-rocha\\\/#primaryimage\"},\"image\":{\"@id\":\"https:\\\/\\\/www.bbmnoticias.com\\\/fgr-inicia-investigacion-por-acusacion-de-eu-contra-ruben-rocha\\\/#primaryimage\"},\"thumbnailUrl\":\"https:\\\/\\\/www.bbmnoticias.com\\\/labravaradiofm\\\/wp-content\\\/uploads\\\/sites\\\/5\\\/2026\\\/04\\\/fiscali_republica.jpg\",\"datePublished\":\"2026-04-30T00:58:48+00:00\",\"dateModified\":\"2026-04-30T02:12:54+00:00\",\"author\":{\"@id\":\"https:\\\/\\\/www.bbmnoticias.com\\\/labravaradiofm\\\/#\\\/schema\\\/person\\\/000bdaf0a8fb5bff0d537c4d0778e33f\"},\"breadcrumb\":{\"@id\":\"https:\\\/\\\/www.bbmnoticias.com\\\/fgr-inicia-investigacion-por-acusacion-de-eu-contra-ruben-rocha\\\/#breadcrumb\"},\"inLanguage\":\"es\",\"potentialAction\":[{\"@type\":\"ReadAction\",\"target\":[\"https:\\\/\\\/www.bbmnoticias.com\\\/fgr-inicia-investigacion-por-acusacion-de-eu-contra-ruben-rocha\\\/\"]}]},{\"@type\":\"ImageObject\",\"inLanguage\":\"es\",\"@id\":\"https:\\\/\\\/www.bbmnoticias.com\\\/fgr-inicia-investigacion-por-acusacion-de-eu-contra-ruben-rocha\\\/#primaryimage\",\"url\":\"https:\\\/\\\/www.bbmnoticias.com\\\/labravaradiofm\\\/wp-content\\\/uploads\\\/sites\\\/5\\\/2026\\\/04\\\/fiscali_republica.jpg\",\"contentUrl\":\"https:\\\/\\\/www.bbmnoticias.com\\\/labravaradiofm\\\/wp-content\\\/uploads\\\/sites\\\/5\\\/2026\\\/04\\\/fiscali_republica.jpg\",\"width\":800,\"height\":493},{\"@type\":\"BreadcrumbList\",\"@id\":\"https:\\\/\\\/www.bbmnoticias.com\\\/fgr-inicia-investigacion-por-acusacion-de-eu-contra-ruben-rocha\\\/#breadcrumb\",\"itemListElement\":[{\"@type\":\"ListItem\",\"position\":1,\"name\":\"Inicio\",\"item\":\"https:\\\/\\\/www.bbmnoticias.com\\\/labravaradiofm\\\/\"},{\"@type\":\"ListItem\",\"position\":2,\"name\":\"FGR inicia investigaci\u00f3n por acusaci\u00f3n de EU contra Rub\u00e9n Rocha\"}]},{\"@type\":\"WebSite\",\"@id\":\"https:\\\/\\\/www.bbmnoticias.com\\\/labravaradiofm\\\/#website\",\"url\":\"https:\\\/\\\/www.bbmnoticias.com\\\/labravaradiofm\\\/\",\"name\":\"LA BRAVA RADIO\",\"description\":\"Empresa productora de medios, Radiodifusi\u00f3n, Noticias, tendencias y todo lo que necesitas saber de la pol\u00edtica mexicana e internacional; entretenimiento, espect\u00e1culos, salud y mucho m\u00e1s.\",\"potentialAction\":[{\"@type\":\"SearchAction\",\"target\":{\"@type\":\"EntryPoint\",\"urlTemplate\":\"https:\\\/\\\/www.bbmnoticias.com\\\/labravaradiofm\\\/?s={search_term_string}\"},\"query-input\":{\"@type\":\"PropertyValueSpecification\",\"valueRequired\":true,\"valueName\":\"search_term_string\"}}],\"inLanguage\":\"es\"},{\"@type\":\"Person\",\"@id\":\"https:\\\/\\\/www.bbmnoticias.com\\\/labravaradiofm\\\/#\\\/schema\\\/person\\\/000bdaf0a8fb5bff0d537c4d0778e33f\",\"name\":\"Agencias\",\"image\":{\"@type\":\"ImageObject\",\"inLanguage\":\"es\",\"@id\":\"https:\\\/\\\/secure.gravatar.com\\\/avatar\\\/739e0b61adf9e398b425c36718c8752286da0e8cd90f20ce9a86678abc26aa0d?s=96&d=mm&r=g\",\"url\":\"https:\\\/\\\/secure.gravatar.com\\\/avatar\\\/739e0b61adf9e398b425c36718c8752286da0e8cd90f20ce9a86678abc26aa0d?s=96&d=mm&r=g\",\"contentUrl\":\"https:\\\/\\\/secure.gravatar.com\\\/avatar\\\/739e0b61adf9e398b425c36718c8752286da0e8cd90f20ce9a86678abc26aa0d?s=96&d=mm&r=g\",\"caption\":\"Agencias\"},\"url\":\"https:\\\/\\\/www.bbmnoticias.com\\\/labravaradiofm\\\/author\\\/agencias\\\/\"}]}<\/script>\n<!-- \/ Yoast SEO plugin. -->","yoast_head_json":{"title":"\u201cS\u00f3lo se conceder\u00e1 la extradici\u00f3n si se considera si hay pruebas suficientes\u201d: FGR sobre funcionarios de Sinaloa - LA BRAVA RADIO","robots":{"index":"index","follow":"follow","max-snippet":"max-snippet:-1","max-image-preview":"max-image-preview:large","max-video-preview":"max-video-preview:-1"},"canonical":"https:\/\/www.bbmnoticias.com\/fgr-inicia-investigacion-por-acusacion-de-eu-contra-ruben-rocha\/","og_locale":"es_MX","og_type":"article","og_title":"\u201cS\u00f3lo se conceder\u00e1 la extradici\u00f3n si se considera si hay pruebas suficientes\u201d: FGR sobre funcionarios de Sinaloa - LA BRAVA RADIO","og_description":"La Fiscal\u00eda General de la Rep\u00fablica (FGR) inform\u00f3 que inici\u00f3 una investigaci\u00f3n para determinar si hay datos de prueba que sostengan la acusaci\u00f3n de Estados Unidos contra el gobernador de Sinaloa, Rub\u00e9n Rocha Moya, y otros nueve funcionarios. En un mensaje a medios, Ulises Lara L\u00f3pez, vocero de dicha instituci\u00f3n, respondi\u00f3 que se analizar\u00e1 la [&hellip;]","og_url":"https:\/\/www.bbmnoticias.com\/fgr-inicia-investigacion-por-acusacion-de-eu-contra-ruben-rocha\/","og_site_name":"LA BRAVA RADIO","article_published_time":"2026-04-30T00:58:48+00:00","article_modified_time":"2026-04-30T02:12:54+00:00","og_image":[{"width":800,"height":493,"url":"https:\/\/www.bbmnoticias.com\/labravaradiofm\/wp-content\/uploads\/sites\/5\/2026\/04\/fiscali_republica.jpg","type":"image\/jpeg"}],"author":"Agencias","twitter_card":"summary_large_image","twitter_misc":{"Escrito por":"Agencias","Tiempo de lectura":"1 minuto"},"schema":{"@context":"https:\/\/schema.org","@graph":[{"@type":"Article","@id":"https:\/\/www.bbmnoticias.com\/fgr-inicia-investigacion-por-acusacion-de-eu-contra-ruben-rocha\/#article","isPartOf":{"@id":"https:\/\/www.bbmnoticias.com\/labravaradiofm\/2026\/04\/29\/fgr-inicia-investigacion-por-acusacion-de-eu-contra-ruben-rocha\/"},"author":{"name":"Agencias","@id":"https:\/\/www.bbmnoticias.com\/labravaradiofm\/#\/schema\/person\/000bdaf0a8fb5bff0d537c4d0778e33f"},"headline":"\u201cS\u00f3lo se conceder\u00e1 la extradici\u00f3n si se considera si hay pruebas suficientes\u201d: FGR sobre funcionarios de Sinaloa","datePublished":"2026-04-30T00:58:48+00:00","dateModified":"2026-04-30T02:12:54+00:00","mainEntityOfPage":{"@id":"https:\/\/www.bbmnoticias.com\/labravaradiofm\/2026\/04\/29\/fgr-inicia-investigacion-por-acusacion-de-eu-contra-ruben-rocha\/"},"wordCount":269,"image":{"@id":"https:\/\/www.bbmnoticias.com\/fgr-inicia-investigacion-por-acusacion-de-eu-contra-ruben-rocha\/#primaryimage"},"thumbnailUrl":"https:\/\/www.bbmnoticias.com\/labravaradiofm\/wp-content\/uploads\/sites\/5\/2026\/04\/fiscali_republica.jpg","articleSection":["LOCAL","NACIONAL"],"inLanguage":"es"},{"@type":"WebPage","@id":"https:\/\/www.bbmnoticias.com\/labravaradiofm\/2026\/04\/29\/fgr-inicia-investigacion-por-acusacion-de-eu-contra-ruben-rocha\/","url":"https:\/\/www.bbmnoticias.com\/fgr-inicia-investigacion-por-acusacion-de-eu-contra-ruben-rocha\/","name":"\u201cS\u00f3lo se conceder\u00e1 la extradici\u00f3n si se considera si hay pruebas suficientes\u201d: FGR sobre funcionarios de Sinaloa - LA BRAVA RADIO","isPartOf":{"@id":"https:\/\/www.bbmnoticias.com\/labravaradiofm\/#website"},"primaryImageOfPage":{"@id":"https:\/\/www.bbmnoticias.com\/fgr-inicia-investigacion-por-acusacion-de-eu-contra-ruben-rocha\/#primaryimage"},"image":{"@id":"https:\/\/www.bbmnoticias.com\/fgr-inicia-investigacion-por-acusacion-de-eu-contra-ruben-rocha\/#primaryimage"},"thumbnailUrl":"https:\/\/www.bbmnoticias.com\/labravaradiofm\/wp-content\/uploads\/sites\/5\/2026\/04\/fiscali_republica.jpg","datePublished":"2026-04-30T00:58:48+00:00","dateModified":"2026-04-30T02:12:54+00:00","author":{"@id":"https:\/\/www.bbmnoticias.com\/labravaradiofm\/#\/schema\/person\/000bdaf0a8fb5bff0d537c4d0778e33f"},"breadcrumb":{"@id":"https:\/\/www.bbmnoticias.com\/fgr-inicia-investigacion-por-acusacion-de-eu-contra-ruben-rocha\/#breadcrumb"},"inLanguage":"es","potentialAction":[{"@type":"ReadAction","target":["https:\/\/www.bbmnoticias.com\/fgr-inicia-investigacion-por-acusacion-de-eu-contra-ruben-rocha\/"]}]},{"@type":"ImageObject","inLanguage":"es","@id":"https:\/\/www.bbmnoticias.com\/fgr-inicia-investigacion-por-acusacion-de-eu-contra-ruben-rocha\/#primaryimage","url":"https:\/\/www.bbmnoticias.com\/labravaradiofm\/wp-content\/uploads\/sites\/5\/2026\/04\/fiscali_republica.jpg","contentUrl":"https:\/\/www.bbmnoticias.com\/labravaradiofm\/wp-content\/uploads\/sites\/5\/2026\/04\/fiscali_republica.jpg","width":800,"height":493},{"@type":"BreadcrumbList","@id":"https:\/\/www.bbmnoticias.com\/fgr-inicia-investigacion-por-acusacion-de-eu-contra-ruben-rocha\/#breadcrumb","itemListElement":[{"@type":"ListItem","position":1,"name":"Inicio","item":"https:\/\/www.bbmnoticias.com\/labravaradiofm\/"},{"@type":"ListItem","position":2,"name":"FGR inicia investigaci\u00f3n por acusaci\u00f3n de EU contra Rub\u00e9n Rocha"}]},{"@type":"WebSite","@id":"https:\/\/www.bbmnoticias.com\/labravaradiofm\/#website","url":"https:\/\/www.bbmnoticias.com\/labravaradiofm\/","name":"LA BRAVA RADIO","description":"Empresa productora de medios, Radiodifusi\u00f3n, Noticias, tendencias y todo lo que necesitas saber de la pol\u00edtica mexicana e internacional; entretenimiento, espect\u00e1culos, salud y mucho m\u00e1s.","potentialAction":[{"@type":"SearchAction","target":{"@type":"EntryPoint","urlTemplate":"https:\/\/www.bbmnoticias.com\/labravaradiofm\/?s={search_term_string}"},"query-input":{"@type":"PropertyValueSpecification","valueRequired":true,"valueName":"search_term_string"}}],"inLanguage":"es"},{"@type":"Person","@id":"https:\/\/www.bbmnoticias.com\/labravaradiofm\/#\/schema\/person\/000bdaf0a8fb5bff0d537c4d0778e33f","name":"Agencias","image":{"@type":"ImageObject","inLanguage":"es","@id":"https:\/\/secure.gravatar.com\/avatar\/739e0b61adf9e398b425c36718c8752286da0e8cd90f20ce9a86678abc26aa0d?s=96&d=mm&r=g","url":"https:\/\/secure.gravatar.com\/avatar\/739e0b61adf9e398b425c36718c8752286da0e8cd90f20ce9a86678abc26aa0d?s=96&d=mm&r=g","contentUrl":"https:\/\/secure.gravatar.com\/avatar\/739e0b61adf9e398b425c36718c8752286da0e8cd90f20ce9a86678abc26aa0d?s=96&d=mm&r=g","caption":"Agencias"},"url":"https:\/\/www.bbmnoticias.com\/labravaradiofm\/author\/agencias\/"}]}},"_links":{"self":[{"href":"https:\/\/www.bbmnoticias.com\/labravaradiofm\/wp-json\/wp\/v2\/posts\/76744","targetHints":{"allow":["GET"]}}],"collection":[{"href":"https:\/\/www.bbmnoticias.com\/labravaradiofm\/wp-json\/wp\/v2\/posts"}],"about":[{"href":"https:\/\/www.bbmnoticias.com\/labravaradiofm\/wp-json\/wp\/v2\/types\/post"}],"author":[{"embeddable":true,"href":"https:\/\/www.bbmnoticias.com\/labravaradiofm\/wp-json\/wp\/v2\/users\/4"}],"replies":[{"embeddable":true,"href":"https:\/\/www.bbmnoticias.com\/labravaradiofm\/wp-json\/wp\/v2\/comments?post=76744"}],"version-history":[{"count":2,"href":"https:\/\/www.bbmnoticias.com\/labravaradiofm\/wp-json\/wp\/v2\/posts\/76744\/revisions"}],"predecessor-version":[{"id":76747,"href":"https:\/\/www.bbmnoticias.com\/labravaradiofm\/wp-json\/wp\/v2\/posts\/76744\/revisions\/76747"}],"wp:featuredmedia":[{"embeddable":true,"href":"https:\/\/www.bbmnoticias.com\/labravaradiofm\/wp-json\/wp\/v2\/media\/76746"}],"wp:attachment":[{"href":"https:\/\/www.bbmnoticias.com\/labravaradiofm\/wp-json\/wp\/v2\/media?parent=76744"}],"wp:term":[{"taxonomy":"category","embeddable":true,"href":"https:\/\/www.bbmnoticias.com\/labravaradiofm\/wp-json\/wp\/v2\/categories?post=76744"},{"taxonomy":"post_tag","embeddable":true,"href":"https:\/\/www.bbmnoticias.com\/labravaradiofm\/wp-json\/wp\/v2\/tags?post=76744"}],"curies":[{"name":"wp","href":"https:\/\/api.w.org\/{rel}","templated":true}]}}