{"id":76738,"date":"2026-04-29T15:49:59","date_gmt":"2026-04-29T21:49:59","guid":{"rendered":"https:\/\/www.bbmnoticias.com\/labravaradiofm\/2026\/04\/29\/sre-recibe-solicitud-para-extradicion-de-rocha-moya-senala-falta-de-pruebas-de-eu\/"},"modified":"2026-04-29T15:50:26","modified_gmt":"2026-04-29T21:50:26","slug":"sre-recibe-solicitud-para-extradicion-de-rocha-moya-senala-falta-de-pruebas-de-eu","status":"publish","type":"post","link":"https:\/\/www.bbmnoticias.com\/labravaradiofm\/2026\/04\/29\/sre-recibe-solicitud-para-extradicion-de-rocha-moya-senala-falta-de-pruebas-de-eu\/","title":{"rendered":"SRE recibe solicitud para extradici\u00f3n de Rocha Moya; se\u00f1ala falta de pruebas de EU"},"content":{"rendered":"<div style=\"margin-top: 0px; margin-bottom: 0px;\" class=\"sharethis-inline-share-buttons\" ><\/div>\n<p><em>Ciudad de M\u00e9xico.<\/em> Luego de que la Fiscal\u00eda de Nueva York acus\u00f3 formalmente al gobernador Rub\u00e9n Rocha Moya y a ocho funcionarios y ex funcionarios de esa entidad de presuntos v\u00ednculos con el c\u00e1rtel de Sinaloa, la Secretar\u00eda de Relaciones Exteriores (SRE) confirm\u00f3 este mi\u00e9rcoles que recibi\u00f3 solicitudes de detenci\u00f3n provisional con fines de extradici\u00f3n remitidas por el gobierno de Estados Unidos, pero subray\u00f3 que la documentaci\u00f3n \u201cno cuenta con elementos de prueba\u201d suficientes para determinar la responsabilidad de los se\u00f1alados.<\/p>\n\n\n\n<p>Sin hacer menci\u00f3n expl\u00edcita de Rocha Moya o de alg\u00fan otro se\u00f1alado, la Canciller\u00eda agreg\u00f3 que el expediente fue turnado a la Fiscal\u00eda General de la Rep\u00fablica (FGR) para que determine la viabilidad de las solicitudes de detenci\u00f3n conforme al marco jur\u00eddico nacional.<\/p>\n\n\n\n<p>En un comunicado, la Canciller\u00eda inform\u00f3 que las solicitudes fueron recibidas el 28 de abril a las 18 horas y precis\u00f3 que, tras una revisi\u00f3n jur\u00eddica realizada en el marco del Tratado de Extradici\u00f3n bilateral y de la Ley de Extradici\u00f3n Internacional, se concluy\u00f3 que los documentos enviados por la Embajada estadunidense carecen de elementos probatorios que sustenten, en esta etapa, la presunta responsabilidad de las personas cuya detenci\u00f3n provisional se solicita.<\/p>\n\n\n\n<p>No obstante, la dependencia indic\u00f3 que, conforme al procedimiento legal vigente, corresponde a la FGR analizar la informaci\u00f3n remitida y determinar si existen elementos de prueba v\u00e1lidos bajo el sistema jur\u00eddico mexicano, as\u00ed como la viabilidad de ejecutar las solicitudes de detenci\u00f3n provisional con fines de extradici\u00f3n.<\/p>\n\n\n\n<p>La SRE tambi\u00e9n se\u00f1al\u00f3 que los tratados internacionales en la materia contienen disposiciones espec\u00edficas de confidencialidad sobre este tipo de procedimientos, por lo que anunci\u00f3 que enviar\u00e1 un extra\u00f1amiento a la Embajada de Estados Unidos por la forma en que la informaci\u00f3n fue dada a conocer p\u00fablicamente.<\/p>\n\n\n\n<p>Desde temprano, el &nbsp;canciller Roberto Velasco tuvo una intensa actividad en Palacio Nacional, donde se present\u00f3 a las 6 de la ma\u00f1ana para informar sobre las solicitudes de extradici\u00f3n a la presidenta Claudia Sheinbaum y al gabinete de Seguridad.&nbsp;<\/p>\n\n\n\n<p>Minutos despu\u00e9s, al abrir su conferencia Sheinbaum constri\u00f1\u00f3 su conferencia s\u00f3lo a la presentaci\u00f3n del acuerdo para promover la industria sider\u00fargica nacional sin aceptar preguntas de otros temas aunque a esa hora no hab\u00eda trascendido nada sobre Rocha.<\/p>\n\n\n\n<p>Posteriormente Velasco volvi\u00f3 a Palacio Nacional hacia el mediod\u00eda para estar durante una hora y salir poco despu\u00e9s de las 12. Hacia las 13:03 horas regres\u00f3 para acompa\u00f1ar a Sheinbaum en su reuni\u00f3n con el Ministro de Asuntos Exteriores de Espa\u00f1a, Jos\u00e9 Manuel Albares.<\/p>\n","protected":false},"excerpt":{"rendered":"<p>Ciudad de M\u00e9xico. Luego de que la Fiscal\u00eda de Nueva York acus\u00f3 formalmente al gobernador Rub\u00e9n Rocha Moya y a ocho funcionarios y ex funcionarios de esa entidad de presuntos v\u00ednculos con el c\u00e1rtel de Sinaloa, la Secretar\u00eda de Relaciones Exteriores (SRE) confirm\u00f3 este mi\u00e9rcoles que recibi\u00f3 solicitudes de detenci\u00f3n provisional con fines de extradici\u00f3n [&hellip;]<\/p>\n","protected":false},"author":4,"featured_media":76740,"comment_status":"closed","ping_status":"open","sticky":false,"template":"","format":"standard","meta":{"footnotes":""},"categories":[2,19],"tags":[],"class_list":{"0":"post-76738","1":"post","2":"type-post","3":"status-publish","4":"format-standard","5":"has-post-thumbnail","7":"category-oaxaca","8":"category-nacional"},"yoast_head":"<!-- This site is optimized with the Yoast SEO plugin v27.4 - https:\/\/yoast.com\/product\/yoast-seo-wordpress\/ -->\n<title>SRE recibe solicitud para extradici\u00f3n de Rocha Moya; se\u00f1ala falta de pruebas de EU - LA BRAVA RADIO<\/title>\n<meta name=\"robots\" content=\"index, follow, max-snippet:-1, max-image-preview:large, max-video-preview:-1\" \/>\n<link rel=\"canonical\" href=\"https:\/\/www.bbmnoticias.com\/sre-recibe-solicitud-para-extradicion-de-rocha-moya-senala-falta-de-pruebas-de-eu\/\" \/>\n<meta property=\"og:locale\" content=\"es_MX\" \/>\n<meta property=\"og:type\" content=\"article\" \/>\n<meta property=\"og:title\" content=\"SRE recibe solicitud para extradici\u00f3n de Rocha Moya; se\u00f1ala falta de pruebas de EU - LA BRAVA RADIO\" \/>\n<meta property=\"og:description\" content=\"Ciudad de M\u00e9xico. Luego de que la Fiscal\u00eda de Nueva York acus\u00f3 formalmente al gobernador Rub\u00e9n Rocha Moya y a ocho funcionarios y ex funcionarios de esa entidad de presuntos v\u00ednculos con el c\u00e1rtel de Sinaloa, la Secretar\u00eda de Relaciones Exteriores (SRE) confirm\u00f3 este mi\u00e9rcoles que recibi\u00f3 solicitudes de detenci\u00f3n provisional con fines de extradici\u00f3n [&hellip;]\" \/>\n<meta property=\"og:url\" content=\"https:\/\/www.bbmnoticias.com\/sre-recibe-solicitud-para-extradicion-de-rocha-moya-senala-falta-de-pruebas-de-eu\/\" \/>\n<meta property=\"og:site_name\" content=\"LA BRAVA RADIO\" \/>\n<meta property=\"article:published_time\" content=\"2026-04-29T21:49:59+00:00\" \/>\n<meta property=\"article:modified_time\" content=\"2026-04-29T21:50:26+00:00\" \/>\n<meta property=\"og:image\" content=\"https:\/\/www.bbmnoticias.com\/labravaradiofm\/wp-content\/uploads\/sites\/5\/2026\/04\/sre-recibe-solicitud-de-extradicion-de-rocha-moya-senala-falta-de-pruebas-de-eu.webp\" \/>\n\t<meta property=\"og:image:width\" content=\"1200\" \/>\n\t<meta property=\"og:image:height\" content=\"799\" \/>\n\t<meta property=\"og:image:type\" content=\"image\/webp\" \/>\n<meta name=\"author\" content=\"Agencias\" \/>\n<meta name=\"twitter:card\" content=\"summary_large_image\" \/>\n<meta name=\"twitter:label1\" content=\"Escrito por\" \/>\n\t<meta name=\"twitter:data1\" content=\"Agencias\" \/>\n\t<meta name=\"twitter:label2\" content=\"Tiempo de lectura\" \/>\n\t<meta name=\"twitter:data2\" content=\"2 minutos\" \/>\n<script type=\"application\/ld+json\" class=\"yoast-schema-graph\">{\"@context\":\"https:\\\/\\\/schema.org\",\"@graph\":[{\"@type\":\"Article\",\"@id\":\"https:\\\/\\\/www.bbmnoticias.com\\\/sre-recibe-solicitud-para-extradicion-de-rocha-moya-senala-falta-de-pruebas-de-eu\\\/#article\",\"isPartOf\":{\"@id\":\"https:\\\/\\\/www.bbmnoticias.com\\\/labravaradiofm\\\/2026\\\/04\\\/29\\\/sre-recibe-solicitud-para-extradicion-de-rocha-moya-senala-falta-de-pruebas-de-eu\\\/\"},\"author\":{\"name\":\"Agencias\",\"@id\":\"https:\\\/\\\/www.bbmnoticias.com\\\/labravaradiofm\\\/#\\\/schema\\\/person\\\/000bdaf0a8fb5bff0d537c4d0778e33f\"},\"headline\":\"SRE recibe solicitud para extradici\u00f3n de Rocha Moya; se\u00f1ala falta de pruebas de EU\",\"datePublished\":\"2026-04-29T21:49:59+00:00\",\"dateModified\":\"2026-04-29T21:50:26+00:00\",\"mainEntityOfPage\":{\"@id\":\"https:\\\/\\\/www.bbmnoticias.com\\\/labravaradiofm\\\/2026\\\/04\\\/29\\\/sre-recibe-solicitud-para-extradicion-de-rocha-moya-senala-falta-de-pruebas-de-eu\\\/\"},\"wordCount\":473,\"image\":{\"@id\":\"https:\\\/\\\/www.bbmnoticias.com\\\/sre-recibe-solicitud-para-extradicion-de-rocha-moya-senala-falta-de-pruebas-de-eu\\\/#primaryimage\"},\"thumbnailUrl\":\"https:\\\/\\\/www.bbmnoticias.com\\\/labravaradiofm\\\/wp-content\\\/uploads\\\/sites\\\/5\\\/2026\\\/04\\\/sre-recibe-solicitud-de-extradicion-de-rocha-moya-senala-falta-de-pruebas-de-eu.webp\",\"articleSection\":[\"LOCAL\",\"NACIONAL\"],\"inLanguage\":\"es\"},{\"@type\":\"WebPage\",\"@id\":\"https:\\\/\\\/www.bbmnoticias.com\\\/labravaradiofm\\\/2026\\\/04\\\/29\\\/sre-recibe-solicitud-para-extradicion-de-rocha-moya-senala-falta-de-pruebas-de-eu\\\/\",\"url\":\"https:\\\/\\\/www.bbmnoticias.com\\\/sre-recibe-solicitud-para-extradicion-de-rocha-moya-senala-falta-de-pruebas-de-eu\\\/\",\"name\":\"SRE recibe solicitud para extradici\u00f3n de Rocha Moya; se\u00f1ala falta de pruebas de EU - LA BRAVA RADIO\",\"isPartOf\":{\"@id\":\"https:\\\/\\\/www.bbmnoticias.com\\\/labravaradiofm\\\/#website\"},\"primaryImageOfPage\":{\"@id\":\"https:\\\/\\\/www.bbmnoticias.com\\\/sre-recibe-solicitud-para-extradicion-de-rocha-moya-senala-falta-de-pruebas-de-eu\\\/#primaryimage\"},\"image\":{\"@id\":\"https:\\\/\\\/www.bbmnoticias.com\\\/sre-recibe-solicitud-para-extradicion-de-rocha-moya-senala-falta-de-pruebas-de-eu\\\/#primaryimage\"},\"thumbnailUrl\":\"https:\\\/\\\/www.bbmnoticias.com\\\/labravaradiofm\\\/wp-content\\\/uploads\\\/sites\\\/5\\\/2026\\\/04\\\/sre-recibe-solicitud-de-extradicion-de-rocha-moya-senala-falta-de-pruebas-de-eu.webp\",\"datePublished\":\"2026-04-29T21:49:59+00:00\",\"dateModified\":\"2026-04-29T21:50:26+00:00\",\"author\":{\"@id\":\"https:\\\/\\\/www.bbmnoticias.com\\\/labravaradiofm\\\/#\\\/schema\\\/person\\\/000bdaf0a8fb5bff0d537c4d0778e33f\"},\"breadcrumb\":{\"@id\":\"https:\\\/\\\/www.bbmnoticias.com\\\/sre-recibe-solicitud-para-extradicion-de-rocha-moya-senala-falta-de-pruebas-de-eu\\\/#breadcrumb\"},\"inLanguage\":\"es\",\"potentialAction\":[{\"@type\":\"ReadAction\",\"target\":[\"https:\\\/\\\/www.bbmnoticias.com\\\/sre-recibe-solicitud-para-extradicion-de-rocha-moya-senala-falta-de-pruebas-de-eu\\\/\"]}]},{\"@type\":\"ImageObject\",\"inLanguage\":\"es\",\"@id\":\"https:\\\/\\\/www.bbmnoticias.com\\\/sre-recibe-solicitud-para-extradicion-de-rocha-moya-senala-falta-de-pruebas-de-eu\\\/#primaryimage\",\"url\":\"https:\\\/\\\/www.bbmnoticias.com\\\/labravaradiofm\\\/wp-content\\\/uploads\\\/sites\\\/5\\\/2026\\\/04\\\/sre-recibe-solicitud-de-extradicion-de-rocha-moya-senala-falta-de-pruebas-de-eu.webp\",\"contentUrl\":\"https:\\\/\\\/www.bbmnoticias.com\\\/labravaradiofm\\\/wp-content\\\/uploads\\\/sites\\\/5\\\/2026\\\/04\\\/sre-recibe-solicitud-de-extradicion-de-rocha-moya-senala-falta-de-pruebas-de-eu.webp\",\"width\":1200,\"height\":799},{\"@type\":\"BreadcrumbList\",\"@id\":\"https:\\\/\\\/www.bbmnoticias.com\\\/sre-recibe-solicitud-para-extradicion-de-rocha-moya-senala-falta-de-pruebas-de-eu\\\/#breadcrumb\",\"itemListElement\":[{\"@type\":\"ListItem\",\"position\":1,\"name\":\"Inicio\",\"item\":\"https:\\\/\\\/www.bbmnoticias.com\\\/labravaradiofm\\\/\"},{\"@type\":\"ListItem\",\"position\":2,\"name\":\"SRE recibe solicitud para extradici\u00f3n de Rocha Moya; se\u00f1ala falta de pruebas de EU\"}]},{\"@type\":\"WebSite\",\"@id\":\"https:\\\/\\\/www.bbmnoticias.com\\\/labravaradiofm\\\/#website\",\"url\":\"https:\\\/\\\/www.bbmnoticias.com\\\/labravaradiofm\\\/\",\"name\":\"LA BRAVA RADIO\",\"description\":\"Empresa productora de medios, Radiodifusi\u00f3n, Noticias, tendencias y todo lo que necesitas saber de la pol\u00edtica mexicana e internacional; entretenimiento, espect\u00e1culos, salud y mucho m\u00e1s.\",\"potentialAction\":[{\"@type\":\"SearchAction\",\"target\":{\"@type\":\"EntryPoint\",\"urlTemplate\":\"https:\\\/\\\/www.bbmnoticias.com\\\/labravaradiofm\\\/?s={search_term_string}\"},\"query-input\":{\"@type\":\"PropertyValueSpecification\",\"valueRequired\":true,\"valueName\":\"search_term_string\"}}],\"inLanguage\":\"es\"},{\"@type\":\"Person\",\"@id\":\"https:\\\/\\\/www.bbmnoticias.com\\\/labravaradiofm\\\/#\\\/schema\\\/person\\\/000bdaf0a8fb5bff0d537c4d0778e33f\",\"name\":\"Agencias\",\"image\":{\"@type\":\"ImageObject\",\"inLanguage\":\"es\",\"@id\":\"https:\\\/\\\/secure.gravatar.com\\\/avatar\\\/739e0b61adf9e398b425c36718c8752286da0e8cd90f20ce9a86678abc26aa0d?s=96&d=mm&r=g\",\"url\":\"https:\\\/\\\/secure.gravatar.com\\\/avatar\\\/739e0b61adf9e398b425c36718c8752286da0e8cd90f20ce9a86678abc26aa0d?s=96&d=mm&r=g\",\"contentUrl\":\"https:\\\/\\\/secure.gravatar.com\\\/avatar\\\/739e0b61adf9e398b425c36718c8752286da0e8cd90f20ce9a86678abc26aa0d?s=96&d=mm&r=g\",\"caption\":\"Agencias\"},\"url\":\"https:\\\/\\\/www.bbmnoticias.com\\\/labravaradiofm\\\/author\\\/agencias\\\/\"}]}<\/script>\n<!-- \/ Yoast SEO plugin. -->","yoast_head_json":{"title":"SRE recibe solicitud para extradici\u00f3n de Rocha Moya; se\u00f1ala falta de pruebas de EU - LA BRAVA RADIO","robots":{"index":"index","follow":"follow","max-snippet":"max-snippet:-1","max-image-preview":"max-image-preview:large","max-video-preview":"max-video-preview:-1"},"canonical":"https:\/\/www.bbmnoticias.com\/sre-recibe-solicitud-para-extradicion-de-rocha-moya-senala-falta-de-pruebas-de-eu\/","og_locale":"es_MX","og_type":"article","og_title":"SRE recibe solicitud para extradici\u00f3n de Rocha Moya; se\u00f1ala falta de pruebas de EU - LA BRAVA RADIO","og_description":"Ciudad de M\u00e9xico. Luego de que la Fiscal\u00eda de Nueva York acus\u00f3 formalmente al gobernador Rub\u00e9n Rocha Moya y a ocho funcionarios y ex funcionarios de esa entidad de presuntos v\u00ednculos con el c\u00e1rtel de Sinaloa, la Secretar\u00eda de Relaciones Exteriores (SRE) confirm\u00f3 este mi\u00e9rcoles que recibi\u00f3 solicitudes de detenci\u00f3n provisional con fines de extradici\u00f3n [&hellip;]","og_url":"https:\/\/www.bbmnoticias.com\/sre-recibe-solicitud-para-extradicion-de-rocha-moya-senala-falta-de-pruebas-de-eu\/","og_site_name":"LA BRAVA RADIO","article_published_time":"2026-04-29T21:49:59+00:00","article_modified_time":"2026-04-29T21:50:26+00:00","og_image":[{"width":1200,"height":799,"url":"https:\/\/www.bbmnoticias.com\/labravaradiofm\/wp-content\/uploads\/sites\/5\/2026\/04\/sre-recibe-solicitud-de-extradicion-de-rocha-moya-senala-falta-de-pruebas-de-eu.webp","type":"image\/webp"}],"author":"Agencias","twitter_card":"summary_large_image","twitter_misc":{"Escrito por":"Agencias","Tiempo de lectura":"2 minutos"},"schema":{"@context":"https:\/\/schema.org","@graph":[{"@type":"Article","@id":"https:\/\/www.bbmnoticias.com\/sre-recibe-solicitud-para-extradicion-de-rocha-moya-senala-falta-de-pruebas-de-eu\/#article","isPartOf":{"@id":"https:\/\/www.bbmnoticias.com\/labravaradiofm\/2026\/04\/29\/sre-recibe-solicitud-para-extradicion-de-rocha-moya-senala-falta-de-pruebas-de-eu\/"},"author":{"name":"Agencias","@id":"https:\/\/www.bbmnoticias.com\/labravaradiofm\/#\/schema\/person\/000bdaf0a8fb5bff0d537c4d0778e33f"},"headline":"SRE recibe solicitud para extradici\u00f3n de Rocha Moya; se\u00f1ala falta de pruebas de EU","datePublished":"2026-04-29T21:49:59+00:00","dateModified":"2026-04-29T21:50:26+00:00","mainEntityOfPage":{"@id":"https:\/\/www.bbmnoticias.com\/labravaradiofm\/2026\/04\/29\/sre-recibe-solicitud-para-extradicion-de-rocha-moya-senala-falta-de-pruebas-de-eu\/"},"wordCount":473,"image":{"@id":"https:\/\/www.bbmnoticias.com\/sre-recibe-solicitud-para-extradicion-de-rocha-moya-senala-falta-de-pruebas-de-eu\/#primaryimage"},"thumbnailUrl":"https:\/\/www.bbmnoticias.com\/labravaradiofm\/wp-content\/uploads\/sites\/5\/2026\/04\/sre-recibe-solicitud-de-extradicion-de-rocha-moya-senala-falta-de-pruebas-de-eu.webp","articleSection":["LOCAL","NACIONAL"],"inLanguage":"es"},{"@type":"WebPage","@id":"https:\/\/www.bbmnoticias.com\/labravaradiofm\/2026\/04\/29\/sre-recibe-solicitud-para-extradicion-de-rocha-moya-senala-falta-de-pruebas-de-eu\/","url":"https:\/\/www.bbmnoticias.com\/sre-recibe-solicitud-para-extradicion-de-rocha-moya-senala-falta-de-pruebas-de-eu\/","name":"SRE recibe solicitud para extradici\u00f3n de Rocha Moya; se\u00f1ala falta de pruebas de EU - LA BRAVA RADIO","isPartOf":{"@id":"https:\/\/www.bbmnoticias.com\/labravaradiofm\/#website"},"primaryImageOfPage":{"@id":"https:\/\/www.bbmnoticias.com\/sre-recibe-solicitud-para-extradicion-de-rocha-moya-senala-falta-de-pruebas-de-eu\/#primaryimage"},"image":{"@id":"https:\/\/www.bbmnoticias.com\/sre-recibe-solicitud-para-extradicion-de-rocha-moya-senala-falta-de-pruebas-de-eu\/#primaryimage"},"thumbnailUrl":"https:\/\/www.bbmnoticias.com\/labravaradiofm\/wp-content\/uploads\/sites\/5\/2026\/04\/sre-recibe-solicitud-de-extradicion-de-rocha-moya-senala-falta-de-pruebas-de-eu.webp","datePublished":"2026-04-29T21:49:59+00:00","dateModified":"2026-04-29T21:50:26+00:00","author":{"@id":"https:\/\/www.bbmnoticias.com\/labravaradiofm\/#\/schema\/person\/000bdaf0a8fb5bff0d537c4d0778e33f"},"breadcrumb":{"@id":"https:\/\/www.bbmnoticias.com\/sre-recibe-solicitud-para-extradicion-de-rocha-moya-senala-falta-de-pruebas-de-eu\/#breadcrumb"},"inLanguage":"es","potentialAction":[{"@type":"ReadAction","target":["https:\/\/www.bbmnoticias.com\/sre-recibe-solicitud-para-extradicion-de-rocha-moya-senala-falta-de-pruebas-de-eu\/"]}]},{"@type":"ImageObject","inLanguage":"es","@id":"https:\/\/www.bbmnoticias.com\/sre-recibe-solicitud-para-extradicion-de-rocha-moya-senala-falta-de-pruebas-de-eu\/#primaryimage","url":"https:\/\/www.bbmnoticias.com\/labravaradiofm\/wp-content\/uploads\/sites\/5\/2026\/04\/sre-recibe-solicitud-de-extradicion-de-rocha-moya-senala-falta-de-pruebas-de-eu.webp","contentUrl":"https:\/\/www.bbmnoticias.com\/labravaradiofm\/wp-content\/uploads\/sites\/5\/2026\/04\/sre-recibe-solicitud-de-extradicion-de-rocha-moya-senala-falta-de-pruebas-de-eu.webp","width":1200,"height":799},{"@type":"BreadcrumbList","@id":"https:\/\/www.bbmnoticias.com\/sre-recibe-solicitud-para-extradicion-de-rocha-moya-senala-falta-de-pruebas-de-eu\/#breadcrumb","itemListElement":[{"@type":"ListItem","position":1,"name":"Inicio","item":"https:\/\/www.bbmnoticias.com\/labravaradiofm\/"},{"@type":"ListItem","position":2,"name":"SRE recibe solicitud para extradici\u00f3n de Rocha Moya; se\u00f1ala falta de pruebas de EU"}]},{"@type":"WebSite","@id":"https:\/\/www.bbmnoticias.com\/labravaradiofm\/#website","url":"https:\/\/www.bbmnoticias.com\/labravaradiofm\/","name":"LA BRAVA RADIO","description":"Empresa productora de medios, Radiodifusi\u00f3n, Noticias, tendencias y todo lo que necesitas saber de la pol\u00edtica mexicana e internacional; entretenimiento, espect\u00e1culos, salud y mucho m\u00e1s.","potentialAction":[{"@type":"SearchAction","target":{"@type":"EntryPoint","urlTemplate":"https:\/\/www.bbmnoticias.com\/labravaradiofm\/?s={search_term_string}"},"query-input":{"@type":"PropertyValueSpecification","valueRequired":true,"valueName":"search_term_string"}}],"inLanguage":"es"},{"@type":"Person","@id":"https:\/\/www.bbmnoticias.com\/labravaradiofm\/#\/schema\/person\/000bdaf0a8fb5bff0d537c4d0778e33f","name":"Agencias","image":{"@type":"ImageObject","inLanguage":"es","@id":"https:\/\/secure.gravatar.com\/avatar\/739e0b61adf9e398b425c36718c8752286da0e8cd90f20ce9a86678abc26aa0d?s=96&d=mm&r=g","url":"https:\/\/secure.gravatar.com\/avatar\/739e0b61adf9e398b425c36718c8752286da0e8cd90f20ce9a86678abc26aa0d?s=96&d=mm&r=g","contentUrl":"https:\/\/secure.gravatar.com\/avatar\/739e0b61adf9e398b425c36718c8752286da0e8cd90f20ce9a86678abc26aa0d?s=96&d=mm&r=g","caption":"Agencias"},"url":"https:\/\/www.bbmnoticias.com\/labravaradiofm\/author\/agencias\/"}]}},"_links":{"self":[{"href":"https:\/\/www.bbmnoticias.com\/labravaradiofm\/wp-json\/wp\/v2\/posts\/76738","targetHints":{"allow":["GET"]}}],"collection":[{"href":"https:\/\/www.bbmnoticias.com\/labravaradiofm\/wp-json\/wp\/v2\/posts"}],"about":[{"href":"https:\/\/www.bbmnoticias.com\/labravaradiofm\/wp-json\/wp\/v2\/types\/post"}],"author":[{"embeddable":true,"href":"https:\/\/www.bbmnoticias.com\/labravaradiofm\/wp-json\/wp\/v2\/users\/4"}],"replies":[{"embeddable":true,"href":"https:\/\/www.bbmnoticias.com\/labravaradiofm\/wp-json\/wp\/v2\/comments?post=76738"}],"version-history":[{"count":1,"href":"https:\/\/www.bbmnoticias.com\/labravaradiofm\/wp-json\/wp\/v2\/posts\/76738\/revisions"}],"predecessor-version":[{"id":76739,"href":"https:\/\/www.bbmnoticias.com\/labravaradiofm\/wp-json\/wp\/v2\/posts\/76738\/revisions\/76739"}],"wp:featuredmedia":[{"embeddable":true,"href":"https:\/\/www.bbmnoticias.com\/labravaradiofm\/wp-json\/wp\/v2\/media\/76740"}],"wp:attachment":[{"href":"https:\/\/www.bbmnoticias.com\/labravaradiofm\/wp-json\/wp\/v2\/media?parent=76738"}],"wp:term":[{"taxonomy":"category","embeddable":true,"href":"https:\/\/www.bbmnoticias.com\/labravaradiofm\/wp-json\/wp\/v2\/categories?post=76738"},{"taxonomy":"post_tag","embeddable":true,"href":"https:\/\/www.bbmnoticias.com\/labravaradiofm\/wp-json\/wp\/v2\/tags?post=76738"}],"curies":[{"name":"wp","href":"https:\/\/api.w.org\/{rel}","templated":true}]}}