{"id":76735,"date":"2026-04-29T15:15:00","date_gmt":"2026-04-29T21:15:00","guid":{"rendered":"https:\/\/www.bbmnoticias.com\/labravaradiofm\/2026\/04\/29\/inaugura-salomon-jara-mundialito-escolar-oaxaca-2026\/"},"modified":"2026-04-29T15:32:56","modified_gmt":"2026-04-29T21:32:56","slug":"inaugura-salomon-jara-mundialito-escolar-oaxaca-2026","status":"publish","type":"post","link":"https:\/\/www.bbmnoticias.com\/labravaradiofm\/2026\/04\/29\/inaugura-salomon-jara-mundialito-escolar-oaxaca-2026\/","title":{"rendered":"Inaugura Salom\u00f3n Jara Mundialito Escolar Oaxaca 2026"},"content":{"rendered":"<div style=\"margin-top: 0px; margin-bottom: 0px;\" class=\"sharethis-inline-share-buttons\" ><\/div>\n<p><strong>Oaxaca de Ju\u00e1rez, Oax.-<\/strong> El Gobernador Salom\u00f3n Jara Cruz inaugur\u00f3 en el Parque Primavera Oaxaque\u00f1a el inicio de la etapa estatal del Mundialito Escolar Oaxaca 2026, una justa deportiva impulsada desde el Gobierno de M\u00e9xico para fomentar la actividad f\u00edsica entre ni\u00f1as, ni\u00f1os y j\u00f3venes de toda la naci\u00f3n.<\/p>\n\n\n\n<p>La competencia ser\u00e1 celebrada en el marco del Mundial de F\u00fatbol 2026, para acercar el deporte a los espacios p\u00fablicos en cada estado, m\u00e1s all\u00e1 de los partidos que se celebrar\u00e1n durante los meses de junio y julio.<\/p>\n\n\n\n<p>Al encabezar el evento, el Mandatario Estatal destac\u00f3 que esta es una oportunidad para ense\u00f1ar a las infancias y juventudes que la cancha es una parte integral de la educaci\u00f3n, y que a trav\u00e9s del deporte se aprenden valores como el respeto, la solidaridad y cooperaci\u00f3n.<\/p>\n\n\n\n<p>\u201cEn Oaxaca creemos en el deporte como una herramienta para construir la paz y en la educaci\u00f3n como un camino para transformar las realidades; creemos en ustedes, en su talento y capacidad para hacer de nuestro estado un lugar m\u00e1s justo y fuerte\u201d, declar\u00f3 al dirigirse a las y los participantes de este torneo.<\/p>\n\n\n\n<p>Por su parte, el director del Instituto Estatal de Educaci\u00f3n P\u00fablica de Oaxaca (IEEPO), Emilio Montero P\u00e9rez detall\u00f3 que, como resultado de un trabajo coordinado, el Mundialito Escolar, a nivel nacional, cuenta con la participaci\u00f3n de 25 mil escuelas y m\u00e1s de 125 mil equipos femeniles y varoniles.<\/p>\n\n\n\n<p>Finalmente, y para guardar el esp\u00edritu deportivo y de sana competencia, se dio el juramento al juego limpio a cargo de la alumna Aime\u00e9 Juliana de la Cruz Moar; en tanto, el juramento deportivo de los jueces, fue enunciado por el delegado de la Asociaci\u00f3n de Arbitraje de F\u00fatbol Amateur del Estado de Oaxaca, Jael Alc\u00e1ntara Maldonado.<\/p>\n","protected":false},"excerpt":{"rendered":"<p>Oaxaca de Ju\u00e1rez, Oax.- El Gobernador Salom\u00f3n Jara Cruz inaugur\u00f3 en el Parque Primavera Oaxaque\u00f1a el inicio de la etapa estatal del Mundialito Escolar Oaxaca 2026, una justa deportiva impulsada desde el Gobierno de M\u00e9xico para fomentar la actividad f\u00edsica entre ni\u00f1as, ni\u00f1os y j\u00f3venes de toda la naci\u00f3n. La competencia ser\u00e1 celebrada en el [&hellip;]<\/p>\n","protected":false},"author":2,"featured_media":76737,"comment_status":"closed","ping_status":"open","sticky":false,"template":"","format":"standard","meta":{"footnotes":""},"categories":[2],"tags":[],"class_list":{"0":"post-76735","1":"post","2":"type-post","3":"status-publish","4":"format-standard","5":"has-post-thumbnail","7":"category-oaxaca"},"yoast_head":"<!-- This site is optimized with the Yoast SEO plugin v27.4 - https:\/\/yoast.com\/product\/yoast-seo-wordpress\/ -->\n<title>Inaugura Salom\u00f3n Jara Mundialito Escolar Oaxaca 2026 - LA BRAVA RADIO<\/title>\n<meta name=\"robots\" content=\"index, follow, max-snippet:-1, max-image-preview:large, max-video-preview:-1\" \/>\n<link rel=\"canonical\" href=\"https:\/\/www.bbmnoticias.com\/inaugura-salomon-jara-mundialito-escolar-oaxaca-2026\/\" \/>\n<meta property=\"og:locale\" content=\"es_MX\" \/>\n<meta property=\"og:type\" content=\"article\" \/>\n<meta property=\"og:title\" content=\"Inaugura Salom\u00f3n Jara Mundialito Escolar Oaxaca 2026 - LA BRAVA RADIO\" \/>\n<meta property=\"og:description\" content=\"Oaxaca de Ju\u00e1rez, Oax.- El Gobernador Salom\u00f3n Jara Cruz inaugur\u00f3 en el Parque Primavera Oaxaque\u00f1a el inicio de la etapa estatal del Mundialito Escolar Oaxaca 2026, una justa deportiva impulsada desde el Gobierno de M\u00e9xico para fomentar la actividad f\u00edsica entre ni\u00f1as, ni\u00f1os y j\u00f3venes de toda la naci\u00f3n. La competencia ser\u00e1 celebrada en el [&hellip;]\" \/>\n<meta property=\"og:url\" content=\"https:\/\/www.bbmnoticias.com\/inaugura-salomon-jara-mundialito-escolar-oaxaca-2026\/\" \/>\n<meta property=\"og:site_name\" content=\"LA BRAVA RADIO\" \/>\n<meta property=\"article:published_time\" content=\"2026-04-29T21:15:00+00:00\" \/>\n<meta property=\"article:modified_time\" content=\"2026-04-29T21:32:56+00:00\" \/>\n<meta property=\"og:image\" content=\"https:\/\/www.bbmnoticias.com\/labravaradiofm\/wp-content\/uploads\/sites\/5\/2026\/04\/mundialito_oaxaca.jpg\" \/>\n\t<meta property=\"og:image:width\" content=\"800\" \/>\n\t<meta property=\"og:image:height\" content=\"534\" \/>\n\t<meta property=\"og:image:type\" content=\"image\/jpeg\" \/>\n<meta name=\"author\" content=\"Staff\" \/>\n<meta name=\"twitter:card\" content=\"summary_large_image\" \/>\n<meta name=\"twitter:label1\" content=\"Escrito por\" \/>\n\t<meta name=\"twitter:data1\" content=\"Staff\" \/>\n\t<meta name=\"twitter:label2\" content=\"Tiempo de lectura\" \/>\n\t<meta name=\"twitter:data2\" content=\"2 minutos\" \/>\n<script type=\"application\/ld+json\" class=\"yoast-schema-graph\">{\"@context\":\"https:\\\/\\\/schema.org\",\"@graph\":[{\"@type\":\"Article\",\"@id\":\"https:\\\/\\\/www.bbmnoticias.com\\\/inaugura-salomon-jara-mundialito-escolar-oaxaca-2026\\\/#article\",\"isPartOf\":{\"@id\":\"https:\\\/\\\/www.bbmnoticias.com\\\/labravaradiofm\\\/2026\\\/04\\\/29\\\/inaugura-salomon-jara-mundialito-escolar-oaxaca-2026\\\/\"},\"author\":{\"name\":\"Staff\",\"@id\":\"https:\\\/\\\/www.bbmnoticias.com\\\/labravaradiofm\\\/#\\\/schema\\\/person\\\/68a9e9036ef3c5b55aeb2b71dc8bab45\"},\"headline\":\"Inaugura Salom\u00f3n Jara Mundialito Escolar Oaxaca 2026\",\"datePublished\":\"2026-04-29T21:15:00+00:00\",\"dateModified\":\"2026-04-29T21:32:56+00:00\",\"mainEntityOfPage\":{\"@id\":\"https:\\\/\\\/www.bbmnoticias.com\\\/labravaradiofm\\\/2026\\\/04\\\/29\\\/inaugura-salomon-jara-mundialito-escolar-oaxaca-2026\\\/\"},\"wordCount\":324,\"image\":{\"@id\":\"https:\\\/\\\/www.bbmnoticias.com\\\/inaugura-salomon-jara-mundialito-escolar-oaxaca-2026\\\/#primaryimage\"},\"thumbnailUrl\":\"https:\\\/\\\/www.bbmnoticias.com\\\/labravaradiofm\\\/wp-content\\\/uploads\\\/sites\\\/5\\\/2026\\\/04\\\/mundialito_oaxaca.jpg\",\"articleSection\":[\"LOCAL\"],\"inLanguage\":\"es\"},{\"@type\":\"WebPage\",\"@id\":\"https:\\\/\\\/www.bbmnoticias.com\\\/labravaradiofm\\\/2026\\\/04\\\/29\\\/inaugura-salomon-jara-mundialito-escolar-oaxaca-2026\\\/\",\"url\":\"https:\\\/\\\/www.bbmnoticias.com\\\/inaugura-salomon-jara-mundialito-escolar-oaxaca-2026\\\/\",\"name\":\"Inaugura Salom\u00f3n Jara Mundialito Escolar Oaxaca 2026 - LA BRAVA RADIO\",\"isPartOf\":{\"@id\":\"https:\\\/\\\/www.bbmnoticias.com\\\/labravaradiofm\\\/#website\"},\"primaryImageOfPage\":{\"@id\":\"https:\\\/\\\/www.bbmnoticias.com\\\/inaugura-salomon-jara-mundialito-escolar-oaxaca-2026\\\/#primaryimage\"},\"image\":{\"@id\":\"https:\\\/\\\/www.bbmnoticias.com\\\/inaugura-salomon-jara-mundialito-escolar-oaxaca-2026\\\/#primaryimage\"},\"thumbnailUrl\":\"https:\\\/\\\/www.bbmnoticias.com\\\/labravaradiofm\\\/wp-content\\\/uploads\\\/sites\\\/5\\\/2026\\\/04\\\/mundialito_oaxaca.jpg\",\"datePublished\":\"2026-04-29T21:15:00+00:00\",\"dateModified\":\"2026-04-29T21:32:56+00:00\",\"author\":{\"@id\":\"https:\\\/\\\/www.bbmnoticias.com\\\/labravaradiofm\\\/#\\\/schema\\\/person\\\/68a9e9036ef3c5b55aeb2b71dc8bab45\"},\"breadcrumb\":{\"@id\":\"https:\\\/\\\/www.bbmnoticias.com\\\/inaugura-salomon-jara-mundialito-escolar-oaxaca-2026\\\/#breadcrumb\"},\"inLanguage\":\"es\",\"potentialAction\":[{\"@type\":\"ReadAction\",\"target\":[\"https:\\\/\\\/www.bbmnoticias.com\\\/inaugura-salomon-jara-mundialito-escolar-oaxaca-2026\\\/\"]}]},{\"@type\":\"ImageObject\",\"inLanguage\":\"es\",\"@id\":\"https:\\\/\\\/www.bbmnoticias.com\\\/inaugura-salomon-jara-mundialito-escolar-oaxaca-2026\\\/#primaryimage\",\"url\":\"https:\\\/\\\/www.bbmnoticias.com\\\/labravaradiofm\\\/wp-content\\\/uploads\\\/sites\\\/5\\\/2026\\\/04\\\/mundialito_oaxaca.jpg\",\"contentUrl\":\"https:\\\/\\\/www.bbmnoticias.com\\\/labravaradiofm\\\/wp-content\\\/uploads\\\/sites\\\/5\\\/2026\\\/04\\\/mundialito_oaxaca.jpg\",\"width\":800,\"height\":534},{\"@type\":\"BreadcrumbList\",\"@id\":\"https:\\\/\\\/www.bbmnoticias.com\\\/inaugura-salomon-jara-mundialito-escolar-oaxaca-2026\\\/#breadcrumb\",\"itemListElement\":[{\"@type\":\"ListItem\",\"position\":1,\"name\":\"Inicio\",\"item\":\"https:\\\/\\\/www.bbmnoticias.com\\\/labravaradiofm\\\/\"},{\"@type\":\"ListItem\",\"position\":2,\"name\":\"Inaugura Salom\u00f3n Jara Mundialito Escolar Oaxaca 2026\"}]},{\"@type\":\"WebSite\",\"@id\":\"https:\\\/\\\/www.bbmnoticias.com\\\/labravaradiofm\\\/#website\",\"url\":\"https:\\\/\\\/www.bbmnoticias.com\\\/labravaradiofm\\\/\",\"name\":\"LA BRAVA RADIO\",\"description\":\"Empresa productora de medios, Radiodifusi\u00f3n, Noticias, tendencias y todo lo que necesitas saber de la pol\u00edtica mexicana e internacional; entretenimiento, espect\u00e1culos, salud y mucho m\u00e1s.\",\"potentialAction\":[{\"@type\":\"SearchAction\",\"target\":{\"@type\":\"EntryPoint\",\"urlTemplate\":\"https:\\\/\\\/www.bbmnoticias.com\\\/labravaradiofm\\\/?s={search_term_string}\"},\"query-input\":{\"@type\":\"PropertyValueSpecification\",\"valueRequired\":true,\"valueName\":\"search_term_string\"}}],\"inLanguage\":\"es\"},{\"@type\":\"Person\",\"@id\":\"https:\\\/\\\/www.bbmnoticias.com\\\/labravaradiofm\\\/#\\\/schema\\\/person\\\/68a9e9036ef3c5b55aeb2b71dc8bab45\",\"name\":\"Staff\",\"image\":{\"@type\":\"ImageObject\",\"inLanguage\":\"es\",\"@id\":\"https:\\\/\\\/secure.gravatar.com\\\/avatar\\\/fdd21ad66fd8b98c407f9dee5b5e588cfe7f0d8579ec20fa6527cd59bab7f0f0?s=96&d=mm&r=g\",\"url\":\"https:\\\/\\\/secure.gravatar.com\\\/avatar\\\/fdd21ad66fd8b98c407f9dee5b5e588cfe7f0d8579ec20fa6527cd59bab7f0f0?s=96&d=mm&r=g\",\"contentUrl\":\"https:\\\/\\\/secure.gravatar.com\\\/avatar\\\/fdd21ad66fd8b98c407f9dee5b5e588cfe7f0d8579ec20fa6527cd59bab7f0f0?s=96&d=mm&r=g\",\"caption\":\"Staff\"},\"url\":\"https:\\\/\\\/www.bbmnoticias.com\\\/labravaradiofm\\\/author\\\/redaccion\\\/\"}]}<\/script>\n<!-- \/ Yoast SEO plugin. -->","yoast_head_json":{"title":"Inaugura Salom\u00f3n Jara Mundialito Escolar Oaxaca 2026 - LA BRAVA RADIO","robots":{"index":"index","follow":"follow","max-snippet":"max-snippet:-1","max-image-preview":"max-image-preview:large","max-video-preview":"max-video-preview:-1"},"canonical":"https:\/\/www.bbmnoticias.com\/inaugura-salomon-jara-mundialito-escolar-oaxaca-2026\/","og_locale":"es_MX","og_type":"article","og_title":"Inaugura Salom\u00f3n Jara Mundialito Escolar Oaxaca 2026 - LA BRAVA RADIO","og_description":"Oaxaca de Ju\u00e1rez, Oax.- El Gobernador Salom\u00f3n Jara Cruz inaugur\u00f3 en el Parque Primavera Oaxaque\u00f1a el inicio de la etapa estatal del Mundialito Escolar Oaxaca 2026, una justa deportiva impulsada desde el Gobierno de M\u00e9xico para fomentar la actividad f\u00edsica entre ni\u00f1as, ni\u00f1os y j\u00f3venes de toda la naci\u00f3n. La competencia ser\u00e1 celebrada en el [&hellip;]","og_url":"https:\/\/www.bbmnoticias.com\/inaugura-salomon-jara-mundialito-escolar-oaxaca-2026\/","og_site_name":"LA BRAVA RADIO","article_published_time":"2026-04-29T21:15:00+00:00","article_modified_time":"2026-04-29T21:32:56+00:00","og_image":[{"width":800,"height":534,"url":"https:\/\/www.bbmnoticias.com\/labravaradiofm\/wp-content\/uploads\/sites\/5\/2026\/04\/mundialito_oaxaca.jpg","type":"image\/jpeg"}],"author":"Staff","twitter_card":"summary_large_image","twitter_misc":{"Escrito por":"Staff","Tiempo de lectura":"2 minutos"},"schema":{"@context":"https:\/\/schema.org","@graph":[{"@type":"Article","@id":"https:\/\/www.bbmnoticias.com\/inaugura-salomon-jara-mundialito-escolar-oaxaca-2026\/#article","isPartOf":{"@id":"https:\/\/www.bbmnoticias.com\/labravaradiofm\/2026\/04\/29\/inaugura-salomon-jara-mundialito-escolar-oaxaca-2026\/"},"author":{"name":"Staff","@id":"https:\/\/www.bbmnoticias.com\/labravaradiofm\/#\/schema\/person\/68a9e9036ef3c5b55aeb2b71dc8bab45"},"headline":"Inaugura Salom\u00f3n Jara Mundialito Escolar Oaxaca 2026","datePublished":"2026-04-29T21:15:00+00:00","dateModified":"2026-04-29T21:32:56+00:00","mainEntityOfPage":{"@id":"https:\/\/www.bbmnoticias.com\/labravaradiofm\/2026\/04\/29\/inaugura-salomon-jara-mundialito-escolar-oaxaca-2026\/"},"wordCount":324,"image":{"@id":"https:\/\/www.bbmnoticias.com\/inaugura-salomon-jara-mundialito-escolar-oaxaca-2026\/#primaryimage"},"thumbnailUrl":"https:\/\/www.bbmnoticias.com\/labravaradiofm\/wp-content\/uploads\/sites\/5\/2026\/04\/mundialito_oaxaca.jpg","articleSection":["LOCAL"],"inLanguage":"es"},{"@type":"WebPage","@id":"https:\/\/www.bbmnoticias.com\/labravaradiofm\/2026\/04\/29\/inaugura-salomon-jara-mundialito-escolar-oaxaca-2026\/","url":"https:\/\/www.bbmnoticias.com\/inaugura-salomon-jara-mundialito-escolar-oaxaca-2026\/","name":"Inaugura Salom\u00f3n Jara Mundialito Escolar Oaxaca 2026 - LA BRAVA RADIO","isPartOf":{"@id":"https:\/\/www.bbmnoticias.com\/labravaradiofm\/#website"},"primaryImageOfPage":{"@id":"https:\/\/www.bbmnoticias.com\/inaugura-salomon-jara-mundialito-escolar-oaxaca-2026\/#primaryimage"},"image":{"@id":"https:\/\/www.bbmnoticias.com\/inaugura-salomon-jara-mundialito-escolar-oaxaca-2026\/#primaryimage"},"thumbnailUrl":"https:\/\/www.bbmnoticias.com\/labravaradiofm\/wp-content\/uploads\/sites\/5\/2026\/04\/mundialito_oaxaca.jpg","datePublished":"2026-04-29T21:15:00+00:00","dateModified":"2026-04-29T21:32:56+00:00","author":{"@id":"https:\/\/www.bbmnoticias.com\/labravaradiofm\/#\/schema\/person\/68a9e9036ef3c5b55aeb2b71dc8bab45"},"breadcrumb":{"@id":"https:\/\/www.bbmnoticias.com\/inaugura-salomon-jara-mundialito-escolar-oaxaca-2026\/#breadcrumb"},"inLanguage":"es","potentialAction":[{"@type":"ReadAction","target":["https:\/\/www.bbmnoticias.com\/inaugura-salomon-jara-mundialito-escolar-oaxaca-2026\/"]}]},{"@type":"ImageObject","inLanguage":"es","@id":"https:\/\/www.bbmnoticias.com\/inaugura-salomon-jara-mundialito-escolar-oaxaca-2026\/#primaryimage","url":"https:\/\/www.bbmnoticias.com\/labravaradiofm\/wp-content\/uploads\/sites\/5\/2026\/04\/mundialito_oaxaca.jpg","contentUrl":"https:\/\/www.bbmnoticias.com\/labravaradiofm\/wp-content\/uploads\/sites\/5\/2026\/04\/mundialito_oaxaca.jpg","width":800,"height":534},{"@type":"BreadcrumbList","@id":"https:\/\/www.bbmnoticias.com\/inaugura-salomon-jara-mundialito-escolar-oaxaca-2026\/#breadcrumb","itemListElement":[{"@type":"ListItem","position":1,"name":"Inicio","item":"https:\/\/www.bbmnoticias.com\/labravaradiofm\/"},{"@type":"ListItem","position":2,"name":"Inaugura Salom\u00f3n Jara Mundialito Escolar Oaxaca 2026"}]},{"@type":"WebSite","@id":"https:\/\/www.bbmnoticias.com\/labravaradiofm\/#website","url":"https:\/\/www.bbmnoticias.com\/labravaradiofm\/","name":"LA BRAVA RADIO","description":"Empresa productora de medios, Radiodifusi\u00f3n, Noticias, tendencias y todo lo que necesitas saber de la pol\u00edtica mexicana e internacional; entretenimiento, espect\u00e1culos, salud y mucho m\u00e1s.","potentialAction":[{"@type":"SearchAction","target":{"@type":"EntryPoint","urlTemplate":"https:\/\/www.bbmnoticias.com\/labravaradiofm\/?s={search_term_string}"},"query-input":{"@type":"PropertyValueSpecification","valueRequired":true,"valueName":"search_term_string"}}],"inLanguage":"es"},{"@type":"Person","@id":"https:\/\/www.bbmnoticias.com\/labravaradiofm\/#\/schema\/person\/68a9e9036ef3c5b55aeb2b71dc8bab45","name":"Staff","image":{"@type":"ImageObject","inLanguage":"es","@id":"https:\/\/secure.gravatar.com\/avatar\/fdd21ad66fd8b98c407f9dee5b5e588cfe7f0d8579ec20fa6527cd59bab7f0f0?s=96&d=mm&r=g","url":"https:\/\/secure.gravatar.com\/avatar\/fdd21ad66fd8b98c407f9dee5b5e588cfe7f0d8579ec20fa6527cd59bab7f0f0?s=96&d=mm&r=g","contentUrl":"https:\/\/secure.gravatar.com\/avatar\/fdd21ad66fd8b98c407f9dee5b5e588cfe7f0d8579ec20fa6527cd59bab7f0f0?s=96&d=mm&r=g","caption":"Staff"},"url":"https:\/\/www.bbmnoticias.com\/labravaradiofm\/author\/redaccion\/"}]}},"_links":{"self":[{"href":"https:\/\/www.bbmnoticias.com\/labravaradiofm\/wp-json\/wp\/v2\/posts\/76735","targetHints":{"allow":["GET"]}}],"collection":[{"href":"https:\/\/www.bbmnoticias.com\/labravaradiofm\/wp-json\/wp\/v2\/posts"}],"about":[{"href":"https:\/\/www.bbmnoticias.com\/labravaradiofm\/wp-json\/wp\/v2\/types\/post"}],"author":[{"embeddable":true,"href":"https:\/\/www.bbmnoticias.com\/labravaradiofm\/wp-json\/wp\/v2\/users\/2"}],"replies":[{"embeddable":true,"href":"https:\/\/www.bbmnoticias.com\/labravaradiofm\/wp-json\/wp\/v2\/comments?post=76735"}],"version-history":[{"count":1,"href":"https:\/\/www.bbmnoticias.com\/labravaradiofm\/wp-json\/wp\/v2\/posts\/76735\/revisions"}],"predecessor-version":[{"id":76736,"href":"https:\/\/www.bbmnoticias.com\/labravaradiofm\/wp-json\/wp\/v2\/posts\/76735\/revisions\/76736"}],"wp:featuredmedia":[{"embeddable":true,"href":"https:\/\/www.bbmnoticias.com\/labravaradiofm\/wp-json\/wp\/v2\/media\/76737"}],"wp:attachment":[{"href":"https:\/\/www.bbmnoticias.com\/labravaradiofm\/wp-json\/wp\/v2\/media?parent=76735"}],"wp:term":[{"taxonomy":"category","embeddable":true,"href":"https:\/\/www.bbmnoticias.com\/labravaradiofm\/wp-json\/wp\/v2\/categories?post=76735"},{"taxonomy":"post_tag","embeddable":true,"href":"https:\/\/www.bbmnoticias.com\/labravaradiofm\/wp-json\/wp\/v2\/tags?post=76735"}],"curies":[{"name":"wp","href":"https:\/\/api.w.org\/{rel}","templated":true}]}}