{"id":76732,"date":"2026-04-29T14:42:47","date_gmt":"2026-04-29T20:42:47","guid":{"rendered":"https:\/\/www.bbmnoticias.com\/labravaradiofm\/2026\/04\/29\/fiscalia-de-oaxaca-ejecuta-orden-de-aprehension-en-contra-de-dos-hermanos-por-homicidio-calificado-cometido-en-la-region-de-la-costa\/"},"modified":"2026-04-29T14:43:06","modified_gmt":"2026-04-29T20:43:06","slug":"fiscalia-de-oaxaca-ejecuta-orden-de-aprehension-en-contra-de-dos-hermanos-por-homicidio-calificado-cometido-en-la-region-de-la-costa","status":"publish","type":"post","link":"https:\/\/www.bbmnoticias.com\/labravaradiofm\/2026\/04\/29\/fiscalia-de-oaxaca-ejecuta-orden-de-aprehension-en-contra-de-dos-hermanos-por-homicidio-calificado-cometido-en-la-region-de-la-costa\/","title":{"rendered":"Fiscal\u00eda de Oaxaca ejecuta orden de aprehensi\u00f3n en contra de dos hermanos por homicidio calificado cometido en la regi\u00f3n de la Costa"},"content":{"rendered":"<div style=\"margin-top: 0px; margin-bottom: 0px;\" class=\"sharethis-inline-share-buttons\" ><\/div>\n<p><strong>Oaxaca de Ju\u00e1rez, Oax.-<\/strong> La Fiscal\u00eda General del Estado de Oaxaca (FGEO), dio cumplimiento a una orden de aprehensi\u00f3n en contra de dos personas identificadas como M.G.P. (hombre) y Y.G.P., (mujer), quienes son hermanos por su probable responsabilidad en el delito de homicidio calificado con ventaja, cometido en la regi\u00f3n de la Costa.<\/p>\n\n\n\n<p>De acuerdo con las investigaciones, los hechos ocurrieron el 30 de agosto de 2025, cuando la v\u00edctima se encontraba en un establecimiento, donde, tras una discusi\u00f3n, fue agredido f\u00edsicamente con un palo por una mujer, lo que provoc\u00f3 que cayera al suelo.<\/p>\n\n\n\n<p>Las indagatorias revelan que en el sitio tambi\u00e9n se encontraba otro hombre, quien, al ver a la v\u00edctima en el suelo, lo habr\u00eda atacado con un arma punzocortante (cuchillo), caus\u00e1ndole lesiones que derivaron en su muerte cuando recib\u00eda atenci\u00f3n m\u00e9dica.<\/p>\n\n\n\n<p>Derivado de las investigaciones ministeriales en torno al caso, elementos de la Vicefiscal\u00eda Regional de la Costa y la Agencia Estatal de Investigaciones (AEI), lograron el 8 de abril de 2026, la detenci\u00f3n de M.G.P., sobre un camino de terracer\u00eda que conduce a Playa La Bocana, en jurisdicci\u00f3n de Barra de Copalita, municipio de San Miguel del Puerto.<\/p>\n\n\n\n<p>El informe policial detalla que, en el sitio los efectivos interceptaron un veh\u00edculo en el que viajaba uno de los imputados, quien coincid\u00eda con las caracter\u00edsticas de la persona buscada, por lo que se le inform\u00f3 sobre la orden de aprehensi\u00f3n en su contra, y fue detenido tras la lectura de sus derechos.<\/p>\n\n\n\n<p>Posteriormente, en inmediaciones de un establecimiento ubicado sobre la carretera federal 200, los agentes ubicaron y detuvieron a Y.G.P. &#8211; probablemente pareja sentimental de la v\u00edctima-, quien tambi\u00e9n contaba con mandato judicial vigente por los mismos hechos.<\/p>\n\n\n\n<p>Ambas personas fueron puestas a disposici\u00f3n de la autoridad correspondiente para su certificaci\u00f3n m\u00e9dica y posterior traslado ante la autoridad que los requiri\u00f3.<\/p>\n","protected":false},"excerpt":{"rendered":"<p>Oaxaca de Ju\u00e1rez, Oax.- La Fiscal\u00eda General del Estado de Oaxaca (FGEO), dio cumplimiento a una orden de aprehensi\u00f3n en contra de dos personas identificadas como M.G.P. (hombre) y Y.G.P., (mujer), quienes son hermanos por su probable responsabilidad en el delito de homicidio calificado con ventaja, cometido en la regi\u00f3n de la Costa. De acuerdo [&hellip;]<\/p>\n","protected":false},"author":4,"featured_media":76734,"comment_status":"closed","ping_status":"open","sticky":false,"template":"","format":"standard","meta":{"footnotes":""},"categories":[2,20],"tags":[],"class_list":{"0":"post-76732","1":"post","2":"type-post","3":"status-publish","4":"format-standard","5":"has-post-thumbnail","7":"category-oaxaca","8":"category-policiaca"},"yoast_head":"<!-- This site is optimized with the Yoast SEO plugin v27.4 - https:\/\/yoast.com\/product\/yoast-seo-wordpress\/ -->\n<title>Fiscal\u00eda de Oaxaca ejecuta orden de aprehensi\u00f3n en contra de dos hermanos por homicidio calificado cometido en la regi\u00f3n de la Costa - LA BRAVA RADIO<\/title>\n<meta name=\"robots\" content=\"index, follow, max-snippet:-1, max-image-preview:large, max-video-preview:-1\" \/>\n<link rel=\"canonical\" href=\"https:\/\/www.bbmnoticias.com\/fiscalia-de-oaxaca-ejecuta-orden-de-aprehension-en-contra-de-dos-hermanos-por-homicidio-calificado-cometido-en-la-region-de-la-costa\/\" \/>\n<meta property=\"og:locale\" content=\"es_MX\" \/>\n<meta property=\"og:type\" content=\"article\" \/>\n<meta property=\"og:title\" content=\"Fiscal\u00eda de Oaxaca ejecuta orden de aprehensi\u00f3n en contra de dos hermanos por homicidio calificado cometido en la regi\u00f3n de la Costa - LA BRAVA RADIO\" \/>\n<meta property=\"og:description\" content=\"Oaxaca de Ju\u00e1rez, Oax.- La Fiscal\u00eda General del Estado de Oaxaca (FGEO), dio cumplimiento a una orden de aprehensi\u00f3n en contra de dos personas identificadas como M.G.P. (hombre) y Y.G.P., (mujer), quienes son hermanos por su probable responsabilidad en el delito de homicidio calificado con ventaja, cometido en la regi\u00f3n de la Costa. De acuerdo [&hellip;]\" \/>\n<meta property=\"og:url\" content=\"https:\/\/www.bbmnoticias.com\/fiscalia-de-oaxaca-ejecuta-orden-de-aprehension-en-contra-de-dos-hermanos-por-homicidio-calificado-cometido-en-la-region-de-la-costa\/\" \/>\n<meta property=\"og:site_name\" content=\"LA BRAVA RADIO\" \/>\n<meta property=\"article:published_time\" content=\"2026-04-29T20:42:47+00:00\" \/>\n<meta property=\"article:modified_time\" content=\"2026-04-29T20:43:06+00:00\" \/>\n<meta property=\"og:image\" content=\"https:\/\/www.bbmnoticias.com\/labravaradiofm\/wp-content\/uploads\/sites\/5\/2026\/04\/hermanos_detenidos.jpg\" \/>\n\t<meta property=\"og:image:width\" content=\"750\" \/>\n\t<meta property=\"og:image:height\" content=\"466\" \/>\n\t<meta property=\"og:image:type\" content=\"image\/jpeg\" \/>\n<meta name=\"author\" content=\"Agencias\" \/>\n<meta name=\"twitter:card\" content=\"summary_large_image\" \/>\n<meta name=\"twitter:label1\" content=\"Escrito por\" \/>\n\t<meta name=\"twitter:data1\" content=\"Agencias\" \/>\n\t<meta name=\"twitter:label2\" content=\"Tiempo de lectura\" \/>\n\t<meta name=\"twitter:data2\" content=\"2 minutos\" \/>\n<script type=\"application\/ld+json\" class=\"yoast-schema-graph\">{\"@context\":\"https:\\\/\\\/schema.org\",\"@graph\":[{\"@type\":\"Article\",\"@id\":\"https:\\\/\\\/www.bbmnoticias.com\\\/fiscalia-de-oaxaca-ejecuta-orden-de-aprehension-en-contra-de-dos-hermanos-por-homicidio-calificado-cometido-en-la-region-de-la-costa\\\/#article\",\"isPartOf\":{\"@id\":\"https:\\\/\\\/www.bbmnoticias.com\\\/labravaradiofm\\\/2026\\\/04\\\/29\\\/fiscalia-de-oaxaca-ejecuta-orden-de-aprehension-en-contra-de-dos-hermanos-por-homicidio-calificado-cometido-en-la-region-de-la-costa\\\/\"},\"author\":{\"name\":\"Agencias\",\"@id\":\"https:\\\/\\\/www.bbmnoticias.com\\\/labravaradiofm\\\/#\\\/schema\\\/person\\\/000bdaf0a8fb5bff0d537c4d0778e33f\"},\"headline\":\"Fiscal\u00eda de Oaxaca ejecuta orden de aprehensi\u00f3n en contra de dos hermanos por homicidio calificado cometido en la regi\u00f3n de la Costa\",\"datePublished\":\"2026-04-29T20:42:47+00:00\",\"dateModified\":\"2026-04-29T20:43:06+00:00\",\"mainEntityOfPage\":{\"@id\":\"https:\\\/\\\/www.bbmnoticias.com\\\/labravaradiofm\\\/2026\\\/04\\\/29\\\/fiscalia-de-oaxaca-ejecuta-orden-de-aprehension-en-contra-de-dos-hermanos-por-homicidio-calificado-cometido-en-la-region-de-la-costa\\\/\"},\"wordCount\":362,\"image\":{\"@id\":\"https:\\\/\\\/www.bbmnoticias.com\\\/fiscalia-de-oaxaca-ejecuta-orden-de-aprehension-en-contra-de-dos-hermanos-por-homicidio-calificado-cometido-en-la-region-de-la-costa\\\/#primaryimage\"},\"thumbnailUrl\":\"https:\\\/\\\/www.bbmnoticias.com\\\/labravaradiofm\\\/wp-content\\\/uploads\\\/sites\\\/5\\\/2026\\\/04\\\/hermanos_detenidos.jpg\",\"articleSection\":[\"LOCAL\",\"POLICIACA\"],\"inLanguage\":\"es\"},{\"@type\":\"WebPage\",\"@id\":\"https:\\\/\\\/www.bbmnoticias.com\\\/labravaradiofm\\\/2026\\\/04\\\/29\\\/fiscalia-de-oaxaca-ejecuta-orden-de-aprehension-en-contra-de-dos-hermanos-por-homicidio-calificado-cometido-en-la-region-de-la-costa\\\/\",\"url\":\"https:\\\/\\\/www.bbmnoticias.com\\\/fiscalia-de-oaxaca-ejecuta-orden-de-aprehension-en-contra-de-dos-hermanos-por-homicidio-calificado-cometido-en-la-region-de-la-costa\\\/\",\"name\":\"Fiscal\u00eda de Oaxaca ejecuta orden de aprehensi\u00f3n en contra de dos hermanos por homicidio calificado cometido en la regi\u00f3n de la Costa - LA BRAVA RADIO\",\"isPartOf\":{\"@id\":\"https:\\\/\\\/www.bbmnoticias.com\\\/labravaradiofm\\\/#website\"},\"primaryImageOfPage\":{\"@id\":\"https:\\\/\\\/www.bbmnoticias.com\\\/fiscalia-de-oaxaca-ejecuta-orden-de-aprehension-en-contra-de-dos-hermanos-por-homicidio-calificado-cometido-en-la-region-de-la-costa\\\/#primaryimage\"},\"image\":{\"@id\":\"https:\\\/\\\/www.bbmnoticias.com\\\/fiscalia-de-oaxaca-ejecuta-orden-de-aprehension-en-contra-de-dos-hermanos-por-homicidio-calificado-cometido-en-la-region-de-la-costa\\\/#primaryimage\"},\"thumbnailUrl\":\"https:\\\/\\\/www.bbmnoticias.com\\\/labravaradiofm\\\/wp-content\\\/uploads\\\/sites\\\/5\\\/2026\\\/04\\\/hermanos_detenidos.jpg\",\"datePublished\":\"2026-04-29T20:42:47+00:00\",\"dateModified\":\"2026-04-29T20:43:06+00:00\",\"author\":{\"@id\":\"https:\\\/\\\/www.bbmnoticias.com\\\/labravaradiofm\\\/#\\\/schema\\\/person\\\/000bdaf0a8fb5bff0d537c4d0778e33f\"},\"breadcrumb\":{\"@id\":\"https:\\\/\\\/www.bbmnoticias.com\\\/fiscalia-de-oaxaca-ejecuta-orden-de-aprehension-en-contra-de-dos-hermanos-por-homicidio-calificado-cometido-en-la-region-de-la-costa\\\/#breadcrumb\"},\"inLanguage\":\"es\",\"potentialAction\":[{\"@type\":\"ReadAction\",\"target\":[\"https:\\\/\\\/www.bbmnoticias.com\\\/fiscalia-de-oaxaca-ejecuta-orden-de-aprehension-en-contra-de-dos-hermanos-por-homicidio-calificado-cometido-en-la-region-de-la-costa\\\/\"]}]},{\"@type\":\"ImageObject\",\"inLanguage\":\"es\",\"@id\":\"https:\\\/\\\/www.bbmnoticias.com\\\/fiscalia-de-oaxaca-ejecuta-orden-de-aprehension-en-contra-de-dos-hermanos-por-homicidio-calificado-cometido-en-la-region-de-la-costa\\\/#primaryimage\",\"url\":\"https:\\\/\\\/www.bbmnoticias.com\\\/labravaradiofm\\\/wp-content\\\/uploads\\\/sites\\\/5\\\/2026\\\/04\\\/hermanos_detenidos.jpg\",\"contentUrl\":\"https:\\\/\\\/www.bbmnoticias.com\\\/labravaradiofm\\\/wp-content\\\/uploads\\\/sites\\\/5\\\/2026\\\/04\\\/hermanos_detenidos.jpg\",\"width\":750,\"height\":466},{\"@type\":\"BreadcrumbList\",\"@id\":\"https:\\\/\\\/www.bbmnoticias.com\\\/fiscalia-de-oaxaca-ejecuta-orden-de-aprehension-en-contra-de-dos-hermanos-por-homicidio-calificado-cometido-en-la-region-de-la-costa\\\/#breadcrumb\",\"itemListElement\":[{\"@type\":\"ListItem\",\"position\":1,\"name\":\"Inicio\",\"item\":\"https:\\\/\\\/www.bbmnoticias.com\\\/labravaradiofm\\\/\"},{\"@type\":\"ListItem\",\"position\":2,\"name\":\"Fiscal\u00eda de Oaxaca ejecuta orden de aprehensi\u00f3n en contra de dos hermanos por homicidio calificado cometido en la regi\u00f3n de la Costa\"}]},{\"@type\":\"WebSite\",\"@id\":\"https:\\\/\\\/www.bbmnoticias.com\\\/labravaradiofm\\\/#website\",\"url\":\"https:\\\/\\\/www.bbmnoticias.com\\\/labravaradiofm\\\/\",\"name\":\"LA BRAVA RADIO\",\"description\":\"Empresa productora de medios, Radiodifusi\u00f3n, Noticias, tendencias y todo lo que necesitas saber de la pol\u00edtica mexicana e internacional; entretenimiento, espect\u00e1culos, salud y mucho m\u00e1s.\",\"potentialAction\":[{\"@type\":\"SearchAction\",\"target\":{\"@type\":\"EntryPoint\",\"urlTemplate\":\"https:\\\/\\\/www.bbmnoticias.com\\\/labravaradiofm\\\/?s={search_term_string}\"},\"query-input\":{\"@type\":\"PropertyValueSpecification\",\"valueRequired\":true,\"valueName\":\"search_term_string\"}}],\"inLanguage\":\"es\"},{\"@type\":\"Person\",\"@id\":\"https:\\\/\\\/www.bbmnoticias.com\\\/labravaradiofm\\\/#\\\/schema\\\/person\\\/000bdaf0a8fb5bff0d537c4d0778e33f\",\"name\":\"Agencias\",\"image\":{\"@type\":\"ImageObject\",\"inLanguage\":\"es\",\"@id\":\"https:\\\/\\\/secure.gravatar.com\\\/avatar\\\/739e0b61adf9e398b425c36718c8752286da0e8cd90f20ce9a86678abc26aa0d?s=96&d=mm&r=g\",\"url\":\"https:\\\/\\\/secure.gravatar.com\\\/avatar\\\/739e0b61adf9e398b425c36718c8752286da0e8cd90f20ce9a86678abc26aa0d?s=96&d=mm&r=g\",\"contentUrl\":\"https:\\\/\\\/secure.gravatar.com\\\/avatar\\\/739e0b61adf9e398b425c36718c8752286da0e8cd90f20ce9a86678abc26aa0d?s=96&d=mm&r=g\",\"caption\":\"Agencias\"},\"url\":\"https:\\\/\\\/www.bbmnoticias.com\\\/labravaradiofm\\\/author\\\/agencias\\\/\"}]}<\/script>\n<!-- \/ Yoast SEO plugin. -->","yoast_head_json":{"title":"Fiscal\u00eda de Oaxaca ejecuta orden de aprehensi\u00f3n en contra de dos hermanos por homicidio calificado cometido en la regi\u00f3n de la Costa - LA BRAVA RADIO","robots":{"index":"index","follow":"follow","max-snippet":"max-snippet:-1","max-image-preview":"max-image-preview:large","max-video-preview":"max-video-preview:-1"},"canonical":"https:\/\/www.bbmnoticias.com\/fiscalia-de-oaxaca-ejecuta-orden-de-aprehension-en-contra-de-dos-hermanos-por-homicidio-calificado-cometido-en-la-region-de-la-costa\/","og_locale":"es_MX","og_type":"article","og_title":"Fiscal\u00eda de Oaxaca ejecuta orden de aprehensi\u00f3n en contra de dos hermanos por homicidio calificado cometido en la regi\u00f3n de la Costa - LA BRAVA RADIO","og_description":"Oaxaca de Ju\u00e1rez, Oax.- La Fiscal\u00eda General del Estado de Oaxaca (FGEO), dio cumplimiento a una orden de aprehensi\u00f3n en contra de dos personas identificadas como M.G.P. (hombre) y Y.G.P., (mujer), quienes son hermanos por su probable responsabilidad en el delito de homicidio calificado con ventaja, cometido en la regi\u00f3n de la Costa. De acuerdo [&hellip;]","og_url":"https:\/\/www.bbmnoticias.com\/fiscalia-de-oaxaca-ejecuta-orden-de-aprehension-en-contra-de-dos-hermanos-por-homicidio-calificado-cometido-en-la-region-de-la-costa\/","og_site_name":"LA BRAVA RADIO","article_published_time":"2026-04-29T20:42:47+00:00","article_modified_time":"2026-04-29T20:43:06+00:00","og_image":[{"width":750,"height":466,"url":"https:\/\/www.bbmnoticias.com\/labravaradiofm\/wp-content\/uploads\/sites\/5\/2026\/04\/hermanos_detenidos.jpg","type":"image\/jpeg"}],"author":"Agencias","twitter_card":"summary_large_image","twitter_misc":{"Escrito por":"Agencias","Tiempo de lectura":"2 minutos"},"schema":{"@context":"https:\/\/schema.org","@graph":[{"@type":"Article","@id":"https:\/\/www.bbmnoticias.com\/fiscalia-de-oaxaca-ejecuta-orden-de-aprehension-en-contra-de-dos-hermanos-por-homicidio-calificado-cometido-en-la-region-de-la-costa\/#article","isPartOf":{"@id":"https:\/\/www.bbmnoticias.com\/labravaradiofm\/2026\/04\/29\/fiscalia-de-oaxaca-ejecuta-orden-de-aprehension-en-contra-de-dos-hermanos-por-homicidio-calificado-cometido-en-la-region-de-la-costa\/"},"author":{"name":"Agencias","@id":"https:\/\/www.bbmnoticias.com\/labravaradiofm\/#\/schema\/person\/000bdaf0a8fb5bff0d537c4d0778e33f"},"headline":"Fiscal\u00eda de Oaxaca ejecuta orden de aprehensi\u00f3n en contra de dos hermanos por homicidio calificado cometido en la regi\u00f3n de la Costa","datePublished":"2026-04-29T20:42:47+00:00","dateModified":"2026-04-29T20:43:06+00:00","mainEntityOfPage":{"@id":"https:\/\/www.bbmnoticias.com\/labravaradiofm\/2026\/04\/29\/fiscalia-de-oaxaca-ejecuta-orden-de-aprehension-en-contra-de-dos-hermanos-por-homicidio-calificado-cometido-en-la-region-de-la-costa\/"},"wordCount":362,"image":{"@id":"https:\/\/www.bbmnoticias.com\/fiscalia-de-oaxaca-ejecuta-orden-de-aprehension-en-contra-de-dos-hermanos-por-homicidio-calificado-cometido-en-la-region-de-la-costa\/#primaryimage"},"thumbnailUrl":"https:\/\/www.bbmnoticias.com\/labravaradiofm\/wp-content\/uploads\/sites\/5\/2026\/04\/hermanos_detenidos.jpg","articleSection":["LOCAL","POLICIACA"],"inLanguage":"es"},{"@type":"WebPage","@id":"https:\/\/www.bbmnoticias.com\/labravaradiofm\/2026\/04\/29\/fiscalia-de-oaxaca-ejecuta-orden-de-aprehension-en-contra-de-dos-hermanos-por-homicidio-calificado-cometido-en-la-region-de-la-costa\/","url":"https:\/\/www.bbmnoticias.com\/fiscalia-de-oaxaca-ejecuta-orden-de-aprehension-en-contra-de-dos-hermanos-por-homicidio-calificado-cometido-en-la-region-de-la-costa\/","name":"Fiscal\u00eda de Oaxaca ejecuta orden de aprehensi\u00f3n en contra de dos hermanos por homicidio calificado cometido en la regi\u00f3n de la Costa - LA BRAVA RADIO","isPartOf":{"@id":"https:\/\/www.bbmnoticias.com\/labravaradiofm\/#website"},"primaryImageOfPage":{"@id":"https:\/\/www.bbmnoticias.com\/fiscalia-de-oaxaca-ejecuta-orden-de-aprehension-en-contra-de-dos-hermanos-por-homicidio-calificado-cometido-en-la-region-de-la-costa\/#primaryimage"},"image":{"@id":"https:\/\/www.bbmnoticias.com\/fiscalia-de-oaxaca-ejecuta-orden-de-aprehension-en-contra-de-dos-hermanos-por-homicidio-calificado-cometido-en-la-region-de-la-costa\/#primaryimage"},"thumbnailUrl":"https:\/\/www.bbmnoticias.com\/labravaradiofm\/wp-content\/uploads\/sites\/5\/2026\/04\/hermanos_detenidos.jpg","datePublished":"2026-04-29T20:42:47+00:00","dateModified":"2026-04-29T20:43:06+00:00","author":{"@id":"https:\/\/www.bbmnoticias.com\/labravaradiofm\/#\/schema\/person\/000bdaf0a8fb5bff0d537c4d0778e33f"},"breadcrumb":{"@id":"https:\/\/www.bbmnoticias.com\/fiscalia-de-oaxaca-ejecuta-orden-de-aprehension-en-contra-de-dos-hermanos-por-homicidio-calificado-cometido-en-la-region-de-la-costa\/#breadcrumb"},"inLanguage":"es","potentialAction":[{"@type":"ReadAction","target":["https:\/\/www.bbmnoticias.com\/fiscalia-de-oaxaca-ejecuta-orden-de-aprehension-en-contra-de-dos-hermanos-por-homicidio-calificado-cometido-en-la-region-de-la-costa\/"]}]},{"@type":"ImageObject","inLanguage":"es","@id":"https:\/\/www.bbmnoticias.com\/fiscalia-de-oaxaca-ejecuta-orden-de-aprehension-en-contra-de-dos-hermanos-por-homicidio-calificado-cometido-en-la-region-de-la-costa\/#primaryimage","url":"https:\/\/www.bbmnoticias.com\/labravaradiofm\/wp-content\/uploads\/sites\/5\/2026\/04\/hermanos_detenidos.jpg","contentUrl":"https:\/\/www.bbmnoticias.com\/labravaradiofm\/wp-content\/uploads\/sites\/5\/2026\/04\/hermanos_detenidos.jpg","width":750,"height":466},{"@type":"BreadcrumbList","@id":"https:\/\/www.bbmnoticias.com\/fiscalia-de-oaxaca-ejecuta-orden-de-aprehension-en-contra-de-dos-hermanos-por-homicidio-calificado-cometido-en-la-region-de-la-costa\/#breadcrumb","itemListElement":[{"@type":"ListItem","position":1,"name":"Inicio","item":"https:\/\/www.bbmnoticias.com\/labravaradiofm\/"},{"@type":"ListItem","position":2,"name":"Fiscal\u00eda de Oaxaca ejecuta orden de aprehensi\u00f3n en contra de dos hermanos por homicidio calificado cometido en la regi\u00f3n de la Costa"}]},{"@type":"WebSite","@id":"https:\/\/www.bbmnoticias.com\/labravaradiofm\/#website","url":"https:\/\/www.bbmnoticias.com\/labravaradiofm\/","name":"LA BRAVA RADIO","description":"Empresa productora de medios, Radiodifusi\u00f3n, Noticias, tendencias y todo lo que necesitas saber de la pol\u00edtica mexicana e internacional; entretenimiento, espect\u00e1culos, salud y mucho m\u00e1s.","potentialAction":[{"@type":"SearchAction","target":{"@type":"EntryPoint","urlTemplate":"https:\/\/www.bbmnoticias.com\/labravaradiofm\/?s={search_term_string}"},"query-input":{"@type":"PropertyValueSpecification","valueRequired":true,"valueName":"search_term_string"}}],"inLanguage":"es"},{"@type":"Person","@id":"https:\/\/www.bbmnoticias.com\/labravaradiofm\/#\/schema\/person\/000bdaf0a8fb5bff0d537c4d0778e33f","name":"Agencias","image":{"@type":"ImageObject","inLanguage":"es","@id":"https:\/\/secure.gravatar.com\/avatar\/739e0b61adf9e398b425c36718c8752286da0e8cd90f20ce9a86678abc26aa0d?s=96&d=mm&r=g","url":"https:\/\/secure.gravatar.com\/avatar\/739e0b61adf9e398b425c36718c8752286da0e8cd90f20ce9a86678abc26aa0d?s=96&d=mm&r=g","contentUrl":"https:\/\/secure.gravatar.com\/avatar\/739e0b61adf9e398b425c36718c8752286da0e8cd90f20ce9a86678abc26aa0d?s=96&d=mm&r=g","caption":"Agencias"},"url":"https:\/\/www.bbmnoticias.com\/labravaradiofm\/author\/agencias\/"}]}},"_links":{"self":[{"href":"https:\/\/www.bbmnoticias.com\/labravaradiofm\/wp-json\/wp\/v2\/posts\/76732","targetHints":{"allow":["GET"]}}],"collection":[{"href":"https:\/\/www.bbmnoticias.com\/labravaradiofm\/wp-json\/wp\/v2\/posts"}],"about":[{"href":"https:\/\/www.bbmnoticias.com\/labravaradiofm\/wp-json\/wp\/v2\/types\/post"}],"author":[{"embeddable":true,"href":"https:\/\/www.bbmnoticias.com\/labravaradiofm\/wp-json\/wp\/v2\/users\/4"}],"replies":[{"embeddable":true,"href":"https:\/\/www.bbmnoticias.com\/labravaradiofm\/wp-json\/wp\/v2\/comments?post=76732"}],"version-history":[{"count":1,"href":"https:\/\/www.bbmnoticias.com\/labravaradiofm\/wp-json\/wp\/v2\/posts\/76732\/revisions"}],"predecessor-version":[{"id":76733,"href":"https:\/\/www.bbmnoticias.com\/labravaradiofm\/wp-json\/wp\/v2\/posts\/76732\/revisions\/76733"}],"wp:featuredmedia":[{"embeddable":true,"href":"https:\/\/www.bbmnoticias.com\/labravaradiofm\/wp-json\/wp\/v2\/media\/76734"}],"wp:attachment":[{"href":"https:\/\/www.bbmnoticias.com\/labravaradiofm\/wp-json\/wp\/v2\/media?parent=76732"}],"wp:term":[{"taxonomy":"category","embeddable":true,"href":"https:\/\/www.bbmnoticias.com\/labravaradiofm\/wp-json\/wp\/v2\/categories?post=76732"},{"taxonomy":"post_tag","embeddable":true,"href":"https:\/\/www.bbmnoticias.com\/labravaradiofm\/wp-json\/wp\/v2\/tags?post=76732"}],"curies":[{"name":"wp","href":"https:\/\/api.w.org\/{rel}","templated":true}]}}