{"id":76729,"date":"2026-04-29T14:01:00","date_gmt":"2026-04-29T20:01:00","guid":{"rendered":"https:\/\/www.bbmnoticias.com\/labravaradiofm\/2026\/04\/29\/rocha-moya-se-deslinda-de-acusaciones-en-eu-y-denuncia-ofensiva-contra-la-4t\/"},"modified":"2026-04-29T14:09:35","modified_gmt":"2026-04-29T20:09:35","slug":"rocha-moya-se-deslinda-de-acusaciones-en-eu-y-denuncia-ofensiva-contra-la-4t","status":"publish","type":"post","link":"https:\/\/www.bbmnoticias.com\/labravaradiofm\/2026\/04\/29\/rocha-moya-se-deslinda-de-acusaciones-en-eu-y-denuncia-ofensiva-contra-la-4t\/","title":{"rendered":"Rocha Moya se deslinda de acusaciones en EU y denuncia ofensiva contra la 4T"},"content":{"rendered":"<div style=\"margin-top: 0px; margin-bottom: 0px;\" class=\"sharethis-inline-share-buttons\" ><\/div>\n<p>A trav\u00e9s de un mensaje p\u00fablico, el mandatario estatal neg\u00f3 de forma categ\u00f3rica los se\u00f1alamientos y sostuvo que carecen de veracidad. Subray\u00f3 que enfrentar\u00e1 el proceso con firmeza y confi\u00f3 en que se demostrar\u00e1 la falta de fundamento de dichas imputaciones.<\/p>\n\n\n\n<p>Rocha Moya fue m\u00e1s all\u00e1 al considerar que el caso no solo lo involucra a \u00e9l, sino que representa una ofensiva contra el movimiento de la Cuarta Transformaci\u00f3n, sus liderazgos y las personas que respaldan ese proyecto pol\u00edtico en M\u00e9xico.<br>En su posicionamiento, tambi\u00e9n interpret\u00f3 las acusaciones como parte de una estrategia que busca vulnerar el orden constitucional del pa\u00eds, particularmente la soberan\u00eda nacional establecida en la Constituci\u00f3n mexicana, la cual calific\u00f3 como un principio innegociable.<\/p>\n\n\n\n<figure class=\"wp-block-embed is-type-rich is-provider-twitter wp-block-embed-twitter\"><div class=\"wp-block-embed__wrapper\">\n<blockquote class=\"twitter-tweet\" data-width=\"550\" data-dnt=\"true\"><p lang=\"es\" dir=\"ltr\">Rechazo categ\u00f3rica y absolutamente las imputaciones formuladas en mi contra, por la Fiscal\u00eda Federal del Distrito Sur de Nueva York, ya que carecen de veracidad y fundamento alguno.  Y as\u00ed se demostrar\u00e1, con toda contundencia, en el momento oportuno.<br><br>Este ataque no es \u00fanicamente\u2026<\/p>&mdash; Rub\u00e9n Rocha Moya (@rochamoya_) <a href=\"https:\/\/twitter.com\/rochamoya_\/status\/2049577651501723859?ref_src=twsrc%5Etfw\">April 29, 2026<\/a><\/blockquote><script async src=\"https:\/\/platform.twitter.com\/widgets.js\" charset=\"utf-8\"><\/script>\n<\/div><\/figure>\n\n\n\n<p><br>El gobernador dirigi\u00f3 adem\u00e1s un mensaje a la ciudadan\u00eda sinaloense, en el que asegur\u00f3 que responder\u00e1 con \u201cvalor y dignidad\u201d ante lo que calific\u00f3 como una calumnia, reiterando que los se\u00f1alamientos en su contra no tienen sustento.<br>El pronunciamiento ocurre en un contexto de creciente atenci\u00f3n medi\u00e1tica tras la difusi\u00f3n de versiones sobre presuntas acusaciones en Estados Unidos contra figuras p\u00fablicas de Sinaloa, sin que hasta el momento exista una postura oficial m\u00e1s amplia por parte del Gobierno de M\u00e9xico<\/p>\n","protected":false},"excerpt":{"rendered":"<p>A trav\u00e9s de un mensaje p\u00fablico, el mandatario estatal neg\u00f3 de forma categ\u00f3rica los se\u00f1alamientos y sostuvo que carecen de veracidad. Subray\u00f3 que enfrentar\u00e1 el proceso con firmeza y confi\u00f3 en que se demostrar\u00e1 la falta de fundamento de dichas imputaciones. Rocha Moya fue m\u00e1s all\u00e1 al considerar que el caso no solo lo involucra [&hellip;]<\/p>\n","protected":false},"author":4,"featured_media":76731,"comment_status":"closed","ping_status":"open","sticky":false,"template":"","format":"standard","meta":{"footnotes":""},"categories":[2,19],"tags":[],"class_list":{"0":"post-76729","1":"post","2":"type-post","3":"status-publish","4":"format-standard","5":"has-post-thumbnail","7":"category-oaxaca","8":"category-nacional"},"yoast_head":"<!-- This site is optimized with the Yoast SEO plugin v27.4 - https:\/\/yoast.com\/product\/yoast-seo-wordpress\/ -->\n<title>Rocha Moya se deslinda de acusaciones en EU y denuncia ofensiva contra la 4T - LA BRAVA RADIO<\/title>\n<meta name=\"robots\" content=\"index, follow, max-snippet:-1, max-image-preview:large, max-video-preview:-1\" \/>\n<link rel=\"canonical\" href=\"https:\/\/www.bbmnoticias.com\/rocha-moya-se-deslinda-de-acusaciones-en-eu-y-denuncia-ofensiva-contra-la-4t\/\" \/>\n<meta property=\"og:locale\" content=\"es_MX\" \/>\n<meta property=\"og:type\" content=\"article\" \/>\n<meta property=\"og:title\" content=\"Rocha Moya se deslinda de acusaciones en EU y denuncia ofensiva contra la 4T - LA BRAVA RADIO\" \/>\n<meta property=\"og:description\" content=\"A trav\u00e9s de un mensaje p\u00fablico, el mandatario estatal neg\u00f3 de forma categ\u00f3rica los se\u00f1alamientos y sostuvo que carecen de veracidad. Subray\u00f3 que enfrentar\u00e1 el proceso con firmeza y confi\u00f3 en que se demostrar\u00e1 la falta de fundamento de dichas imputaciones. Rocha Moya fue m\u00e1s all\u00e1 al considerar que el caso no solo lo involucra [&hellip;]\" \/>\n<meta property=\"og:url\" content=\"https:\/\/www.bbmnoticias.com\/rocha-moya-se-deslinda-de-acusaciones-en-eu-y-denuncia-ofensiva-contra-la-4t\/\" \/>\n<meta property=\"og:site_name\" content=\"LA BRAVA RADIO\" \/>\n<meta property=\"article:published_time\" content=\"2026-04-29T20:01:00+00:00\" \/>\n<meta property=\"article:modified_time\" content=\"2026-04-29T20:09:35+00:00\" \/>\n<meta property=\"og:image\" content=\"https:\/\/www.bbmnoticias.com\/labravaradiofm\/wp-content\/uploads\/sites\/5\/2026\/04\/rocha_moya.jpg\" \/>\n\t<meta property=\"og:image:width\" content=\"848\" \/>\n\t<meta property=\"og:image:height\" content=\"477\" \/>\n\t<meta property=\"og:image:type\" content=\"image\/jpeg\" \/>\n<meta name=\"author\" content=\"Agencias\" \/>\n<meta name=\"twitter:card\" content=\"summary_large_image\" \/>\n<meta name=\"twitter:label1\" content=\"Escrito por\" \/>\n\t<meta name=\"twitter:data1\" content=\"Agencias\" \/>\n\t<meta name=\"twitter:label2\" content=\"Tiempo de lectura\" \/>\n\t<meta name=\"twitter:data2\" content=\"1 minuto\" \/>\n<script type=\"application\/ld+json\" class=\"yoast-schema-graph\">{\"@context\":\"https:\\\/\\\/schema.org\",\"@graph\":[{\"@type\":\"Article\",\"@id\":\"https:\\\/\\\/www.bbmnoticias.com\\\/rocha-moya-se-deslinda-de-acusaciones-en-eu-y-denuncia-ofensiva-contra-la-4t\\\/#article\",\"isPartOf\":{\"@id\":\"https:\\\/\\\/www.bbmnoticias.com\\\/labravaradiofm\\\/2026\\\/04\\\/29\\\/rocha-moya-se-deslinda-de-acusaciones-en-eu-y-denuncia-ofensiva-contra-la-4t\\\/\"},\"author\":{\"name\":\"Agencias\",\"@id\":\"https:\\\/\\\/www.bbmnoticias.com\\\/labravaradiofm\\\/#\\\/schema\\\/person\\\/000bdaf0a8fb5bff0d537c4d0778e33f\"},\"headline\":\"Rocha Moya se deslinda de acusaciones en EU y denuncia ofensiva contra la 4T\",\"datePublished\":\"2026-04-29T20:01:00+00:00\",\"dateModified\":\"2026-04-29T20:09:35+00:00\",\"mainEntityOfPage\":{\"@id\":\"https:\\\/\\\/www.bbmnoticias.com\\\/labravaradiofm\\\/2026\\\/04\\\/29\\\/rocha-moya-se-deslinda-de-acusaciones-en-eu-y-denuncia-ofensiva-contra-la-4t\\\/\"},\"wordCount\":237,\"image\":{\"@id\":\"https:\\\/\\\/www.bbmnoticias.com\\\/rocha-moya-se-deslinda-de-acusaciones-en-eu-y-denuncia-ofensiva-contra-la-4t\\\/#primaryimage\"},\"thumbnailUrl\":\"https:\\\/\\\/www.bbmnoticias.com\\\/labravaradiofm\\\/wp-content\\\/uploads\\\/sites\\\/5\\\/2026\\\/04\\\/rocha_moya.jpg\",\"articleSection\":[\"LOCAL\",\"NACIONAL\"],\"inLanguage\":\"es\"},{\"@type\":\"WebPage\",\"@id\":\"https:\\\/\\\/www.bbmnoticias.com\\\/labravaradiofm\\\/2026\\\/04\\\/29\\\/rocha-moya-se-deslinda-de-acusaciones-en-eu-y-denuncia-ofensiva-contra-la-4t\\\/\",\"url\":\"https:\\\/\\\/www.bbmnoticias.com\\\/rocha-moya-se-deslinda-de-acusaciones-en-eu-y-denuncia-ofensiva-contra-la-4t\\\/\",\"name\":\"Rocha Moya se deslinda de acusaciones en EU y denuncia ofensiva contra la 4T - LA BRAVA RADIO\",\"isPartOf\":{\"@id\":\"https:\\\/\\\/www.bbmnoticias.com\\\/labravaradiofm\\\/#website\"},\"primaryImageOfPage\":{\"@id\":\"https:\\\/\\\/www.bbmnoticias.com\\\/rocha-moya-se-deslinda-de-acusaciones-en-eu-y-denuncia-ofensiva-contra-la-4t\\\/#primaryimage\"},\"image\":{\"@id\":\"https:\\\/\\\/www.bbmnoticias.com\\\/rocha-moya-se-deslinda-de-acusaciones-en-eu-y-denuncia-ofensiva-contra-la-4t\\\/#primaryimage\"},\"thumbnailUrl\":\"https:\\\/\\\/www.bbmnoticias.com\\\/labravaradiofm\\\/wp-content\\\/uploads\\\/sites\\\/5\\\/2026\\\/04\\\/rocha_moya.jpg\",\"datePublished\":\"2026-04-29T20:01:00+00:00\",\"dateModified\":\"2026-04-29T20:09:35+00:00\",\"author\":{\"@id\":\"https:\\\/\\\/www.bbmnoticias.com\\\/labravaradiofm\\\/#\\\/schema\\\/person\\\/000bdaf0a8fb5bff0d537c4d0778e33f\"},\"breadcrumb\":{\"@id\":\"https:\\\/\\\/www.bbmnoticias.com\\\/rocha-moya-se-deslinda-de-acusaciones-en-eu-y-denuncia-ofensiva-contra-la-4t\\\/#breadcrumb\"},\"inLanguage\":\"es\",\"potentialAction\":[{\"@type\":\"ReadAction\",\"target\":[\"https:\\\/\\\/www.bbmnoticias.com\\\/rocha-moya-se-deslinda-de-acusaciones-en-eu-y-denuncia-ofensiva-contra-la-4t\\\/\"]}]},{\"@type\":\"ImageObject\",\"inLanguage\":\"es\",\"@id\":\"https:\\\/\\\/www.bbmnoticias.com\\\/rocha-moya-se-deslinda-de-acusaciones-en-eu-y-denuncia-ofensiva-contra-la-4t\\\/#primaryimage\",\"url\":\"https:\\\/\\\/www.bbmnoticias.com\\\/labravaradiofm\\\/wp-content\\\/uploads\\\/sites\\\/5\\\/2026\\\/04\\\/rocha_moya.jpg\",\"contentUrl\":\"https:\\\/\\\/www.bbmnoticias.com\\\/labravaradiofm\\\/wp-content\\\/uploads\\\/sites\\\/5\\\/2026\\\/04\\\/rocha_moya.jpg\",\"width\":848,\"height\":477},{\"@type\":\"BreadcrumbList\",\"@id\":\"https:\\\/\\\/www.bbmnoticias.com\\\/rocha-moya-se-deslinda-de-acusaciones-en-eu-y-denuncia-ofensiva-contra-la-4t\\\/#breadcrumb\",\"itemListElement\":[{\"@type\":\"ListItem\",\"position\":1,\"name\":\"Inicio\",\"item\":\"https:\\\/\\\/www.bbmnoticias.com\\\/labravaradiofm\\\/\"},{\"@type\":\"ListItem\",\"position\":2,\"name\":\"Rocha Moya se deslinda de acusaciones en EU y denuncia ofensiva contra la 4T\"}]},{\"@type\":\"WebSite\",\"@id\":\"https:\\\/\\\/www.bbmnoticias.com\\\/labravaradiofm\\\/#website\",\"url\":\"https:\\\/\\\/www.bbmnoticias.com\\\/labravaradiofm\\\/\",\"name\":\"LA BRAVA RADIO\",\"description\":\"Empresa productora de medios, Radiodifusi\u00f3n, Noticias, tendencias y todo lo que necesitas saber de la pol\u00edtica mexicana e internacional; entretenimiento, espect\u00e1culos, salud y mucho m\u00e1s.\",\"potentialAction\":[{\"@type\":\"SearchAction\",\"target\":{\"@type\":\"EntryPoint\",\"urlTemplate\":\"https:\\\/\\\/www.bbmnoticias.com\\\/labravaradiofm\\\/?s={search_term_string}\"},\"query-input\":{\"@type\":\"PropertyValueSpecification\",\"valueRequired\":true,\"valueName\":\"search_term_string\"}}],\"inLanguage\":\"es\"},{\"@type\":\"Person\",\"@id\":\"https:\\\/\\\/www.bbmnoticias.com\\\/labravaradiofm\\\/#\\\/schema\\\/person\\\/000bdaf0a8fb5bff0d537c4d0778e33f\",\"name\":\"Agencias\",\"image\":{\"@type\":\"ImageObject\",\"inLanguage\":\"es\",\"@id\":\"https:\\\/\\\/secure.gravatar.com\\\/avatar\\\/739e0b61adf9e398b425c36718c8752286da0e8cd90f20ce9a86678abc26aa0d?s=96&d=mm&r=g\",\"url\":\"https:\\\/\\\/secure.gravatar.com\\\/avatar\\\/739e0b61adf9e398b425c36718c8752286da0e8cd90f20ce9a86678abc26aa0d?s=96&d=mm&r=g\",\"contentUrl\":\"https:\\\/\\\/secure.gravatar.com\\\/avatar\\\/739e0b61adf9e398b425c36718c8752286da0e8cd90f20ce9a86678abc26aa0d?s=96&d=mm&r=g\",\"caption\":\"Agencias\"},\"url\":\"https:\\\/\\\/www.bbmnoticias.com\\\/labravaradiofm\\\/author\\\/agencias\\\/\"}]}<\/script>\n<!-- \/ Yoast SEO plugin. -->","yoast_head_json":{"title":"Rocha Moya se deslinda de acusaciones en EU y denuncia ofensiva contra la 4T - LA BRAVA RADIO","robots":{"index":"index","follow":"follow","max-snippet":"max-snippet:-1","max-image-preview":"max-image-preview:large","max-video-preview":"max-video-preview:-1"},"canonical":"https:\/\/www.bbmnoticias.com\/rocha-moya-se-deslinda-de-acusaciones-en-eu-y-denuncia-ofensiva-contra-la-4t\/","og_locale":"es_MX","og_type":"article","og_title":"Rocha Moya se deslinda de acusaciones en EU y denuncia ofensiva contra la 4T - LA BRAVA RADIO","og_description":"A trav\u00e9s de un mensaje p\u00fablico, el mandatario estatal neg\u00f3 de forma categ\u00f3rica los se\u00f1alamientos y sostuvo que carecen de veracidad. Subray\u00f3 que enfrentar\u00e1 el proceso con firmeza y confi\u00f3 en que se demostrar\u00e1 la falta de fundamento de dichas imputaciones. Rocha Moya fue m\u00e1s all\u00e1 al considerar que el caso no solo lo involucra [&hellip;]","og_url":"https:\/\/www.bbmnoticias.com\/rocha-moya-se-deslinda-de-acusaciones-en-eu-y-denuncia-ofensiva-contra-la-4t\/","og_site_name":"LA BRAVA RADIO","article_published_time":"2026-04-29T20:01:00+00:00","article_modified_time":"2026-04-29T20:09:35+00:00","og_image":[{"width":848,"height":477,"url":"https:\/\/www.bbmnoticias.com\/labravaradiofm\/wp-content\/uploads\/sites\/5\/2026\/04\/rocha_moya.jpg","type":"image\/jpeg"}],"author":"Agencias","twitter_card":"summary_large_image","twitter_misc":{"Escrito por":"Agencias","Tiempo de lectura":"1 minuto"},"schema":{"@context":"https:\/\/schema.org","@graph":[{"@type":"Article","@id":"https:\/\/www.bbmnoticias.com\/rocha-moya-se-deslinda-de-acusaciones-en-eu-y-denuncia-ofensiva-contra-la-4t\/#article","isPartOf":{"@id":"https:\/\/www.bbmnoticias.com\/labravaradiofm\/2026\/04\/29\/rocha-moya-se-deslinda-de-acusaciones-en-eu-y-denuncia-ofensiva-contra-la-4t\/"},"author":{"name":"Agencias","@id":"https:\/\/www.bbmnoticias.com\/labravaradiofm\/#\/schema\/person\/000bdaf0a8fb5bff0d537c4d0778e33f"},"headline":"Rocha Moya se deslinda de acusaciones en EU y denuncia ofensiva contra la 4T","datePublished":"2026-04-29T20:01:00+00:00","dateModified":"2026-04-29T20:09:35+00:00","mainEntityOfPage":{"@id":"https:\/\/www.bbmnoticias.com\/labravaradiofm\/2026\/04\/29\/rocha-moya-se-deslinda-de-acusaciones-en-eu-y-denuncia-ofensiva-contra-la-4t\/"},"wordCount":237,"image":{"@id":"https:\/\/www.bbmnoticias.com\/rocha-moya-se-deslinda-de-acusaciones-en-eu-y-denuncia-ofensiva-contra-la-4t\/#primaryimage"},"thumbnailUrl":"https:\/\/www.bbmnoticias.com\/labravaradiofm\/wp-content\/uploads\/sites\/5\/2026\/04\/rocha_moya.jpg","articleSection":["LOCAL","NACIONAL"],"inLanguage":"es"},{"@type":"WebPage","@id":"https:\/\/www.bbmnoticias.com\/labravaradiofm\/2026\/04\/29\/rocha-moya-se-deslinda-de-acusaciones-en-eu-y-denuncia-ofensiva-contra-la-4t\/","url":"https:\/\/www.bbmnoticias.com\/rocha-moya-se-deslinda-de-acusaciones-en-eu-y-denuncia-ofensiva-contra-la-4t\/","name":"Rocha Moya se deslinda de acusaciones en EU y denuncia ofensiva contra la 4T - LA BRAVA RADIO","isPartOf":{"@id":"https:\/\/www.bbmnoticias.com\/labravaradiofm\/#website"},"primaryImageOfPage":{"@id":"https:\/\/www.bbmnoticias.com\/rocha-moya-se-deslinda-de-acusaciones-en-eu-y-denuncia-ofensiva-contra-la-4t\/#primaryimage"},"image":{"@id":"https:\/\/www.bbmnoticias.com\/rocha-moya-se-deslinda-de-acusaciones-en-eu-y-denuncia-ofensiva-contra-la-4t\/#primaryimage"},"thumbnailUrl":"https:\/\/www.bbmnoticias.com\/labravaradiofm\/wp-content\/uploads\/sites\/5\/2026\/04\/rocha_moya.jpg","datePublished":"2026-04-29T20:01:00+00:00","dateModified":"2026-04-29T20:09:35+00:00","author":{"@id":"https:\/\/www.bbmnoticias.com\/labravaradiofm\/#\/schema\/person\/000bdaf0a8fb5bff0d537c4d0778e33f"},"breadcrumb":{"@id":"https:\/\/www.bbmnoticias.com\/rocha-moya-se-deslinda-de-acusaciones-en-eu-y-denuncia-ofensiva-contra-la-4t\/#breadcrumb"},"inLanguage":"es","potentialAction":[{"@type":"ReadAction","target":["https:\/\/www.bbmnoticias.com\/rocha-moya-se-deslinda-de-acusaciones-en-eu-y-denuncia-ofensiva-contra-la-4t\/"]}]},{"@type":"ImageObject","inLanguage":"es","@id":"https:\/\/www.bbmnoticias.com\/rocha-moya-se-deslinda-de-acusaciones-en-eu-y-denuncia-ofensiva-contra-la-4t\/#primaryimage","url":"https:\/\/www.bbmnoticias.com\/labravaradiofm\/wp-content\/uploads\/sites\/5\/2026\/04\/rocha_moya.jpg","contentUrl":"https:\/\/www.bbmnoticias.com\/labravaradiofm\/wp-content\/uploads\/sites\/5\/2026\/04\/rocha_moya.jpg","width":848,"height":477},{"@type":"BreadcrumbList","@id":"https:\/\/www.bbmnoticias.com\/rocha-moya-se-deslinda-de-acusaciones-en-eu-y-denuncia-ofensiva-contra-la-4t\/#breadcrumb","itemListElement":[{"@type":"ListItem","position":1,"name":"Inicio","item":"https:\/\/www.bbmnoticias.com\/labravaradiofm\/"},{"@type":"ListItem","position":2,"name":"Rocha Moya se deslinda de acusaciones en EU y denuncia ofensiva contra la 4T"}]},{"@type":"WebSite","@id":"https:\/\/www.bbmnoticias.com\/labravaradiofm\/#website","url":"https:\/\/www.bbmnoticias.com\/labravaradiofm\/","name":"LA BRAVA RADIO","description":"Empresa productora de medios, Radiodifusi\u00f3n, Noticias, tendencias y todo lo que necesitas saber de la pol\u00edtica mexicana e internacional; entretenimiento, espect\u00e1culos, salud y mucho m\u00e1s.","potentialAction":[{"@type":"SearchAction","target":{"@type":"EntryPoint","urlTemplate":"https:\/\/www.bbmnoticias.com\/labravaradiofm\/?s={search_term_string}"},"query-input":{"@type":"PropertyValueSpecification","valueRequired":true,"valueName":"search_term_string"}}],"inLanguage":"es"},{"@type":"Person","@id":"https:\/\/www.bbmnoticias.com\/labravaradiofm\/#\/schema\/person\/000bdaf0a8fb5bff0d537c4d0778e33f","name":"Agencias","image":{"@type":"ImageObject","inLanguage":"es","@id":"https:\/\/secure.gravatar.com\/avatar\/739e0b61adf9e398b425c36718c8752286da0e8cd90f20ce9a86678abc26aa0d?s=96&d=mm&r=g","url":"https:\/\/secure.gravatar.com\/avatar\/739e0b61adf9e398b425c36718c8752286da0e8cd90f20ce9a86678abc26aa0d?s=96&d=mm&r=g","contentUrl":"https:\/\/secure.gravatar.com\/avatar\/739e0b61adf9e398b425c36718c8752286da0e8cd90f20ce9a86678abc26aa0d?s=96&d=mm&r=g","caption":"Agencias"},"url":"https:\/\/www.bbmnoticias.com\/labravaradiofm\/author\/agencias\/"}]}},"_links":{"self":[{"href":"https:\/\/www.bbmnoticias.com\/labravaradiofm\/wp-json\/wp\/v2\/posts\/76729","targetHints":{"allow":["GET"]}}],"collection":[{"href":"https:\/\/www.bbmnoticias.com\/labravaradiofm\/wp-json\/wp\/v2\/posts"}],"about":[{"href":"https:\/\/www.bbmnoticias.com\/labravaradiofm\/wp-json\/wp\/v2\/types\/post"}],"author":[{"embeddable":true,"href":"https:\/\/www.bbmnoticias.com\/labravaradiofm\/wp-json\/wp\/v2\/users\/4"}],"replies":[{"embeddable":true,"href":"https:\/\/www.bbmnoticias.com\/labravaradiofm\/wp-json\/wp\/v2\/comments?post=76729"}],"version-history":[{"count":1,"href":"https:\/\/www.bbmnoticias.com\/labravaradiofm\/wp-json\/wp\/v2\/posts\/76729\/revisions"}],"predecessor-version":[{"id":76730,"href":"https:\/\/www.bbmnoticias.com\/labravaradiofm\/wp-json\/wp\/v2\/posts\/76729\/revisions\/76730"}],"wp:featuredmedia":[{"embeddable":true,"href":"https:\/\/www.bbmnoticias.com\/labravaradiofm\/wp-json\/wp\/v2\/media\/76731"}],"wp:attachment":[{"href":"https:\/\/www.bbmnoticias.com\/labravaradiofm\/wp-json\/wp\/v2\/media?parent=76729"}],"wp:term":[{"taxonomy":"category","embeddable":true,"href":"https:\/\/www.bbmnoticias.com\/labravaradiofm\/wp-json\/wp\/v2\/categories?post=76729"},{"taxonomy":"post_tag","embeddable":true,"href":"https:\/\/www.bbmnoticias.com\/labravaradiofm\/wp-json\/wp\/v2\/tags?post=76729"}],"curies":[{"name":"wp","href":"https:\/\/api.w.org\/{rel}","templated":true}]}}