{"id":76726,"date":"2026-04-29T15:33:57","date_gmt":"2026-04-29T20:06:38","guid":{"rendered":"https:\/\/www.bbmnoticias.com\/labravaradiofm\/2026\/04\/29\/eu-acusa-a-gobernador-rocha-moya-de-narcotrafico-lo-senalan-de-proteger-a-los-chapitos\/"},"modified":"2026-04-29T15:33:58","modified_gmt":"2026-04-29T21:33:58","slug":"eu-acusa-a-gobernador-rocha-moya-de-narcotrafico-lo-senalan-de-proteger-a-los-chapitos","status":"publish","type":"post","link":"https:\/\/www.bbmnoticias.com\/labravaradiofm\/2026\/04\/29\/eu-acusa-a-gobernador-rocha-moya-de-narcotrafico-lo-senalan-de-proteger-a-los-chapitos\/","title":{"rendered":"EU acusa a gobernador Rocha Moya de narcotr\u00e1fico; lo se\u00f1alan de proteger a &#8220;Los Chapitos&#8221;"},"content":{"rendered":"<div style=\"margin-top: 0px; margin-bottom: 0px;\" class=\"sharethis-inline-share-buttons\" ><\/div>\n<p><em>Ciudad de M\u00e9xico. <\/em>El \u2060Departamento de \u2060Justicia (DOJ, \u2060por sus siglas en ingl\u00e9s) de Estados Unidos present\u00f3 cargos este mi\u00e9rcoles contra el gobernador \u2060del estado \u200bmexicano Sinaloa, Rub\u00e9n \u2060Rocha, y otros funcionarios y ex funcionarios, \u200cpor su \u200cpresunta vinculaci\u00f3n con el <em>C\u00e1rtel de Sinaloa<\/em>.<\/p>\n\n\n\n<p>El \u200bDOJ afirm\u00f3 que \u200bRocha \u200by los dem\u00e1s \u200cse\u00f1alados presuntamente conspiraron con l\u00edderes de la organizaci\u00f3n criminal para importar grandes cantidades de narc\u00f3ticos a Estados Unidos a cambio de \u200capoyo pol\u00edtico y sobornos.<\/p>\n\n\n\n<p>\u201cLos acusados \u200b\u200bson todos funcionarios de alto rango, actuales o anteriores, del gobierno y las fuerzas del orden del estado mexicano de Sinaloa, incluido el actual gobernador de Sinaloa, Rub\u00e9n Rocha Moya, y se les acusa de haberse asociado con el C\u00e1rtel de Sinaloa para distribuir grandes cantidades de narc\u00f3ticos a Estados Unidos\u201d, se\u00f1ala el comunicado.<\/p>\n\n\n\n<p>Seg\u00fan la acusaci\u00f3n, los Chapitos \u2014hijos de Joaqu\u00edn &#8220;El Chapo&#8221; Guzm\u00e1n\u2014 contribuyeron a la elecci\u00f3n de Rocha Moya mediante el secuestro e intimidaci\u00f3n de sus rivales pol\u00edticos. Una vez en el cargo, el 1 de noviembre de 2021, Rocha Moya habr\u00eda asistido a reuniones con ellos y prometido protecci\u00f3n para sus operaciones de narcotr\u00e1fico hacia EU.&nbsp;<\/p>\n\n\n\n<p>El anuncio fue realizado por el Fiscal Federal del Distrito Sur de Nueva York, Jay Clayton, y el Administrador de la DEA, Terrance C. Cole. El caso fue asignado a la jueza federal Katherine Polk Failla.<\/p>\n\n\n\n<p><strong>Los otros nueve acusados<\/strong><\/p>\n\n\n\n<p>Junto a Rocha Moya fueron imputados el alcalde de Culiac\u00e1n, Juan de Dios G\u00e1mez Mend\u00edvil, de 41 a\u00f1os; el senador y ex Secretario General de Sinaloa, Enrique Inzunza Caz\u00e1rez, de 53; y el ex Secretario de Administraci\u00f3n y Finanzas, Enrique D\u00edaz Vega, de 50.<\/p>\n\n\n\n<p>D\u00e1maso Castro Za\u00e1vedra, actual Subprocurador de la Fiscal\u00eda Estatal de Sinaloa, recib\u00eda presuntamente alrededor de 11 mil d\u00f3lares mensuales del c\u00e1rtel a cambio de proteger a sus miembros de arrestos y filtrar informaci\u00f3n sobre operativos respaldados por EU.<\/p>\n\n\n\n<p>Juan Valenzuela Mill\u00e1n, alias <em>Juanito<\/em>, excomandante de la Polic\u00eda Municipal de Culiac\u00e1n, enfrenta cargos adicionales por el secuestro y muerte de una fuente confidencial de la DEA y un familiar de esta, ocurridos en octubre de 2023. Seg\u00fan la acusaci\u00f3n, ambas v\u00edctimas fueron torturadas y asesinadas por ser sospechosas de colaborar con esta investigaci\u00f3n. Mill\u00e1n es el \u00fanico acusado con pena m\u00ednima obligatoria de cadena perpetua.<\/p>\n\n\n\n<p>Completan la lista Marco Antonio Almanza Avil\u00e9s y Alberto Jorge Contreras N\u00fa\u00f1ez <em>Cholo<\/em>, ambos ex jefes de la Polic\u00eda Investigadora de la Fiscal\u00eda estatal; Gerardo M\u00e9rida S\u00e1nchez, ex Secretario de Seguridad P\u00fablica; y Jos\u00e9 Antonio Dionisio Hip\u00f3lito <em>Tornado<\/em>, ex Subdirector de la Polic\u00eda Estatal de Sinaloa.<\/p>\n\n\n\n<p>Todos los acusados, salvo Mill\u00e1n, enfrentan penas de entre 40 a\u00f1os y cadena perpetua. Se cree que los diez residen actualmente en M\u00e9xico.<\/p>\n\n\n\n<p>Esta acusaci\u00f3n se suma a una serie presentada desde 2023 en el mismo distrito, que suman en total m\u00e1s de 30 imputados vinculados al C\u00e1rtel de Sinaloa.<\/p>\n","protected":false},"excerpt":{"rendered":"<p>Ciudad de M\u00e9xico. El \u2060Departamento de \u2060Justicia (DOJ, \u2060por sus siglas en ingl\u00e9s) de Estados Unidos present\u00f3 cargos este mi\u00e9rcoles contra el gobernador \u2060del estado \u200bmexicano Sinaloa, Rub\u00e9n \u2060Rocha, y otros funcionarios y ex funcionarios, \u200cpor su \u200cpresunta vinculaci\u00f3n con el C\u00e1rtel de Sinaloa. El \u200bDOJ afirm\u00f3 que \u200bRocha \u200by los dem\u00e1s \u200cse\u00f1alados presuntamente conspiraron [&hellip;]<\/p>\n","protected":false},"author":4,"featured_media":76728,"comment_status":"closed","ping_status":"open","sticky":false,"template":"","format":"standard","meta":{"footnotes":""},"categories":[2,19],"tags":[],"class_list":{"0":"post-76726","1":"post","2":"type-post","3":"status-publish","4":"format-standard","5":"has-post-thumbnail","7":"category-oaxaca","8":"category-nacional"},"yoast_head":"<!-- This site is optimized with the Yoast SEO plugin v27.4 - https:\/\/yoast.com\/product\/yoast-seo-wordpress\/ -->\n<title>EU acusa a gobernador Rocha Moya de narcotr\u00e1fico; lo se\u00f1alan de proteger a &quot;Los Chapitos&quot; - LA BRAVA RADIO<\/title>\n<meta name=\"robots\" content=\"index, follow, max-snippet:-1, max-image-preview:large, max-video-preview:-1\" \/>\n<link rel=\"canonical\" href=\"https:\/\/www.bbmnoticias.com\/eu-acusa-a-gobernador-rocha-moya-de-narcotrafico-lo-senalan-de-proteger-a-los-chapitos\/\" \/>\n<meta property=\"og:locale\" content=\"es_MX\" \/>\n<meta property=\"og:type\" content=\"article\" \/>\n<meta property=\"og:title\" content=\"EU acusa a gobernador Rocha Moya de narcotr\u00e1fico; lo se\u00f1alan de proteger a &quot;Los Chapitos&quot; - LA BRAVA RADIO\" \/>\n<meta property=\"og:description\" content=\"Ciudad de M\u00e9xico. El \u2060Departamento de \u2060Justicia (DOJ, \u2060por sus siglas en ingl\u00e9s) de Estados Unidos present\u00f3 cargos este mi\u00e9rcoles contra el gobernador \u2060del estado \u200bmexicano Sinaloa, Rub\u00e9n \u2060Rocha, y otros funcionarios y ex funcionarios, \u200cpor su \u200cpresunta vinculaci\u00f3n con el C\u00e1rtel de Sinaloa. El \u200bDOJ afirm\u00f3 que \u200bRocha \u200by los dem\u00e1s \u200cse\u00f1alados presuntamente conspiraron [&hellip;]\" \/>\n<meta property=\"og:url\" content=\"https:\/\/www.bbmnoticias.com\/eu-acusa-a-gobernador-rocha-moya-de-narcotrafico-lo-senalan-de-proteger-a-los-chapitos\/\" \/>\n<meta property=\"og:site_name\" content=\"LA BRAVA RADIO\" \/>\n<meta property=\"article:published_time\" content=\"2026-04-29T20:06:38+00:00\" \/>\n<meta property=\"article:modified_time\" content=\"2026-04-29T21:33:58+00:00\" \/>\n<meta property=\"og:image\" content=\"https:\/\/www.bbmnoticias.com\/labravaradiofm\/wp-content\/uploads\/sites\/5\/2026\/04\/estados-unidos-acusa-a-gobernador-ruben-rocha-de-narcotrafico.webp\" \/>\n\t<meta property=\"og:image:width\" content=\"1200\" \/>\n\t<meta property=\"og:image:height\" content=\"848\" \/>\n\t<meta property=\"og:image:type\" content=\"image\/webp\" \/>\n<meta name=\"author\" content=\"Agencias\" \/>\n<meta name=\"twitter:card\" content=\"summary_large_image\" \/>\n<meta name=\"twitter:label1\" content=\"Escrito por\" \/>\n\t<meta name=\"twitter:data1\" content=\"Agencias\" \/>\n\t<meta name=\"twitter:label2\" content=\"Tiempo de lectura\" \/>\n\t<meta name=\"twitter:data2\" content=\"3 minutos\" \/>\n<script type=\"application\/ld+json\" class=\"yoast-schema-graph\">{\"@context\":\"https:\\\/\\\/schema.org\",\"@graph\":[{\"@type\":\"Article\",\"@id\":\"https:\\\/\\\/www.bbmnoticias.com\\\/eu-acusa-a-gobernador-rocha-moya-de-narcotrafico-lo-senalan-de-proteger-a-los-chapitos\\\/#article\",\"isPartOf\":{\"@id\":\"https:\\\/\\\/www.bbmnoticias.com\\\/labravaradiofm\\\/2026\\\/04\\\/29\\\/eu-acusa-a-gobernador-rocha-moya-de-narcotrafico-lo-senalan-de-proteger-a-los-chapitos\\\/\"},\"author\":{\"name\":\"Agencias\",\"@id\":\"https:\\\/\\\/www.bbmnoticias.com\\\/labravaradiofm\\\/#\\\/schema\\\/person\\\/000bdaf0a8fb5bff0d537c4d0778e33f\"},\"headline\":\"EU acusa a gobernador Rocha Moya de narcotr\u00e1fico; lo se\u00f1alan de proteger a &#8220;Los Chapitos&#8221;\",\"datePublished\":\"2026-04-29T20:06:38+00:00\",\"dateModified\":\"2026-04-29T21:33:58+00:00\",\"mainEntityOfPage\":{\"@id\":\"https:\\\/\\\/www.bbmnoticias.com\\\/labravaradiofm\\\/2026\\\/04\\\/29\\\/eu-acusa-a-gobernador-rocha-moya-de-narcotrafico-lo-senalan-de-proteger-a-los-chapitos\\\/\"},\"wordCount\":545,\"image\":{\"@id\":\"https:\\\/\\\/www.bbmnoticias.com\\\/eu-acusa-a-gobernador-rocha-moya-de-narcotrafico-lo-senalan-de-proteger-a-los-chapitos\\\/#primaryimage\"},\"thumbnailUrl\":\"https:\\\/\\\/www.bbmnoticias.com\\\/labravaradiofm\\\/wp-content\\\/uploads\\\/sites\\\/5\\\/2026\\\/04\\\/estados-unidos-acusa-a-gobernador-ruben-rocha-de-narcotrafico.webp\",\"articleSection\":[\"LOCAL\",\"NACIONAL\"],\"inLanguage\":\"es\"},{\"@type\":\"WebPage\",\"@id\":\"https:\\\/\\\/www.bbmnoticias.com\\\/labravaradiofm\\\/2026\\\/04\\\/29\\\/eu-acusa-a-gobernador-rocha-moya-de-narcotrafico-lo-senalan-de-proteger-a-los-chapitos\\\/\",\"url\":\"https:\\\/\\\/www.bbmnoticias.com\\\/eu-acusa-a-gobernador-rocha-moya-de-narcotrafico-lo-senalan-de-proteger-a-los-chapitos\\\/\",\"name\":\"EU acusa a gobernador Rocha Moya de narcotr\u00e1fico; lo se\u00f1alan de proteger a \\\"Los Chapitos\\\" - LA BRAVA RADIO\",\"isPartOf\":{\"@id\":\"https:\\\/\\\/www.bbmnoticias.com\\\/labravaradiofm\\\/#website\"},\"primaryImageOfPage\":{\"@id\":\"https:\\\/\\\/www.bbmnoticias.com\\\/eu-acusa-a-gobernador-rocha-moya-de-narcotrafico-lo-senalan-de-proteger-a-los-chapitos\\\/#primaryimage\"},\"image\":{\"@id\":\"https:\\\/\\\/www.bbmnoticias.com\\\/eu-acusa-a-gobernador-rocha-moya-de-narcotrafico-lo-senalan-de-proteger-a-los-chapitos\\\/#primaryimage\"},\"thumbnailUrl\":\"https:\\\/\\\/www.bbmnoticias.com\\\/labravaradiofm\\\/wp-content\\\/uploads\\\/sites\\\/5\\\/2026\\\/04\\\/estados-unidos-acusa-a-gobernador-ruben-rocha-de-narcotrafico.webp\",\"datePublished\":\"2026-04-29T20:06:38+00:00\",\"dateModified\":\"2026-04-29T21:33:58+00:00\",\"author\":{\"@id\":\"https:\\\/\\\/www.bbmnoticias.com\\\/labravaradiofm\\\/#\\\/schema\\\/person\\\/000bdaf0a8fb5bff0d537c4d0778e33f\"},\"breadcrumb\":{\"@id\":\"https:\\\/\\\/www.bbmnoticias.com\\\/eu-acusa-a-gobernador-rocha-moya-de-narcotrafico-lo-senalan-de-proteger-a-los-chapitos\\\/#breadcrumb\"},\"inLanguage\":\"es\",\"potentialAction\":[{\"@type\":\"ReadAction\",\"target\":[\"https:\\\/\\\/www.bbmnoticias.com\\\/eu-acusa-a-gobernador-rocha-moya-de-narcotrafico-lo-senalan-de-proteger-a-los-chapitos\\\/\"]}]},{\"@type\":\"ImageObject\",\"inLanguage\":\"es\",\"@id\":\"https:\\\/\\\/www.bbmnoticias.com\\\/eu-acusa-a-gobernador-rocha-moya-de-narcotrafico-lo-senalan-de-proteger-a-los-chapitos\\\/#primaryimage\",\"url\":\"https:\\\/\\\/www.bbmnoticias.com\\\/labravaradiofm\\\/wp-content\\\/uploads\\\/sites\\\/5\\\/2026\\\/04\\\/estados-unidos-acusa-a-gobernador-ruben-rocha-de-narcotrafico.webp\",\"contentUrl\":\"https:\\\/\\\/www.bbmnoticias.com\\\/labravaradiofm\\\/wp-content\\\/uploads\\\/sites\\\/5\\\/2026\\\/04\\\/estados-unidos-acusa-a-gobernador-ruben-rocha-de-narcotrafico.webp\",\"width\":1200,\"height\":848},{\"@type\":\"BreadcrumbList\",\"@id\":\"https:\\\/\\\/www.bbmnoticias.com\\\/eu-acusa-a-gobernador-rocha-moya-de-narcotrafico-lo-senalan-de-proteger-a-los-chapitos\\\/#breadcrumb\",\"itemListElement\":[{\"@type\":\"ListItem\",\"position\":1,\"name\":\"Inicio\",\"item\":\"https:\\\/\\\/www.bbmnoticias.com\\\/labravaradiofm\\\/\"},{\"@type\":\"ListItem\",\"position\":2,\"name\":\"EU acusa a gobernador Rocha Moya de narcotr\u00e1fico; lo se\u00f1alan de proteger a &#8220;Los Chapitos&#8221;\"}]},{\"@type\":\"WebSite\",\"@id\":\"https:\\\/\\\/www.bbmnoticias.com\\\/labravaradiofm\\\/#website\",\"url\":\"https:\\\/\\\/www.bbmnoticias.com\\\/labravaradiofm\\\/\",\"name\":\"LA BRAVA RADIO\",\"description\":\"Empresa productora de medios, Radiodifusi\u00f3n, Noticias, tendencias y todo lo que necesitas saber de la pol\u00edtica mexicana e internacional; entretenimiento, espect\u00e1culos, salud y mucho m\u00e1s.\",\"potentialAction\":[{\"@type\":\"SearchAction\",\"target\":{\"@type\":\"EntryPoint\",\"urlTemplate\":\"https:\\\/\\\/www.bbmnoticias.com\\\/labravaradiofm\\\/?s={search_term_string}\"},\"query-input\":{\"@type\":\"PropertyValueSpecification\",\"valueRequired\":true,\"valueName\":\"search_term_string\"}}],\"inLanguage\":\"es\"},{\"@type\":\"Person\",\"@id\":\"https:\\\/\\\/www.bbmnoticias.com\\\/labravaradiofm\\\/#\\\/schema\\\/person\\\/000bdaf0a8fb5bff0d537c4d0778e33f\",\"name\":\"Agencias\",\"image\":{\"@type\":\"ImageObject\",\"inLanguage\":\"es\",\"@id\":\"https:\\\/\\\/secure.gravatar.com\\\/avatar\\\/739e0b61adf9e398b425c36718c8752286da0e8cd90f20ce9a86678abc26aa0d?s=96&d=mm&r=g\",\"url\":\"https:\\\/\\\/secure.gravatar.com\\\/avatar\\\/739e0b61adf9e398b425c36718c8752286da0e8cd90f20ce9a86678abc26aa0d?s=96&d=mm&r=g\",\"contentUrl\":\"https:\\\/\\\/secure.gravatar.com\\\/avatar\\\/739e0b61adf9e398b425c36718c8752286da0e8cd90f20ce9a86678abc26aa0d?s=96&d=mm&r=g\",\"caption\":\"Agencias\"},\"url\":\"https:\\\/\\\/www.bbmnoticias.com\\\/labravaradiofm\\\/author\\\/agencias\\\/\"}]}<\/script>\n<!-- \/ Yoast SEO plugin. -->","yoast_head_json":{"title":"EU acusa a gobernador Rocha Moya de narcotr\u00e1fico; lo se\u00f1alan de proteger a \"Los Chapitos\" - LA BRAVA RADIO","robots":{"index":"index","follow":"follow","max-snippet":"max-snippet:-1","max-image-preview":"max-image-preview:large","max-video-preview":"max-video-preview:-1"},"canonical":"https:\/\/www.bbmnoticias.com\/eu-acusa-a-gobernador-rocha-moya-de-narcotrafico-lo-senalan-de-proteger-a-los-chapitos\/","og_locale":"es_MX","og_type":"article","og_title":"EU acusa a gobernador Rocha Moya de narcotr\u00e1fico; lo se\u00f1alan de proteger a \"Los Chapitos\" - LA BRAVA RADIO","og_description":"Ciudad de M\u00e9xico. El \u2060Departamento de \u2060Justicia (DOJ, \u2060por sus siglas en ingl\u00e9s) de Estados Unidos present\u00f3 cargos este mi\u00e9rcoles contra el gobernador \u2060del estado \u200bmexicano Sinaloa, Rub\u00e9n \u2060Rocha, y otros funcionarios y ex funcionarios, \u200cpor su \u200cpresunta vinculaci\u00f3n con el C\u00e1rtel de Sinaloa. El \u200bDOJ afirm\u00f3 que \u200bRocha \u200by los dem\u00e1s \u200cse\u00f1alados presuntamente conspiraron [&hellip;]","og_url":"https:\/\/www.bbmnoticias.com\/eu-acusa-a-gobernador-rocha-moya-de-narcotrafico-lo-senalan-de-proteger-a-los-chapitos\/","og_site_name":"LA BRAVA RADIO","article_published_time":"2026-04-29T20:06:38+00:00","article_modified_time":"2026-04-29T21:33:58+00:00","og_image":[{"width":1200,"height":848,"url":"https:\/\/www.bbmnoticias.com\/labravaradiofm\/wp-content\/uploads\/sites\/5\/2026\/04\/estados-unidos-acusa-a-gobernador-ruben-rocha-de-narcotrafico.webp","type":"image\/webp"}],"author":"Agencias","twitter_card":"summary_large_image","twitter_misc":{"Escrito por":"Agencias","Tiempo de lectura":"3 minutos"},"schema":{"@context":"https:\/\/schema.org","@graph":[{"@type":"Article","@id":"https:\/\/www.bbmnoticias.com\/eu-acusa-a-gobernador-rocha-moya-de-narcotrafico-lo-senalan-de-proteger-a-los-chapitos\/#article","isPartOf":{"@id":"https:\/\/www.bbmnoticias.com\/labravaradiofm\/2026\/04\/29\/eu-acusa-a-gobernador-rocha-moya-de-narcotrafico-lo-senalan-de-proteger-a-los-chapitos\/"},"author":{"name":"Agencias","@id":"https:\/\/www.bbmnoticias.com\/labravaradiofm\/#\/schema\/person\/000bdaf0a8fb5bff0d537c4d0778e33f"},"headline":"EU acusa a gobernador Rocha Moya de narcotr\u00e1fico; lo se\u00f1alan de proteger a &#8220;Los Chapitos&#8221;","datePublished":"2026-04-29T20:06:38+00:00","dateModified":"2026-04-29T21:33:58+00:00","mainEntityOfPage":{"@id":"https:\/\/www.bbmnoticias.com\/labravaradiofm\/2026\/04\/29\/eu-acusa-a-gobernador-rocha-moya-de-narcotrafico-lo-senalan-de-proteger-a-los-chapitos\/"},"wordCount":545,"image":{"@id":"https:\/\/www.bbmnoticias.com\/eu-acusa-a-gobernador-rocha-moya-de-narcotrafico-lo-senalan-de-proteger-a-los-chapitos\/#primaryimage"},"thumbnailUrl":"https:\/\/www.bbmnoticias.com\/labravaradiofm\/wp-content\/uploads\/sites\/5\/2026\/04\/estados-unidos-acusa-a-gobernador-ruben-rocha-de-narcotrafico.webp","articleSection":["LOCAL","NACIONAL"],"inLanguage":"es"},{"@type":"WebPage","@id":"https:\/\/www.bbmnoticias.com\/labravaradiofm\/2026\/04\/29\/eu-acusa-a-gobernador-rocha-moya-de-narcotrafico-lo-senalan-de-proteger-a-los-chapitos\/","url":"https:\/\/www.bbmnoticias.com\/eu-acusa-a-gobernador-rocha-moya-de-narcotrafico-lo-senalan-de-proteger-a-los-chapitos\/","name":"EU acusa a gobernador Rocha Moya de narcotr\u00e1fico; lo se\u00f1alan de proteger a \"Los Chapitos\" - LA BRAVA RADIO","isPartOf":{"@id":"https:\/\/www.bbmnoticias.com\/labravaradiofm\/#website"},"primaryImageOfPage":{"@id":"https:\/\/www.bbmnoticias.com\/eu-acusa-a-gobernador-rocha-moya-de-narcotrafico-lo-senalan-de-proteger-a-los-chapitos\/#primaryimage"},"image":{"@id":"https:\/\/www.bbmnoticias.com\/eu-acusa-a-gobernador-rocha-moya-de-narcotrafico-lo-senalan-de-proteger-a-los-chapitos\/#primaryimage"},"thumbnailUrl":"https:\/\/www.bbmnoticias.com\/labravaradiofm\/wp-content\/uploads\/sites\/5\/2026\/04\/estados-unidos-acusa-a-gobernador-ruben-rocha-de-narcotrafico.webp","datePublished":"2026-04-29T20:06:38+00:00","dateModified":"2026-04-29T21:33:58+00:00","author":{"@id":"https:\/\/www.bbmnoticias.com\/labravaradiofm\/#\/schema\/person\/000bdaf0a8fb5bff0d537c4d0778e33f"},"breadcrumb":{"@id":"https:\/\/www.bbmnoticias.com\/eu-acusa-a-gobernador-rocha-moya-de-narcotrafico-lo-senalan-de-proteger-a-los-chapitos\/#breadcrumb"},"inLanguage":"es","potentialAction":[{"@type":"ReadAction","target":["https:\/\/www.bbmnoticias.com\/eu-acusa-a-gobernador-rocha-moya-de-narcotrafico-lo-senalan-de-proteger-a-los-chapitos\/"]}]},{"@type":"ImageObject","inLanguage":"es","@id":"https:\/\/www.bbmnoticias.com\/eu-acusa-a-gobernador-rocha-moya-de-narcotrafico-lo-senalan-de-proteger-a-los-chapitos\/#primaryimage","url":"https:\/\/www.bbmnoticias.com\/labravaradiofm\/wp-content\/uploads\/sites\/5\/2026\/04\/estados-unidos-acusa-a-gobernador-ruben-rocha-de-narcotrafico.webp","contentUrl":"https:\/\/www.bbmnoticias.com\/labravaradiofm\/wp-content\/uploads\/sites\/5\/2026\/04\/estados-unidos-acusa-a-gobernador-ruben-rocha-de-narcotrafico.webp","width":1200,"height":848},{"@type":"BreadcrumbList","@id":"https:\/\/www.bbmnoticias.com\/eu-acusa-a-gobernador-rocha-moya-de-narcotrafico-lo-senalan-de-proteger-a-los-chapitos\/#breadcrumb","itemListElement":[{"@type":"ListItem","position":1,"name":"Inicio","item":"https:\/\/www.bbmnoticias.com\/labravaradiofm\/"},{"@type":"ListItem","position":2,"name":"EU acusa a gobernador Rocha Moya de narcotr\u00e1fico; lo se\u00f1alan de proteger a &#8220;Los Chapitos&#8221;"}]},{"@type":"WebSite","@id":"https:\/\/www.bbmnoticias.com\/labravaradiofm\/#website","url":"https:\/\/www.bbmnoticias.com\/labravaradiofm\/","name":"LA BRAVA RADIO","description":"Empresa productora de medios, Radiodifusi\u00f3n, Noticias, tendencias y todo lo que necesitas saber de la pol\u00edtica mexicana e internacional; entretenimiento, espect\u00e1culos, salud y mucho m\u00e1s.","potentialAction":[{"@type":"SearchAction","target":{"@type":"EntryPoint","urlTemplate":"https:\/\/www.bbmnoticias.com\/labravaradiofm\/?s={search_term_string}"},"query-input":{"@type":"PropertyValueSpecification","valueRequired":true,"valueName":"search_term_string"}}],"inLanguage":"es"},{"@type":"Person","@id":"https:\/\/www.bbmnoticias.com\/labravaradiofm\/#\/schema\/person\/000bdaf0a8fb5bff0d537c4d0778e33f","name":"Agencias","image":{"@type":"ImageObject","inLanguage":"es","@id":"https:\/\/secure.gravatar.com\/avatar\/739e0b61adf9e398b425c36718c8752286da0e8cd90f20ce9a86678abc26aa0d?s=96&d=mm&r=g","url":"https:\/\/secure.gravatar.com\/avatar\/739e0b61adf9e398b425c36718c8752286da0e8cd90f20ce9a86678abc26aa0d?s=96&d=mm&r=g","contentUrl":"https:\/\/secure.gravatar.com\/avatar\/739e0b61adf9e398b425c36718c8752286da0e8cd90f20ce9a86678abc26aa0d?s=96&d=mm&r=g","caption":"Agencias"},"url":"https:\/\/www.bbmnoticias.com\/labravaradiofm\/author\/agencias\/"}]}},"_links":{"self":[{"href":"https:\/\/www.bbmnoticias.com\/labravaradiofm\/wp-json\/wp\/v2\/posts\/76726","targetHints":{"allow":["GET"]}}],"collection":[{"href":"https:\/\/www.bbmnoticias.com\/labravaradiofm\/wp-json\/wp\/v2\/posts"}],"about":[{"href":"https:\/\/www.bbmnoticias.com\/labravaradiofm\/wp-json\/wp\/v2\/types\/post"}],"author":[{"embeddable":true,"href":"https:\/\/www.bbmnoticias.com\/labravaradiofm\/wp-json\/wp\/v2\/users\/4"}],"replies":[{"embeddable":true,"href":"https:\/\/www.bbmnoticias.com\/labravaradiofm\/wp-json\/wp\/v2\/comments?post=76726"}],"version-history":[{"count":1,"href":"https:\/\/www.bbmnoticias.com\/labravaradiofm\/wp-json\/wp\/v2\/posts\/76726\/revisions"}],"predecessor-version":[{"id":76727,"href":"https:\/\/www.bbmnoticias.com\/labravaradiofm\/wp-json\/wp\/v2\/posts\/76726\/revisions\/76727"}],"wp:featuredmedia":[{"embeddable":true,"href":"https:\/\/www.bbmnoticias.com\/labravaradiofm\/wp-json\/wp\/v2\/media\/76728"}],"wp:attachment":[{"href":"https:\/\/www.bbmnoticias.com\/labravaradiofm\/wp-json\/wp\/v2\/media?parent=76726"}],"wp:term":[{"taxonomy":"category","embeddable":true,"href":"https:\/\/www.bbmnoticias.com\/labravaradiofm\/wp-json\/wp\/v2\/categories?post=76726"},{"taxonomy":"post_tag","embeddable":true,"href":"https:\/\/www.bbmnoticias.com\/labravaradiofm\/wp-json\/wp\/v2\/tags?post=76726"}],"curies":[{"name":"wp","href":"https:\/\/api.w.org\/{rel}","templated":true}]}}