{"id":76720,"date":"2026-04-29T10:19:38","date_gmt":"2026-04-29T16:19:38","guid":{"rendered":"https:\/\/www.bbmnoticias.com\/labravaradiofm\/2026\/04\/29\/protesta-en-secundaria-tecnica-169-deriva-en-bloqueo-total-de-la-carretera-federal-190\/"},"modified":"2026-04-29T10:20:02","modified_gmt":"2026-04-29T16:20:02","slug":"protesta-en-secundaria-tecnica-169-deriva-en-bloqueo-total-de-la-carretera-federal-190","status":"publish","type":"post","link":"https:\/\/www.bbmnoticias.com\/labravaradiofm\/2026\/04\/29\/protesta-en-secundaria-tecnica-169-deriva-en-bloqueo-total-de-la-carretera-federal-190\/","title":{"rendered":"Protesta en Secundaria T\u00e9cnica 169 deriva en bloqueo total de la carretera federal 190"},"content":{"rendered":"<div style=\"margin-top: 0px; margin-bottom: 0px;\" class=\"sharethis-inline-share-buttons\" ><\/div>\n<p>Padres de familia y alumnos de la Secundaria T\u00e9cnica 169, en San Pablo Etla, intensificaron sus protestas este mi\u00e9rcoles al bloquear por completo la Carretera Federal 190, luego de que autoridades educativas incumplieran acuerdos previos.<\/p>\n\n\n\n<p>La inconformidad surgi\u00f3 tras el presunto incumplimiento de una minuta firmada el d\u00eda anterior con el Instituto Estatal de Educaci\u00f3n P\u00fablica de Oaxaca (IEEPO), en la que se establec\u00eda la salida del director Reimundo Antonio Ventura y de la coordinadora Deyanira Z\u00e1rate.<\/p>\n\n\n\n<p>Ante la falta de respuesta, los manifestantes retuvieron unidades del sistema de transporte BinniBus, utiliz\u00e1ndolas para cerrar la circulaci\u00f3n vehicular en esta importante v\u00eda federal, lo que ha generado afectaciones al tr\u00e1nsito en la zona.<\/p>\n\n\n\n<p>Desde temprana hora, la instituci\u00f3n educativa permaneci\u00f3 cerrada, dejando sin clases a m\u00e1s de 500 estudiantes por tercer d\u00eda consecutivo. Padres de familia se\u00f1alaron que la medida busca presionar a las autoridades para que cumplan los acuerdos establecidos.<\/p>\n\n\n\n<p>Hasta el momento, no se ha emitido un posicionamiento oficial por parte del IEEPO respecto a las demandas de la comunidad escolar ni sobre las acciones emprendidas para resolver el conflicto.<\/p>\n\n\n\n<p>La situaci\u00f3n contin\u00faa en desarrollo, mientras automovilistas buscan rutas alternas y crece la expectativa por una pronta soluci\u00f3n que permita restablecer las actividades escolares y la circulaci\u00f3n en la zona.<\/p>\n","protected":false},"excerpt":{"rendered":"<p>Padres de familia y alumnos de la Secundaria T\u00e9cnica 169, en San Pablo Etla, intensificaron sus protestas este mi\u00e9rcoles al bloquear por completo la Carretera Federal 190, luego de que autoridades educativas incumplieran acuerdos previos. La inconformidad surgi\u00f3 tras el presunto incumplimiento de una minuta firmada el d\u00eda anterior con el Instituto Estatal de Educaci\u00f3n [&hellip;]<\/p>\n","protected":false},"author":2,"featured_media":76722,"comment_status":"closed","ping_status":"open","sticky":false,"template":"","format":"standard","meta":{"footnotes":""},"categories":[2],"tags":[],"class_list":{"0":"post-76720","1":"post","2":"type-post","3":"status-publish","4":"format-standard","5":"has-post-thumbnail","7":"category-oaxaca"},"yoast_head":"<!-- This site is optimized with the Yoast SEO plugin v27.4 - https:\/\/yoast.com\/product\/yoast-seo-wordpress\/ -->\n<title>Protesta en Secundaria T\u00e9cnica 169 deriva en bloqueo total de la carretera federal 190 - LA BRAVA RADIO<\/title>\n<meta name=\"robots\" content=\"index, follow, max-snippet:-1, max-image-preview:large, max-video-preview:-1\" \/>\n<link rel=\"canonical\" href=\"https:\/\/www.bbmnoticias.com\/protesta-en-secundaria-tecnica-169-deriva-en-bloqueo-total-de-la-carretera-federal-190\/\" \/>\n<meta property=\"og:locale\" content=\"es_MX\" \/>\n<meta property=\"og:type\" content=\"article\" \/>\n<meta property=\"og:title\" content=\"Protesta en Secundaria T\u00e9cnica 169 deriva en bloqueo total de la carretera federal 190 - LA BRAVA RADIO\" \/>\n<meta property=\"og:description\" content=\"Padres de familia y alumnos de la Secundaria T\u00e9cnica 169, en San Pablo Etla, intensificaron sus protestas este mi\u00e9rcoles al bloquear por completo la Carretera Federal 190, luego de que autoridades educativas incumplieran acuerdos previos. La inconformidad surgi\u00f3 tras el presunto incumplimiento de una minuta firmada el d\u00eda anterior con el Instituto Estatal de Educaci\u00f3n [&hellip;]\" \/>\n<meta property=\"og:url\" content=\"https:\/\/www.bbmnoticias.com\/protesta-en-secundaria-tecnica-169-deriva-en-bloqueo-total-de-la-carretera-federal-190\/\" \/>\n<meta property=\"og:site_name\" content=\"LA BRAVA RADIO\" \/>\n<meta property=\"article:published_time\" content=\"2026-04-29T16:19:38+00:00\" \/>\n<meta property=\"article:modified_time\" content=\"2026-04-29T16:20:02+00:00\" \/>\n<meta property=\"og:image\" content=\"https:\/\/www.bbmnoticias.com\/labravaradiofm\/wp-content\/uploads\/sites\/5\/2026\/04\/bloqueo_padres_familia.jpg\" \/>\n\t<meta property=\"og:image:width\" content=\"800\" \/>\n\t<meta property=\"og:image:height\" content=\"508\" \/>\n\t<meta property=\"og:image:type\" content=\"image\/jpeg\" \/>\n<meta name=\"author\" content=\"Staff\" \/>\n<meta name=\"twitter:card\" content=\"summary_large_image\" \/>\n<meta name=\"twitter:label1\" content=\"Escrito por\" \/>\n\t<meta name=\"twitter:data1\" content=\"Staff\" \/>\n\t<meta name=\"twitter:label2\" content=\"Tiempo de lectura\" \/>\n\t<meta name=\"twitter:data2\" content=\"1 minuto\" \/>\n<script type=\"application\/ld+json\" class=\"yoast-schema-graph\">{\"@context\":\"https:\\\/\\\/schema.org\",\"@graph\":[{\"@type\":\"Article\",\"@id\":\"https:\\\/\\\/www.bbmnoticias.com\\\/protesta-en-secundaria-tecnica-169-deriva-en-bloqueo-total-de-la-carretera-federal-190\\\/#article\",\"isPartOf\":{\"@id\":\"https:\\\/\\\/www.bbmnoticias.com\\\/labravaradiofm\\\/2026\\\/04\\\/29\\\/protesta-en-secundaria-tecnica-169-deriva-en-bloqueo-total-de-la-carretera-federal-190\\\/\"},\"author\":{\"name\":\"Staff\",\"@id\":\"https:\\\/\\\/www.bbmnoticias.com\\\/labravaradiofm\\\/#\\\/schema\\\/person\\\/68a9e9036ef3c5b55aeb2b71dc8bab45\"},\"headline\":\"Protesta en Secundaria T\u00e9cnica 169 deriva en bloqueo total de la carretera federal 190\",\"datePublished\":\"2026-04-29T16:19:38+00:00\",\"dateModified\":\"2026-04-29T16:20:02+00:00\",\"mainEntityOfPage\":{\"@id\":\"https:\\\/\\\/www.bbmnoticias.com\\\/labravaradiofm\\\/2026\\\/04\\\/29\\\/protesta-en-secundaria-tecnica-169-deriva-en-bloqueo-total-de-la-carretera-federal-190\\\/\"},\"wordCount\":240,\"image\":{\"@id\":\"https:\\\/\\\/www.bbmnoticias.com\\\/protesta-en-secundaria-tecnica-169-deriva-en-bloqueo-total-de-la-carretera-federal-190\\\/#primaryimage\"},\"thumbnailUrl\":\"https:\\\/\\\/www.bbmnoticias.com\\\/labravaradiofm\\\/wp-content\\\/uploads\\\/sites\\\/5\\\/2026\\\/04\\\/bloqueo_padres_familia.jpg\",\"articleSection\":[\"LOCAL\"],\"inLanguage\":\"es\"},{\"@type\":\"WebPage\",\"@id\":\"https:\\\/\\\/www.bbmnoticias.com\\\/labravaradiofm\\\/2026\\\/04\\\/29\\\/protesta-en-secundaria-tecnica-169-deriva-en-bloqueo-total-de-la-carretera-federal-190\\\/\",\"url\":\"https:\\\/\\\/www.bbmnoticias.com\\\/protesta-en-secundaria-tecnica-169-deriva-en-bloqueo-total-de-la-carretera-federal-190\\\/\",\"name\":\"Protesta en Secundaria T\u00e9cnica 169 deriva en bloqueo total de la carretera federal 190 - LA BRAVA RADIO\",\"isPartOf\":{\"@id\":\"https:\\\/\\\/www.bbmnoticias.com\\\/labravaradiofm\\\/#website\"},\"primaryImageOfPage\":{\"@id\":\"https:\\\/\\\/www.bbmnoticias.com\\\/protesta-en-secundaria-tecnica-169-deriva-en-bloqueo-total-de-la-carretera-federal-190\\\/#primaryimage\"},\"image\":{\"@id\":\"https:\\\/\\\/www.bbmnoticias.com\\\/protesta-en-secundaria-tecnica-169-deriva-en-bloqueo-total-de-la-carretera-federal-190\\\/#primaryimage\"},\"thumbnailUrl\":\"https:\\\/\\\/www.bbmnoticias.com\\\/labravaradiofm\\\/wp-content\\\/uploads\\\/sites\\\/5\\\/2026\\\/04\\\/bloqueo_padres_familia.jpg\",\"datePublished\":\"2026-04-29T16:19:38+00:00\",\"dateModified\":\"2026-04-29T16:20:02+00:00\",\"author\":{\"@id\":\"https:\\\/\\\/www.bbmnoticias.com\\\/labravaradiofm\\\/#\\\/schema\\\/person\\\/68a9e9036ef3c5b55aeb2b71dc8bab45\"},\"breadcrumb\":{\"@id\":\"https:\\\/\\\/www.bbmnoticias.com\\\/protesta-en-secundaria-tecnica-169-deriva-en-bloqueo-total-de-la-carretera-federal-190\\\/#breadcrumb\"},\"inLanguage\":\"es\",\"potentialAction\":[{\"@type\":\"ReadAction\",\"target\":[\"https:\\\/\\\/www.bbmnoticias.com\\\/protesta-en-secundaria-tecnica-169-deriva-en-bloqueo-total-de-la-carretera-federal-190\\\/\"]}]},{\"@type\":\"ImageObject\",\"inLanguage\":\"es\",\"@id\":\"https:\\\/\\\/www.bbmnoticias.com\\\/protesta-en-secundaria-tecnica-169-deriva-en-bloqueo-total-de-la-carretera-federal-190\\\/#primaryimage\",\"url\":\"https:\\\/\\\/www.bbmnoticias.com\\\/labravaradiofm\\\/wp-content\\\/uploads\\\/sites\\\/5\\\/2026\\\/04\\\/bloqueo_padres_familia.jpg\",\"contentUrl\":\"https:\\\/\\\/www.bbmnoticias.com\\\/labravaradiofm\\\/wp-content\\\/uploads\\\/sites\\\/5\\\/2026\\\/04\\\/bloqueo_padres_familia.jpg\",\"width\":800,\"height\":508},{\"@type\":\"BreadcrumbList\",\"@id\":\"https:\\\/\\\/www.bbmnoticias.com\\\/protesta-en-secundaria-tecnica-169-deriva-en-bloqueo-total-de-la-carretera-federal-190\\\/#breadcrumb\",\"itemListElement\":[{\"@type\":\"ListItem\",\"position\":1,\"name\":\"Inicio\",\"item\":\"https:\\\/\\\/www.bbmnoticias.com\\\/labravaradiofm\\\/\"},{\"@type\":\"ListItem\",\"position\":2,\"name\":\"Protesta en Secundaria T\u00e9cnica 169 deriva en bloqueo total de la carretera federal 190\"}]},{\"@type\":\"WebSite\",\"@id\":\"https:\\\/\\\/www.bbmnoticias.com\\\/labravaradiofm\\\/#website\",\"url\":\"https:\\\/\\\/www.bbmnoticias.com\\\/labravaradiofm\\\/\",\"name\":\"LA BRAVA RADIO\",\"description\":\"Empresa productora de medios, Radiodifusi\u00f3n, Noticias, tendencias y todo lo que necesitas saber de la pol\u00edtica mexicana e internacional; entretenimiento, espect\u00e1culos, salud y mucho m\u00e1s.\",\"potentialAction\":[{\"@type\":\"SearchAction\",\"target\":{\"@type\":\"EntryPoint\",\"urlTemplate\":\"https:\\\/\\\/www.bbmnoticias.com\\\/labravaradiofm\\\/?s={search_term_string}\"},\"query-input\":{\"@type\":\"PropertyValueSpecification\",\"valueRequired\":true,\"valueName\":\"search_term_string\"}}],\"inLanguage\":\"es\"},{\"@type\":\"Person\",\"@id\":\"https:\\\/\\\/www.bbmnoticias.com\\\/labravaradiofm\\\/#\\\/schema\\\/person\\\/68a9e9036ef3c5b55aeb2b71dc8bab45\",\"name\":\"Staff\",\"image\":{\"@type\":\"ImageObject\",\"inLanguage\":\"es\",\"@id\":\"https:\\\/\\\/secure.gravatar.com\\\/avatar\\\/fdd21ad66fd8b98c407f9dee5b5e588cfe7f0d8579ec20fa6527cd59bab7f0f0?s=96&d=mm&r=g\",\"url\":\"https:\\\/\\\/secure.gravatar.com\\\/avatar\\\/fdd21ad66fd8b98c407f9dee5b5e588cfe7f0d8579ec20fa6527cd59bab7f0f0?s=96&d=mm&r=g\",\"contentUrl\":\"https:\\\/\\\/secure.gravatar.com\\\/avatar\\\/fdd21ad66fd8b98c407f9dee5b5e588cfe7f0d8579ec20fa6527cd59bab7f0f0?s=96&d=mm&r=g\",\"caption\":\"Staff\"},\"url\":\"https:\\\/\\\/www.bbmnoticias.com\\\/labravaradiofm\\\/author\\\/redaccion\\\/\"}]}<\/script>\n<!-- \/ Yoast SEO plugin. -->","yoast_head_json":{"title":"Protesta en Secundaria T\u00e9cnica 169 deriva en bloqueo total de la carretera federal 190 - LA BRAVA RADIO","robots":{"index":"index","follow":"follow","max-snippet":"max-snippet:-1","max-image-preview":"max-image-preview:large","max-video-preview":"max-video-preview:-1"},"canonical":"https:\/\/www.bbmnoticias.com\/protesta-en-secundaria-tecnica-169-deriva-en-bloqueo-total-de-la-carretera-federal-190\/","og_locale":"es_MX","og_type":"article","og_title":"Protesta en Secundaria T\u00e9cnica 169 deriva en bloqueo total de la carretera federal 190 - LA BRAVA RADIO","og_description":"Padres de familia y alumnos de la Secundaria T\u00e9cnica 169, en San Pablo Etla, intensificaron sus protestas este mi\u00e9rcoles al bloquear por completo la Carretera Federal 190, luego de que autoridades educativas incumplieran acuerdos previos. La inconformidad surgi\u00f3 tras el presunto incumplimiento de una minuta firmada el d\u00eda anterior con el Instituto Estatal de Educaci\u00f3n [&hellip;]","og_url":"https:\/\/www.bbmnoticias.com\/protesta-en-secundaria-tecnica-169-deriva-en-bloqueo-total-de-la-carretera-federal-190\/","og_site_name":"LA BRAVA RADIO","article_published_time":"2026-04-29T16:19:38+00:00","article_modified_time":"2026-04-29T16:20:02+00:00","og_image":[{"width":800,"height":508,"url":"https:\/\/www.bbmnoticias.com\/labravaradiofm\/wp-content\/uploads\/sites\/5\/2026\/04\/bloqueo_padres_familia.jpg","type":"image\/jpeg"}],"author":"Staff","twitter_card":"summary_large_image","twitter_misc":{"Escrito por":"Staff","Tiempo de lectura":"1 minuto"},"schema":{"@context":"https:\/\/schema.org","@graph":[{"@type":"Article","@id":"https:\/\/www.bbmnoticias.com\/protesta-en-secundaria-tecnica-169-deriva-en-bloqueo-total-de-la-carretera-federal-190\/#article","isPartOf":{"@id":"https:\/\/www.bbmnoticias.com\/labravaradiofm\/2026\/04\/29\/protesta-en-secundaria-tecnica-169-deriva-en-bloqueo-total-de-la-carretera-federal-190\/"},"author":{"name":"Staff","@id":"https:\/\/www.bbmnoticias.com\/labravaradiofm\/#\/schema\/person\/68a9e9036ef3c5b55aeb2b71dc8bab45"},"headline":"Protesta en Secundaria T\u00e9cnica 169 deriva en bloqueo total de la carretera federal 190","datePublished":"2026-04-29T16:19:38+00:00","dateModified":"2026-04-29T16:20:02+00:00","mainEntityOfPage":{"@id":"https:\/\/www.bbmnoticias.com\/labravaradiofm\/2026\/04\/29\/protesta-en-secundaria-tecnica-169-deriva-en-bloqueo-total-de-la-carretera-federal-190\/"},"wordCount":240,"image":{"@id":"https:\/\/www.bbmnoticias.com\/protesta-en-secundaria-tecnica-169-deriva-en-bloqueo-total-de-la-carretera-federal-190\/#primaryimage"},"thumbnailUrl":"https:\/\/www.bbmnoticias.com\/labravaradiofm\/wp-content\/uploads\/sites\/5\/2026\/04\/bloqueo_padres_familia.jpg","articleSection":["LOCAL"],"inLanguage":"es"},{"@type":"WebPage","@id":"https:\/\/www.bbmnoticias.com\/labravaradiofm\/2026\/04\/29\/protesta-en-secundaria-tecnica-169-deriva-en-bloqueo-total-de-la-carretera-federal-190\/","url":"https:\/\/www.bbmnoticias.com\/protesta-en-secundaria-tecnica-169-deriva-en-bloqueo-total-de-la-carretera-federal-190\/","name":"Protesta en Secundaria T\u00e9cnica 169 deriva en bloqueo total de la carretera federal 190 - LA BRAVA RADIO","isPartOf":{"@id":"https:\/\/www.bbmnoticias.com\/labravaradiofm\/#website"},"primaryImageOfPage":{"@id":"https:\/\/www.bbmnoticias.com\/protesta-en-secundaria-tecnica-169-deriva-en-bloqueo-total-de-la-carretera-federal-190\/#primaryimage"},"image":{"@id":"https:\/\/www.bbmnoticias.com\/protesta-en-secundaria-tecnica-169-deriva-en-bloqueo-total-de-la-carretera-federal-190\/#primaryimage"},"thumbnailUrl":"https:\/\/www.bbmnoticias.com\/labravaradiofm\/wp-content\/uploads\/sites\/5\/2026\/04\/bloqueo_padres_familia.jpg","datePublished":"2026-04-29T16:19:38+00:00","dateModified":"2026-04-29T16:20:02+00:00","author":{"@id":"https:\/\/www.bbmnoticias.com\/labravaradiofm\/#\/schema\/person\/68a9e9036ef3c5b55aeb2b71dc8bab45"},"breadcrumb":{"@id":"https:\/\/www.bbmnoticias.com\/protesta-en-secundaria-tecnica-169-deriva-en-bloqueo-total-de-la-carretera-federal-190\/#breadcrumb"},"inLanguage":"es","potentialAction":[{"@type":"ReadAction","target":["https:\/\/www.bbmnoticias.com\/protesta-en-secundaria-tecnica-169-deriva-en-bloqueo-total-de-la-carretera-federal-190\/"]}]},{"@type":"ImageObject","inLanguage":"es","@id":"https:\/\/www.bbmnoticias.com\/protesta-en-secundaria-tecnica-169-deriva-en-bloqueo-total-de-la-carretera-federal-190\/#primaryimage","url":"https:\/\/www.bbmnoticias.com\/labravaradiofm\/wp-content\/uploads\/sites\/5\/2026\/04\/bloqueo_padres_familia.jpg","contentUrl":"https:\/\/www.bbmnoticias.com\/labravaradiofm\/wp-content\/uploads\/sites\/5\/2026\/04\/bloqueo_padres_familia.jpg","width":800,"height":508},{"@type":"BreadcrumbList","@id":"https:\/\/www.bbmnoticias.com\/protesta-en-secundaria-tecnica-169-deriva-en-bloqueo-total-de-la-carretera-federal-190\/#breadcrumb","itemListElement":[{"@type":"ListItem","position":1,"name":"Inicio","item":"https:\/\/www.bbmnoticias.com\/labravaradiofm\/"},{"@type":"ListItem","position":2,"name":"Protesta en Secundaria T\u00e9cnica 169 deriva en bloqueo total de la carretera federal 190"}]},{"@type":"WebSite","@id":"https:\/\/www.bbmnoticias.com\/labravaradiofm\/#website","url":"https:\/\/www.bbmnoticias.com\/labravaradiofm\/","name":"LA BRAVA RADIO","description":"Empresa productora de medios, Radiodifusi\u00f3n, Noticias, tendencias y todo lo que necesitas saber de la pol\u00edtica mexicana e internacional; entretenimiento, espect\u00e1culos, salud y mucho m\u00e1s.","potentialAction":[{"@type":"SearchAction","target":{"@type":"EntryPoint","urlTemplate":"https:\/\/www.bbmnoticias.com\/labravaradiofm\/?s={search_term_string}"},"query-input":{"@type":"PropertyValueSpecification","valueRequired":true,"valueName":"search_term_string"}}],"inLanguage":"es"},{"@type":"Person","@id":"https:\/\/www.bbmnoticias.com\/labravaradiofm\/#\/schema\/person\/68a9e9036ef3c5b55aeb2b71dc8bab45","name":"Staff","image":{"@type":"ImageObject","inLanguage":"es","@id":"https:\/\/secure.gravatar.com\/avatar\/fdd21ad66fd8b98c407f9dee5b5e588cfe7f0d8579ec20fa6527cd59bab7f0f0?s=96&d=mm&r=g","url":"https:\/\/secure.gravatar.com\/avatar\/fdd21ad66fd8b98c407f9dee5b5e588cfe7f0d8579ec20fa6527cd59bab7f0f0?s=96&d=mm&r=g","contentUrl":"https:\/\/secure.gravatar.com\/avatar\/fdd21ad66fd8b98c407f9dee5b5e588cfe7f0d8579ec20fa6527cd59bab7f0f0?s=96&d=mm&r=g","caption":"Staff"},"url":"https:\/\/www.bbmnoticias.com\/labravaradiofm\/author\/redaccion\/"}]}},"_links":{"self":[{"href":"https:\/\/www.bbmnoticias.com\/labravaradiofm\/wp-json\/wp\/v2\/posts\/76720","targetHints":{"allow":["GET"]}}],"collection":[{"href":"https:\/\/www.bbmnoticias.com\/labravaradiofm\/wp-json\/wp\/v2\/posts"}],"about":[{"href":"https:\/\/www.bbmnoticias.com\/labravaradiofm\/wp-json\/wp\/v2\/types\/post"}],"author":[{"embeddable":true,"href":"https:\/\/www.bbmnoticias.com\/labravaradiofm\/wp-json\/wp\/v2\/users\/2"}],"replies":[{"embeddable":true,"href":"https:\/\/www.bbmnoticias.com\/labravaradiofm\/wp-json\/wp\/v2\/comments?post=76720"}],"version-history":[{"count":1,"href":"https:\/\/www.bbmnoticias.com\/labravaradiofm\/wp-json\/wp\/v2\/posts\/76720\/revisions"}],"predecessor-version":[{"id":76721,"href":"https:\/\/www.bbmnoticias.com\/labravaradiofm\/wp-json\/wp\/v2\/posts\/76720\/revisions\/76721"}],"wp:featuredmedia":[{"embeddable":true,"href":"https:\/\/www.bbmnoticias.com\/labravaradiofm\/wp-json\/wp\/v2\/media\/76722"}],"wp:attachment":[{"href":"https:\/\/www.bbmnoticias.com\/labravaradiofm\/wp-json\/wp\/v2\/media?parent=76720"}],"wp:term":[{"taxonomy":"category","embeddable":true,"href":"https:\/\/www.bbmnoticias.com\/labravaradiofm\/wp-json\/wp\/v2\/categories?post=76720"},{"taxonomy":"post_tag","embeddable":true,"href":"https:\/\/www.bbmnoticias.com\/labravaradiofm\/wp-json\/wp\/v2\/tags?post=76720"}],"curies":[{"name":"wp","href":"https:\/\/api.w.org\/{rel}","templated":true}]}}