{"id":76708,"date":"2026-04-29T08:35:28","date_gmt":"2026-04-29T14:35:28","guid":{"rendered":"https:\/\/www.bbmnoticias.com\/labravaradiofm\/2026\/04\/29\/bajara-el-diesel-a-27-tras-un-pacto-de-gasolineros-con-claudia-sheinbaum\/"},"modified":"2026-04-29T08:35:36","modified_gmt":"2026-04-29T14:35:36","slug":"bajara-el-diesel-a-27-tras-un-pacto-de-gasolineros-con-claudia-sheinbaum","status":"publish","type":"post","link":"https:\/\/www.bbmnoticias.com\/labravaradiofm\/2026\/04\/29\/bajara-el-diesel-a-27-tras-un-pacto-de-gasolineros-con-claudia-sheinbaum\/","title":{"rendered":"Bajar\u00e1 el di\u00e9sel a $27 tras un pacto de gasolineros con Claudia Sheinbaum"},"content":{"rendered":"<div style=\"margin-top: 0px; margin-bottom: 0px;\" class=\"sharethis-inline-share-buttons\" ><\/div>\n<p><em>Ciudad de M\u00e9xico. <\/em>Despu\u00e9s de varias advertencias presidenciales p\u00fablicas de que deber\u00edan bajar el precio del di\u00e9sel, el gobierno federal y gasolineros alcanzaron un acuerdo a fin de reducir el costo de ese combustible a 27 pesos por litro a partir de la pr\u00f3xima semana. El pacto estar\u00e1 vigente durante seis meses, por lo que abarcar\u00e1 hasta octubre, informaron dirigentes empresariales.<\/p>\n\n\n\n<p>En un video grabado en el Sal\u00f3n Tesorer\u00eda de Palacio Nacional, acompa\u00f1ada de los secretarios de Hacienda, Energ\u00eda y de la Defensa Nacional, as\u00ed como los representantes de los concesionarios de las gasoliner\u00edas, la presidenta Claudia Sheinbaum anunci\u00f3 que hab\u00edan logrado un \u201cgran acuerdo\u201d para que desde el pr\u00f3ximo lunes el litro de di\u00e9sel cueste 27 pesos, pues en estos d\u00edas se ir\u00e1 ajustando \u201cpoco a poco\u201d.<\/p>\n\n\n\n<p>Se\u00f1al\u00f3 que para lograrlo se cont\u00f3 con la colaboraci\u00f3n del sector bancario y emisoras de vales de gasolina, que aceptaron reducir el costo de las comisiones por el pago con tarjeta y vales. \u201cTodos juntos caminamos por M\u00e9xico. Muchas gracias por este gran acuerdo\u201d, a\u00f1adi\u00f3 Sheinbaum. La v\u00edspera, en la conferencia presidencial, la Secretar\u00eda de Hacienda inform\u00f3 la referida reducci\u00f3n temporal de comisiones bancarias a pagos electr\u00f3nicos en estaciones de combustible.<\/p>\n\n\n\n<p>Al salir de Palacio Nacional, Enrique F\u00e9lix Robelo, presidente de Onexpo, estim\u00f3 que el gobierno podr\u00eda utilizar sus mecanismos fiscales para apoyar esta reducci\u00f3n de precio; esto es, el gobierno tiene la posibilidad de bajar el impuesto especial para productos y servicios.<\/p>\n\n\n\n<p>Mauricio Gonz\u00e1lez, de Valores ABC, precis\u00f3 que el pacto se alcanz\u00f3 para los pr\u00f3ximos seis meses, pero detall\u00f3 que se reunir\u00e1n con la Presidenta peri\u00f3dicamente para evaluar la situaci\u00f3n. Explic\u00f3 que es m\u00e1s dif\u00edcil reducir el precio del di\u00e9sel porque ocupa mayor espacio para su almacenamiento en las estaciones, adem\u00e1s de que se transporta de distancias m\u00e1s largas.<\/p>\n\n\n\n<p>Por la ma\u00f1ana, la jefa del Ejecutivo federal anunci\u00f3 que las medidas para contener la inflaci\u00f3n ir\u00e1n m\u00e1s all\u00e1 de reducir el precio del di\u00e9sel, pues se buscar\u00e1n acuerdos con los productores y comercializadores de productos perecederos, como el jitomate, con el prop\u00f3sito de que sean m\u00e1s accesibles a los consumidores.<\/p>\n\n\n\n<p>Expuso que en estos casos se involucran otros factores, pero es necesario contener la inflaci\u00f3n mediante otros mecanismos, porque antes se buscaba contener las presiones inflacionarias tan s\u00f3lo con que el Banco de M\u00e9xico incrementara las tasas de inter\u00e9s, pero esa medida tiene otros efectos macroecon\u00f3micos.<\/p>\n","protected":false},"excerpt":{"rendered":"<p>Ciudad de M\u00e9xico. Despu\u00e9s de varias advertencias presidenciales p\u00fablicas de que deber\u00edan bajar el precio del di\u00e9sel, el gobierno federal y gasolineros alcanzaron un acuerdo a fin de reducir el costo de ese combustible a 27 pesos por litro a partir de la pr\u00f3xima semana. El pacto estar\u00e1 vigente durante seis meses, por lo que [&hellip;]<\/p>\n","protected":false},"author":4,"featured_media":76710,"comment_status":"closed","ping_status":"open","sticky":false,"template":"","format":"standard","meta":{"footnotes":""},"categories":[2,19],"tags":[],"class_list":{"0":"post-76708","1":"post","2":"type-post","3":"status-publish","4":"format-standard","5":"has-post-thumbnail","7":"category-oaxaca","8":"category-nacional"},"yoast_head":"<!-- This site is optimized with the Yoast SEO plugin v27.4 - https:\/\/yoast.com\/product\/yoast-seo-wordpress\/ -->\n<title>Bajar\u00e1 el di\u00e9sel a $27 tras un pacto de gasolineros con Claudia Sheinbaum - LA BRAVA RADIO<\/title>\n<meta name=\"robots\" content=\"index, follow, max-snippet:-1, max-image-preview:large, max-video-preview:-1\" \/>\n<link rel=\"canonical\" href=\"https:\/\/www.bbmnoticias.com\/bajara-el-diesel-a-27-tras-un-pacto-de-gasolineros-con-claudia-sheinbaum\/\" \/>\n<meta property=\"og:locale\" content=\"es_MX\" \/>\n<meta property=\"og:type\" content=\"article\" \/>\n<meta property=\"og:title\" content=\"Bajar\u00e1 el di\u00e9sel a $27 tras un pacto de gasolineros con Claudia Sheinbaum - LA BRAVA RADIO\" \/>\n<meta property=\"og:description\" content=\"Ciudad de M\u00e9xico. Despu\u00e9s de varias advertencias presidenciales p\u00fablicas de que deber\u00edan bajar el precio del di\u00e9sel, el gobierno federal y gasolineros alcanzaron un acuerdo a fin de reducir el costo de ese combustible a 27 pesos por litro a partir de la pr\u00f3xima semana. El pacto estar\u00e1 vigente durante seis meses, por lo que [&hellip;]\" \/>\n<meta property=\"og:url\" content=\"https:\/\/www.bbmnoticias.com\/bajara-el-diesel-a-27-tras-un-pacto-de-gasolineros-con-claudia-sheinbaum\/\" \/>\n<meta property=\"og:site_name\" content=\"LA BRAVA RADIO\" \/>\n<meta property=\"article:published_time\" content=\"2026-04-29T14:35:28+00:00\" \/>\n<meta property=\"article:modified_time\" content=\"2026-04-29T14:35:36+00:00\" \/>\n<meta property=\"og:image\" content=\"https:\/\/www.bbmnoticias.com\/labravaradiofm\/wp-content\/uploads\/sites\/5\/2026\/04\/bajara-el-diesel-a-27-tras-un-pacto-de-gasolineros-con-claudia-sheinbaum.webp\" \/>\n\t<meta property=\"og:image:width\" content=\"1200\" \/>\n\t<meta property=\"og:image:height\" content=\"800\" \/>\n\t<meta property=\"og:image:type\" content=\"image\/webp\" \/>\n<meta name=\"author\" content=\"Agencias\" \/>\n<meta name=\"twitter:card\" content=\"summary_large_image\" \/>\n<meta name=\"twitter:label1\" content=\"Escrito por\" \/>\n\t<meta name=\"twitter:data1\" content=\"Agencias\" \/>\n\t<meta name=\"twitter:label2\" content=\"Tiempo de lectura\" \/>\n\t<meta name=\"twitter:data2\" content=\"2 minutos\" \/>\n<script type=\"application\/ld+json\" class=\"yoast-schema-graph\">{\"@context\":\"https:\\\/\\\/schema.org\",\"@graph\":[{\"@type\":\"Article\",\"@id\":\"https:\\\/\\\/www.bbmnoticias.com\\\/bajara-el-diesel-a-27-tras-un-pacto-de-gasolineros-con-claudia-sheinbaum\\\/#article\",\"isPartOf\":{\"@id\":\"https:\\\/\\\/www.bbmnoticias.com\\\/labravaradiofm\\\/2026\\\/04\\\/29\\\/bajara-el-diesel-a-27-tras-un-pacto-de-gasolineros-con-claudia-sheinbaum\\\/\"},\"author\":{\"name\":\"Agencias\",\"@id\":\"https:\\\/\\\/www.bbmnoticias.com\\\/labravaradiofm\\\/#\\\/schema\\\/person\\\/000bdaf0a8fb5bff0d537c4d0778e33f\"},\"headline\":\"Bajar\u00e1 el di\u00e9sel a $27 tras un pacto de gasolineros con Claudia Sheinbaum\",\"datePublished\":\"2026-04-29T14:35:28+00:00\",\"dateModified\":\"2026-04-29T14:35:36+00:00\",\"mainEntityOfPage\":{\"@id\":\"https:\\\/\\\/www.bbmnoticias.com\\\/labravaradiofm\\\/2026\\\/04\\\/29\\\/bajara-el-diesel-a-27-tras-un-pacto-de-gasolineros-con-claudia-sheinbaum\\\/\"},\"wordCount\":456,\"image\":{\"@id\":\"https:\\\/\\\/www.bbmnoticias.com\\\/bajara-el-diesel-a-27-tras-un-pacto-de-gasolineros-con-claudia-sheinbaum\\\/#primaryimage\"},\"thumbnailUrl\":\"https:\\\/\\\/www.bbmnoticias.com\\\/labravaradiofm\\\/wp-content\\\/uploads\\\/sites\\\/5\\\/2026\\\/04\\\/bajara-el-diesel-a-27-tras-un-pacto-de-gasolineros-con-claudia-sheinbaum.webp\",\"articleSection\":[\"LOCAL\",\"NACIONAL\"],\"inLanguage\":\"es\"},{\"@type\":\"WebPage\",\"@id\":\"https:\\\/\\\/www.bbmnoticias.com\\\/labravaradiofm\\\/2026\\\/04\\\/29\\\/bajara-el-diesel-a-27-tras-un-pacto-de-gasolineros-con-claudia-sheinbaum\\\/\",\"url\":\"https:\\\/\\\/www.bbmnoticias.com\\\/bajara-el-diesel-a-27-tras-un-pacto-de-gasolineros-con-claudia-sheinbaum\\\/\",\"name\":\"Bajar\u00e1 el di\u00e9sel a $27 tras un pacto de gasolineros con Claudia Sheinbaum - LA BRAVA RADIO\",\"isPartOf\":{\"@id\":\"https:\\\/\\\/www.bbmnoticias.com\\\/labravaradiofm\\\/#website\"},\"primaryImageOfPage\":{\"@id\":\"https:\\\/\\\/www.bbmnoticias.com\\\/bajara-el-diesel-a-27-tras-un-pacto-de-gasolineros-con-claudia-sheinbaum\\\/#primaryimage\"},\"image\":{\"@id\":\"https:\\\/\\\/www.bbmnoticias.com\\\/bajara-el-diesel-a-27-tras-un-pacto-de-gasolineros-con-claudia-sheinbaum\\\/#primaryimage\"},\"thumbnailUrl\":\"https:\\\/\\\/www.bbmnoticias.com\\\/labravaradiofm\\\/wp-content\\\/uploads\\\/sites\\\/5\\\/2026\\\/04\\\/bajara-el-diesel-a-27-tras-un-pacto-de-gasolineros-con-claudia-sheinbaum.webp\",\"datePublished\":\"2026-04-29T14:35:28+00:00\",\"dateModified\":\"2026-04-29T14:35:36+00:00\",\"author\":{\"@id\":\"https:\\\/\\\/www.bbmnoticias.com\\\/labravaradiofm\\\/#\\\/schema\\\/person\\\/000bdaf0a8fb5bff0d537c4d0778e33f\"},\"breadcrumb\":{\"@id\":\"https:\\\/\\\/www.bbmnoticias.com\\\/bajara-el-diesel-a-27-tras-un-pacto-de-gasolineros-con-claudia-sheinbaum\\\/#breadcrumb\"},\"inLanguage\":\"es\",\"potentialAction\":[{\"@type\":\"ReadAction\",\"target\":[\"https:\\\/\\\/www.bbmnoticias.com\\\/bajara-el-diesel-a-27-tras-un-pacto-de-gasolineros-con-claudia-sheinbaum\\\/\"]}]},{\"@type\":\"ImageObject\",\"inLanguage\":\"es\",\"@id\":\"https:\\\/\\\/www.bbmnoticias.com\\\/bajara-el-diesel-a-27-tras-un-pacto-de-gasolineros-con-claudia-sheinbaum\\\/#primaryimage\",\"url\":\"https:\\\/\\\/www.bbmnoticias.com\\\/labravaradiofm\\\/wp-content\\\/uploads\\\/sites\\\/5\\\/2026\\\/04\\\/bajara-el-diesel-a-27-tras-un-pacto-de-gasolineros-con-claudia-sheinbaum.webp\",\"contentUrl\":\"https:\\\/\\\/www.bbmnoticias.com\\\/labravaradiofm\\\/wp-content\\\/uploads\\\/sites\\\/5\\\/2026\\\/04\\\/bajara-el-diesel-a-27-tras-un-pacto-de-gasolineros-con-claudia-sheinbaum.webp\",\"width\":1200,\"height\":800},{\"@type\":\"BreadcrumbList\",\"@id\":\"https:\\\/\\\/www.bbmnoticias.com\\\/bajara-el-diesel-a-27-tras-un-pacto-de-gasolineros-con-claudia-sheinbaum\\\/#breadcrumb\",\"itemListElement\":[{\"@type\":\"ListItem\",\"position\":1,\"name\":\"Inicio\",\"item\":\"https:\\\/\\\/www.bbmnoticias.com\\\/labravaradiofm\\\/\"},{\"@type\":\"ListItem\",\"position\":2,\"name\":\"Bajar\u00e1 el di\u00e9sel a $27 tras un pacto de gasolineros con Claudia Sheinbaum\"}]},{\"@type\":\"WebSite\",\"@id\":\"https:\\\/\\\/www.bbmnoticias.com\\\/labravaradiofm\\\/#website\",\"url\":\"https:\\\/\\\/www.bbmnoticias.com\\\/labravaradiofm\\\/\",\"name\":\"LA BRAVA RADIO\",\"description\":\"Empresa productora de medios, Radiodifusi\u00f3n, Noticias, tendencias y todo lo que necesitas saber de la pol\u00edtica mexicana e internacional; entretenimiento, espect\u00e1culos, salud y mucho m\u00e1s.\",\"potentialAction\":[{\"@type\":\"SearchAction\",\"target\":{\"@type\":\"EntryPoint\",\"urlTemplate\":\"https:\\\/\\\/www.bbmnoticias.com\\\/labravaradiofm\\\/?s={search_term_string}\"},\"query-input\":{\"@type\":\"PropertyValueSpecification\",\"valueRequired\":true,\"valueName\":\"search_term_string\"}}],\"inLanguage\":\"es\"},{\"@type\":\"Person\",\"@id\":\"https:\\\/\\\/www.bbmnoticias.com\\\/labravaradiofm\\\/#\\\/schema\\\/person\\\/000bdaf0a8fb5bff0d537c4d0778e33f\",\"name\":\"Agencias\",\"image\":{\"@type\":\"ImageObject\",\"inLanguage\":\"es\",\"@id\":\"https:\\\/\\\/secure.gravatar.com\\\/avatar\\\/739e0b61adf9e398b425c36718c8752286da0e8cd90f20ce9a86678abc26aa0d?s=96&d=mm&r=g\",\"url\":\"https:\\\/\\\/secure.gravatar.com\\\/avatar\\\/739e0b61adf9e398b425c36718c8752286da0e8cd90f20ce9a86678abc26aa0d?s=96&d=mm&r=g\",\"contentUrl\":\"https:\\\/\\\/secure.gravatar.com\\\/avatar\\\/739e0b61adf9e398b425c36718c8752286da0e8cd90f20ce9a86678abc26aa0d?s=96&d=mm&r=g\",\"caption\":\"Agencias\"},\"url\":\"https:\\\/\\\/www.bbmnoticias.com\\\/labravaradiofm\\\/author\\\/agencias\\\/\"}]}<\/script>\n<!-- \/ Yoast SEO plugin. -->","yoast_head_json":{"title":"Bajar\u00e1 el di\u00e9sel a $27 tras un pacto de gasolineros con Claudia Sheinbaum - LA BRAVA RADIO","robots":{"index":"index","follow":"follow","max-snippet":"max-snippet:-1","max-image-preview":"max-image-preview:large","max-video-preview":"max-video-preview:-1"},"canonical":"https:\/\/www.bbmnoticias.com\/bajara-el-diesel-a-27-tras-un-pacto-de-gasolineros-con-claudia-sheinbaum\/","og_locale":"es_MX","og_type":"article","og_title":"Bajar\u00e1 el di\u00e9sel a $27 tras un pacto de gasolineros con Claudia Sheinbaum - LA BRAVA RADIO","og_description":"Ciudad de M\u00e9xico. Despu\u00e9s de varias advertencias presidenciales p\u00fablicas de que deber\u00edan bajar el precio del di\u00e9sel, el gobierno federal y gasolineros alcanzaron un acuerdo a fin de reducir el costo de ese combustible a 27 pesos por litro a partir de la pr\u00f3xima semana. El pacto estar\u00e1 vigente durante seis meses, por lo que [&hellip;]","og_url":"https:\/\/www.bbmnoticias.com\/bajara-el-diesel-a-27-tras-un-pacto-de-gasolineros-con-claudia-sheinbaum\/","og_site_name":"LA BRAVA RADIO","article_published_time":"2026-04-29T14:35:28+00:00","article_modified_time":"2026-04-29T14:35:36+00:00","og_image":[{"width":1200,"height":800,"url":"https:\/\/www.bbmnoticias.com\/labravaradiofm\/wp-content\/uploads\/sites\/5\/2026\/04\/bajara-el-diesel-a-27-tras-un-pacto-de-gasolineros-con-claudia-sheinbaum.webp","type":"image\/webp"}],"author":"Agencias","twitter_card":"summary_large_image","twitter_misc":{"Escrito por":"Agencias","Tiempo de lectura":"2 minutos"},"schema":{"@context":"https:\/\/schema.org","@graph":[{"@type":"Article","@id":"https:\/\/www.bbmnoticias.com\/bajara-el-diesel-a-27-tras-un-pacto-de-gasolineros-con-claudia-sheinbaum\/#article","isPartOf":{"@id":"https:\/\/www.bbmnoticias.com\/labravaradiofm\/2026\/04\/29\/bajara-el-diesel-a-27-tras-un-pacto-de-gasolineros-con-claudia-sheinbaum\/"},"author":{"name":"Agencias","@id":"https:\/\/www.bbmnoticias.com\/labravaradiofm\/#\/schema\/person\/000bdaf0a8fb5bff0d537c4d0778e33f"},"headline":"Bajar\u00e1 el di\u00e9sel a $27 tras un pacto de gasolineros con Claudia Sheinbaum","datePublished":"2026-04-29T14:35:28+00:00","dateModified":"2026-04-29T14:35:36+00:00","mainEntityOfPage":{"@id":"https:\/\/www.bbmnoticias.com\/labravaradiofm\/2026\/04\/29\/bajara-el-diesel-a-27-tras-un-pacto-de-gasolineros-con-claudia-sheinbaum\/"},"wordCount":456,"image":{"@id":"https:\/\/www.bbmnoticias.com\/bajara-el-diesel-a-27-tras-un-pacto-de-gasolineros-con-claudia-sheinbaum\/#primaryimage"},"thumbnailUrl":"https:\/\/www.bbmnoticias.com\/labravaradiofm\/wp-content\/uploads\/sites\/5\/2026\/04\/bajara-el-diesel-a-27-tras-un-pacto-de-gasolineros-con-claudia-sheinbaum.webp","articleSection":["LOCAL","NACIONAL"],"inLanguage":"es"},{"@type":"WebPage","@id":"https:\/\/www.bbmnoticias.com\/labravaradiofm\/2026\/04\/29\/bajara-el-diesel-a-27-tras-un-pacto-de-gasolineros-con-claudia-sheinbaum\/","url":"https:\/\/www.bbmnoticias.com\/bajara-el-diesel-a-27-tras-un-pacto-de-gasolineros-con-claudia-sheinbaum\/","name":"Bajar\u00e1 el di\u00e9sel a $27 tras un pacto de gasolineros con Claudia Sheinbaum - LA BRAVA RADIO","isPartOf":{"@id":"https:\/\/www.bbmnoticias.com\/labravaradiofm\/#website"},"primaryImageOfPage":{"@id":"https:\/\/www.bbmnoticias.com\/bajara-el-diesel-a-27-tras-un-pacto-de-gasolineros-con-claudia-sheinbaum\/#primaryimage"},"image":{"@id":"https:\/\/www.bbmnoticias.com\/bajara-el-diesel-a-27-tras-un-pacto-de-gasolineros-con-claudia-sheinbaum\/#primaryimage"},"thumbnailUrl":"https:\/\/www.bbmnoticias.com\/labravaradiofm\/wp-content\/uploads\/sites\/5\/2026\/04\/bajara-el-diesel-a-27-tras-un-pacto-de-gasolineros-con-claudia-sheinbaum.webp","datePublished":"2026-04-29T14:35:28+00:00","dateModified":"2026-04-29T14:35:36+00:00","author":{"@id":"https:\/\/www.bbmnoticias.com\/labravaradiofm\/#\/schema\/person\/000bdaf0a8fb5bff0d537c4d0778e33f"},"breadcrumb":{"@id":"https:\/\/www.bbmnoticias.com\/bajara-el-diesel-a-27-tras-un-pacto-de-gasolineros-con-claudia-sheinbaum\/#breadcrumb"},"inLanguage":"es","potentialAction":[{"@type":"ReadAction","target":["https:\/\/www.bbmnoticias.com\/bajara-el-diesel-a-27-tras-un-pacto-de-gasolineros-con-claudia-sheinbaum\/"]}]},{"@type":"ImageObject","inLanguage":"es","@id":"https:\/\/www.bbmnoticias.com\/bajara-el-diesel-a-27-tras-un-pacto-de-gasolineros-con-claudia-sheinbaum\/#primaryimage","url":"https:\/\/www.bbmnoticias.com\/labravaradiofm\/wp-content\/uploads\/sites\/5\/2026\/04\/bajara-el-diesel-a-27-tras-un-pacto-de-gasolineros-con-claudia-sheinbaum.webp","contentUrl":"https:\/\/www.bbmnoticias.com\/labravaradiofm\/wp-content\/uploads\/sites\/5\/2026\/04\/bajara-el-diesel-a-27-tras-un-pacto-de-gasolineros-con-claudia-sheinbaum.webp","width":1200,"height":800},{"@type":"BreadcrumbList","@id":"https:\/\/www.bbmnoticias.com\/bajara-el-diesel-a-27-tras-un-pacto-de-gasolineros-con-claudia-sheinbaum\/#breadcrumb","itemListElement":[{"@type":"ListItem","position":1,"name":"Inicio","item":"https:\/\/www.bbmnoticias.com\/labravaradiofm\/"},{"@type":"ListItem","position":2,"name":"Bajar\u00e1 el di\u00e9sel a $27 tras un pacto de gasolineros con Claudia Sheinbaum"}]},{"@type":"WebSite","@id":"https:\/\/www.bbmnoticias.com\/labravaradiofm\/#website","url":"https:\/\/www.bbmnoticias.com\/labravaradiofm\/","name":"LA BRAVA RADIO","description":"Empresa productora de medios, Radiodifusi\u00f3n, Noticias, tendencias y todo lo que necesitas saber de la pol\u00edtica mexicana e internacional; entretenimiento, espect\u00e1culos, salud y mucho m\u00e1s.","potentialAction":[{"@type":"SearchAction","target":{"@type":"EntryPoint","urlTemplate":"https:\/\/www.bbmnoticias.com\/labravaradiofm\/?s={search_term_string}"},"query-input":{"@type":"PropertyValueSpecification","valueRequired":true,"valueName":"search_term_string"}}],"inLanguage":"es"},{"@type":"Person","@id":"https:\/\/www.bbmnoticias.com\/labravaradiofm\/#\/schema\/person\/000bdaf0a8fb5bff0d537c4d0778e33f","name":"Agencias","image":{"@type":"ImageObject","inLanguage":"es","@id":"https:\/\/secure.gravatar.com\/avatar\/739e0b61adf9e398b425c36718c8752286da0e8cd90f20ce9a86678abc26aa0d?s=96&d=mm&r=g","url":"https:\/\/secure.gravatar.com\/avatar\/739e0b61adf9e398b425c36718c8752286da0e8cd90f20ce9a86678abc26aa0d?s=96&d=mm&r=g","contentUrl":"https:\/\/secure.gravatar.com\/avatar\/739e0b61adf9e398b425c36718c8752286da0e8cd90f20ce9a86678abc26aa0d?s=96&d=mm&r=g","caption":"Agencias"},"url":"https:\/\/www.bbmnoticias.com\/labravaradiofm\/author\/agencias\/"}]}},"_links":{"self":[{"href":"https:\/\/www.bbmnoticias.com\/labravaradiofm\/wp-json\/wp\/v2\/posts\/76708","targetHints":{"allow":["GET"]}}],"collection":[{"href":"https:\/\/www.bbmnoticias.com\/labravaradiofm\/wp-json\/wp\/v2\/posts"}],"about":[{"href":"https:\/\/www.bbmnoticias.com\/labravaradiofm\/wp-json\/wp\/v2\/types\/post"}],"author":[{"embeddable":true,"href":"https:\/\/www.bbmnoticias.com\/labravaradiofm\/wp-json\/wp\/v2\/users\/4"}],"replies":[{"embeddable":true,"href":"https:\/\/www.bbmnoticias.com\/labravaradiofm\/wp-json\/wp\/v2\/comments?post=76708"}],"version-history":[{"count":1,"href":"https:\/\/www.bbmnoticias.com\/labravaradiofm\/wp-json\/wp\/v2\/posts\/76708\/revisions"}],"predecessor-version":[{"id":76709,"href":"https:\/\/www.bbmnoticias.com\/labravaradiofm\/wp-json\/wp\/v2\/posts\/76708\/revisions\/76709"}],"wp:featuredmedia":[{"embeddable":true,"href":"https:\/\/www.bbmnoticias.com\/labravaradiofm\/wp-json\/wp\/v2\/media\/76710"}],"wp:attachment":[{"href":"https:\/\/www.bbmnoticias.com\/labravaradiofm\/wp-json\/wp\/v2\/media?parent=76708"}],"wp:term":[{"taxonomy":"category","embeddable":true,"href":"https:\/\/www.bbmnoticias.com\/labravaradiofm\/wp-json\/wp\/v2\/categories?post=76708"},{"taxonomy":"post_tag","embeddable":true,"href":"https:\/\/www.bbmnoticias.com\/labravaradiofm\/wp-json\/wp\/v2\/tags?post=76708"}],"curies":[{"name":"wp","href":"https:\/\/api.w.org\/{rel}","templated":true}]}}