{"id":76705,"date":"2026-04-29T08:29:21","date_gmt":"2026-04-29T14:29:21","guid":{"rendered":"https:\/\/www.bbmnoticias.com\/labravaradiofm\/2026\/04\/29\/con-retrasos-y-sorpresas-aguirre-presenta-lista-inicial-para-el-mundial\/"},"modified":"2026-04-29T08:29:24","modified_gmt":"2026-04-29T14:29:24","slug":"con-retrasos-y-sorpresas-aguirre-presenta-lista-inicial-para-el-mundial","status":"publish","type":"post","link":"https:\/\/www.bbmnoticias.com\/labravaradiofm\/2026\/04\/29\/con-retrasos-y-sorpresas-aguirre-presenta-lista-inicial-para-el-mundial\/","title":{"rendered":"Con retrasos y sorpresas, Aguirre presenta lista inicial para el Mundial"},"content":{"rendered":"<div style=\"margin-top: 0px; margin-bottom: 0px;\" class=\"sharethis-inline-share-buttons\" ><\/div>\n<p>El plan original dictaba que las dudas terminar\u00edan el 6 de mayo, cuando los jugadores elegidos por Javier Aguirre se reunieran a preparar el inicio de la Copa Mundial de la FIFA durante cinco semanas y media de entrenamientos. Pero el anuncio de la convocatoria del seleccionador nacional, enfocada en elementos de la Liga Mx, sufri\u00f3 un retraso de cinco d\u00edas que sumergi\u00f3 al equipo nacional en un nuevo clima de tensi\u00f3n.<\/p>\n\n\n\n<p>La publicaci\u00f3n de la lista de Aguirre para dicha concentraci\u00f3n estaba prevista el jueves, poco antes del cierre de la fase regular del torneo. No obstante, los clubes solicitaron que no se hiciera p\u00fablica sino hasta ayer, bajo la premisa de que los jugadores citados tuvieran un lugar asegurado en la pr\u00f3xima cita mundialista. \u201cDe los elementos que no estar\u00e1n en la liguilla, no habr\u00e1 ninguno en la lista que no vaya a la Copa\u201d, declar\u00f3 hace unas semanas el director de selecciones nacionales, Duilio Davino.<\/p>\n\n\n\n<p>Los 18 clubes del circuito profesional respaldaron el plan de trabajo, inspirado en el modelo que estableci\u00f3 Bora Milutinovic para la edici\u00f3n de M\u00e9xico 1986, cuan-do la concentraci\u00f3n final fue de cuatro meses. Esta vez ser\u00e1n poco m\u00e1s de 40 d\u00edas, lo que implica que los seleccionados locales no podr\u00e1n disputar la liguilla y deber\u00e1n sumarse a la disciplina del plantel nacional. A menos de dos meses de la inauguraci\u00f3n del Mundial, ning\u00fan otro combinado perfila una encierro tan prolongado.<\/p>\n\n\n\n<p>\u201cQuedan 14 lugares para los que est\u00e1n fuera, 12 ya son propiedad de la selecci\u00f3n nacional y dejar\u00e1n de participar con sus clubes. Dicen los que saben de sicolog\u00eda que, si quieres resultados diferentes, debes hacer cosas diferentes. Al menos en esta ocasi\u00f3n, Aguirre est\u00e1 haciendo eso en relaci\u00f3n con procesos anteriores\u201d, analiza el ex seleccionado nacional Luis Garc\u00eda, todav\u00eda sorprendido por la inclusi\u00f3n del atacante de Pumas, Guillermo Mart\u00ednez, y la baja de Carlos Charly Rodr\u00edguez (Cruz Azul).<\/p>\n\n\n\n<p>La base de la convocatoria de Aguirre descansa en dos frentes principales: el aporte de cinco jugadores del Guadalajara (Ra\u00fal Rangel, Luis Romo, Brian Guti\u00e9rrez, Roberto Alvarado y Armando Gonz\u00e1lez) y la apuesta a futuro con ocho elementos j\u00f3venes que fungir\u00e1n como&nbsp;<em>sparring&nbsp;<\/em>(\u00d3scar Garc\u00eda, \u00cdker Fimbres, Luis Rey, Jes\u00fas G\u00f3mez, Denzell Garc\u00eda, Jairo Torres y Kevin Casta\u00f1eda) para establecer la estructura del siguiente ciclo mundialista.<\/p>\n\n\n\n<p>Al igual que el centrocampista de La M\u00e1quina, otros elementos que integraron el actual proceso mundialista y conquistaron alg\u00fan trofeo en la Concacaf \u2013Copa Oro o Liga de Naciones\u2013 quedaron fuera de la convocatoria. Destacan los nombres de Jes\u00fas Angulo (Tigres), Erick&nbsp;<em>Chiquito<\/em>&nbsp;S\u00e1nchez (Am\u00e9rica), Diego Lainez (Tigres) y, especialmente, Marcel Ruiz (Toluca), quien posterg\u00f3 una operaci\u00f3n en la rodilla con la esperanza de ser incluido.<\/p>\n\n\n\n<p>\u201cLa lista de la selecci\u00f3n nacional para un Mundial tiene que ser un evento espectacular, donde todas las expectativas est\u00e1n reunidas en una misma fecha, y no esperando a ver si sale hoy o ma\u00f1ana\u201d, reprocha el ex futbolista y director de selecciones nacionales, Ricardo Pel\u00e1ez. \u201cEs extra\u00f1o, porque jugadores como Rodr\u00edguez o Marcel no abundan en M\u00e9xico. El equipo necesita generadores de juego, no basta s\u00f3lo con saber defender\u201d.<\/p>\n\n\n\n<p>Los elementos que militan en el extranjero se integrar\u00e1n al grupo de convocados hasta el 1\u00ba de junio, cumpliendo con el reglamento de cesi\u00f3n de jugadores estipulado por FIFA. Entre las sorpresas de Aguirre destaca la incursi\u00f3n del delantero Guillermo Mart\u00ednez (Pumas), el arquero Carlos Acevedo (Santos), as\u00ed como el regreso al equipo nacional de Gilberto Mora (Tijuana), quien a sus 17 a\u00f1os se prepara para disputar su primera edici\u00f3n de la Copa del Mundo.<\/p>\n\n\n\n<p>\u201cNo hay nada m\u00e1s grande que representar a M\u00e9xico en un Mundial, es algo con lo que sue\u00f1as desde ni\u00f1o\u201d, menciona Mart\u00ednez sobre su llamado. \u201cNo fue f\u00e1cil, hubo momentos en los que se pudo haber flaqueado. Muchas veces me preguntaba qu\u00e9 se sentir\u00eda vestir la camiseta de la selecci\u00f3n, anotar un gol, jugar un partido en un Mundial\u2026 Ahora toca enfocarse, entregarme por completo al equipo, porque uno nunca sabe cu\u00e1ndo te puede cambiar la vida\u201d.<\/p>\n\n\n\n<p>Seg\u00fan la normativa de FIFA, los seleccionados que participar\u00e1n en la Copa Mundial deber\u00e1n cumplir un periodo de descanso entre competencias al final de la temporada, antes de iniciar su concentraci\u00f3n. En 1986, con una preparaci\u00f3n similar, M\u00e9xico consigui\u00f3 su mejor resultado en el torneo al avanzar hasta los cuartos de final. En 2026, la meta de Aguirre y su cuerpo t\u00e9cnico es, al menos, repetir aquella hist\u00f3rica actuaci\u00f3n en casa.<\/p>\n","protected":false},"excerpt":{"rendered":"<p>El plan original dictaba que las dudas terminar\u00edan el 6 de mayo, cuando los jugadores elegidos por Javier Aguirre se reunieran a preparar el inicio de la Copa Mundial de la FIFA durante cinco semanas y media de entrenamientos. Pero el anuncio de la convocatoria del seleccionador nacional, enfocada en elementos de la Liga Mx, [&hellip;]<\/p>\n","protected":false},"author":4,"featured_media":76707,"comment_status":"closed","ping_status":"open","sticky":false,"template":"","format":"standard","meta":{"footnotes":""},"categories":[21,2],"tags":[],"class_list":{"0":"post-76705","1":"post","2":"type-post","3":"status-publish","4":"format-standard","5":"has-post-thumbnail","7":"category-deportes","8":"category-oaxaca"},"yoast_head":"<!-- This site is optimized with the Yoast SEO plugin v27.4 - https:\/\/yoast.com\/product\/yoast-seo-wordpress\/ -->\n<title>Con retrasos y sorpresas, Aguirre presenta lista inicial para el Mundial - LA BRAVA RADIO<\/title>\n<meta name=\"robots\" content=\"index, follow, max-snippet:-1, max-image-preview:large, max-video-preview:-1\" \/>\n<link rel=\"canonical\" href=\"https:\/\/www.bbmnoticias.com\/con-retrasos-y-sorpresas-aguirre-presenta-lista-inicial-para-el-mundial\/\" \/>\n<meta property=\"og:locale\" content=\"es_MX\" \/>\n<meta property=\"og:type\" content=\"article\" \/>\n<meta property=\"og:title\" content=\"Con retrasos y sorpresas, Aguirre presenta lista inicial para el Mundial - LA BRAVA RADIO\" \/>\n<meta property=\"og:description\" content=\"El plan original dictaba que las dudas terminar\u00edan el 6 de mayo, cuando los jugadores elegidos por Javier Aguirre se reunieran a preparar el inicio de la Copa Mundial de la FIFA durante cinco semanas y media de entrenamientos. Pero el anuncio de la convocatoria del seleccionador nacional, enfocada en elementos de la Liga Mx, [&hellip;]\" \/>\n<meta property=\"og:url\" content=\"https:\/\/www.bbmnoticias.com\/con-retrasos-y-sorpresas-aguirre-presenta-lista-inicial-para-el-mundial\/\" \/>\n<meta property=\"og:site_name\" content=\"LA BRAVA RADIO\" \/>\n<meta property=\"article:published_time\" content=\"2026-04-29T14:29:21+00:00\" \/>\n<meta property=\"article:modified_time\" content=\"2026-04-29T14:29:24+00:00\" \/>\n<meta property=\"og:image\" content=\"https:\/\/www.bbmnoticias.com\/labravaradiofm\/wp-content\/uploads\/sites\/5\/2026\/04\/con-retrasos-y-sorpresas-aguirre-presenta-lista-inicial-para-el-mundial.webp\" \/>\n\t<meta property=\"og:image:width\" content=\"1200\" \/>\n\t<meta property=\"og:image:height\" content=\"800\" \/>\n\t<meta property=\"og:image:type\" content=\"image\/webp\" \/>\n<meta name=\"author\" content=\"Agencias\" \/>\n<meta name=\"twitter:card\" content=\"summary_large_image\" \/>\n<meta name=\"twitter:label1\" content=\"Escrito por\" \/>\n\t<meta name=\"twitter:data1\" content=\"Agencias\" \/>\n\t<meta name=\"twitter:label2\" content=\"Tiempo de lectura\" \/>\n\t<meta name=\"twitter:data2\" content=\"4 minutos\" \/>\n<script type=\"application\/ld+json\" class=\"yoast-schema-graph\">{\"@context\":\"https:\\\/\\\/schema.org\",\"@graph\":[{\"@type\":\"Article\",\"@id\":\"https:\\\/\\\/www.bbmnoticias.com\\\/con-retrasos-y-sorpresas-aguirre-presenta-lista-inicial-para-el-mundial\\\/#article\",\"isPartOf\":{\"@id\":\"https:\\\/\\\/www.bbmnoticias.com\\\/labravaradiofm\\\/2026\\\/04\\\/29\\\/con-retrasos-y-sorpresas-aguirre-presenta-lista-inicial-para-el-mundial\\\/\"},\"author\":{\"name\":\"Agencias\",\"@id\":\"https:\\\/\\\/www.bbmnoticias.com\\\/labravaradiofm\\\/#\\\/schema\\\/person\\\/000bdaf0a8fb5bff0d537c4d0778e33f\"},\"headline\":\"Con retrasos y sorpresas, Aguirre presenta lista inicial para el Mundial\",\"datePublished\":\"2026-04-29T14:29:21+00:00\",\"dateModified\":\"2026-04-29T14:29:24+00:00\",\"mainEntityOfPage\":{\"@id\":\"https:\\\/\\\/www.bbmnoticias.com\\\/labravaradiofm\\\/2026\\\/04\\\/29\\\/con-retrasos-y-sorpresas-aguirre-presenta-lista-inicial-para-el-mundial\\\/\"},\"wordCount\":824,\"image\":{\"@id\":\"https:\\\/\\\/www.bbmnoticias.com\\\/con-retrasos-y-sorpresas-aguirre-presenta-lista-inicial-para-el-mundial\\\/#primaryimage\"},\"thumbnailUrl\":\"https:\\\/\\\/www.bbmnoticias.com\\\/labravaradiofm\\\/wp-content\\\/uploads\\\/sites\\\/5\\\/2026\\\/04\\\/con-retrasos-y-sorpresas-aguirre-presenta-lista-inicial-para-el-mundial.webp\",\"articleSection\":[\"DEPORTES\",\"LOCAL\"],\"inLanguage\":\"es\"},{\"@type\":\"WebPage\",\"@id\":\"https:\\\/\\\/www.bbmnoticias.com\\\/labravaradiofm\\\/2026\\\/04\\\/29\\\/con-retrasos-y-sorpresas-aguirre-presenta-lista-inicial-para-el-mundial\\\/\",\"url\":\"https:\\\/\\\/www.bbmnoticias.com\\\/con-retrasos-y-sorpresas-aguirre-presenta-lista-inicial-para-el-mundial\\\/\",\"name\":\"Con retrasos y sorpresas, Aguirre presenta lista inicial para el Mundial - LA BRAVA RADIO\",\"isPartOf\":{\"@id\":\"https:\\\/\\\/www.bbmnoticias.com\\\/labravaradiofm\\\/#website\"},\"primaryImageOfPage\":{\"@id\":\"https:\\\/\\\/www.bbmnoticias.com\\\/con-retrasos-y-sorpresas-aguirre-presenta-lista-inicial-para-el-mundial\\\/#primaryimage\"},\"image\":{\"@id\":\"https:\\\/\\\/www.bbmnoticias.com\\\/con-retrasos-y-sorpresas-aguirre-presenta-lista-inicial-para-el-mundial\\\/#primaryimage\"},\"thumbnailUrl\":\"https:\\\/\\\/www.bbmnoticias.com\\\/labravaradiofm\\\/wp-content\\\/uploads\\\/sites\\\/5\\\/2026\\\/04\\\/con-retrasos-y-sorpresas-aguirre-presenta-lista-inicial-para-el-mundial.webp\",\"datePublished\":\"2026-04-29T14:29:21+00:00\",\"dateModified\":\"2026-04-29T14:29:24+00:00\",\"author\":{\"@id\":\"https:\\\/\\\/www.bbmnoticias.com\\\/labravaradiofm\\\/#\\\/schema\\\/person\\\/000bdaf0a8fb5bff0d537c4d0778e33f\"},\"breadcrumb\":{\"@id\":\"https:\\\/\\\/www.bbmnoticias.com\\\/con-retrasos-y-sorpresas-aguirre-presenta-lista-inicial-para-el-mundial\\\/#breadcrumb\"},\"inLanguage\":\"es\",\"potentialAction\":[{\"@type\":\"ReadAction\",\"target\":[\"https:\\\/\\\/www.bbmnoticias.com\\\/con-retrasos-y-sorpresas-aguirre-presenta-lista-inicial-para-el-mundial\\\/\"]}]},{\"@type\":\"ImageObject\",\"inLanguage\":\"es\",\"@id\":\"https:\\\/\\\/www.bbmnoticias.com\\\/con-retrasos-y-sorpresas-aguirre-presenta-lista-inicial-para-el-mundial\\\/#primaryimage\",\"url\":\"https:\\\/\\\/www.bbmnoticias.com\\\/labravaradiofm\\\/wp-content\\\/uploads\\\/sites\\\/5\\\/2026\\\/04\\\/con-retrasos-y-sorpresas-aguirre-presenta-lista-inicial-para-el-mundial.webp\",\"contentUrl\":\"https:\\\/\\\/www.bbmnoticias.com\\\/labravaradiofm\\\/wp-content\\\/uploads\\\/sites\\\/5\\\/2026\\\/04\\\/con-retrasos-y-sorpresas-aguirre-presenta-lista-inicial-para-el-mundial.webp\",\"width\":1200,\"height\":800},{\"@type\":\"BreadcrumbList\",\"@id\":\"https:\\\/\\\/www.bbmnoticias.com\\\/con-retrasos-y-sorpresas-aguirre-presenta-lista-inicial-para-el-mundial\\\/#breadcrumb\",\"itemListElement\":[{\"@type\":\"ListItem\",\"position\":1,\"name\":\"Inicio\",\"item\":\"https:\\\/\\\/www.bbmnoticias.com\\\/labravaradiofm\\\/\"},{\"@type\":\"ListItem\",\"position\":2,\"name\":\"Con retrasos y sorpresas, Aguirre presenta lista inicial para el Mundial\"}]},{\"@type\":\"WebSite\",\"@id\":\"https:\\\/\\\/www.bbmnoticias.com\\\/labravaradiofm\\\/#website\",\"url\":\"https:\\\/\\\/www.bbmnoticias.com\\\/labravaradiofm\\\/\",\"name\":\"LA BRAVA RADIO\",\"description\":\"Empresa productora de medios, Radiodifusi\u00f3n, Noticias, tendencias y todo lo que necesitas saber de la pol\u00edtica mexicana e internacional; entretenimiento, espect\u00e1culos, salud y mucho m\u00e1s.\",\"potentialAction\":[{\"@type\":\"SearchAction\",\"target\":{\"@type\":\"EntryPoint\",\"urlTemplate\":\"https:\\\/\\\/www.bbmnoticias.com\\\/labravaradiofm\\\/?s={search_term_string}\"},\"query-input\":{\"@type\":\"PropertyValueSpecification\",\"valueRequired\":true,\"valueName\":\"search_term_string\"}}],\"inLanguage\":\"es\"},{\"@type\":\"Person\",\"@id\":\"https:\\\/\\\/www.bbmnoticias.com\\\/labravaradiofm\\\/#\\\/schema\\\/person\\\/000bdaf0a8fb5bff0d537c4d0778e33f\",\"name\":\"Agencias\",\"image\":{\"@type\":\"ImageObject\",\"inLanguage\":\"es\",\"@id\":\"https:\\\/\\\/secure.gravatar.com\\\/avatar\\\/739e0b61adf9e398b425c36718c8752286da0e8cd90f20ce9a86678abc26aa0d?s=96&d=mm&r=g\",\"url\":\"https:\\\/\\\/secure.gravatar.com\\\/avatar\\\/739e0b61adf9e398b425c36718c8752286da0e8cd90f20ce9a86678abc26aa0d?s=96&d=mm&r=g\",\"contentUrl\":\"https:\\\/\\\/secure.gravatar.com\\\/avatar\\\/739e0b61adf9e398b425c36718c8752286da0e8cd90f20ce9a86678abc26aa0d?s=96&d=mm&r=g\",\"caption\":\"Agencias\"},\"url\":\"https:\\\/\\\/www.bbmnoticias.com\\\/labravaradiofm\\\/author\\\/agencias\\\/\"}]}<\/script>\n<!-- \/ Yoast SEO plugin. -->","yoast_head_json":{"title":"Con retrasos y sorpresas, Aguirre presenta lista inicial para el Mundial - LA BRAVA RADIO","robots":{"index":"index","follow":"follow","max-snippet":"max-snippet:-1","max-image-preview":"max-image-preview:large","max-video-preview":"max-video-preview:-1"},"canonical":"https:\/\/www.bbmnoticias.com\/con-retrasos-y-sorpresas-aguirre-presenta-lista-inicial-para-el-mundial\/","og_locale":"es_MX","og_type":"article","og_title":"Con retrasos y sorpresas, Aguirre presenta lista inicial para el Mundial - LA BRAVA RADIO","og_description":"El plan original dictaba que las dudas terminar\u00edan el 6 de mayo, cuando los jugadores elegidos por Javier Aguirre se reunieran a preparar el inicio de la Copa Mundial de la FIFA durante cinco semanas y media de entrenamientos. Pero el anuncio de la convocatoria del seleccionador nacional, enfocada en elementos de la Liga Mx, [&hellip;]","og_url":"https:\/\/www.bbmnoticias.com\/con-retrasos-y-sorpresas-aguirre-presenta-lista-inicial-para-el-mundial\/","og_site_name":"LA BRAVA RADIO","article_published_time":"2026-04-29T14:29:21+00:00","article_modified_time":"2026-04-29T14:29:24+00:00","og_image":[{"width":1200,"height":800,"url":"https:\/\/www.bbmnoticias.com\/labravaradiofm\/wp-content\/uploads\/sites\/5\/2026\/04\/con-retrasos-y-sorpresas-aguirre-presenta-lista-inicial-para-el-mundial.webp","type":"image\/webp"}],"author":"Agencias","twitter_card":"summary_large_image","twitter_misc":{"Escrito por":"Agencias","Tiempo de lectura":"4 minutos"},"schema":{"@context":"https:\/\/schema.org","@graph":[{"@type":"Article","@id":"https:\/\/www.bbmnoticias.com\/con-retrasos-y-sorpresas-aguirre-presenta-lista-inicial-para-el-mundial\/#article","isPartOf":{"@id":"https:\/\/www.bbmnoticias.com\/labravaradiofm\/2026\/04\/29\/con-retrasos-y-sorpresas-aguirre-presenta-lista-inicial-para-el-mundial\/"},"author":{"name":"Agencias","@id":"https:\/\/www.bbmnoticias.com\/labravaradiofm\/#\/schema\/person\/000bdaf0a8fb5bff0d537c4d0778e33f"},"headline":"Con retrasos y sorpresas, Aguirre presenta lista inicial para el Mundial","datePublished":"2026-04-29T14:29:21+00:00","dateModified":"2026-04-29T14:29:24+00:00","mainEntityOfPage":{"@id":"https:\/\/www.bbmnoticias.com\/labravaradiofm\/2026\/04\/29\/con-retrasos-y-sorpresas-aguirre-presenta-lista-inicial-para-el-mundial\/"},"wordCount":824,"image":{"@id":"https:\/\/www.bbmnoticias.com\/con-retrasos-y-sorpresas-aguirre-presenta-lista-inicial-para-el-mundial\/#primaryimage"},"thumbnailUrl":"https:\/\/www.bbmnoticias.com\/labravaradiofm\/wp-content\/uploads\/sites\/5\/2026\/04\/con-retrasos-y-sorpresas-aguirre-presenta-lista-inicial-para-el-mundial.webp","articleSection":["DEPORTES","LOCAL"],"inLanguage":"es"},{"@type":"WebPage","@id":"https:\/\/www.bbmnoticias.com\/labravaradiofm\/2026\/04\/29\/con-retrasos-y-sorpresas-aguirre-presenta-lista-inicial-para-el-mundial\/","url":"https:\/\/www.bbmnoticias.com\/con-retrasos-y-sorpresas-aguirre-presenta-lista-inicial-para-el-mundial\/","name":"Con retrasos y sorpresas, Aguirre presenta lista inicial para el Mundial - LA BRAVA RADIO","isPartOf":{"@id":"https:\/\/www.bbmnoticias.com\/labravaradiofm\/#website"},"primaryImageOfPage":{"@id":"https:\/\/www.bbmnoticias.com\/con-retrasos-y-sorpresas-aguirre-presenta-lista-inicial-para-el-mundial\/#primaryimage"},"image":{"@id":"https:\/\/www.bbmnoticias.com\/con-retrasos-y-sorpresas-aguirre-presenta-lista-inicial-para-el-mundial\/#primaryimage"},"thumbnailUrl":"https:\/\/www.bbmnoticias.com\/labravaradiofm\/wp-content\/uploads\/sites\/5\/2026\/04\/con-retrasos-y-sorpresas-aguirre-presenta-lista-inicial-para-el-mundial.webp","datePublished":"2026-04-29T14:29:21+00:00","dateModified":"2026-04-29T14:29:24+00:00","author":{"@id":"https:\/\/www.bbmnoticias.com\/labravaradiofm\/#\/schema\/person\/000bdaf0a8fb5bff0d537c4d0778e33f"},"breadcrumb":{"@id":"https:\/\/www.bbmnoticias.com\/con-retrasos-y-sorpresas-aguirre-presenta-lista-inicial-para-el-mundial\/#breadcrumb"},"inLanguage":"es","potentialAction":[{"@type":"ReadAction","target":["https:\/\/www.bbmnoticias.com\/con-retrasos-y-sorpresas-aguirre-presenta-lista-inicial-para-el-mundial\/"]}]},{"@type":"ImageObject","inLanguage":"es","@id":"https:\/\/www.bbmnoticias.com\/con-retrasos-y-sorpresas-aguirre-presenta-lista-inicial-para-el-mundial\/#primaryimage","url":"https:\/\/www.bbmnoticias.com\/labravaradiofm\/wp-content\/uploads\/sites\/5\/2026\/04\/con-retrasos-y-sorpresas-aguirre-presenta-lista-inicial-para-el-mundial.webp","contentUrl":"https:\/\/www.bbmnoticias.com\/labravaradiofm\/wp-content\/uploads\/sites\/5\/2026\/04\/con-retrasos-y-sorpresas-aguirre-presenta-lista-inicial-para-el-mundial.webp","width":1200,"height":800},{"@type":"BreadcrumbList","@id":"https:\/\/www.bbmnoticias.com\/con-retrasos-y-sorpresas-aguirre-presenta-lista-inicial-para-el-mundial\/#breadcrumb","itemListElement":[{"@type":"ListItem","position":1,"name":"Inicio","item":"https:\/\/www.bbmnoticias.com\/labravaradiofm\/"},{"@type":"ListItem","position":2,"name":"Con retrasos y sorpresas, Aguirre presenta lista inicial para el Mundial"}]},{"@type":"WebSite","@id":"https:\/\/www.bbmnoticias.com\/labravaradiofm\/#website","url":"https:\/\/www.bbmnoticias.com\/labravaradiofm\/","name":"LA BRAVA RADIO","description":"Empresa productora de medios, Radiodifusi\u00f3n, Noticias, tendencias y todo lo que necesitas saber de la pol\u00edtica mexicana e internacional; entretenimiento, espect\u00e1culos, salud y mucho m\u00e1s.","potentialAction":[{"@type":"SearchAction","target":{"@type":"EntryPoint","urlTemplate":"https:\/\/www.bbmnoticias.com\/labravaradiofm\/?s={search_term_string}"},"query-input":{"@type":"PropertyValueSpecification","valueRequired":true,"valueName":"search_term_string"}}],"inLanguage":"es"},{"@type":"Person","@id":"https:\/\/www.bbmnoticias.com\/labravaradiofm\/#\/schema\/person\/000bdaf0a8fb5bff0d537c4d0778e33f","name":"Agencias","image":{"@type":"ImageObject","inLanguage":"es","@id":"https:\/\/secure.gravatar.com\/avatar\/739e0b61adf9e398b425c36718c8752286da0e8cd90f20ce9a86678abc26aa0d?s=96&d=mm&r=g","url":"https:\/\/secure.gravatar.com\/avatar\/739e0b61adf9e398b425c36718c8752286da0e8cd90f20ce9a86678abc26aa0d?s=96&d=mm&r=g","contentUrl":"https:\/\/secure.gravatar.com\/avatar\/739e0b61adf9e398b425c36718c8752286da0e8cd90f20ce9a86678abc26aa0d?s=96&d=mm&r=g","caption":"Agencias"},"url":"https:\/\/www.bbmnoticias.com\/labravaradiofm\/author\/agencias\/"}]}},"_links":{"self":[{"href":"https:\/\/www.bbmnoticias.com\/labravaradiofm\/wp-json\/wp\/v2\/posts\/76705","targetHints":{"allow":["GET"]}}],"collection":[{"href":"https:\/\/www.bbmnoticias.com\/labravaradiofm\/wp-json\/wp\/v2\/posts"}],"about":[{"href":"https:\/\/www.bbmnoticias.com\/labravaradiofm\/wp-json\/wp\/v2\/types\/post"}],"author":[{"embeddable":true,"href":"https:\/\/www.bbmnoticias.com\/labravaradiofm\/wp-json\/wp\/v2\/users\/4"}],"replies":[{"embeddable":true,"href":"https:\/\/www.bbmnoticias.com\/labravaradiofm\/wp-json\/wp\/v2\/comments?post=76705"}],"version-history":[{"count":1,"href":"https:\/\/www.bbmnoticias.com\/labravaradiofm\/wp-json\/wp\/v2\/posts\/76705\/revisions"}],"predecessor-version":[{"id":76706,"href":"https:\/\/www.bbmnoticias.com\/labravaradiofm\/wp-json\/wp\/v2\/posts\/76705\/revisions\/76706"}],"wp:featuredmedia":[{"embeddable":true,"href":"https:\/\/www.bbmnoticias.com\/labravaradiofm\/wp-json\/wp\/v2\/media\/76707"}],"wp:attachment":[{"href":"https:\/\/www.bbmnoticias.com\/labravaradiofm\/wp-json\/wp\/v2\/media?parent=76705"}],"wp:term":[{"taxonomy":"category","embeddable":true,"href":"https:\/\/www.bbmnoticias.com\/labravaradiofm\/wp-json\/wp\/v2\/categories?post=76705"},{"taxonomy":"post_tag","embeddable":true,"href":"https:\/\/www.bbmnoticias.com\/labravaradiofm\/wp-json\/wp\/v2\/tags?post=76705"}],"curies":[{"name":"wp","href":"https:\/\/api.w.org\/{rel}","templated":true}]}}