{"id":76698,"date":"2026-04-28T20:48:10","date_gmt":"2026-04-29T02:48:10","guid":{"rendered":"https:\/\/www.bbmnoticias.com\/labravaradiofm\/2026\/04\/28\/nino-morales-impulsara-que-modelo-oaxaqueno-de-atencion-al-autismo-se-replique-en-todo-el-pais\/"},"modified":"2026-04-28T20:48:27","modified_gmt":"2026-04-29T02:48:27","slug":"nino-morales-impulsara-que-modelo-oaxaqueno-de-atencion-al-autismo-se-replique-en-todo-el-pais","status":"publish","type":"post","link":"https:\/\/www.bbmnoticias.com\/labravaradiofm\/2026\/04\/28\/nino-morales-impulsara-que-modelo-oaxaqueno-de-atencion-al-autismo-se-replique-en-todo-el-pais\/","title":{"rendered":"Nino Morales impulsar\u00e1 que modelo Oaxaque\u00f1o de atenci\u00f3n al autismo se replique en todo el Pa\u00eds"},"content":{"rendered":"<div style=\"margin-top: 0px; margin-bottom: 0px;\" class=\"sharethis-inline-share-buttons\" ><\/div>\n<p>\u2022 Fortalece la inclusi\u00f3n y el cumplimiento efectivo de derechos de quienes presentan Trastorno del Espectro Autista<br>\u2022 El Sistema DIF Oaxaca consolida una pol\u00edtica que coloca en el centro a los grupos prioritarios con inversi\u00f3n hist\u00f3rica<\/p>\n\n\n\n<p>El senador oaxaque\u00f1o Antonino Morales Toledo inform\u00f3 que presentar\u00e1 ante el Senado de la Rep\u00fablica un exhorto, para que los gobiernos de las 30 entidades federativas y la Ciudad de M\u00e9xico conozcan y adopten el modelo integral de atenci\u00f3n a las personas que padecen Trastorno del Espectro Autista (TEA) que ha implementado el DIF Oaxaca.<\/p>\n\n\n\n<p>&#8220;Lo que aqu\u00ed se ha construido merece replicarse en cada rinc\u00f3n del pa\u00eds. No es una ocurrencia, es convicci\u00f3n; no es un privilegio, es un derecho&#8221;, declar\u00f3 el legislador zapoteco.<\/p>\n\n\n\n<p>Los avances que respaldan esta propuesta son contundentes. Con una inversi\u00f3n superior a mil 310 millones de pesos, el DIF Oaxaca y el Sistema Nacional DIF formalizaron un convenio con 539 municipios para fortalecer los programas de atenci\u00f3n alimentaria y desarrollo comunitario. Esta acci\u00f3n garantiza el bienestar de ni\u00f1as, ni\u00f1os, personas con discapacidad, personas mayores y familias en situaci\u00f3n prioritaria.<\/p>\n\n\n\n<p>En materia de atenci\u00f3n al TEA, se ampli\u00f3 el Centro Nyela To Bidao con recursos superiores a 13.9 millones de pesos. La obra incluy\u00f3 nueve aulas nuevas y una c\u00e1mara sensorial, lo que permiti\u00f3 duplicar la capacidad de atenci\u00f3n: de 419 a m\u00e1s de 800 ni\u00f1as y ni\u00f1os. Este espacio opera como una comunidad de acompa\u00f1amiento, basada en la comprensi\u00f3n, la cercan\u00eda y el respeto. Adicionalmente, se anunci\u00f3 la creaci\u00f3n de 11 nuevos centros en distintas regiones del estado para acercar estos servicios especializados a m\u00e1s familias.<\/p>\n\n\n\n<p>Nino Morales reconoci\u00f3 el liderazgo, el compromiso y la entrega de la se\u00f1ora Irma Bola\u00f1os Quijano, presidenta honoraria del DIF Oaxaca, cuyo trabajo ha convertido a la instituci\u00f3n en el coraz\u00f3n del gobierno de la Primavera Oaxaque\u00f1a.<\/p>\n\n\n\n<p>El exhorto que se impulsar\u00e1 desde el Senado busca que este modelo de atenci\u00f3n se convierta en una referencia nacional, \u201cel bienestar compartido, la justicia social y la Cuarta Transformaci\u00f3n se consolidan cuando las pol\u00edticas p\u00fablicas nacen del territorio y se ponen al servicio de quienes m\u00e1s lo necesitan\u201d, concluy\u00f3, el senador morenista.<\/p>\n","protected":false},"excerpt":{"rendered":"<p>\u2022 Fortalece la inclusi\u00f3n y el cumplimiento efectivo de derechos de quienes presentan Trastorno del Espectro Autista\u2022 El Sistema DIF Oaxaca consolida una pol\u00edtica que coloca en el centro a los grupos prioritarios con inversi\u00f3n hist\u00f3rica El senador oaxaque\u00f1o Antonino Morales Toledo inform\u00f3 que presentar\u00e1 ante el Senado de la Rep\u00fablica un exhorto, para que [&hellip;]<\/p>\n","protected":false},"author":2,"featured_media":76700,"comment_status":"closed","ping_status":"open","sticky":false,"template":"","format":"standard","meta":{"footnotes":""},"categories":[2],"tags":[],"class_list":{"0":"post-76698","1":"post","2":"type-post","3":"status-publish","4":"format-standard","5":"has-post-thumbnail","7":"category-oaxaca"},"yoast_head":"<!-- This site is optimized with the Yoast SEO plugin v27.4 - https:\/\/yoast.com\/product\/yoast-seo-wordpress\/ -->\n<title>Nino Morales impulsar\u00e1 que modelo Oaxaque\u00f1o de atenci\u00f3n al autismo se replique en todo el Pa\u00eds - LA BRAVA RADIO<\/title>\n<meta name=\"robots\" content=\"index, follow, max-snippet:-1, max-image-preview:large, max-video-preview:-1\" \/>\n<link rel=\"canonical\" href=\"https:\/\/www.bbmnoticias.com\/nino-morales-impulsara-que-modelo-oaxaqueno-de-atencion-al-autismo-se-replique-en-todo-el-pais\/\" \/>\n<meta property=\"og:locale\" content=\"es_MX\" \/>\n<meta property=\"og:type\" content=\"article\" \/>\n<meta property=\"og:title\" content=\"Nino Morales impulsar\u00e1 que modelo Oaxaque\u00f1o de atenci\u00f3n al autismo se replique en todo el Pa\u00eds - LA BRAVA RADIO\" \/>\n<meta property=\"og:description\" content=\"\u2022 Fortalece la inclusi\u00f3n y el cumplimiento efectivo de derechos de quienes presentan Trastorno del Espectro Autista\u2022 El Sistema DIF Oaxaca consolida una pol\u00edtica que coloca en el centro a los grupos prioritarios con inversi\u00f3n hist\u00f3rica El senador oaxaque\u00f1o Antonino Morales Toledo inform\u00f3 que presentar\u00e1 ante el Senado de la Rep\u00fablica un exhorto, para que [&hellip;]\" \/>\n<meta property=\"og:url\" content=\"https:\/\/www.bbmnoticias.com\/nino-morales-impulsara-que-modelo-oaxaqueno-de-atencion-al-autismo-se-replique-en-todo-el-pais\/\" \/>\n<meta property=\"og:site_name\" content=\"LA BRAVA RADIO\" \/>\n<meta property=\"article:published_time\" content=\"2026-04-29T02:48:10+00:00\" \/>\n<meta property=\"article:modified_time\" content=\"2026-04-29T02:48:27+00:00\" \/>\n<meta property=\"og:image\" content=\"https:\/\/www.bbmnoticias.com\/labravaradiofm\/wp-content\/uploads\/sites\/5\/2026\/04\/nino_morales-1.jpg\" \/>\n\t<meta property=\"og:image:width\" content=\"800\" \/>\n\t<meta property=\"og:image:height\" content=\"534\" \/>\n\t<meta property=\"og:image:type\" content=\"image\/jpeg\" \/>\n<meta name=\"author\" content=\"Staff\" \/>\n<meta name=\"twitter:card\" content=\"summary_large_image\" \/>\n<meta name=\"twitter:label1\" content=\"Escrito por\" \/>\n\t<meta name=\"twitter:data1\" content=\"Staff\" \/>\n\t<meta name=\"twitter:label2\" content=\"Tiempo de lectura\" \/>\n\t<meta name=\"twitter:data2\" content=\"2 minutos\" \/>\n<script type=\"application\/ld+json\" class=\"yoast-schema-graph\">{\"@context\":\"https:\\\/\\\/schema.org\",\"@graph\":[{\"@type\":\"Article\",\"@id\":\"https:\\\/\\\/www.bbmnoticias.com\\\/nino-morales-impulsara-que-modelo-oaxaqueno-de-atencion-al-autismo-se-replique-en-todo-el-pais\\\/#article\",\"isPartOf\":{\"@id\":\"https:\\\/\\\/www.bbmnoticias.com\\\/labravaradiofm\\\/2026\\\/04\\\/28\\\/nino-morales-impulsara-que-modelo-oaxaqueno-de-atencion-al-autismo-se-replique-en-todo-el-pais\\\/\"},\"author\":{\"name\":\"Staff\",\"@id\":\"https:\\\/\\\/www.bbmnoticias.com\\\/labravaradiofm\\\/#\\\/schema\\\/person\\\/68a9e9036ef3c5b55aeb2b71dc8bab45\"},\"headline\":\"Nino Morales impulsar\u00e1 que modelo Oaxaque\u00f1o de atenci\u00f3n al autismo se replique en todo el Pa\u00eds\",\"datePublished\":\"2026-04-29T02:48:10+00:00\",\"dateModified\":\"2026-04-29T02:48:27+00:00\",\"mainEntityOfPage\":{\"@id\":\"https:\\\/\\\/www.bbmnoticias.com\\\/labravaradiofm\\\/2026\\\/04\\\/28\\\/nino-morales-impulsara-que-modelo-oaxaqueno-de-atencion-al-autismo-se-replique-en-todo-el-pais\\\/\"},\"wordCount\":407,\"image\":{\"@id\":\"https:\\\/\\\/www.bbmnoticias.com\\\/nino-morales-impulsara-que-modelo-oaxaqueno-de-atencion-al-autismo-se-replique-en-todo-el-pais\\\/#primaryimage\"},\"thumbnailUrl\":\"https:\\\/\\\/www.bbmnoticias.com\\\/labravaradiofm\\\/wp-content\\\/uploads\\\/sites\\\/5\\\/2026\\\/04\\\/nino_morales-1.jpg\",\"articleSection\":[\"LOCAL\"],\"inLanguage\":\"es\"},{\"@type\":\"WebPage\",\"@id\":\"https:\\\/\\\/www.bbmnoticias.com\\\/labravaradiofm\\\/2026\\\/04\\\/28\\\/nino-morales-impulsara-que-modelo-oaxaqueno-de-atencion-al-autismo-se-replique-en-todo-el-pais\\\/\",\"url\":\"https:\\\/\\\/www.bbmnoticias.com\\\/nino-morales-impulsara-que-modelo-oaxaqueno-de-atencion-al-autismo-se-replique-en-todo-el-pais\\\/\",\"name\":\"Nino Morales impulsar\u00e1 que modelo Oaxaque\u00f1o de atenci\u00f3n al autismo se replique en todo el Pa\u00eds - LA BRAVA RADIO\",\"isPartOf\":{\"@id\":\"https:\\\/\\\/www.bbmnoticias.com\\\/labravaradiofm\\\/#website\"},\"primaryImageOfPage\":{\"@id\":\"https:\\\/\\\/www.bbmnoticias.com\\\/nino-morales-impulsara-que-modelo-oaxaqueno-de-atencion-al-autismo-se-replique-en-todo-el-pais\\\/#primaryimage\"},\"image\":{\"@id\":\"https:\\\/\\\/www.bbmnoticias.com\\\/nino-morales-impulsara-que-modelo-oaxaqueno-de-atencion-al-autismo-se-replique-en-todo-el-pais\\\/#primaryimage\"},\"thumbnailUrl\":\"https:\\\/\\\/www.bbmnoticias.com\\\/labravaradiofm\\\/wp-content\\\/uploads\\\/sites\\\/5\\\/2026\\\/04\\\/nino_morales-1.jpg\",\"datePublished\":\"2026-04-29T02:48:10+00:00\",\"dateModified\":\"2026-04-29T02:48:27+00:00\",\"author\":{\"@id\":\"https:\\\/\\\/www.bbmnoticias.com\\\/labravaradiofm\\\/#\\\/schema\\\/person\\\/68a9e9036ef3c5b55aeb2b71dc8bab45\"},\"breadcrumb\":{\"@id\":\"https:\\\/\\\/www.bbmnoticias.com\\\/nino-morales-impulsara-que-modelo-oaxaqueno-de-atencion-al-autismo-se-replique-en-todo-el-pais\\\/#breadcrumb\"},\"inLanguage\":\"es\",\"potentialAction\":[{\"@type\":\"ReadAction\",\"target\":[\"https:\\\/\\\/www.bbmnoticias.com\\\/nino-morales-impulsara-que-modelo-oaxaqueno-de-atencion-al-autismo-se-replique-en-todo-el-pais\\\/\"]}]},{\"@type\":\"ImageObject\",\"inLanguage\":\"es\",\"@id\":\"https:\\\/\\\/www.bbmnoticias.com\\\/nino-morales-impulsara-que-modelo-oaxaqueno-de-atencion-al-autismo-se-replique-en-todo-el-pais\\\/#primaryimage\",\"url\":\"https:\\\/\\\/www.bbmnoticias.com\\\/labravaradiofm\\\/wp-content\\\/uploads\\\/sites\\\/5\\\/2026\\\/04\\\/nino_morales-1.jpg\",\"contentUrl\":\"https:\\\/\\\/www.bbmnoticias.com\\\/labravaradiofm\\\/wp-content\\\/uploads\\\/sites\\\/5\\\/2026\\\/04\\\/nino_morales-1.jpg\",\"width\":800,\"height\":534},{\"@type\":\"BreadcrumbList\",\"@id\":\"https:\\\/\\\/www.bbmnoticias.com\\\/nino-morales-impulsara-que-modelo-oaxaqueno-de-atencion-al-autismo-se-replique-en-todo-el-pais\\\/#breadcrumb\",\"itemListElement\":[{\"@type\":\"ListItem\",\"position\":1,\"name\":\"Inicio\",\"item\":\"https:\\\/\\\/www.bbmnoticias.com\\\/labravaradiofm\\\/\"},{\"@type\":\"ListItem\",\"position\":2,\"name\":\"Nino Morales impulsar\u00e1 que modelo Oaxaque\u00f1o de atenci\u00f3n al autismo se replique en todo el Pa\u00eds\"}]},{\"@type\":\"WebSite\",\"@id\":\"https:\\\/\\\/www.bbmnoticias.com\\\/labravaradiofm\\\/#website\",\"url\":\"https:\\\/\\\/www.bbmnoticias.com\\\/labravaradiofm\\\/\",\"name\":\"LA BRAVA RADIO\",\"description\":\"Empresa productora de medios, Radiodifusi\u00f3n, Noticias, tendencias y todo lo que necesitas saber de la pol\u00edtica mexicana e internacional; entretenimiento, espect\u00e1culos, salud y mucho m\u00e1s.\",\"potentialAction\":[{\"@type\":\"SearchAction\",\"target\":{\"@type\":\"EntryPoint\",\"urlTemplate\":\"https:\\\/\\\/www.bbmnoticias.com\\\/labravaradiofm\\\/?s={search_term_string}\"},\"query-input\":{\"@type\":\"PropertyValueSpecification\",\"valueRequired\":true,\"valueName\":\"search_term_string\"}}],\"inLanguage\":\"es\"},{\"@type\":\"Person\",\"@id\":\"https:\\\/\\\/www.bbmnoticias.com\\\/labravaradiofm\\\/#\\\/schema\\\/person\\\/68a9e9036ef3c5b55aeb2b71dc8bab45\",\"name\":\"Staff\",\"image\":{\"@type\":\"ImageObject\",\"inLanguage\":\"es\",\"@id\":\"https:\\\/\\\/secure.gravatar.com\\\/avatar\\\/fdd21ad66fd8b98c407f9dee5b5e588cfe7f0d8579ec20fa6527cd59bab7f0f0?s=96&d=mm&r=g\",\"url\":\"https:\\\/\\\/secure.gravatar.com\\\/avatar\\\/fdd21ad66fd8b98c407f9dee5b5e588cfe7f0d8579ec20fa6527cd59bab7f0f0?s=96&d=mm&r=g\",\"contentUrl\":\"https:\\\/\\\/secure.gravatar.com\\\/avatar\\\/fdd21ad66fd8b98c407f9dee5b5e588cfe7f0d8579ec20fa6527cd59bab7f0f0?s=96&d=mm&r=g\",\"caption\":\"Staff\"},\"url\":\"https:\\\/\\\/www.bbmnoticias.com\\\/labravaradiofm\\\/author\\\/redaccion\\\/\"}]}<\/script>\n<!-- \/ Yoast SEO plugin. -->","yoast_head_json":{"title":"Nino Morales impulsar\u00e1 que modelo Oaxaque\u00f1o de atenci\u00f3n al autismo se replique en todo el Pa\u00eds - LA BRAVA RADIO","robots":{"index":"index","follow":"follow","max-snippet":"max-snippet:-1","max-image-preview":"max-image-preview:large","max-video-preview":"max-video-preview:-1"},"canonical":"https:\/\/www.bbmnoticias.com\/nino-morales-impulsara-que-modelo-oaxaqueno-de-atencion-al-autismo-se-replique-en-todo-el-pais\/","og_locale":"es_MX","og_type":"article","og_title":"Nino Morales impulsar\u00e1 que modelo Oaxaque\u00f1o de atenci\u00f3n al autismo se replique en todo el Pa\u00eds - LA BRAVA RADIO","og_description":"\u2022 Fortalece la inclusi\u00f3n y el cumplimiento efectivo de derechos de quienes presentan Trastorno del Espectro Autista\u2022 El Sistema DIF Oaxaca consolida una pol\u00edtica que coloca en el centro a los grupos prioritarios con inversi\u00f3n hist\u00f3rica El senador oaxaque\u00f1o Antonino Morales Toledo inform\u00f3 que presentar\u00e1 ante el Senado de la Rep\u00fablica un exhorto, para que [&hellip;]","og_url":"https:\/\/www.bbmnoticias.com\/nino-morales-impulsara-que-modelo-oaxaqueno-de-atencion-al-autismo-se-replique-en-todo-el-pais\/","og_site_name":"LA BRAVA RADIO","article_published_time":"2026-04-29T02:48:10+00:00","article_modified_time":"2026-04-29T02:48:27+00:00","og_image":[{"width":800,"height":534,"url":"https:\/\/www.bbmnoticias.com\/labravaradiofm\/wp-content\/uploads\/sites\/5\/2026\/04\/nino_morales-1.jpg","type":"image\/jpeg"}],"author":"Staff","twitter_card":"summary_large_image","twitter_misc":{"Escrito por":"Staff","Tiempo de lectura":"2 minutos"},"schema":{"@context":"https:\/\/schema.org","@graph":[{"@type":"Article","@id":"https:\/\/www.bbmnoticias.com\/nino-morales-impulsara-que-modelo-oaxaqueno-de-atencion-al-autismo-se-replique-en-todo-el-pais\/#article","isPartOf":{"@id":"https:\/\/www.bbmnoticias.com\/labravaradiofm\/2026\/04\/28\/nino-morales-impulsara-que-modelo-oaxaqueno-de-atencion-al-autismo-se-replique-en-todo-el-pais\/"},"author":{"name":"Staff","@id":"https:\/\/www.bbmnoticias.com\/labravaradiofm\/#\/schema\/person\/68a9e9036ef3c5b55aeb2b71dc8bab45"},"headline":"Nino Morales impulsar\u00e1 que modelo Oaxaque\u00f1o de atenci\u00f3n al autismo se replique en todo el Pa\u00eds","datePublished":"2026-04-29T02:48:10+00:00","dateModified":"2026-04-29T02:48:27+00:00","mainEntityOfPage":{"@id":"https:\/\/www.bbmnoticias.com\/labravaradiofm\/2026\/04\/28\/nino-morales-impulsara-que-modelo-oaxaqueno-de-atencion-al-autismo-se-replique-en-todo-el-pais\/"},"wordCount":407,"image":{"@id":"https:\/\/www.bbmnoticias.com\/nino-morales-impulsara-que-modelo-oaxaqueno-de-atencion-al-autismo-se-replique-en-todo-el-pais\/#primaryimage"},"thumbnailUrl":"https:\/\/www.bbmnoticias.com\/labravaradiofm\/wp-content\/uploads\/sites\/5\/2026\/04\/nino_morales-1.jpg","articleSection":["LOCAL"],"inLanguage":"es"},{"@type":"WebPage","@id":"https:\/\/www.bbmnoticias.com\/labravaradiofm\/2026\/04\/28\/nino-morales-impulsara-que-modelo-oaxaqueno-de-atencion-al-autismo-se-replique-en-todo-el-pais\/","url":"https:\/\/www.bbmnoticias.com\/nino-morales-impulsara-que-modelo-oaxaqueno-de-atencion-al-autismo-se-replique-en-todo-el-pais\/","name":"Nino Morales impulsar\u00e1 que modelo Oaxaque\u00f1o de atenci\u00f3n al autismo se replique en todo el Pa\u00eds - LA BRAVA RADIO","isPartOf":{"@id":"https:\/\/www.bbmnoticias.com\/labravaradiofm\/#website"},"primaryImageOfPage":{"@id":"https:\/\/www.bbmnoticias.com\/nino-morales-impulsara-que-modelo-oaxaqueno-de-atencion-al-autismo-se-replique-en-todo-el-pais\/#primaryimage"},"image":{"@id":"https:\/\/www.bbmnoticias.com\/nino-morales-impulsara-que-modelo-oaxaqueno-de-atencion-al-autismo-se-replique-en-todo-el-pais\/#primaryimage"},"thumbnailUrl":"https:\/\/www.bbmnoticias.com\/labravaradiofm\/wp-content\/uploads\/sites\/5\/2026\/04\/nino_morales-1.jpg","datePublished":"2026-04-29T02:48:10+00:00","dateModified":"2026-04-29T02:48:27+00:00","author":{"@id":"https:\/\/www.bbmnoticias.com\/labravaradiofm\/#\/schema\/person\/68a9e9036ef3c5b55aeb2b71dc8bab45"},"breadcrumb":{"@id":"https:\/\/www.bbmnoticias.com\/nino-morales-impulsara-que-modelo-oaxaqueno-de-atencion-al-autismo-se-replique-en-todo-el-pais\/#breadcrumb"},"inLanguage":"es","potentialAction":[{"@type":"ReadAction","target":["https:\/\/www.bbmnoticias.com\/nino-morales-impulsara-que-modelo-oaxaqueno-de-atencion-al-autismo-se-replique-en-todo-el-pais\/"]}]},{"@type":"ImageObject","inLanguage":"es","@id":"https:\/\/www.bbmnoticias.com\/nino-morales-impulsara-que-modelo-oaxaqueno-de-atencion-al-autismo-se-replique-en-todo-el-pais\/#primaryimage","url":"https:\/\/www.bbmnoticias.com\/labravaradiofm\/wp-content\/uploads\/sites\/5\/2026\/04\/nino_morales-1.jpg","contentUrl":"https:\/\/www.bbmnoticias.com\/labravaradiofm\/wp-content\/uploads\/sites\/5\/2026\/04\/nino_morales-1.jpg","width":800,"height":534},{"@type":"BreadcrumbList","@id":"https:\/\/www.bbmnoticias.com\/nino-morales-impulsara-que-modelo-oaxaqueno-de-atencion-al-autismo-se-replique-en-todo-el-pais\/#breadcrumb","itemListElement":[{"@type":"ListItem","position":1,"name":"Inicio","item":"https:\/\/www.bbmnoticias.com\/labravaradiofm\/"},{"@type":"ListItem","position":2,"name":"Nino Morales impulsar\u00e1 que modelo Oaxaque\u00f1o de atenci\u00f3n al autismo se replique en todo el Pa\u00eds"}]},{"@type":"WebSite","@id":"https:\/\/www.bbmnoticias.com\/labravaradiofm\/#website","url":"https:\/\/www.bbmnoticias.com\/labravaradiofm\/","name":"LA BRAVA RADIO","description":"Empresa productora de medios, Radiodifusi\u00f3n, Noticias, tendencias y todo lo que necesitas saber de la pol\u00edtica mexicana e internacional; entretenimiento, espect\u00e1culos, salud y mucho m\u00e1s.","potentialAction":[{"@type":"SearchAction","target":{"@type":"EntryPoint","urlTemplate":"https:\/\/www.bbmnoticias.com\/labravaradiofm\/?s={search_term_string}"},"query-input":{"@type":"PropertyValueSpecification","valueRequired":true,"valueName":"search_term_string"}}],"inLanguage":"es"},{"@type":"Person","@id":"https:\/\/www.bbmnoticias.com\/labravaradiofm\/#\/schema\/person\/68a9e9036ef3c5b55aeb2b71dc8bab45","name":"Staff","image":{"@type":"ImageObject","inLanguage":"es","@id":"https:\/\/secure.gravatar.com\/avatar\/fdd21ad66fd8b98c407f9dee5b5e588cfe7f0d8579ec20fa6527cd59bab7f0f0?s=96&d=mm&r=g","url":"https:\/\/secure.gravatar.com\/avatar\/fdd21ad66fd8b98c407f9dee5b5e588cfe7f0d8579ec20fa6527cd59bab7f0f0?s=96&d=mm&r=g","contentUrl":"https:\/\/secure.gravatar.com\/avatar\/fdd21ad66fd8b98c407f9dee5b5e588cfe7f0d8579ec20fa6527cd59bab7f0f0?s=96&d=mm&r=g","caption":"Staff"},"url":"https:\/\/www.bbmnoticias.com\/labravaradiofm\/author\/redaccion\/"}]}},"_links":{"self":[{"href":"https:\/\/www.bbmnoticias.com\/labravaradiofm\/wp-json\/wp\/v2\/posts\/76698","targetHints":{"allow":["GET"]}}],"collection":[{"href":"https:\/\/www.bbmnoticias.com\/labravaradiofm\/wp-json\/wp\/v2\/posts"}],"about":[{"href":"https:\/\/www.bbmnoticias.com\/labravaradiofm\/wp-json\/wp\/v2\/types\/post"}],"author":[{"embeddable":true,"href":"https:\/\/www.bbmnoticias.com\/labravaradiofm\/wp-json\/wp\/v2\/users\/2"}],"replies":[{"embeddable":true,"href":"https:\/\/www.bbmnoticias.com\/labravaradiofm\/wp-json\/wp\/v2\/comments?post=76698"}],"version-history":[{"count":1,"href":"https:\/\/www.bbmnoticias.com\/labravaradiofm\/wp-json\/wp\/v2\/posts\/76698\/revisions"}],"predecessor-version":[{"id":76699,"href":"https:\/\/www.bbmnoticias.com\/labravaradiofm\/wp-json\/wp\/v2\/posts\/76698\/revisions\/76699"}],"wp:featuredmedia":[{"embeddable":true,"href":"https:\/\/www.bbmnoticias.com\/labravaradiofm\/wp-json\/wp\/v2\/media\/76700"}],"wp:attachment":[{"href":"https:\/\/www.bbmnoticias.com\/labravaradiofm\/wp-json\/wp\/v2\/media?parent=76698"}],"wp:term":[{"taxonomy":"category","embeddable":true,"href":"https:\/\/www.bbmnoticias.com\/labravaradiofm\/wp-json\/wp\/v2\/categories?post=76698"},{"taxonomy":"post_tag","embeddable":true,"href":"https:\/\/www.bbmnoticias.com\/labravaradiofm\/wp-json\/wp\/v2\/tags?post=76698"}],"curies":[{"name":"wp","href":"https:\/\/api.w.org\/{rel}","templated":true}]}}