{"id":76695,"date":"2026-04-28T20:59:51","date_gmt":"2026-04-29T01:10:03","guid":{"rendered":"https:\/\/www.bbmnoticias.com\/labravaradiofm\/2026\/04\/28\/cupula-de-calor-que-es-y-por-que-asfixia-con-temperaturas-extremas-a-mexico\/"},"modified":"2026-04-28T21:01:47","modified_gmt":"2026-04-29T03:01:47","slug":"cupula-de-calor-que-es-y-por-que-asfixia-con-temperaturas-extremas-a-mexico","status":"publish","type":"post","link":"https:\/\/www.bbmnoticias.com\/labravaradiofm\/2026\/04\/28\/cupula-de-calor-que-es-y-por-que-asfixia-con-temperaturas-extremas-a-mexico\/","title":{"rendered":"C\u00fapula de calor, \u00bfqu\u00e9 es y por qu\u00e9 \u2018asfixia\u2019 con temperaturas extremas a M\u00e9xico?"},"content":{"rendered":"<div style=\"margin-top: 0px; margin-bottom: 0px;\" class=\"sharethis-inline-share-buttons\" ><\/div>\n<p>La c\u00fapula de calor es un fen\u00f3meno meteorol\u00f3gico en el que una zona de alta presi\u00f3n atmosf\u00e9rica queda estacionada sobre una regi\u00f3n y act\u00faa como una<strong> especie de \u201ctapa\u201d en la atm\u00f3sfera.<\/strong><\/p>\n\n\n\n<p>Esa<strong> presi\u00f3n atrapa el aire caliente<\/strong> cerca de la superficie, impide que suba y se disperse, y adem\u00e1s favorece cielos despejados, lo que permite que el sol caliente todav\u00eda m\u00e1s el suelo d\u00eda tras d\u00eda.<\/p>\n\n\n\n<p>Como resultado, las<strong> temperaturas aumentan de forma intensa <\/strong>y durante varios d\u00edas seguidos, incluso semanas. Tambi\u00e9n suelen elevarse las noches c\u00e1lidas, porque el calor acumulado no se libera f\u00e1cilmente.<\/p>\n\n\n\n<p>Lo anterior, puede provocar<strong> olas de calor extremas<\/strong>, sequ\u00eda, incendios forestales, problemas el\u00e9ctricos por alta demanda de energ\u00eda y riesgos para la salud, especialmente en ni\u00f1os, adultos mayores y personas con enfermedades.<\/p>\n\n\n\n<p>Se le llama \u201cc\u00fapula\u201d porque <strong>el aire caliente queda comprimido<\/strong> debajo de esa masa de alta presi\u00f3n, como si estuviera bajo un domo invisible. En a\u00f1os recientes este t\u00e9rmino se ha vuelto m\u00e1s com\u00fan por eventos extremos en United States, Canada, Mexico y otras regiones.<\/p>\n\n\n\n<h2 class=\"wp-block-heading\">\u00bfC\u00fapula de calor y ola de calor es lo mismo?<\/h2>\n\n\n\n<p><strong>Domo o c\u00fapula de calor y ola de calor<\/strong> est\u00e1n relacionados, pero no son lo mismo.<\/p>\n\n\n\n<p>Una<strong> ola de calor es el evento<\/strong>, es decir, varios d\u00edas consecutivos con temperaturas anormalmente altas para una regi\u00f3n. Se define por cu\u00e1nto sube la temperatura y cu\u00e1ntos d\u00edas dura, seg\u00fan cada pa\u00eds o servicio meteorol\u00f3gico.<\/p>\n\n\n\n<p>El <strong>domo o c\u00fapula de calor es una causa atmosf\u00e9rica<\/strong> posible de esa ola de calor. Es decir, una zona de alta presi\u00f3n que atrapa aire caliente y favorece que el calor se intensifique y permanezca.<\/p>\n\n\n\n<p>En otras palabras, la ola de calor es lo que la gente siente y vive; el domo de calor es uno de los mecanismos que puede provocarla. Puede haber olas de calor sin un domo marcado, y un domo de calor suele generar o intensificar una ola de calor.<\/p>\n\n\n\n<p>De acuerdo con el reporte del SMN, el clima registrar\u00e1 estas intensas temperaturas desde este martes 28 de abril y<strong> hasta el jueves 30 de abril.<\/strong><\/p>\n\n\n\n<p>La<strong> intensidad del calor bajar\u00e1 hacia el fin de semana<\/strong>, ya iniciando lo primeros d\u00edas de mayo, con la llegada de un frente fr\u00edo.<\/p>\n\n\n\n<h2 class=\"wp-block-heading\">Estados con altas temperaturas en M\u00e9xico<\/h2>\n\n\n\n<p>Las previsiones del clima con este fen\u00f3meno son temperaturas de:<\/p>\n\n\n\n<p><strong>M\u00e1s de 45 grados Celsius:<\/strong><\/p>\n\n\n\n<ul class=\"wp-block-list\">\n<li>Sinaloa (centro)<\/li>\n\n\n\n<li>Durango (noroeste)<\/li>\n<\/ul>\n\n\n\n<p><strong>De 40 a 45 grados:<\/strong><\/p>\n\n\n\n<ul class=\"wp-block-list\">\n<li>Sonora (este)<\/li>\n\n\n\n<li>Chihuahua (suroeste)<\/li>\n\n\n\n<li>Coahuila (centro, norte y suroeste)<\/li>\n\n\n\n<li>Nuevo Le\u00f3n (este)<\/li>\n\n\n\n<li>Zacatecas (sur)<\/li>\n\n\n\n<li>San Luis Potos\u00ed (centro y este)<\/li>\n\n\n\n<li>Nayarit (norte)<\/li>\n\n\n\n<li>Jalisco (sur)<\/li>\n\n\n\n<li>Michoac\u00e1n (centro, sur y suroeste)<\/li>\n\n\n\n<li>Quer\u00e9taro (norte)<\/li>\n\n\n\n<li>Hidalgo (norte y noreste)<\/li>\n\n\n\n<li>Puebla (norte y suroeste)<\/li>\n\n\n\n<li>Guerrero (noroeste, norte, centro, este y noreste)<\/li>\n\n\n\n<li>Oaxaca (norte y sur)<\/li>\n\n\n\n<li>Chiapas (centro y oeste)<\/li>\n\n\n\n<li>Tamaulipas (centro, oeste y noroeste)<\/li>\n\n\n\n<li>Veracruz (norte y centro)<\/li>\n\n\n\n<li>Campeche (norte)<\/li>\n\n\n\n<li>Yucat\u00e1n (noroeste)<\/li>\n<\/ul>\n\n\n\n<p><strong>De 35 a 40 grados:<\/strong><\/p>\n\n\n\n<ul class=\"wp-block-list\">\n<li>Baja California Sur (sur)<\/li>\n\n\n\n<li>Aguascalientes<\/li>\n\n\n\n<li>Colima<\/li>\n\n\n\n<li>Guanajuato (noreste y suroeste)<\/li>\n\n\n\n<li>Estado de M\u00e9xico (suroeste)<\/li>\n\n\n\n<li>Tabasco<\/li>\n\n\n\n<li>Quintana Roo (oeste)<\/li>\n<\/ul>\n\n\n\n<p><strong>De 30 a 35 grados:<\/strong><\/p>\n\n\n\n<ul class=\"wp-block-list\">\n<li>Ciudad de M\u00e9xico<\/li>\n\n\n\n<li>Tlaxcala<\/li>\n<\/ul>\n\n\n\n<h3 class=\"wp-block-heading\">Recomendaciones por calor extremo<\/h3>\n\n\n\n<p>Ante una c\u00fapula de calor o episodio de temperaturas extremas, lo m\u00e1s importante es evitar <strong>golpes de calor, deshidrataci\u00f3n y agotamiento<\/strong>:<\/p>\n\n\n\n<ul class=\"wp-block-list\">\n<li>Mantente hidratado. Toma agua durante el d\u00eda aunque no tengas sed. Evita exceso de alcohol y bebidas muy azucaradas, porque pueden favorecer la deshidrataci\u00f3n.<\/li>\n\n\n\n<li>Reduce la exposici\u00f3n al sol. Procura no salir entre las horas m\u00e1s intensas, generalmente de media ma\u00f1ana a la tarde. Si debes hacerlo, busca sombra con frecuencia.<\/li>\n\n\n\n<li>Usa ropa ligera. Prefiere prendas holgadas, de colores claros y telas frescas. Tambi\u00e9n ayuda usar gorra, sombrero o sombrilla.<\/li>\n\n\n\n<li>Mant\u00e9n fresco tu hogar. Cierra cortinas durante las horas de m\u00e1s sol, ventila temprano o por la noche y usa ventiladores o aire acondicionado si cuentas con ellos.<\/li>\n\n\n\n<li>Evita esfuerzo f\u00edsico intenso. Pospone ejercicio pesado o trabajo demandante al aire libre para temprano en la ma\u00f1ana o por la noche.<\/li>\n\n\n\n<li>Cuida a personas vulnerables. Ni\u00f1os peque\u00f1os, adultos mayores, embarazadas y personas con enfermedades cr\u00f3nicas tienen mayor riesgo. Rev\u00edsalos con frecuencia.<\/li>\n\n\n\n<li>Nunca dejes personas o mascotas dentro del auto. La temperatura dentro de un veh\u00edculo sube muy r\u00e1pido y puede ser mortal.<\/li>\n\n\n\n<li>Reconoce se\u00f1ales de alerta. Mareo, dolor de cabeza, n\u00e1usea, piel muy caliente, confusi\u00f3n, debilidad o desmayo requieren atenci\u00f3n inmediata. Busca sombra, enfr\u00eda el cuerpo y solicita ayuda m\u00e9dica.<\/li>\n<\/ul>\n","protected":false},"excerpt":{"rendered":"<p>La c\u00fapula de calor es un fen\u00f3meno meteorol\u00f3gico en el que una zona de alta presi\u00f3n atmosf\u00e9rica queda estacionada sobre una regi\u00f3n y act\u00faa como una especie de \u201ctapa\u201d en la atm\u00f3sfera. Esa presi\u00f3n atrapa el aire caliente cerca de la superficie, impide que suba y se disperse, y adem\u00e1s favorece cielos despejados, lo que [&hellip;]<\/p>\n","protected":false},"author":8,"featured_media":76697,"comment_status":"closed","ping_status":"open","sticky":false,"template":"","format":"standard","meta":{"footnotes":""},"categories":[2,19],"tags":[],"class_list":{"0":"post-76695","1":"post","2":"type-post","3":"status-publish","4":"format-standard","5":"has-post-thumbnail","7":"category-oaxaca","8":"category-nacional"},"yoast_head":"<!-- This site is optimized with the Yoast SEO plugin v27.4 - https:\/\/yoast.com\/product\/yoast-seo-wordpress\/ -->\n<title>C\u00fapula de calor, \u00bfqu\u00e9 es y por qu\u00e9 \u2018asfixia\u2019 con temperaturas extremas a M\u00e9xico? - LA BRAVA RADIO<\/title>\n<meta name=\"robots\" content=\"index, follow, max-snippet:-1, max-image-preview:large, max-video-preview:-1\" \/>\n<link rel=\"canonical\" href=\"https:\/\/www.bbmnoticias.com\/cupula-de-calor-que-es-y-por-que-asfixia-con-temperaturas-extremas-a-mexico\/\" \/>\n<meta property=\"og:locale\" content=\"es_MX\" \/>\n<meta property=\"og:type\" content=\"article\" \/>\n<meta property=\"og:title\" content=\"C\u00fapula de calor, \u00bfqu\u00e9 es y por qu\u00e9 \u2018asfixia\u2019 con temperaturas extremas a M\u00e9xico? - LA BRAVA RADIO\" \/>\n<meta property=\"og:description\" content=\"La c\u00fapula de calor es un fen\u00f3meno meteorol\u00f3gico en el que una zona de alta presi\u00f3n atmosf\u00e9rica queda estacionada sobre una regi\u00f3n y act\u00faa como una especie de \u201ctapa\u201d en la atm\u00f3sfera. Esa presi\u00f3n atrapa el aire caliente cerca de la superficie, impide que suba y se disperse, y adem\u00e1s favorece cielos despejados, lo que [&hellip;]\" \/>\n<meta property=\"og:url\" content=\"https:\/\/www.bbmnoticias.com\/cupula-de-calor-que-es-y-por-que-asfixia-con-temperaturas-extremas-a-mexico\/\" \/>\n<meta property=\"og:site_name\" content=\"LA BRAVA RADIO\" \/>\n<meta property=\"article:published_time\" content=\"2026-04-29T01:10:03+00:00\" \/>\n<meta property=\"article:modified_time\" content=\"2026-04-29T03:01:47+00:00\" \/>\n<meta property=\"og:image\" content=\"https:\/\/www.bbmnoticias.com\/labravaradiofm\/wp-content\/uploads\/sites\/5\/2026\/04\/69f1487264ba8.jpeg\" \/>\n\t<meta property=\"og:image:width\" content=\"800\" \/>\n\t<meta property=\"og:image:height\" content=\"450\" \/>\n\t<meta property=\"og:image:type\" content=\"image\/jpeg\" \/>\n<meta name=\"author\" content=\"Exc\u00e9lsior\" \/>\n<meta name=\"twitter:card\" content=\"summary_large_image\" \/>\n<meta name=\"twitter:label1\" content=\"Escrito por\" \/>\n\t<meta name=\"twitter:data1\" content=\"Exc\u00e9lsior\" \/>\n\t<meta name=\"twitter:label2\" content=\"Tiempo de lectura\" \/>\n\t<meta name=\"twitter:data2\" content=\"4 minutos\" \/>\n<script type=\"application\/ld+json\" class=\"yoast-schema-graph\">{\"@context\":\"https:\\\/\\\/schema.org\",\"@graph\":[{\"@type\":\"Article\",\"@id\":\"https:\\\/\\\/www.bbmnoticias.com\\\/cupula-de-calor-que-es-y-por-que-asfixia-con-temperaturas-extremas-a-mexico\\\/#article\",\"isPartOf\":{\"@id\":\"https:\\\/\\\/www.bbmnoticias.com\\\/labravaradiofm\\\/2026\\\/04\\\/28\\\/cupula-de-calor-que-es-y-por-que-asfixia-con-temperaturas-extremas-a-mexico\\\/\"},\"author\":{\"name\":\"Exc\u00e9lsior\",\"@id\":\"https:\\\/\\\/www.bbmnoticias.com\\\/labravaradiofm\\\/#\\\/schema\\\/person\\\/56f4677efb93d47930db8f58aa971b20\"},\"headline\":\"C\u00fapula de calor, \u00bfqu\u00e9 es y por qu\u00e9 \u2018asfixia\u2019 con temperaturas extremas a M\u00e9xico?\",\"datePublished\":\"2026-04-29T01:10:03+00:00\",\"dateModified\":\"2026-04-29T03:01:47+00:00\",\"mainEntityOfPage\":{\"@id\":\"https:\\\/\\\/www.bbmnoticias.com\\\/labravaradiofm\\\/2026\\\/04\\\/28\\\/cupula-de-calor-que-es-y-por-que-asfixia-con-temperaturas-extremas-a-mexico\\\/\"},\"wordCount\":798,\"image\":{\"@id\":\"https:\\\/\\\/www.bbmnoticias.com\\\/cupula-de-calor-que-es-y-por-que-asfixia-con-temperaturas-extremas-a-mexico\\\/#primaryimage\"},\"thumbnailUrl\":\"https:\\\/\\\/www.bbmnoticias.com\\\/labravaradiofm\\\/wp-content\\\/uploads\\\/sites\\\/5\\\/2026\\\/04\\\/69f1487264ba8.jpeg\",\"articleSection\":[\"LOCAL\",\"NACIONAL\"],\"inLanguage\":\"es\"},{\"@type\":\"WebPage\",\"@id\":\"https:\\\/\\\/www.bbmnoticias.com\\\/labravaradiofm\\\/2026\\\/04\\\/28\\\/cupula-de-calor-que-es-y-por-que-asfixia-con-temperaturas-extremas-a-mexico\\\/\",\"url\":\"https:\\\/\\\/www.bbmnoticias.com\\\/cupula-de-calor-que-es-y-por-que-asfixia-con-temperaturas-extremas-a-mexico\\\/\",\"name\":\"C\u00fapula de calor, \u00bfqu\u00e9 es y por qu\u00e9 \u2018asfixia\u2019 con temperaturas extremas a M\u00e9xico? - LA BRAVA RADIO\",\"isPartOf\":{\"@id\":\"https:\\\/\\\/www.bbmnoticias.com\\\/labravaradiofm\\\/#website\"},\"primaryImageOfPage\":{\"@id\":\"https:\\\/\\\/www.bbmnoticias.com\\\/cupula-de-calor-que-es-y-por-que-asfixia-con-temperaturas-extremas-a-mexico\\\/#primaryimage\"},\"image\":{\"@id\":\"https:\\\/\\\/www.bbmnoticias.com\\\/cupula-de-calor-que-es-y-por-que-asfixia-con-temperaturas-extremas-a-mexico\\\/#primaryimage\"},\"thumbnailUrl\":\"https:\\\/\\\/www.bbmnoticias.com\\\/labravaradiofm\\\/wp-content\\\/uploads\\\/sites\\\/5\\\/2026\\\/04\\\/69f1487264ba8.jpeg\",\"datePublished\":\"2026-04-29T01:10:03+00:00\",\"dateModified\":\"2026-04-29T03:01:47+00:00\",\"author\":{\"@id\":\"https:\\\/\\\/www.bbmnoticias.com\\\/labravaradiofm\\\/#\\\/schema\\\/person\\\/56f4677efb93d47930db8f58aa971b20\"},\"breadcrumb\":{\"@id\":\"https:\\\/\\\/www.bbmnoticias.com\\\/cupula-de-calor-que-es-y-por-que-asfixia-con-temperaturas-extremas-a-mexico\\\/#breadcrumb\"},\"inLanguage\":\"es\",\"potentialAction\":[{\"@type\":\"ReadAction\",\"target\":[\"https:\\\/\\\/www.bbmnoticias.com\\\/cupula-de-calor-que-es-y-por-que-asfixia-con-temperaturas-extremas-a-mexico\\\/\"]}]},{\"@type\":\"ImageObject\",\"inLanguage\":\"es\",\"@id\":\"https:\\\/\\\/www.bbmnoticias.com\\\/cupula-de-calor-que-es-y-por-que-asfixia-con-temperaturas-extremas-a-mexico\\\/#primaryimage\",\"url\":\"https:\\\/\\\/www.bbmnoticias.com\\\/labravaradiofm\\\/wp-content\\\/uploads\\\/sites\\\/5\\\/2026\\\/04\\\/69f1487264ba8.jpeg\",\"contentUrl\":\"https:\\\/\\\/www.bbmnoticias.com\\\/labravaradiofm\\\/wp-content\\\/uploads\\\/sites\\\/5\\\/2026\\\/04\\\/69f1487264ba8.jpeg\",\"width\":800,\"height\":450},{\"@type\":\"BreadcrumbList\",\"@id\":\"https:\\\/\\\/www.bbmnoticias.com\\\/cupula-de-calor-que-es-y-por-que-asfixia-con-temperaturas-extremas-a-mexico\\\/#breadcrumb\",\"itemListElement\":[{\"@type\":\"ListItem\",\"position\":1,\"name\":\"Inicio\",\"item\":\"https:\\\/\\\/www.bbmnoticias.com\\\/labravaradiofm\\\/\"},{\"@type\":\"ListItem\",\"position\":2,\"name\":\"C\u00fapula de calor, \u00bfqu\u00e9 es y por qu\u00e9 \u2018asfixia\u2019 con temperaturas extremas a M\u00e9xico?\"}]},{\"@type\":\"WebSite\",\"@id\":\"https:\\\/\\\/www.bbmnoticias.com\\\/labravaradiofm\\\/#website\",\"url\":\"https:\\\/\\\/www.bbmnoticias.com\\\/labravaradiofm\\\/\",\"name\":\"LA BRAVA RADIO\",\"description\":\"Empresa productora de medios, Radiodifusi\u00f3n, Noticias, tendencias y todo lo que necesitas saber de la pol\u00edtica mexicana e internacional; entretenimiento, espect\u00e1culos, salud y mucho m\u00e1s.\",\"potentialAction\":[{\"@type\":\"SearchAction\",\"target\":{\"@type\":\"EntryPoint\",\"urlTemplate\":\"https:\\\/\\\/www.bbmnoticias.com\\\/labravaradiofm\\\/?s={search_term_string}\"},\"query-input\":{\"@type\":\"PropertyValueSpecification\",\"valueRequired\":true,\"valueName\":\"search_term_string\"}}],\"inLanguage\":\"es\"},{\"@type\":\"Person\",\"@id\":\"https:\\\/\\\/www.bbmnoticias.com\\\/labravaradiofm\\\/#\\\/schema\\\/person\\\/56f4677efb93d47930db8f58aa971b20\",\"name\":\"Exc\u00e9lsior\",\"image\":{\"@type\":\"ImageObject\",\"inLanguage\":\"es\",\"@id\":\"https:\\\/\\\/secure.gravatar.com\\\/avatar\\\/497265c4dbe1cd0e2f3f1b19aba0f5779c7f95d09e139a5b83c1ecd47b4e780d?s=96&d=mm&r=g\",\"url\":\"https:\\\/\\\/secure.gravatar.com\\\/avatar\\\/497265c4dbe1cd0e2f3f1b19aba0f5779c7f95d09e139a5b83c1ecd47b4e780d?s=96&d=mm&r=g\",\"contentUrl\":\"https:\\\/\\\/secure.gravatar.com\\\/avatar\\\/497265c4dbe1cd0e2f3f1b19aba0f5779c7f95d09e139a5b83c1ecd47b4e780d?s=96&d=mm&r=g\",\"caption\":\"Exc\u00e9lsior\"},\"url\":\"https:\\\/\\\/www.bbmnoticias.com\\\/labravaradiofm\\\/author\\\/excelsior\\\/\"}]}<\/script>\n<!-- \/ Yoast SEO plugin. -->","yoast_head_json":{"title":"C\u00fapula de calor, \u00bfqu\u00e9 es y por qu\u00e9 \u2018asfixia\u2019 con temperaturas extremas a M\u00e9xico? - LA BRAVA RADIO","robots":{"index":"index","follow":"follow","max-snippet":"max-snippet:-1","max-image-preview":"max-image-preview:large","max-video-preview":"max-video-preview:-1"},"canonical":"https:\/\/www.bbmnoticias.com\/cupula-de-calor-que-es-y-por-que-asfixia-con-temperaturas-extremas-a-mexico\/","og_locale":"es_MX","og_type":"article","og_title":"C\u00fapula de calor, \u00bfqu\u00e9 es y por qu\u00e9 \u2018asfixia\u2019 con temperaturas extremas a M\u00e9xico? - LA BRAVA RADIO","og_description":"La c\u00fapula de calor es un fen\u00f3meno meteorol\u00f3gico en el que una zona de alta presi\u00f3n atmosf\u00e9rica queda estacionada sobre una regi\u00f3n y act\u00faa como una especie de \u201ctapa\u201d en la atm\u00f3sfera. Esa presi\u00f3n atrapa el aire caliente cerca de la superficie, impide que suba y se disperse, y adem\u00e1s favorece cielos despejados, lo que [&hellip;]","og_url":"https:\/\/www.bbmnoticias.com\/cupula-de-calor-que-es-y-por-que-asfixia-con-temperaturas-extremas-a-mexico\/","og_site_name":"LA BRAVA RADIO","article_published_time":"2026-04-29T01:10:03+00:00","article_modified_time":"2026-04-29T03:01:47+00:00","og_image":[{"width":800,"height":450,"url":"https:\/\/www.bbmnoticias.com\/labravaradiofm\/wp-content\/uploads\/sites\/5\/2026\/04\/69f1487264ba8.jpeg","type":"image\/jpeg"}],"author":"Exc\u00e9lsior","twitter_card":"summary_large_image","twitter_misc":{"Escrito por":"Exc\u00e9lsior","Tiempo de lectura":"4 minutos"},"schema":{"@context":"https:\/\/schema.org","@graph":[{"@type":"Article","@id":"https:\/\/www.bbmnoticias.com\/cupula-de-calor-que-es-y-por-que-asfixia-con-temperaturas-extremas-a-mexico\/#article","isPartOf":{"@id":"https:\/\/www.bbmnoticias.com\/labravaradiofm\/2026\/04\/28\/cupula-de-calor-que-es-y-por-que-asfixia-con-temperaturas-extremas-a-mexico\/"},"author":{"name":"Exc\u00e9lsior","@id":"https:\/\/www.bbmnoticias.com\/labravaradiofm\/#\/schema\/person\/56f4677efb93d47930db8f58aa971b20"},"headline":"C\u00fapula de calor, \u00bfqu\u00e9 es y por qu\u00e9 \u2018asfixia\u2019 con temperaturas extremas a M\u00e9xico?","datePublished":"2026-04-29T01:10:03+00:00","dateModified":"2026-04-29T03:01:47+00:00","mainEntityOfPage":{"@id":"https:\/\/www.bbmnoticias.com\/labravaradiofm\/2026\/04\/28\/cupula-de-calor-que-es-y-por-que-asfixia-con-temperaturas-extremas-a-mexico\/"},"wordCount":798,"image":{"@id":"https:\/\/www.bbmnoticias.com\/cupula-de-calor-que-es-y-por-que-asfixia-con-temperaturas-extremas-a-mexico\/#primaryimage"},"thumbnailUrl":"https:\/\/www.bbmnoticias.com\/labravaradiofm\/wp-content\/uploads\/sites\/5\/2026\/04\/69f1487264ba8.jpeg","articleSection":["LOCAL","NACIONAL"],"inLanguage":"es"},{"@type":"WebPage","@id":"https:\/\/www.bbmnoticias.com\/labravaradiofm\/2026\/04\/28\/cupula-de-calor-que-es-y-por-que-asfixia-con-temperaturas-extremas-a-mexico\/","url":"https:\/\/www.bbmnoticias.com\/cupula-de-calor-que-es-y-por-que-asfixia-con-temperaturas-extremas-a-mexico\/","name":"C\u00fapula de calor, \u00bfqu\u00e9 es y por qu\u00e9 \u2018asfixia\u2019 con temperaturas extremas a M\u00e9xico? - LA BRAVA RADIO","isPartOf":{"@id":"https:\/\/www.bbmnoticias.com\/labravaradiofm\/#website"},"primaryImageOfPage":{"@id":"https:\/\/www.bbmnoticias.com\/cupula-de-calor-que-es-y-por-que-asfixia-con-temperaturas-extremas-a-mexico\/#primaryimage"},"image":{"@id":"https:\/\/www.bbmnoticias.com\/cupula-de-calor-que-es-y-por-que-asfixia-con-temperaturas-extremas-a-mexico\/#primaryimage"},"thumbnailUrl":"https:\/\/www.bbmnoticias.com\/labravaradiofm\/wp-content\/uploads\/sites\/5\/2026\/04\/69f1487264ba8.jpeg","datePublished":"2026-04-29T01:10:03+00:00","dateModified":"2026-04-29T03:01:47+00:00","author":{"@id":"https:\/\/www.bbmnoticias.com\/labravaradiofm\/#\/schema\/person\/56f4677efb93d47930db8f58aa971b20"},"breadcrumb":{"@id":"https:\/\/www.bbmnoticias.com\/cupula-de-calor-que-es-y-por-que-asfixia-con-temperaturas-extremas-a-mexico\/#breadcrumb"},"inLanguage":"es","potentialAction":[{"@type":"ReadAction","target":["https:\/\/www.bbmnoticias.com\/cupula-de-calor-que-es-y-por-que-asfixia-con-temperaturas-extremas-a-mexico\/"]}]},{"@type":"ImageObject","inLanguage":"es","@id":"https:\/\/www.bbmnoticias.com\/cupula-de-calor-que-es-y-por-que-asfixia-con-temperaturas-extremas-a-mexico\/#primaryimage","url":"https:\/\/www.bbmnoticias.com\/labravaradiofm\/wp-content\/uploads\/sites\/5\/2026\/04\/69f1487264ba8.jpeg","contentUrl":"https:\/\/www.bbmnoticias.com\/labravaradiofm\/wp-content\/uploads\/sites\/5\/2026\/04\/69f1487264ba8.jpeg","width":800,"height":450},{"@type":"BreadcrumbList","@id":"https:\/\/www.bbmnoticias.com\/cupula-de-calor-que-es-y-por-que-asfixia-con-temperaturas-extremas-a-mexico\/#breadcrumb","itemListElement":[{"@type":"ListItem","position":1,"name":"Inicio","item":"https:\/\/www.bbmnoticias.com\/labravaradiofm\/"},{"@type":"ListItem","position":2,"name":"C\u00fapula de calor, \u00bfqu\u00e9 es y por qu\u00e9 \u2018asfixia\u2019 con temperaturas extremas a M\u00e9xico?"}]},{"@type":"WebSite","@id":"https:\/\/www.bbmnoticias.com\/labravaradiofm\/#website","url":"https:\/\/www.bbmnoticias.com\/labravaradiofm\/","name":"LA BRAVA RADIO","description":"Empresa productora de medios, Radiodifusi\u00f3n, Noticias, tendencias y todo lo que necesitas saber de la pol\u00edtica mexicana e internacional; entretenimiento, espect\u00e1culos, salud y mucho m\u00e1s.","potentialAction":[{"@type":"SearchAction","target":{"@type":"EntryPoint","urlTemplate":"https:\/\/www.bbmnoticias.com\/labravaradiofm\/?s={search_term_string}"},"query-input":{"@type":"PropertyValueSpecification","valueRequired":true,"valueName":"search_term_string"}}],"inLanguage":"es"},{"@type":"Person","@id":"https:\/\/www.bbmnoticias.com\/labravaradiofm\/#\/schema\/person\/56f4677efb93d47930db8f58aa971b20","name":"Exc\u00e9lsior","image":{"@type":"ImageObject","inLanguage":"es","@id":"https:\/\/secure.gravatar.com\/avatar\/497265c4dbe1cd0e2f3f1b19aba0f5779c7f95d09e139a5b83c1ecd47b4e780d?s=96&d=mm&r=g","url":"https:\/\/secure.gravatar.com\/avatar\/497265c4dbe1cd0e2f3f1b19aba0f5779c7f95d09e139a5b83c1ecd47b4e780d?s=96&d=mm&r=g","contentUrl":"https:\/\/secure.gravatar.com\/avatar\/497265c4dbe1cd0e2f3f1b19aba0f5779c7f95d09e139a5b83c1ecd47b4e780d?s=96&d=mm&r=g","caption":"Exc\u00e9lsior"},"url":"https:\/\/www.bbmnoticias.com\/labravaradiofm\/author\/excelsior\/"}]}},"_links":{"self":[{"href":"https:\/\/www.bbmnoticias.com\/labravaradiofm\/wp-json\/wp\/v2\/posts\/76695","targetHints":{"allow":["GET"]}}],"collection":[{"href":"https:\/\/www.bbmnoticias.com\/labravaradiofm\/wp-json\/wp\/v2\/posts"}],"about":[{"href":"https:\/\/www.bbmnoticias.com\/labravaradiofm\/wp-json\/wp\/v2\/types\/post"}],"author":[{"embeddable":true,"href":"https:\/\/www.bbmnoticias.com\/labravaradiofm\/wp-json\/wp\/v2\/users\/8"}],"replies":[{"embeddable":true,"href":"https:\/\/www.bbmnoticias.com\/labravaradiofm\/wp-json\/wp\/v2\/comments?post=76695"}],"version-history":[{"count":2,"href":"https:\/\/www.bbmnoticias.com\/labravaradiofm\/wp-json\/wp\/v2\/posts\/76695\/revisions"}],"predecessor-version":[{"id":76701,"href":"https:\/\/www.bbmnoticias.com\/labravaradiofm\/wp-json\/wp\/v2\/posts\/76695\/revisions\/76701"}],"wp:featuredmedia":[{"embeddable":true,"href":"https:\/\/www.bbmnoticias.com\/labravaradiofm\/wp-json\/wp\/v2\/media\/76697"}],"wp:attachment":[{"href":"https:\/\/www.bbmnoticias.com\/labravaradiofm\/wp-json\/wp\/v2\/media?parent=76695"}],"wp:term":[{"taxonomy":"category","embeddable":true,"href":"https:\/\/www.bbmnoticias.com\/labravaradiofm\/wp-json\/wp\/v2\/categories?post=76695"},{"taxonomy":"post_tag","embeddable":true,"href":"https:\/\/www.bbmnoticias.com\/labravaradiofm\/wp-json\/wp\/v2\/tags?post=76695"}],"curies":[{"name":"wp","href":"https:\/\/api.w.org\/{rel}","templated":true}]}}