{"id":76692,"date":"2026-04-28T18:52:30","date_gmt":"2026-04-29T00:52:30","guid":{"rendered":"https:\/\/www.bbmnoticias.com\/labravaradiofm\/2026\/04\/28\/claudia-sheinbaum-la-presidenta-mejor-evaluada-de-america-latina-cb-global-data\/"},"modified":"2026-04-28T18:52:36","modified_gmt":"2026-04-29T00:52:36","slug":"claudia-sheinbaum-la-presidenta-mejor-evaluada-de-america-latina-cb-global-data","status":"publish","type":"post","link":"https:\/\/www.bbmnoticias.com\/labravaradiofm\/2026\/04\/28\/claudia-sheinbaum-la-presidenta-mejor-evaluada-de-america-latina-cb-global-data\/","title":{"rendered":"Claudia Sheinbaum, la presidenta mejor evaluada de Am\u00e9rica Latina: CB Global Data"},"content":{"rendered":"<div style=\"margin-top: 0px; margin-bottom: 0px;\" class=\"sharethis-inline-share-buttons\" ><\/div>\n<p>La presidenta de M\u00e9xico,<strong> Claudia Sheinbaum Pardo<\/strong>, encabez\u00f3 el ranking de mandatarios de Am\u00e9rica Latina correspondiente a marzo de 2026 elaborado por<strong> CB Global Data<\/strong>, al registrar una imagen positiva de<strong> 72.3 por ciento <\/strong>entre los <strong>ciudadanos mexicanos<\/strong>.<\/p>\n\n\n\n<p>De acuerdo con el informe <strong>\u201cRanking Presidentes de Latinoam\u00e9rica \u2013 Marzo 2026<\/strong>\u201d, <strong>Sheinbaum Pardo<\/strong> se ubic\u00f3 en el<strong> primer lugar de aprobaci\u00f3n <\/strong>entre 18 jefes de Estado evaluados en la regi\u00f3n. En segundo lugar se posicion\u00f3 el presidente de <strong>El Salvador<\/strong>, <strong>Nayib Bukele<\/strong>, con 71.8 por ciento de imagen positiva, mientras que el mandatario de <strong>Rep\u00fablica Dominicana<\/strong>,<strong> Luis Abinader<\/strong>, ocup\u00f3 la tercera posici\u00f3n con 58.7 por ciento.<\/p>\n\n\n\n<p>El estudio se\u00f1ala que la evaluaci\u00f3n de la <strong>Presidenta de M\u00e9xico<\/strong> mostr\u00f3 un incremento respecto a febrero de 2026, cuando registr\u00f3 68.5 por ciento de aprobaci\u00f3n. En la medici\u00f3n de marzo, la encuesta realizada en M\u00e9xico por CB Global Data se aplic\u00f3 del 10 al 15 de marzo a una muestra de 2 mil 562 personas, con un margen de error de 1.9 por ciento y un nivel de confianza de 95 por ciento.<\/p>\n\n\n\n<p>El reporte tambi\u00e9n destac\u00f3 que <strong>Claudia Sheinbaum <\/strong>fue la \u00fanica mandataria de la regi\u00f3n en superar el umbral de <strong>70 por ciento de imagen positiva <\/strong>dentro de la clasificaci\u00f3n presentada por la consultora.<\/p>\n\n\n\n<figure class=\"wp-block-image size-large\"><img decoding=\"async\" src=\"https:\/\/www.bbmnoticias.com\/wp-content\/uploads\/2026\/04\/f768x1-1277743_1277870_5050-725x1024.jpg\" alt=\"\" class=\"wp-image-78016\"\/><\/figure>\n\n\n\n<p>En el listado general, despu\u00e9s de <strong>Sheinbaum, Bukele y Abinader<\/strong>, se ubicaron <strong>Daniel Ortega<\/strong>, de <strong>Nicaragua<\/strong>;<strong> Rodrigo Chaves<\/strong>, de<strong> Costa Rica<\/strong>; y<strong> Rodrigo Paz<\/strong>, de <strong>Bolivia<\/strong>.<\/p>\n\n\n\n<p>En contraste, los <strong>niveles m\u00e1s bajos de aprobaci\u00f3n <\/strong>correspondieron a <strong>Jos\u00e9 Mar\u00eda Balc\u00e1zar<\/strong>, de <strong>Per\u00fa<\/strong>, con 25.2 por ciento; <strong>Delcy Rodr\u00edguez<\/strong>, con 26.4 por ciento; y <strong>Daniel Noboa<\/strong>, con 33.5 por ciento.<\/p>\n\n\n\n<p>La investigaci\u00f3n indic\u00f3 adem\u00e1s que el <strong>presidente dominicano Luis Abinader <\/strong>fue quien registr\u00f3 el mayor crecimiento mensual en imagen positiva, al avanzar 3.9 puntos porcentuales respecto al mes anterior. Por otro lado, el mandatario argentino <strong>Javier Milei <\/strong>present\u00f3 la mayor ca\u00edda en aprobaci\u00f3n, con una disminuci\u00f3n de 4.5 puntos porcentuales.<\/p>\n\n\n\n<p><strong>CB Global Data<\/strong> inform\u00f3 que el estudio se realiz\u00f3 en <strong>18 pa\u00edses de Am\u00e9rica Latina <\/strong>mediante entrevistas CAWI a una poblaci\u00f3n mayor de 18 a\u00f1os. En total se recopilaron 40 mil 530 respuestas, con muestras nacionales estratificadas por g\u00e9nero, nivel socioecon\u00f3mico, edad y ubicaci\u00f3n geogr\u00e1fica.<\/p>\n","protected":false},"excerpt":{"rendered":"<p>La presidenta de M\u00e9xico, Claudia Sheinbaum Pardo, encabez\u00f3 el ranking de mandatarios de Am\u00e9rica Latina correspondiente a marzo de 2026 elaborado por CB Global Data, al registrar una imagen positiva de 72.3 por ciento entre los ciudadanos mexicanos. De acuerdo con el informe \u201cRanking Presidentes de Latinoam\u00e9rica \u2013 Marzo 2026\u201d, Sheinbaum Pardo se ubic\u00f3 en [&hellip;]<\/p>\n","protected":false},"author":15,"featured_media":76694,"comment_status":"closed","ping_status":"open","sticky":false,"template":"","format":"standard","meta":{"footnotes":""},"categories":[2,19],"tags":[],"class_list":{"0":"post-76692","1":"post","2":"type-post","3":"status-publish","4":"format-standard","5":"has-post-thumbnail","7":"category-oaxaca","8":"category-nacional"},"yoast_head":"<!-- This site is optimized with the Yoast SEO plugin v27.4 - https:\/\/yoast.com\/product\/yoast-seo-wordpress\/ -->\n<title>Claudia Sheinbaum, la presidenta mejor evaluada de Am\u00e9rica Latina: CB Global Data - LA BRAVA RADIO<\/title>\n<meta name=\"robots\" content=\"index, follow, max-snippet:-1, max-image-preview:large, max-video-preview:-1\" \/>\n<link rel=\"canonical\" href=\"https:\/\/www.bbmnoticias.com\/claudia-sheinbaum-la-presidenta-mejor-evaluada-de-america-latina-cb-global-data\/\" \/>\n<meta property=\"og:locale\" content=\"es_MX\" \/>\n<meta property=\"og:type\" content=\"article\" \/>\n<meta property=\"og:title\" content=\"Claudia Sheinbaum, la presidenta mejor evaluada de Am\u00e9rica Latina: CB Global Data - LA BRAVA RADIO\" \/>\n<meta property=\"og:description\" content=\"La presidenta de M\u00e9xico, Claudia Sheinbaum Pardo, encabez\u00f3 el ranking de mandatarios de Am\u00e9rica Latina correspondiente a marzo de 2026 elaborado por CB Global Data, al registrar una imagen positiva de 72.3 por ciento entre los ciudadanos mexicanos. De acuerdo con el informe \u201cRanking Presidentes de Latinoam\u00e9rica \u2013 Marzo 2026\u201d, Sheinbaum Pardo se ubic\u00f3 en [&hellip;]\" \/>\n<meta property=\"og:url\" content=\"https:\/\/www.bbmnoticias.com\/claudia-sheinbaum-la-presidenta-mejor-evaluada-de-america-latina-cb-global-data\/\" \/>\n<meta property=\"og:site_name\" content=\"LA BRAVA RADIO\" \/>\n<meta property=\"article:published_time\" content=\"2026-04-29T00:52:30+00:00\" \/>\n<meta property=\"article:modified_time\" content=\"2026-04-29T00:52:36+00:00\" \/>\n<meta property=\"og:image\" content=\"https:\/\/www.bbmnoticias.com\/labravaradiofm\/wp-content\/uploads\/sites\/5\/2026\/04\/f848x477-1277737_1335540_5050.jpg\" \/>\n\t<meta property=\"og:image:width\" content=\"848\" \/>\n\t<meta property=\"og:image:height\" content=\"477\" \/>\n\t<meta property=\"og:image:type\" content=\"image\/jpeg\" \/>\n<meta name=\"author\" content=\"El Heraldo\" \/>\n<meta name=\"twitter:card\" content=\"summary_large_image\" \/>\n<meta name=\"twitter:label1\" content=\"Escrito por\" \/>\n\t<meta name=\"twitter:data1\" content=\"El Heraldo\" \/>\n\t<meta name=\"twitter:label2\" content=\"Tiempo de lectura\" \/>\n\t<meta name=\"twitter:data2\" content=\"2 minutos\" \/>\n<script type=\"application\/ld+json\" class=\"yoast-schema-graph\">{\"@context\":\"https:\\\/\\\/schema.org\",\"@graph\":[{\"@type\":\"Article\",\"@id\":\"https:\\\/\\\/www.bbmnoticias.com\\\/claudia-sheinbaum-la-presidenta-mejor-evaluada-de-america-latina-cb-global-data\\\/#article\",\"isPartOf\":{\"@id\":\"https:\\\/\\\/www.bbmnoticias.com\\\/labravaradiofm\\\/2026\\\/04\\\/28\\\/claudia-sheinbaum-la-presidenta-mejor-evaluada-de-america-latina-cb-global-data\\\/\"},\"author\":{\"name\":\"El Heraldo\",\"@id\":\"https:\\\/\\\/www.bbmnoticias.com\\\/labravaradiofm\\\/#\\\/schema\\\/person\\\/78ff63fb371c799850071f4b5feb0b7a\"},\"headline\":\"Claudia Sheinbaum, la presidenta mejor evaluada de Am\u00e9rica Latina: CB Global Data\",\"datePublished\":\"2026-04-29T00:52:30+00:00\",\"dateModified\":\"2026-04-29T00:52:36+00:00\",\"mainEntityOfPage\":{\"@id\":\"https:\\\/\\\/www.bbmnoticias.com\\\/labravaradiofm\\\/2026\\\/04\\\/28\\\/claudia-sheinbaum-la-presidenta-mejor-evaluada-de-america-latina-cb-global-data\\\/\"},\"wordCount\":388,\"image\":{\"@id\":\"https:\\\/\\\/www.bbmnoticias.com\\\/claudia-sheinbaum-la-presidenta-mejor-evaluada-de-america-latina-cb-global-data\\\/#primaryimage\"},\"thumbnailUrl\":\"https:\\\/\\\/www.bbmnoticias.com\\\/labravaradiofm\\\/wp-content\\\/uploads\\\/sites\\\/5\\\/2026\\\/04\\\/f848x477-1277737_1335540_5050.jpg\",\"articleSection\":[\"LOCAL\",\"NACIONAL\"],\"inLanguage\":\"es\"},{\"@type\":\"WebPage\",\"@id\":\"https:\\\/\\\/www.bbmnoticias.com\\\/labravaradiofm\\\/2026\\\/04\\\/28\\\/claudia-sheinbaum-la-presidenta-mejor-evaluada-de-america-latina-cb-global-data\\\/\",\"url\":\"https:\\\/\\\/www.bbmnoticias.com\\\/claudia-sheinbaum-la-presidenta-mejor-evaluada-de-america-latina-cb-global-data\\\/\",\"name\":\"Claudia Sheinbaum, la presidenta mejor evaluada de Am\u00e9rica Latina: CB Global Data - LA BRAVA RADIO\",\"isPartOf\":{\"@id\":\"https:\\\/\\\/www.bbmnoticias.com\\\/labravaradiofm\\\/#website\"},\"primaryImageOfPage\":{\"@id\":\"https:\\\/\\\/www.bbmnoticias.com\\\/claudia-sheinbaum-la-presidenta-mejor-evaluada-de-america-latina-cb-global-data\\\/#primaryimage\"},\"image\":{\"@id\":\"https:\\\/\\\/www.bbmnoticias.com\\\/claudia-sheinbaum-la-presidenta-mejor-evaluada-de-america-latina-cb-global-data\\\/#primaryimage\"},\"thumbnailUrl\":\"https:\\\/\\\/www.bbmnoticias.com\\\/labravaradiofm\\\/wp-content\\\/uploads\\\/sites\\\/5\\\/2026\\\/04\\\/f848x477-1277737_1335540_5050.jpg\",\"datePublished\":\"2026-04-29T00:52:30+00:00\",\"dateModified\":\"2026-04-29T00:52:36+00:00\",\"author\":{\"@id\":\"https:\\\/\\\/www.bbmnoticias.com\\\/labravaradiofm\\\/#\\\/schema\\\/person\\\/78ff63fb371c799850071f4b5feb0b7a\"},\"breadcrumb\":{\"@id\":\"https:\\\/\\\/www.bbmnoticias.com\\\/claudia-sheinbaum-la-presidenta-mejor-evaluada-de-america-latina-cb-global-data\\\/#breadcrumb\"},\"inLanguage\":\"es\",\"potentialAction\":[{\"@type\":\"ReadAction\",\"target\":[\"https:\\\/\\\/www.bbmnoticias.com\\\/claudia-sheinbaum-la-presidenta-mejor-evaluada-de-america-latina-cb-global-data\\\/\"]}]},{\"@type\":\"ImageObject\",\"inLanguage\":\"es\",\"@id\":\"https:\\\/\\\/www.bbmnoticias.com\\\/claudia-sheinbaum-la-presidenta-mejor-evaluada-de-america-latina-cb-global-data\\\/#primaryimage\",\"url\":\"https:\\\/\\\/www.bbmnoticias.com\\\/labravaradiofm\\\/wp-content\\\/uploads\\\/sites\\\/5\\\/2026\\\/04\\\/f848x477-1277737_1335540_5050.jpg\",\"contentUrl\":\"https:\\\/\\\/www.bbmnoticias.com\\\/labravaradiofm\\\/wp-content\\\/uploads\\\/sites\\\/5\\\/2026\\\/04\\\/f848x477-1277737_1335540_5050.jpg\",\"width\":848,\"height\":477},{\"@type\":\"BreadcrumbList\",\"@id\":\"https:\\\/\\\/www.bbmnoticias.com\\\/claudia-sheinbaum-la-presidenta-mejor-evaluada-de-america-latina-cb-global-data\\\/#breadcrumb\",\"itemListElement\":[{\"@type\":\"ListItem\",\"position\":1,\"name\":\"Inicio\",\"item\":\"https:\\\/\\\/www.bbmnoticias.com\\\/labravaradiofm\\\/\"},{\"@type\":\"ListItem\",\"position\":2,\"name\":\"Claudia Sheinbaum, la presidenta mejor evaluada de Am\u00e9rica Latina: CB Global Data\"}]},{\"@type\":\"WebSite\",\"@id\":\"https:\\\/\\\/www.bbmnoticias.com\\\/labravaradiofm\\\/#website\",\"url\":\"https:\\\/\\\/www.bbmnoticias.com\\\/labravaradiofm\\\/\",\"name\":\"LA BRAVA RADIO\",\"description\":\"Empresa productora de medios, Radiodifusi\u00f3n, Noticias, tendencias y todo lo que necesitas saber de la pol\u00edtica mexicana e internacional; entretenimiento, espect\u00e1culos, salud y mucho m\u00e1s.\",\"potentialAction\":[{\"@type\":\"SearchAction\",\"target\":{\"@type\":\"EntryPoint\",\"urlTemplate\":\"https:\\\/\\\/www.bbmnoticias.com\\\/labravaradiofm\\\/?s={search_term_string}\"},\"query-input\":{\"@type\":\"PropertyValueSpecification\",\"valueRequired\":true,\"valueName\":\"search_term_string\"}}],\"inLanguage\":\"es\"},{\"@type\":\"Person\",\"@id\":\"https:\\\/\\\/www.bbmnoticias.com\\\/labravaradiofm\\\/#\\\/schema\\\/person\\\/78ff63fb371c799850071f4b5feb0b7a\",\"name\":\"El Heraldo\",\"image\":{\"@type\":\"ImageObject\",\"inLanguage\":\"es\",\"@id\":\"https:\\\/\\\/secure.gravatar.com\\\/avatar\\\/463017be041288b5a196814ef7242bd62699b857f306e4b5b61b533e8a87f404?s=96&d=mm&r=g\",\"url\":\"https:\\\/\\\/secure.gravatar.com\\\/avatar\\\/463017be041288b5a196814ef7242bd62699b857f306e4b5b61b533e8a87f404?s=96&d=mm&r=g\",\"contentUrl\":\"https:\\\/\\\/secure.gravatar.com\\\/avatar\\\/463017be041288b5a196814ef7242bd62699b857f306e4b5b61b533e8a87f404?s=96&d=mm&r=g\",\"caption\":\"El Heraldo\"},\"url\":\"https:\\\/\\\/www.bbmnoticias.com\\\/labravaradiofm\\\/author\\\/heraldo\\\/\"}]}<\/script>\n<!-- \/ Yoast SEO plugin. -->","yoast_head_json":{"title":"Claudia Sheinbaum, la presidenta mejor evaluada de Am\u00e9rica Latina: CB Global Data - LA BRAVA RADIO","robots":{"index":"index","follow":"follow","max-snippet":"max-snippet:-1","max-image-preview":"max-image-preview:large","max-video-preview":"max-video-preview:-1"},"canonical":"https:\/\/www.bbmnoticias.com\/claudia-sheinbaum-la-presidenta-mejor-evaluada-de-america-latina-cb-global-data\/","og_locale":"es_MX","og_type":"article","og_title":"Claudia Sheinbaum, la presidenta mejor evaluada de Am\u00e9rica Latina: CB Global Data - LA BRAVA RADIO","og_description":"La presidenta de M\u00e9xico, Claudia Sheinbaum Pardo, encabez\u00f3 el ranking de mandatarios de Am\u00e9rica Latina correspondiente a marzo de 2026 elaborado por CB Global Data, al registrar una imagen positiva de 72.3 por ciento entre los ciudadanos mexicanos. De acuerdo con el informe \u201cRanking Presidentes de Latinoam\u00e9rica \u2013 Marzo 2026\u201d, Sheinbaum Pardo se ubic\u00f3 en [&hellip;]","og_url":"https:\/\/www.bbmnoticias.com\/claudia-sheinbaum-la-presidenta-mejor-evaluada-de-america-latina-cb-global-data\/","og_site_name":"LA BRAVA RADIO","article_published_time":"2026-04-29T00:52:30+00:00","article_modified_time":"2026-04-29T00:52:36+00:00","og_image":[{"width":848,"height":477,"url":"https:\/\/www.bbmnoticias.com\/labravaradiofm\/wp-content\/uploads\/sites\/5\/2026\/04\/f848x477-1277737_1335540_5050.jpg","type":"image\/jpeg"}],"author":"El Heraldo","twitter_card":"summary_large_image","twitter_misc":{"Escrito por":"El Heraldo","Tiempo de lectura":"2 minutos"},"schema":{"@context":"https:\/\/schema.org","@graph":[{"@type":"Article","@id":"https:\/\/www.bbmnoticias.com\/claudia-sheinbaum-la-presidenta-mejor-evaluada-de-america-latina-cb-global-data\/#article","isPartOf":{"@id":"https:\/\/www.bbmnoticias.com\/labravaradiofm\/2026\/04\/28\/claudia-sheinbaum-la-presidenta-mejor-evaluada-de-america-latina-cb-global-data\/"},"author":{"name":"El Heraldo","@id":"https:\/\/www.bbmnoticias.com\/labravaradiofm\/#\/schema\/person\/78ff63fb371c799850071f4b5feb0b7a"},"headline":"Claudia Sheinbaum, la presidenta mejor evaluada de Am\u00e9rica Latina: CB Global Data","datePublished":"2026-04-29T00:52:30+00:00","dateModified":"2026-04-29T00:52:36+00:00","mainEntityOfPage":{"@id":"https:\/\/www.bbmnoticias.com\/labravaradiofm\/2026\/04\/28\/claudia-sheinbaum-la-presidenta-mejor-evaluada-de-america-latina-cb-global-data\/"},"wordCount":388,"image":{"@id":"https:\/\/www.bbmnoticias.com\/claudia-sheinbaum-la-presidenta-mejor-evaluada-de-america-latina-cb-global-data\/#primaryimage"},"thumbnailUrl":"https:\/\/www.bbmnoticias.com\/labravaradiofm\/wp-content\/uploads\/sites\/5\/2026\/04\/f848x477-1277737_1335540_5050.jpg","articleSection":["LOCAL","NACIONAL"],"inLanguage":"es"},{"@type":"WebPage","@id":"https:\/\/www.bbmnoticias.com\/labravaradiofm\/2026\/04\/28\/claudia-sheinbaum-la-presidenta-mejor-evaluada-de-america-latina-cb-global-data\/","url":"https:\/\/www.bbmnoticias.com\/claudia-sheinbaum-la-presidenta-mejor-evaluada-de-america-latina-cb-global-data\/","name":"Claudia Sheinbaum, la presidenta mejor evaluada de Am\u00e9rica Latina: CB Global Data - LA BRAVA RADIO","isPartOf":{"@id":"https:\/\/www.bbmnoticias.com\/labravaradiofm\/#website"},"primaryImageOfPage":{"@id":"https:\/\/www.bbmnoticias.com\/claudia-sheinbaum-la-presidenta-mejor-evaluada-de-america-latina-cb-global-data\/#primaryimage"},"image":{"@id":"https:\/\/www.bbmnoticias.com\/claudia-sheinbaum-la-presidenta-mejor-evaluada-de-america-latina-cb-global-data\/#primaryimage"},"thumbnailUrl":"https:\/\/www.bbmnoticias.com\/labravaradiofm\/wp-content\/uploads\/sites\/5\/2026\/04\/f848x477-1277737_1335540_5050.jpg","datePublished":"2026-04-29T00:52:30+00:00","dateModified":"2026-04-29T00:52:36+00:00","author":{"@id":"https:\/\/www.bbmnoticias.com\/labravaradiofm\/#\/schema\/person\/78ff63fb371c799850071f4b5feb0b7a"},"breadcrumb":{"@id":"https:\/\/www.bbmnoticias.com\/claudia-sheinbaum-la-presidenta-mejor-evaluada-de-america-latina-cb-global-data\/#breadcrumb"},"inLanguage":"es","potentialAction":[{"@type":"ReadAction","target":["https:\/\/www.bbmnoticias.com\/claudia-sheinbaum-la-presidenta-mejor-evaluada-de-america-latina-cb-global-data\/"]}]},{"@type":"ImageObject","inLanguage":"es","@id":"https:\/\/www.bbmnoticias.com\/claudia-sheinbaum-la-presidenta-mejor-evaluada-de-america-latina-cb-global-data\/#primaryimage","url":"https:\/\/www.bbmnoticias.com\/labravaradiofm\/wp-content\/uploads\/sites\/5\/2026\/04\/f848x477-1277737_1335540_5050.jpg","contentUrl":"https:\/\/www.bbmnoticias.com\/labravaradiofm\/wp-content\/uploads\/sites\/5\/2026\/04\/f848x477-1277737_1335540_5050.jpg","width":848,"height":477},{"@type":"BreadcrumbList","@id":"https:\/\/www.bbmnoticias.com\/claudia-sheinbaum-la-presidenta-mejor-evaluada-de-america-latina-cb-global-data\/#breadcrumb","itemListElement":[{"@type":"ListItem","position":1,"name":"Inicio","item":"https:\/\/www.bbmnoticias.com\/labravaradiofm\/"},{"@type":"ListItem","position":2,"name":"Claudia Sheinbaum, la presidenta mejor evaluada de Am\u00e9rica Latina: CB Global Data"}]},{"@type":"WebSite","@id":"https:\/\/www.bbmnoticias.com\/labravaradiofm\/#website","url":"https:\/\/www.bbmnoticias.com\/labravaradiofm\/","name":"LA BRAVA RADIO","description":"Empresa productora de medios, Radiodifusi\u00f3n, Noticias, tendencias y todo lo que necesitas saber de la pol\u00edtica mexicana e internacional; entretenimiento, espect\u00e1culos, salud y mucho m\u00e1s.","potentialAction":[{"@type":"SearchAction","target":{"@type":"EntryPoint","urlTemplate":"https:\/\/www.bbmnoticias.com\/labravaradiofm\/?s={search_term_string}"},"query-input":{"@type":"PropertyValueSpecification","valueRequired":true,"valueName":"search_term_string"}}],"inLanguage":"es"},{"@type":"Person","@id":"https:\/\/www.bbmnoticias.com\/labravaradiofm\/#\/schema\/person\/78ff63fb371c799850071f4b5feb0b7a","name":"El Heraldo","image":{"@type":"ImageObject","inLanguage":"es","@id":"https:\/\/secure.gravatar.com\/avatar\/463017be041288b5a196814ef7242bd62699b857f306e4b5b61b533e8a87f404?s=96&d=mm&r=g","url":"https:\/\/secure.gravatar.com\/avatar\/463017be041288b5a196814ef7242bd62699b857f306e4b5b61b533e8a87f404?s=96&d=mm&r=g","contentUrl":"https:\/\/secure.gravatar.com\/avatar\/463017be041288b5a196814ef7242bd62699b857f306e4b5b61b533e8a87f404?s=96&d=mm&r=g","caption":"El Heraldo"},"url":"https:\/\/www.bbmnoticias.com\/labravaradiofm\/author\/heraldo\/"}]}},"_links":{"self":[{"href":"https:\/\/www.bbmnoticias.com\/labravaradiofm\/wp-json\/wp\/v2\/posts\/76692","targetHints":{"allow":["GET"]}}],"collection":[{"href":"https:\/\/www.bbmnoticias.com\/labravaradiofm\/wp-json\/wp\/v2\/posts"}],"about":[{"href":"https:\/\/www.bbmnoticias.com\/labravaradiofm\/wp-json\/wp\/v2\/types\/post"}],"author":[{"embeddable":true,"href":"https:\/\/www.bbmnoticias.com\/labravaradiofm\/wp-json\/wp\/v2\/users\/15"}],"replies":[{"embeddable":true,"href":"https:\/\/www.bbmnoticias.com\/labravaradiofm\/wp-json\/wp\/v2\/comments?post=76692"}],"version-history":[{"count":1,"href":"https:\/\/www.bbmnoticias.com\/labravaradiofm\/wp-json\/wp\/v2\/posts\/76692\/revisions"}],"predecessor-version":[{"id":76693,"href":"https:\/\/www.bbmnoticias.com\/labravaradiofm\/wp-json\/wp\/v2\/posts\/76692\/revisions\/76693"}],"wp:featuredmedia":[{"embeddable":true,"href":"https:\/\/www.bbmnoticias.com\/labravaradiofm\/wp-json\/wp\/v2\/media\/76694"}],"wp:attachment":[{"href":"https:\/\/www.bbmnoticias.com\/labravaradiofm\/wp-json\/wp\/v2\/media?parent=76692"}],"wp:term":[{"taxonomy":"category","embeddable":true,"href":"https:\/\/www.bbmnoticias.com\/labravaradiofm\/wp-json\/wp\/v2\/categories?post=76692"},{"taxonomy":"post_tag","embeddable":true,"href":"https:\/\/www.bbmnoticias.com\/labravaradiofm\/wp-json\/wp\/v2\/tags?post=76692"}],"curies":[{"name":"wp","href":"https:\/\/api.w.org\/{rel}","templated":true}]}}