{"id":7669,"date":"2021-12-23T09:26:07","date_gmt":"2021-12-23T15:26:07","guid":{"rendered":"https:\/\/www.bbmnoticias.com\/labravaradiofm\/?p=7669"},"modified":"2021-12-23T09:26:08","modified_gmt":"2021-12-23T15:26:08","slug":"con-salomon-jara-un-mejor-destino-le-espera-a-oaxaca","status":"publish","type":"post","link":"https:\/\/www.bbmnoticias.com\/labravaradiofm\/2021\/12\/23\/con-salomon-jara-un-mejor-destino-le-espera-a-oaxaca\/","title":{"rendered":"Con Salom\u00f3n Jara, un mejor destino le espera a Oaxaca"},"content":{"rendered":"<div style=\"margin-top: 0px; margin-bottom: 0px;\" class=\"sharethis-inline-share-buttons\" ><\/div>\n<p>Lic. Juan Marcelino S\u00e1nchez Valdiveso #VoceroFUCO<\/p>\n\n\n\n<p>Al ganar ampliamente las cuatro encuestas establecidas por la dirigencia nacional de MORENA, el senador con licencia Salom\u00f3n Jara ha sido designado por el partido de la Esperanza de M\u00e9xico, desde las primeras horas de este d\u00eda, como el Coordinador de los Comit\u00e9s de Defensa de la Cuarta Transformaci\u00f3n; de esta manera y en autom\u00e1tico, se convierte en el candidato de nuestro partido al gobierno del estado de Oaxaca.<\/p>\n\n\n\n<p>A lo largo y ancho de nuestra entidad, la noticia se convirti\u00f3 para muchos oaxaque\u00f1os y oaxaque\u00f1as en un nuevo despertar, celebrando as\u00ed una esperanza que muchos han abrazado, porque saben que la tierra de Benito Ju\u00e1rez tiene rumbo y destino, con una atinada designaci\u00f3n, en un hombre que ha construido con muchas voces y muchos corazones, un encuentro solidario para encabezar la larga lucha de los pueblos pobres y marginados de Oaxaca.<\/p>\n\n\n\n<p>En este tr\u00e1nsito por la Democracia que se instaura en un estado complejo y lleno de necesidades, siempre dimos como organizaci\u00f3n de lucha: el Frente \u00danico de Comunidades de Oaxaca (FUCO), nuestro acompa\u00f1amiento, abierto y decidido, a favor de un hombre como el Senador Salom\u00f3n Jara, cuyo car\u00e1cter y nobleza requiere Oaxaca, para volver a la unidad y a la movilizaci\u00f3n con la Cuarta Transformaci\u00f3n, como un d\u00eda lo hizo el compa\u00f1ero Presidente Andr\u00e9s Manuel L\u00f3pez Obrador al encabezar al pueblo de M\u00e9xico para llegar al poder con un prop\u00f3sito: gobernar para los m\u00e1s humildes.<\/p>\n\n\n\n<p>Siempre dimos la cara de frente, con humildad pero tambi\u00e9n con decisi\u00f3n y coraje, porque de una cosa siempre hemos estados seguros, que Salom\u00f3n Jara es un destacado hombre de palabra, un entra\u00f1able hermano, el mismo que necesita nuestra entidad para salir de la postraci\u00f3n en que actualmente se encuentra, por tantos a\u00f1os de saqueo e impunidad que ha soportado de los gobiernos desleales cuyas acciones detestables han sido un freno para su desarrollo.<\/p>\n\n\n\n<p>Visi\u00f3n, madurez , honestidad y car\u00e1cter, hacen del ahora Coordinador de los Comit\u00e9s de Defensa de la Cuarta Transformaci\u00f3n en Oaxaca, un soldado con un gran liderazgo ganado a pulso, para establecer un puente con las diversas fuerzas pol\u00edticas, sociales, culturales y productivas, con un \u00fanico fin: el di\u00e1logo como premisa, que permita, en un escenario abierto e incluyente, dise\u00f1ar los planes que sean el eslab\u00f3n para que Oaxaca alcance el desarrollo que reclaman los oaxaque\u00f1os y las oaxaque\u00f1as.<\/p>\n\n\n\n<p>En esta hora determinante para Oaxaca, como organizaci\u00f3n de lucha en favor de los pueblos de Oaxaca, estaremos atentos a sumar esfuerzos para que la gran tarea que encabeza nuestro Coordinador de Defensa tenga el \u00e9xito deseado y el trabajo se consolide con la aportaci\u00f3n y el acompa\u00f1amiento de las dem\u00e1s fuerzas sociales y pol\u00edticas de nuestra entidad, que sabemos est\u00e1n con Salom\u00f3n Jara y con Oaxaca.<\/p>\n\n\n\n<p>El tiempo del advenimiento y la justicia han llegado para quedarse con la cuarta Transformaci\u00f3n que dirige Andr\u00e9s Manuel L\u00f3pez Obrador y Salom\u00f3n Jara.<\/p>\n","protected":false},"excerpt":{"rendered":"<p>Lic. Juan Marcelino S\u00e1nchez Valdiveso #VoceroFUCO Al ganar ampliamente las cuatro encuestas establecidas por la dirigencia nacional de MORENA, el senador con licencia Salom\u00f3n Jara ha sido designado por el partido de la Esperanza de M\u00e9xico, desde las primeras horas de este d\u00eda, como el Coordinador de los Comit\u00e9s de Defensa de la Cuarta Transformaci\u00f3n; [&hellip;]<\/p>\n","protected":false},"author":2,"featured_media":7670,"comment_status":"closed","ping_status":"closed","sticky":false,"template":"","format":"standard","meta":{"footnotes":""},"categories":[2],"tags":[],"class_list":{"0":"post-7669","1":"post","2":"type-post","3":"status-publish","4":"format-standard","5":"has-post-thumbnail","7":"category-oaxaca"},"yoast_head":"<!-- This site is optimized with the Yoast SEO plugin v27.4 - https:\/\/yoast.com\/product\/yoast-seo-wordpress\/ -->\n<title>Con Salom\u00f3n Jara, un mejor destino le espera a Oaxaca - LA BRAVA RADIO<\/title>\n<meta name=\"robots\" content=\"index, follow, max-snippet:-1, max-image-preview:large, max-video-preview:-1\" \/>\n<link rel=\"canonical\" href=\"https:\/\/www.bbmnoticias.com\/labravaradiofm\/2021\/12\/23\/con-salomon-jara-un-mejor-destino-le-espera-a-oaxaca\/\" \/>\n<meta property=\"og:locale\" content=\"es_MX\" \/>\n<meta property=\"og:type\" content=\"article\" \/>\n<meta property=\"og:title\" content=\"Con Salom\u00f3n Jara, un mejor destino le espera a Oaxaca - LA BRAVA RADIO\" \/>\n<meta property=\"og:description\" content=\"Lic. Juan Marcelino S\u00e1nchez Valdiveso #VoceroFUCO Al ganar ampliamente las cuatro encuestas establecidas por la dirigencia nacional de MORENA, el senador con licencia Salom\u00f3n Jara ha sido designado por el partido de la Esperanza de M\u00e9xico, desde las primeras horas de este d\u00eda, como el Coordinador de los Comit\u00e9s de Defensa de la Cuarta Transformaci\u00f3n; [&hellip;]\" \/>\n<meta property=\"og:url\" content=\"https:\/\/www.bbmnoticias.com\/labravaradiofm\/2021\/12\/23\/con-salomon-jara-un-mejor-destino-le-espera-a-oaxaca\/\" \/>\n<meta property=\"og:site_name\" content=\"LA BRAVA RADIO\" \/>\n<meta property=\"article:published_time\" content=\"2021-12-23T15:26:07+00:00\" \/>\n<meta property=\"article:modified_time\" content=\"2021-12-23T15:26:08+00:00\" \/>\n<meta property=\"og:image\" content=\"https:\/\/www.bbmnoticias.com\/labravaradiofm\/wp-content\/uploads\/sites\/5\/2021\/12\/salomon-jara-1.jpg\" \/>\n\t<meta property=\"og:image:width\" content=\"1280\" \/>\n\t<meta property=\"og:image:height\" content=\"882\" \/>\n\t<meta property=\"og:image:type\" content=\"image\/jpeg\" \/>\n<meta name=\"author\" content=\"Staff\" \/>\n<meta name=\"twitter:card\" content=\"summary_large_image\" \/>\n<meta name=\"twitter:label1\" content=\"Escrito por\" \/>\n\t<meta name=\"twitter:data1\" content=\"Staff\" \/>\n\t<meta name=\"twitter:label2\" content=\"Tiempo de lectura\" \/>\n\t<meta name=\"twitter:data2\" content=\"3 minutos\" \/>\n<script type=\"application\/ld+json\" class=\"yoast-schema-graph\">{\"@context\":\"https:\\\/\\\/schema.org\",\"@graph\":[{\"@type\":\"Article\",\"@id\":\"https:\\\/\\\/www.bbmnoticias.com\\\/labravaradiofm\\\/2021\\\/12\\\/23\\\/con-salomon-jara-un-mejor-destino-le-espera-a-oaxaca\\\/#article\",\"isPartOf\":{\"@id\":\"https:\\\/\\\/www.bbmnoticias.com\\\/labravaradiofm\\\/2021\\\/12\\\/23\\\/con-salomon-jara-un-mejor-destino-le-espera-a-oaxaca\\\/\"},\"author\":{\"name\":\"Staff\",\"@id\":\"https:\\\/\\\/www.bbmnoticias.com\\\/labravaradiofm\\\/#\\\/schema\\\/person\\\/68a9e9036ef3c5b55aeb2b71dc8bab45\"},\"headline\":\"Con Salom\u00f3n Jara, un mejor destino le espera a Oaxaca\",\"datePublished\":\"2021-12-23T15:26:07+00:00\",\"dateModified\":\"2021-12-23T15:26:08+00:00\",\"mainEntityOfPage\":{\"@id\":\"https:\\\/\\\/www.bbmnoticias.com\\\/labravaradiofm\\\/2021\\\/12\\\/23\\\/con-salomon-jara-un-mejor-destino-le-espera-a-oaxaca\\\/\"},\"wordCount\":549,\"image\":{\"@id\":\"https:\\\/\\\/www.bbmnoticias.com\\\/labravaradiofm\\\/2021\\\/12\\\/23\\\/con-salomon-jara-un-mejor-destino-le-espera-a-oaxaca\\\/#primaryimage\"},\"thumbnailUrl\":\"https:\\\/\\\/www.bbmnoticias.com\\\/labravaradiofm\\\/wp-content\\\/uploads\\\/sites\\\/5\\\/2021\\\/12\\\/salomon-jara-1.jpg\",\"articleSection\":[\"LOCAL\"],\"inLanguage\":\"es\"},{\"@type\":\"WebPage\",\"@id\":\"https:\\\/\\\/www.bbmnoticias.com\\\/labravaradiofm\\\/2021\\\/12\\\/23\\\/con-salomon-jara-un-mejor-destino-le-espera-a-oaxaca\\\/\",\"url\":\"https:\\\/\\\/www.bbmnoticias.com\\\/labravaradiofm\\\/2021\\\/12\\\/23\\\/con-salomon-jara-un-mejor-destino-le-espera-a-oaxaca\\\/\",\"name\":\"Con Salom\u00f3n Jara, un mejor destino le espera a Oaxaca - LA BRAVA RADIO\",\"isPartOf\":{\"@id\":\"https:\\\/\\\/www.bbmnoticias.com\\\/labravaradiofm\\\/#website\"},\"primaryImageOfPage\":{\"@id\":\"https:\\\/\\\/www.bbmnoticias.com\\\/labravaradiofm\\\/2021\\\/12\\\/23\\\/con-salomon-jara-un-mejor-destino-le-espera-a-oaxaca\\\/#primaryimage\"},\"image\":{\"@id\":\"https:\\\/\\\/www.bbmnoticias.com\\\/labravaradiofm\\\/2021\\\/12\\\/23\\\/con-salomon-jara-un-mejor-destino-le-espera-a-oaxaca\\\/#primaryimage\"},\"thumbnailUrl\":\"https:\\\/\\\/www.bbmnoticias.com\\\/labravaradiofm\\\/wp-content\\\/uploads\\\/sites\\\/5\\\/2021\\\/12\\\/salomon-jara-1.jpg\",\"datePublished\":\"2021-12-23T15:26:07+00:00\",\"dateModified\":\"2021-12-23T15:26:08+00:00\",\"author\":{\"@id\":\"https:\\\/\\\/www.bbmnoticias.com\\\/labravaradiofm\\\/#\\\/schema\\\/person\\\/68a9e9036ef3c5b55aeb2b71dc8bab45\"},\"breadcrumb\":{\"@id\":\"https:\\\/\\\/www.bbmnoticias.com\\\/labravaradiofm\\\/2021\\\/12\\\/23\\\/con-salomon-jara-un-mejor-destino-le-espera-a-oaxaca\\\/#breadcrumb\"},\"inLanguage\":\"es\",\"potentialAction\":[{\"@type\":\"ReadAction\",\"target\":[\"https:\\\/\\\/www.bbmnoticias.com\\\/labravaradiofm\\\/2021\\\/12\\\/23\\\/con-salomon-jara-un-mejor-destino-le-espera-a-oaxaca\\\/\"]}]},{\"@type\":\"ImageObject\",\"inLanguage\":\"es\",\"@id\":\"https:\\\/\\\/www.bbmnoticias.com\\\/labravaradiofm\\\/2021\\\/12\\\/23\\\/con-salomon-jara-un-mejor-destino-le-espera-a-oaxaca\\\/#primaryimage\",\"url\":\"https:\\\/\\\/www.bbmnoticias.com\\\/labravaradiofm\\\/wp-content\\\/uploads\\\/sites\\\/5\\\/2021\\\/12\\\/salomon-jara-1.jpg\",\"contentUrl\":\"https:\\\/\\\/www.bbmnoticias.com\\\/labravaradiofm\\\/wp-content\\\/uploads\\\/sites\\\/5\\\/2021\\\/12\\\/salomon-jara-1.jpg\",\"width\":1280,\"height\":882},{\"@type\":\"BreadcrumbList\",\"@id\":\"https:\\\/\\\/www.bbmnoticias.com\\\/labravaradiofm\\\/2021\\\/12\\\/23\\\/con-salomon-jara-un-mejor-destino-le-espera-a-oaxaca\\\/#breadcrumb\",\"itemListElement\":[{\"@type\":\"ListItem\",\"position\":1,\"name\":\"Inicio\",\"item\":\"https:\\\/\\\/www.bbmnoticias.com\\\/labravaradiofm\\\/\"},{\"@type\":\"ListItem\",\"position\":2,\"name\":\"Con Salom\u00f3n Jara, un mejor destino le espera a Oaxaca\"}]},{\"@type\":\"WebSite\",\"@id\":\"https:\\\/\\\/www.bbmnoticias.com\\\/labravaradiofm\\\/#website\",\"url\":\"https:\\\/\\\/www.bbmnoticias.com\\\/labravaradiofm\\\/\",\"name\":\"LA BRAVA RADIO\",\"description\":\"Empresa productora de medios, Radiodifusi\u00f3n, Noticias, tendencias y todo lo que necesitas saber de la pol\u00edtica mexicana e internacional; entretenimiento, espect\u00e1culos, salud y mucho m\u00e1s.\",\"potentialAction\":[{\"@type\":\"SearchAction\",\"target\":{\"@type\":\"EntryPoint\",\"urlTemplate\":\"https:\\\/\\\/www.bbmnoticias.com\\\/labravaradiofm\\\/?s={search_term_string}\"},\"query-input\":{\"@type\":\"PropertyValueSpecification\",\"valueRequired\":true,\"valueName\":\"search_term_string\"}}],\"inLanguage\":\"es\"},{\"@type\":\"Person\",\"@id\":\"https:\\\/\\\/www.bbmnoticias.com\\\/labravaradiofm\\\/#\\\/schema\\\/person\\\/68a9e9036ef3c5b55aeb2b71dc8bab45\",\"name\":\"Staff\",\"image\":{\"@type\":\"ImageObject\",\"inLanguage\":\"es\",\"@id\":\"https:\\\/\\\/secure.gravatar.com\\\/avatar\\\/fdd21ad66fd8b98c407f9dee5b5e588cfe7f0d8579ec20fa6527cd59bab7f0f0?s=96&d=mm&r=g\",\"url\":\"https:\\\/\\\/secure.gravatar.com\\\/avatar\\\/fdd21ad66fd8b98c407f9dee5b5e588cfe7f0d8579ec20fa6527cd59bab7f0f0?s=96&d=mm&r=g\",\"contentUrl\":\"https:\\\/\\\/secure.gravatar.com\\\/avatar\\\/fdd21ad66fd8b98c407f9dee5b5e588cfe7f0d8579ec20fa6527cd59bab7f0f0?s=96&d=mm&r=g\",\"caption\":\"Staff\"},\"url\":\"https:\\\/\\\/www.bbmnoticias.com\\\/labravaradiofm\\\/author\\\/redaccion\\\/\"}]}<\/script>\n<!-- \/ Yoast SEO plugin. -->","yoast_head_json":{"title":"Con Salom\u00f3n Jara, un mejor destino le espera a Oaxaca - LA BRAVA RADIO","robots":{"index":"index","follow":"follow","max-snippet":"max-snippet:-1","max-image-preview":"max-image-preview:large","max-video-preview":"max-video-preview:-1"},"canonical":"https:\/\/www.bbmnoticias.com\/labravaradiofm\/2021\/12\/23\/con-salomon-jara-un-mejor-destino-le-espera-a-oaxaca\/","og_locale":"es_MX","og_type":"article","og_title":"Con Salom\u00f3n Jara, un mejor destino le espera a Oaxaca - LA BRAVA RADIO","og_description":"Lic. Juan Marcelino S\u00e1nchez Valdiveso #VoceroFUCO Al ganar ampliamente las cuatro encuestas establecidas por la dirigencia nacional de MORENA, el senador con licencia Salom\u00f3n Jara ha sido designado por el partido de la Esperanza de M\u00e9xico, desde las primeras horas de este d\u00eda, como el Coordinador de los Comit\u00e9s de Defensa de la Cuarta Transformaci\u00f3n; [&hellip;]","og_url":"https:\/\/www.bbmnoticias.com\/labravaradiofm\/2021\/12\/23\/con-salomon-jara-un-mejor-destino-le-espera-a-oaxaca\/","og_site_name":"LA BRAVA RADIO","article_published_time":"2021-12-23T15:26:07+00:00","article_modified_time":"2021-12-23T15:26:08+00:00","og_image":[{"width":1280,"height":882,"url":"https:\/\/www.bbmnoticias.com\/labravaradiofm\/wp-content\/uploads\/sites\/5\/2021\/12\/salomon-jara-1.jpg","type":"image\/jpeg"}],"author":"Staff","twitter_card":"summary_large_image","twitter_misc":{"Escrito por":"Staff","Tiempo de lectura":"3 minutos"},"schema":{"@context":"https:\/\/schema.org","@graph":[{"@type":"Article","@id":"https:\/\/www.bbmnoticias.com\/labravaradiofm\/2021\/12\/23\/con-salomon-jara-un-mejor-destino-le-espera-a-oaxaca\/#article","isPartOf":{"@id":"https:\/\/www.bbmnoticias.com\/labravaradiofm\/2021\/12\/23\/con-salomon-jara-un-mejor-destino-le-espera-a-oaxaca\/"},"author":{"name":"Staff","@id":"https:\/\/www.bbmnoticias.com\/labravaradiofm\/#\/schema\/person\/68a9e9036ef3c5b55aeb2b71dc8bab45"},"headline":"Con Salom\u00f3n Jara, un mejor destino le espera a Oaxaca","datePublished":"2021-12-23T15:26:07+00:00","dateModified":"2021-12-23T15:26:08+00:00","mainEntityOfPage":{"@id":"https:\/\/www.bbmnoticias.com\/labravaradiofm\/2021\/12\/23\/con-salomon-jara-un-mejor-destino-le-espera-a-oaxaca\/"},"wordCount":549,"image":{"@id":"https:\/\/www.bbmnoticias.com\/labravaradiofm\/2021\/12\/23\/con-salomon-jara-un-mejor-destino-le-espera-a-oaxaca\/#primaryimage"},"thumbnailUrl":"https:\/\/www.bbmnoticias.com\/labravaradiofm\/wp-content\/uploads\/sites\/5\/2021\/12\/salomon-jara-1.jpg","articleSection":["LOCAL"],"inLanguage":"es"},{"@type":"WebPage","@id":"https:\/\/www.bbmnoticias.com\/labravaradiofm\/2021\/12\/23\/con-salomon-jara-un-mejor-destino-le-espera-a-oaxaca\/","url":"https:\/\/www.bbmnoticias.com\/labravaradiofm\/2021\/12\/23\/con-salomon-jara-un-mejor-destino-le-espera-a-oaxaca\/","name":"Con Salom\u00f3n Jara, un mejor destino le espera a Oaxaca - LA BRAVA RADIO","isPartOf":{"@id":"https:\/\/www.bbmnoticias.com\/labravaradiofm\/#website"},"primaryImageOfPage":{"@id":"https:\/\/www.bbmnoticias.com\/labravaradiofm\/2021\/12\/23\/con-salomon-jara-un-mejor-destino-le-espera-a-oaxaca\/#primaryimage"},"image":{"@id":"https:\/\/www.bbmnoticias.com\/labravaradiofm\/2021\/12\/23\/con-salomon-jara-un-mejor-destino-le-espera-a-oaxaca\/#primaryimage"},"thumbnailUrl":"https:\/\/www.bbmnoticias.com\/labravaradiofm\/wp-content\/uploads\/sites\/5\/2021\/12\/salomon-jara-1.jpg","datePublished":"2021-12-23T15:26:07+00:00","dateModified":"2021-12-23T15:26:08+00:00","author":{"@id":"https:\/\/www.bbmnoticias.com\/labravaradiofm\/#\/schema\/person\/68a9e9036ef3c5b55aeb2b71dc8bab45"},"breadcrumb":{"@id":"https:\/\/www.bbmnoticias.com\/labravaradiofm\/2021\/12\/23\/con-salomon-jara-un-mejor-destino-le-espera-a-oaxaca\/#breadcrumb"},"inLanguage":"es","potentialAction":[{"@type":"ReadAction","target":["https:\/\/www.bbmnoticias.com\/labravaradiofm\/2021\/12\/23\/con-salomon-jara-un-mejor-destino-le-espera-a-oaxaca\/"]}]},{"@type":"ImageObject","inLanguage":"es","@id":"https:\/\/www.bbmnoticias.com\/labravaradiofm\/2021\/12\/23\/con-salomon-jara-un-mejor-destino-le-espera-a-oaxaca\/#primaryimage","url":"https:\/\/www.bbmnoticias.com\/labravaradiofm\/wp-content\/uploads\/sites\/5\/2021\/12\/salomon-jara-1.jpg","contentUrl":"https:\/\/www.bbmnoticias.com\/labravaradiofm\/wp-content\/uploads\/sites\/5\/2021\/12\/salomon-jara-1.jpg","width":1280,"height":882},{"@type":"BreadcrumbList","@id":"https:\/\/www.bbmnoticias.com\/labravaradiofm\/2021\/12\/23\/con-salomon-jara-un-mejor-destino-le-espera-a-oaxaca\/#breadcrumb","itemListElement":[{"@type":"ListItem","position":1,"name":"Inicio","item":"https:\/\/www.bbmnoticias.com\/labravaradiofm\/"},{"@type":"ListItem","position":2,"name":"Con Salom\u00f3n Jara, un mejor destino le espera a Oaxaca"}]},{"@type":"WebSite","@id":"https:\/\/www.bbmnoticias.com\/labravaradiofm\/#website","url":"https:\/\/www.bbmnoticias.com\/labravaradiofm\/","name":"LA BRAVA RADIO","description":"Empresa productora de medios, Radiodifusi\u00f3n, Noticias, tendencias y todo lo que necesitas saber de la pol\u00edtica mexicana e internacional; entretenimiento, espect\u00e1culos, salud y mucho m\u00e1s.","potentialAction":[{"@type":"SearchAction","target":{"@type":"EntryPoint","urlTemplate":"https:\/\/www.bbmnoticias.com\/labravaradiofm\/?s={search_term_string}"},"query-input":{"@type":"PropertyValueSpecification","valueRequired":true,"valueName":"search_term_string"}}],"inLanguage":"es"},{"@type":"Person","@id":"https:\/\/www.bbmnoticias.com\/labravaradiofm\/#\/schema\/person\/68a9e9036ef3c5b55aeb2b71dc8bab45","name":"Staff","image":{"@type":"ImageObject","inLanguage":"es","@id":"https:\/\/secure.gravatar.com\/avatar\/fdd21ad66fd8b98c407f9dee5b5e588cfe7f0d8579ec20fa6527cd59bab7f0f0?s=96&d=mm&r=g","url":"https:\/\/secure.gravatar.com\/avatar\/fdd21ad66fd8b98c407f9dee5b5e588cfe7f0d8579ec20fa6527cd59bab7f0f0?s=96&d=mm&r=g","contentUrl":"https:\/\/secure.gravatar.com\/avatar\/fdd21ad66fd8b98c407f9dee5b5e588cfe7f0d8579ec20fa6527cd59bab7f0f0?s=96&d=mm&r=g","caption":"Staff"},"url":"https:\/\/www.bbmnoticias.com\/labravaradiofm\/author\/redaccion\/"}]}},"_links":{"self":[{"href":"https:\/\/www.bbmnoticias.com\/labravaradiofm\/wp-json\/wp\/v2\/posts\/7669","targetHints":{"allow":["GET"]}}],"collection":[{"href":"https:\/\/www.bbmnoticias.com\/labravaradiofm\/wp-json\/wp\/v2\/posts"}],"about":[{"href":"https:\/\/www.bbmnoticias.com\/labravaradiofm\/wp-json\/wp\/v2\/types\/post"}],"author":[{"embeddable":true,"href":"https:\/\/www.bbmnoticias.com\/labravaradiofm\/wp-json\/wp\/v2\/users\/2"}],"replies":[{"embeddable":true,"href":"https:\/\/www.bbmnoticias.com\/labravaradiofm\/wp-json\/wp\/v2\/comments?post=7669"}],"version-history":[{"count":0,"href":"https:\/\/www.bbmnoticias.com\/labravaradiofm\/wp-json\/wp\/v2\/posts\/7669\/revisions"}],"wp:featuredmedia":[{"embeddable":true,"href":"https:\/\/www.bbmnoticias.com\/labravaradiofm\/wp-json\/wp\/v2\/media\/7670"}],"wp:attachment":[{"href":"https:\/\/www.bbmnoticias.com\/labravaradiofm\/wp-json\/wp\/v2\/media?parent=7669"}],"wp:term":[{"taxonomy":"category","embeddable":true,"href":"https:\/\/www.bbmnoticias.com\/labravaradiofm\/wp-json\/wp\/v2\/categories?post=7669"},{"taxonomy":"post_tag","embeddable":true,"href":"https:\/\/www.bbmnoticias.com\/labravaradiofm\/wp-json\/wp\/v2\/tags?post=7669"}],"curies":[{"name":"wp","href":"https:\/\/api.w.org\/{rel}","templated":true}]}}