{"id":76689,"date":"2026-04-28T18:34:07","date_gmt":"2026-04-29T00:34:07","guid":{"rendered":"https:\/\/www.bbmnoticias.com\/labravaradiofm\/2026\/04\/28\/fiscalia-de-oaxaca-detiene-a-una-persona-por-violencia-patrimonial-cometido-en-establecimiento-denominado-los-combinados\/"},"modified":"2026-04-28T18:34:40","modified_gmt":"2026-04-29T00:34:40","slug":"fiscalia-de-oaxaca-detiene-a-una-persona-por-violencia-patrimonial-cometido-en-establecimiento-denominado-los-combinados","status":"publish","type":"post","link":"https:\/\/www.bbmnoticias.com\/labravaradiofm\/2026\/04\/28\/fiscalia-de-oaxaca-detiene-a-una-persona-por-violencia-patrimonial-cometido-en-establecimiento-denominado-los-combinados\/","title":{"rendered":"Fiscal\u00eda de Oaxaca detiene a una persona por violencia patrimonial, cometido en establecimiento denominado \u201cLos Combinados\u201d"},"content":{"rendered":"<div style=\"margin-top: 0px; margin-bottom: 0px;\" class=\"sharethis-inline-share-buttons\" ><\/div>\n<p>Oaxaca de Ju\u00e1rez, Oax.- La Fiscal\u00eda General del Estado de Oaxaca (FGEO) dio cumplimiento a una orden de aprehensi\u00f3n en contra de una persona del sexo masculino identificada por las iniciales R.R.G., por el delito de violencia familiar en su vertiente patrimonial, en hechos ocurridos en la ciudad de Oaxaca.<\/p>\n\n\n\n<p>La detenci\u00f3n de R.R.G., se realiz\u00f3 este 28 de abril de 2026, derivado de hechos denunciados por la v\u00edctima, lo que permiti\u00f3 iniciar las investigaciones correspondientes a trav\u00e9s de la Fiscal\u00eda Especializada para la Atenci\u00f3n a Delitos contra la Mujer por Raz\u00f3n de G\u00e9nero y obtener el mandato judicial.<\/p>\n\n\n\n<p>De acuerdo con el expediente penal, los hechos se registraron el 30 de abril de 2025, en un establecimiento comercial denominado \u201cLos Combinados\u201d ubicado sobre la calle Emilio Carranza, en la colonia Reforma, en Oaxaca de Ju\u00e1rez.<\/p>\n\n\n\n<p>Seg\u00fan la denuncia presentada, la v\u00edctima -una mujer identificada como E.J.L.-, intent\u00f3 ingresar a una oficina localizada al interior del negocio, momento en el que se percat\u00f3 que los candados hab\u00edan sido cambiados, lo que le habr\u00eda impedido recuperar diversos bienes materiales y herramientas de trabajo que se encontraban en el lugar.<\/p>\n\n\n\n<p>Entre los objetos referidos se encuentran equipos y materiales de mantenimiento, cuyo valor estimado asciende a m\u00e1s de un mill\u00f3n de pesos.<\/p>\n\n\n\n<p>Tras su detenci\u00f3n, R.R.G., fue puesto a disposici\u00f3n de la autoridad correspondiente para determinar su situaci\u00f3n jur\u00eddica legal.<\/p>\n\n\n\n<p>La Fiscal\u00eda General del Estado de Oaxaca est\u00e1 comprometida con procurar justicia en forma eficaz, por ello, realiza investigaciones integrales con el fin de garantizar a las v\u00edctimas un adecuado acceso a la justicia.<\/p>\n","protected":false},"excerpt":{"rendered":"<p>Oaxaca de Ju\u00e1rez, Oax.- La Fiscal\u00eda General del Estado de Oaxaca (FGEO) dio cumplimiento a una orden de aprehensi\u00f3n en contra de una persona del sexo masculino identificada por las iniciales R.R.G., por el delito de violencia familiar en su vertiente patrimonial, en hechos ocurridos en la ciudad de Oaxaca. La detenci\u00f3n de R.R.G., se [&hellip;]<\/p>\n","protected":false},"author":2,"featured_media":76691,"comment_status":"closed","ping_status":"open","sticky":false,"template":"","format":"standard","meta":{"footnotes":""},"categories":[2,20],"tags":[],"class_list":{"0":"post-76689","1":"post","2":"type-post","3":"status-publish","4":"format-standard","5":"has-post-thumbnail","7":"category-oaxaca","8":"category-policiaca"},"yoast_head":"<!-- This site is optimized with the Yoast SEO plugin v27.4 - https:\/\/yoast.com\/product\/yoast-seo-wordpress\/ -->\n<title>Fiscal\u00eda de Oaxaca detiene a una persona por violencia patrimonial, cometido en establecimiento denominado \u201cLos Combinados\u201d - LA BRAVA RADIO<\/title>\n<meta name=\"robots\" content=\"index, follow, max-snippet:-1, max-image-preview:large, max-video-preview:-1\" \/>\n<link rel=\"canonical\" href=\"https:\/\/www.bbmnoticias.com\/fiscalia-de-oaxaca-detiene-a-una-persona-por-violencia-patrimonial-cometido-en-establecimiento-denominado-los-combinados\/\" \/>\n<meta property=\"og:locale\" content=\"es_MX\" \/>\n<meta property=\"og:type\" content=\"article\" \/>\n<meta property=\"og:title\" content=\"Fiscal\u00eda de Oaxaca detiene a una persona por violencia patrimonial, cometido en establecimiento denominado \u201cLos Combinados\u201d - LA BRAVA RADIO\" \/>\n<meta property=\"og:description\" content=\"Oaxaca de Ju\u00e1rez, Oax.- La Fiscal\u00eda General del Estado de Oaxaca (FGEO) dio cumplimiento a una orden de aprehensi\u00f3n en contra de una persona del sexo masculino identificada por las iniciales R.R.G., por el delito de violencia familiar en su vertiente patrimonial, en hechos ocurridos en la ciudad de Oaxaca. La detenci\u00f3n de R.R.G., se [&hellip;]\" \/>\n<meta property=\"og:url\" content=\"https:\/\/www.bbmnoticias.com\/fiscalia-de-oaxaca-detiene-a-una-persona-por-violencia-patrimonial-cometido-en-establecimiento-denominado-los-combinados\/\" \/>\n<meta property=\"og:site_name\" content=\"LA BRAVA RADIO\" \/>\n<meta property=\"article:published_time\" content=\"2026-04-29T00:34:07+00:00\" \/>\n<meta property=\"article:modified_time\" content=\"2026-04-29T00:34:40+00:00\" \/>\n<meta property=\"og:image\" content=\"https:\/\/www.bbmnoticias.com\/labravaradiofm\/wp-content\/uploads\/sites\/5\/2026\/04\/25845654o.jpg\" \/>\n\t<meta property=\"og:image:width\" content=\"1920\" \/>\n\t<meta property=\"og:image:height\" content=\"1080\" \/>\n\t<meta property=\"og:image:type\" content=\"image\/jpeg\" \/>\n<meta name=\"author\" content=\"Staff\" \/>\n<meta name=\"twitter:card\" content=\"summary_large_image\" \/>\n<meta name=\"twitter:label1\" content=\"Escrito por\" \/>\n\t<meta name=\"twitter:data1\" content=\"Staff\" \/>\n\t<meta name=\"twitter:label2\" content=\"Tiempo de lectura\" \/>\n\t<meta name=\"twitter:data2\" content=\"1 minuto\" \/>\n<script type=\"application\/ld+json\" class=\"yoast-schema-graph\">{\"@context\":\"https:\\\/\\\/schema.org\",\"@graph\":[{\"@type\":\"Article\",\"@id\":\"https:\\\/\\\/www.bbmnoticias.com\\\/fiscalia-de-oaxaca-detiene-a-una-persona-por-violencia-patrimonial-cometido-en-establecimiento-denominado-los-combinados\\\/#article\",\"isPartOf\":{\"@id\":\"https:\\\/\\\/www.bbmnoticias.com\\\/labravaradiofm\\\/2026\\\/04\\\/28\\\/fiscalia-de-oaxaca-detiene-a-una-persona-por-violencia-patrimonial-cometido-en-establecimiento-denominado-los-combinados\\\/\"},\"author\":{\"name\":\"Staff\",\"@id\":\"https:\\\/\\\/www.bbmnoticias.com\\\/labravaradiofm\\\/#\\\/schema\\\/person\\\/68a9e9036ef3c5b55aeb2b71dc8bab45\"},\"headline\":\"Fiscal\u00eda de Oaxaca detiene a una persona por violencia patrimonial, cometido en establecimiento denominado \u201cLos Combinados\u201d\",\"datePublished\":\"2026-04-29T00:34:07+00:00\",\"dateModified\":\"2026-04-29T00:34:40+00:00\",\"mainEntityOfPage\":{\"@id\":\"https:\\\/\\\/www.bbmnoticias.com\\\/labravaradiofm\\\/2026\\\/04\\\/28\\\/fiscalia-de-oaxaca-detiene-a-una-persona-por-violencia-patrimonial-cometido-en-establecimiento-denominado-los-combinados\\\/\"},\"wordCount\":308,\"image\":{\"@id\":\"https:\\\/\\\/www.bbmnoticias.com\\\/fiscalia-de-oaxaca-detiene-a-una-persona-por-violencia-patrimonial-cometido-en-establecimiento-denominado-los-combinados\\\/#primaryimage\"},\"thumbnailUrl\":\"https:\\\/\\\/www.bbmnoticias.com\\\/labravaradiofm\\\/wp-content\\\/uploads\\\/sites\\\/5\\\/2026\\\/04\\\/25845654o.jpg\",\"articleSection\":[\"LOCAL\",\"POLICIACA\"],\"inLanguage\":\"es\"},{\"@type\":\"WebPage\",\"@id\":\"https:\\\/\\\/www.bbmnoticias.com\\\/labravaradiofm\\\/2026\\\/04\\\/28\\\/fiscalia-de-oaxaca-detiene-a-una-persona-por-violencia-patrimonial-cometido-en-establecimiento-denominado-los-combinados\\\/\",\"url\":\"https:\\\/\\\/www.bbmnoticias.com\\\/fiscalia-de-oaxaca-detiene-a-una-persona-por-violencia-patrimonial-cometido-en-establecimiento-denominado-los-combinados\\\/\",\"name\":\"Fiscal\u00eda de Oaxaca detiene a una persona por violencia patrimonial, cometido en establecimiento denominado \u201cLos Combinados\u201d - LA BRAVA RADIO\",\"isPartOf\":{\"@id\":\"https:\\\/\\\/www.bbmnoticias.com\\\/labravaradiofm\\\/#website\"},\"primaryImageOfPage\":{\"@id\":\"https:\\\/\\\/www.bbmnoticias.com\\\/fiscalia-de-oaxaca-detiene-a-una-persona-por-violencia-patrimonial-cometido-en-establecimiento-denominado-los-combinados\\\/#primaryimage\"},\"image\":{\"@id\":\"https:\\\/\\\/www.bbmnoticias.com\\\/fiscalia-de-oaxaca-detiene-a-una-persona-por-violencia-patrimonial-cometido-en-establecimiento-denominado-los-combinados\\\/#primaryimage\"},\"thumbnailUrl\":\"https:\\\/\\\/www.bbmnoticias.com\\\/labravaradiofm\\\/wp-content\\\/uploads\\\/sites\\\/5\\\/2026\\\/04\\\/25845654o.jpg\",\"datePublished\":\"2026-04-29T00:34:07+00:00\",\"dateModified\":\"2026-04-29T00:34:40+00:00\",\"author\":{\"@id\":\"https:\\\/\\\/www.bbmnoticias.com\\\/labravaradiofm\\\/#\\\/schema\\\/person\\\/68a9e9036ef3c5b55aeb2b71dc8bab45\"},\"breadcrumb\":{\"@id\":\"https:\\\/\\\/www.bbmnoticias.com\\\/fiscalia-de-oaxaca-detiene-a-una-persona-por-violencia-patrimonial-cometido-en-establecimiento-denominado-los-combinados\\\/#breadcrumb\"},\"inLanguage\":\"es\",\"potentialAction\":[{\"@type\":\"ReadAction\",\"target\":[\"https:\\\/\\\/www.bbmnoticias.com\\\/fiscalia-de-oaxaca-detiene-a-una-persona-por-violencia-patrimonial-cometido-en-establecimiento-denominado-los-combinados\\\/\"]}]},{\"@type\":\"ImageObject\",\"inLanguage\":\"es\",\"@id\":\"https:\\\/\\\/www.bbmnoticias.com\\\/fiscalia-de-oaxaca-detiene-a-una-persona-por-violencia-patrimonial-cometido-en-establecimiento-denominado-los-combinados\\\/#primaryimage\",\"url\":\"https:\\\/\\\/www.bbmnoticias.com\\\/labravaradiofm\\\/wp-content\\\/uploads\\\/sites\\\/5\\\/2026\\\/04\\\/25845654o.jpg\",\"contentUrl\":\"https:\\\/\\\/www.bbmnoticias.com\\\/labravaradiofm\\\/wp-content\\\/uploads\\\/sites\\\/5\\\/2026\\\/04\\\/25845654o.jpg\",\"width\":1920,\"height\":1080},{\"@type\":\"BreadcrumbList\",\"@id\":\"https:\\\/\\\/www.bbmnoticias.com\\\/fiscalia-de-oaxaca-detiene-a-una-persona-por-violencia-patrimonial-cometido-en-establecimiento-denominado-los-combinados\\\/#breadcrumb\",\"itemListElement\":[{\"@type\":\"ListItem\",\"position\":1,\"name\":\"Inicio\",\"item\":\"https:\\\/\\\/www.bbmnoticias.com\\\/labravaradiofm\\\/\"},{\"@type\":\"ListItem\",\"position\":2,\"name\":\"Fiscal\u00eda de Oaxaca detiene a una persona por violencia patrimonial, cometido en establecimiento denominado \u201cLos Combinados\u201d\"}]},{\"@type\":\"WebSite\",\"@id\":\"https:\\\/\\\/www.bbmnoticias.com\\\/labravaradiofm\\\/#website\",\"url\":\"https:\\\/\\\/www.bbmnoticias.com\\\/labravaradiofm\\\/\",\"name\":\"LA BRAVA RADIO\",\"description\":\"Empresa productora de medios, Radiodifusi\u00f3n, Noticias, tendencias y todo lo que necesitas saber de la pol\u00edtica mexicana e internacional; entretenimiento, espect\u00e1culos, salud y mucho m\u00e1s.\",\"potentialAction\":[{\"@type\":\"SearchAction\",\"target\":{\"@type\":\"EntryPoint\",\"urlTemplate\":\"https:\\\/\\\/www.bbmnoticias.com\\\/labravaradiofm\\\/?s={search_term_string}\"},\"query-input\":{\"@type\":\"PropertyValueSpecification\",\"valueRequired\":true,\"valueName\":\"search_term_string\"}}],\"inLanguage\":\"es\"},{\"@type\":\"Person\",\"@id\":\"https:\\\/\\\/www.bbmnoticias.com\\\/labravaradiofm\\\/#\\\/schema\\\/person\\\/68a9e9036ef3c5b55aeb2b71dc8bab45\",\"name\":\"Staff\",\"image\":{\"@type\":\"ImageObject\",\"inLanguage\":\"es\",\"@id\":\"https:\\\/\\\/secure.gravatar.com\\\/avatar\\\/fdd21ad66fd8b98c407f9dee5b5e588cfe7f0d8579ec20fa6527cd59bab7f0f0?s=96&d=mm&r=g\",\"url\":\"https:\\\/\\\/secure.gravatar.com\\\/avatar\\\/fdd21ad66fd8b98c407f9dee5b5e588cfe7f0d8579ec20fa6527cd59bab7f0f0?s=96&d=mm&r=g\",\"contentUrl\":\"https:\\\/\\\/secure.gravatar.com\\\/avatar\\\/fdd21ad66fd8b98c407f9dee5b5e588cfe7f0d8579ec20fa6527cd59bab7f0f0?s=96&d=mm&r=g\",\"caption\":\"Staff\"},\"url\":\"https:\\\/\\\/www.bbmnoticias.com\\\/labravaradiofm\\\/author\\\/redaccion\\\/\"}]}<\/script>\n<!-- \/ Yoast SEO plugin. -->","yoast_head_json":{"title":"Fiscal\u00eda de Oaxaca detiene a una persona por violencia patrimonial, cometido en establecimiento denominado \u201cLos Combinados\u201d - LA BRAVA RADIO","robots":{"index":"index","follow":"follow","max-snippet":"max-snippet:-1","max-image-preview":"max-image-preview:large","max-video-preview":"max-video-preview:-1"},"canonical":"https:\/\/www.bbmnoticias.com\/fiscalia-de-oaxaca-detiene-a-una-persona-por-violencia-patrimonial-cometido-en-establecimiento-denominado-los-combinados\/","og_locale":"es_MX","og_type":"article","og_title":"Fiscal\u00eda de Oaxaca detiene a una persona por violencia patrimonial, cometido en establecimiento denominado \u201cLos Combinados\u201d - LA BRAVA RADIO","og_description":"Oaxaca de Ju\u00e1rez, Oax.- La Fiscal\u00eda General del Estado de Oaxaca (FGEO) dio cumplimiento a una orden de aprehensi\u00f3n en contra de una persona del sexo masculino identificada por las iniciales R.R.G., por el delito de violencia familiar en su vertiente patrimonial, en hechos ocurridos en la ciudad de Oaxaca. La detenci\u00f3n de R.R.G., se [&hellip;]","og_url":"https:\/\/www.bbmnoticias.com\/fiscalia-de-oaxaca-detiene-a-una-persona-por-violencia-patrimonial-cometido-en-establecimiento-denominado-los-combinados\/","og_site_name":"LA BRAVA RADIO","article_published_time":"2026-04-29T00:34:07+00:00","article_modified_time":"2026-04-29T00:34:40+00:00","og_image":[{"width":1920,"height":1080,"url":"https:\/\/www.bbmnoticias.com\/labravaradiofm\/wp-content\/uploads\/sites\/5\/2026\/04\/25845654o.jpg","type":"image\/jpeg"}],"author":"Staff","twitter_card":"summary_large_image","twitter_misc":{"Escrito por":"Staff","Tiempo de lectura":"1 minuto"},"schema":{"@context":"https:\/\/schema.org","@graph":[{"@type":"Article","@id":"https:\/\/www.bbmnoticias.com\/fiscalia-de-oaxaca-detiene-a-una-persona-por-violencia-patrimonial-cometido-en-establecimiento-denominado-los-combinados\/#article","isPartOf":{"@id":"https:\/\/www.bbmnoticias.com\/labravaradiofm\/2026\/04\/28\/fiscalia-de-oaxaca-detiene-a-una-persona-por-violencia-patrimonial-cometido-en-establecimiento-denominado-los-combinados\/"},"author":{"name":"Staff","@id":"https:\/\/www.bbmnoticias.com\/labravaradiofm\/#\/schema\/person\/68a9e9036ef3c5b55aeb2b71dc8bab45"},"headline":"Fiscal\u00eda de Oaxaca detiene a una persona por violencia patrimonial, cometido en establecimiento denominado \u201cLos Combinados\u201d","datePublished":"2026-04-29T00:34:07+00:00","dateModified":"2026-04-29T00:34:40+00:00","mainEntityOfPage":{"@id":"https:\/\/www.bbmnoticias.com\/labravaradiofm\/2026\/04\/28\/fiscalia-de-oaxaca-detiene-a-una-persona-por-violencia-patrimonial-cometido-en-establecimiento-denominado-los-combinados\/"},"wordCount":308,"image":{"@id":"https:\/\/www.bbmnoticias.com\/fiscalia-de-oaxaca-detiene-a-una-persona-por-violencia-patrimonial-cometido-en-establecimiento-denominado-los-combinados\/#primaryimage"},"thumbnailUrl":"https:\/\/www.bbmnoticias.com\/labravaradiofm\/wp-content\/uploads\/sites\/5\/2026\/04\/25845654o.jpg","articleSection":["LOCAL","POLICIACA"],"inLanguage":"es"},{"@type":"WebPage","@id":"https:\/\/www.bbmnoticias.com\/labravaradiofm\/2026\/04\/28\/fiscalia-de-oaxaca-detiene-a-una-persona-por-violencia-patrimonial-cometido-en-establecimiento-denominado-los-combinados\/","url":"https:\/\/www.bbmnoticias.com\/fiscalia-de-oaxaca-detiene-a-una-persona-por-violencia-patrimonial-cometido-en-establecimiento-denominado-los-combinados\/","name":"Fiscal\u00eda de Oaxaca detiene a una persona por violencia patrimonial, cometido en establecimiento denominado \u201cLos Combinados\u201d - LA BRAVA RADIO","isPartOf":{"@id":"https:\/\/www.bbmnoticias.com\/labravaradiofm\/#website"},"primaryImageOfPage":{"@id":"https:\/\/www.bbmnoticias.com\/fiscalia-de-oaxaca-detiene-a-una-persona-por-violencia-patrimonial-cometido-en-establecimiento-denominado-los-combinados\/#primaryimage"},"image":{"@id":"https:\/\/www.bbmnoticias.com\/fiscalia-de-oaxaca-detiene-a-una-persona-por-violencia-patrimonial-cometido-en-establecimiento-denominado-los-combinados\/#primaryimage"},"thumbnailUrl":"https:\/\/www.bbmnoticias.com\/labravaradiofm\/wp-content\/uploads\/sites\/5\/2026\/04\/25845654o.jpg","datePublished":"2026-04-29T00:34:07+00:00","dateModified":"2026-04-29T00:34:40+00:00","author":{"@id":"https:\/\/www.bbmnoticias.com\/labravaradiofm\/#\/schema\/person\/68a9e9036ef3c5b55aeb2b71dc8bab45"},"breadcrumb":{"@id":"https:\/\/www.bbmnoticias.com\/fiscalia-de-oaxaca-detiene-a-una-persona-por-violencia-patrimonial-cometido-en-establecimiento-denominado-los-combinados\/#breadcrumb"},"inLanguage":"es","potentialAction":[{"@type":"ReadAction","target":["https:\/\/www.bbmnoticias.com\/fiscalia-de-oaxaca-detiene-a-una-persona-por-violencia-patrimonial-cometido-en-establecimiento-denominado-los-combinados\/"]}]},{"@type":"ImageObject","inLanguage":"es","@id":"https:\/\/www.bbmnoticias.com\/fiscalia-de-oaxaca-detiene-a-una-persona-por-violencia-patrimonial-cometido-en-establecimiento-denominado-los-combinados\/#primaryimage","url":"https:\/\/www.bbmnoticias.com\/labravaradiofm\/wp-content\/uploads\/sites\/5\/2026\/04\/25845654o.jpg","contentUrl":"https:\/\/www.bbmnoticias.com\/labravaradiofm\/wp-content\/uploads\/sites\/5\/2026\/04\/25845654o.jpg","width":1920,"height":1080},{"@type":"BreadcrumbList","@id":"https:\/\/www.bbmnoticias.com\/fiscalia-de-oaxaca-detiene-a-una-persona-por-violencia-patrimonial-cometido-en-establecimiento-denominado-los-combinados\/#breadcrumb","itemListElement":[{"@type":"ListItem","position":1,"name":"Inicio","item":"https:\/\/www.bbmnoticias.com\/labravaradiofm\/"},{"@type":"ListItem","position":2,"name":"Fiscal\u00eda de Oaxaca detiene a una persona por violencia patrimonial, cometido en establecimiento denominado \u201cLos Combinados\u201d"}]},{"@type":"WebSite","@id":"https:\/\/www.bbmnoticias.com\/labravaradiofm\/#website","url":"https:\/\/www.bbmnoticias.com\/labravaradiofm\/","name":"LA BRAVA RADIO","description":"Empresa productora de medios, Radiodifusi\u00f3n, Noticias, tendencias y todo lo que necesitas saber de la pol\u00edtica mexicana e internacional; entretenimiento, espect\u00e1culos, salud y mucho m\u00e1s.","potentialAction":[{"@type":"SearchAction","target":{"@type":"EntryPoint","urlTemplate":"https:\/\/www.bbmnoticias.com\/labravaradiofm\/?s={search_term_string}"},"query-input":{"@type":"PropertyValueSpecification","valueRequired":true,"valueName":"search_term_string"}}],"inLanguage":"es"},{"@type":"Person","@id":"https:\/\/www.bbmnoticias.com\/labravaradiofm\/#\/schema\/person\/68a9e9036ef3c5b55aeb2b71dc8bab45","name":"Staff","image":{"@type":"ImageObject","inLanguage":"es","@id":"https:\/\/secure.gravatar.com\/avatar\/fdd21ad66fd8b98c407f9dee5b5e588cfe7f0d8579ec20fa6527cd59bab7f0f0?s=96&d=mm&r=g","url":"https:\/\/secure.gravatar.com\/avatar\/fdd21ad66fd8b98c407f9dee5b5e588cfe7f0d8579ec20fa6527cd59bab7f0f0?s=96&d=mm&r=g","contentUrl":"https:\/\/secure.gravatar.com\/avatar\/fdd21ad66fd8b98c407f9dee5b5e588cfe7f0d8579ec20fa6527cd59bab7f0f0?s=96&d=mm&r=g","caption":"Staff"},"url":"https:\/\/www.bbmnoticias.com\/labravaradiofm\/author\/redaccion\/"}]}},"_links":{"self":[{"href":"https:\/\/www.bbmnoticias.com\/labravaradiofm\/wp-json\/wp\/v2\/posts\/76689","targetHints":{"allow":["GET"]}}],"collection":[{"href":"https:\/\/www.bbmnoticias.com\/labravaradiofm\/wp-json\/wp\/v2\/posts"}],"about":[{"href":"https:\/\/www.bbmnoticias.com\/labravaradiofm\/wp-json\/wp\/v2\/types\/post"}],"author":[{"embeddable":true,"href":"https:\/\/www.bbmnoticias.com\/labravaradiofm\/wp-json\/wp\/v2\/users\/2"}],"replies":[{"embeddable":true,"href":"https:\/\/www.bbmnoticias.com\/labravaradiofm\/wp-json\/wp\/v2\/comments?post=76689"}],"version-history":[{"count":1,"href":"https:\/\/www.bbmnoticias.com\/labravaradiofm\/wp-json\/wp\/v2\/posts\/76689\/revisions"}],"predecessor-version":[{"id":76690,"href":"https:\/\/www.bbmnoticias.com\/labravaradiofm\/wp-json\/wp\/v2\/posts\/76689\/revisions\/76690"}],"wp:featuredmedia":[{"embeddable":true,"href":"https:\/\/www.bbmnoticias.com\/labravaradiofm\/wp-json\/wp\/v2\/media\/76691"}],"wp:attachment":[{"href":"https:\/\/www.bbmnoticias.com\/labravaradiofm\/wp-json\/wp\/v2\/media?parent=76689"}],"wp:term":[{"taxonomy":"category","embeddable":true,"href":"https:\/\/www.bbmnoticias.com\/labravaradiofm\/wp-json\/wp\/v2\/categories?post=76689"},{"taxonomy":"post_tag","embeddable":true,"href":"https:\/\/www.bbmnoticias.com\/labravaradiofm\/wp-json\/wp\/v2\/tags?post=76689"}],"curies":[{"name":"wp","href":"https:\/\/api.w.org\/{rel}","templated":true}]}}