{"id":76683,"date":"2026-04-28T15:49:54","date_gmt":"2026-04-28T21:49:54","guid":{"rendered":"https:\/\/www.bbmnoticias.com\/labravaradiofm\/2026\/04\/28\/iran-precisa-que-saldo-del-bombardeo-a-escuela-en-minab-dejo-155-muertos-120-eran-ninos\/"},"modified":"2026-04-28T15:49:57","modified_gmt":"2026-04-28T21:49:57","slug":"iran-precisa-que-saldo-del-bombardeo-a-escuela-en-minab-dejo-155-muertos-120-eran-ninos","status":"publish","type":"post","link":"https:\/\/www.bbmnoticias.com\/labravaradiofm\/2026\/04\/28\/iran-precisa-que-saldo-del-bombardeo-a-escuela-en-minab-dejo-155-muertos-120-eran-ninos\/","title":{"rendered":"Ir\u00e1n precisa que saldo del bombardeo a escuela en Minab dej\u00f3 155 muertos, 120 eran ni\u00f1os"},"content":{"rendered":"<div style=\"margin-top: 0px; margin-bottom: 0px;\" class=\"sharethis-inline-share-buttons\" ><\/div>\n<p><em>Teher\u00e1n.<\/em> El bombardeo de una escuela iran\u00ed en el primer d\u00eda de la guerra en Medio Oriente mat\u00f3 a 155 personas, incluyendo 120 ni\u00f1os, de acuerdo con un balance revisado a la baja divulgado este martes por la televisi\u00f3n estatal IRIB.<\/p>\n\n\n\n<p>El ministro iran\u00ed de Relaciones Exteriores, Ab\u00e1s Aragchi, hab\u00eda declarado a fines de marzo ante la ONU que &#8220;m\u00e1s de 175 estudiantes y profesores&#8221; hab\u00edan sido &#8220;masacrados a sangre fr\u00eda&#8221; en el ataque del 28 de febrero.<\/p>\n\n\n\n<p>Pero seg\u00fan el nuevo saldo divulgado por IRIB y otros medios, citando un jerarca del poder judicial iran\u00ed, en el bombardeo murieron 115 personas, incluidos &#8220;73 ni\u00f1os, 47 ni\u00f1as, 26 profesores, siete padres&#8221;.<\/p>\n\n\n\n<p>Tambi\u00e9n fallecieron el conductor de un veh\u00edculo escolar y un farmac\u00e9utico de la cl\u00ednica cercana a la escuela de Minab.<\/p>\n\n\n\n<p>El ataque ocurri\u00f3 en el primer d\u00eda del ataque israel\u00ed y estadounidense contra Ir\u00e1n, que respondi\u00f3 con bombardeos contra Israel y otros pa\u00edses de la regi\u00f3n. El gobierno iran\u00ed acus\u00f3 al ej\u00e9rcito estadunidense del ataque, aunque el presidente Donald Trump inicialmente neg\u00f3 cualquier responsabilidad de su pa\u00eds.<\/p>\n","protected":false},"excerpt":{"rendered":"<p>Teher\u00e1n. El bombardeo de una escuela iran\u00ed en el primer d\u00eda de la guerra en Medio Oriente mat\u00f3 a 155 personas, incluyendo 120 ni\u00f1os, de acuerdo con un balance revisado a la baja divulgado este martes por la televisi\u00f3n estatal IRIB. El ministro iran\u00ed de Relaciones Exteriores, Ab\u00e1s Aragchi, hab\u00eda declarado a fines de marzo [&hellip;]<\/p>\n","protected":false},"author":2,"featured_media":76685,"comment_status":"closed","ping_status":"open","sticky":false,"template":"","format":"standard","meta":{"footnotes":""},"categories":[948,2],"tags":[],"class_list":{"0":"post-76683","1":"post","2":"type-post","3":"status-publish","4":"format-standard","5":"has-post-thumbnail","7":"category-internacional","8":"category-oaxaca"},"yoast_head":"<!-- This site is optimized with the Yoast SEO plugin v27.4 - https:\/\/yoast.com\/product\/yoast-seo-wordpress\/ -->\n<title>Ir\u00e1n precisa que saldo del bombardeo a escuela en Minab dej\u00f3 155 muertos, 120 eran ni\u00f1os - LA BRAVA RADIO<\/title>\n<meta name=\"robots\" content=\"index, follow, max-snippet:-1, max-image-preview:large, max-video-preview:-1\" \/>\n<link rel=\"canonical\" href=\"https:\/\/www.bbmnoticias.com\/iran-precisa-que-saldo-del-bombardeo-a-escuela-en-minab-dejo-155-muertos-120-eran-ninos\/\" \/>\n<meta property=\"og:locale\" content=\"es_MX\" \/>\n<meta property=\"og:type\" content=\"article\" \/>\n<meta property=\"og:title\" content=\"Ir\u00e1n precisa que saldo del bombardeo a escuela en Minab dej\u00f3 155 muertos, 120 eran ni\u00f1os - LA BRAVA RADIO\" \/>\n<meta property=\"og:description\" content=\"Teher\u00e1n. El bombardeo de una escuela iran\u00ed en el primer d\u00eda de la guerra en Medio Oriente mat\u00f3 a 155 personas, incluyendo 120 ni\u00f1os, de acuerdo con un balance revisado a la baja divulgado este martes por la televisi\u00f3n estatal IRIB. El ministro iran\u00ed de Relaciones Exteriores, Ab\u00e1s Aragchi, hab\u00eda declarado a fines de marzo [&hellip;]\" \/>\n<meta property=\"og:url\" content=\"https:\/\/www.bbmnoticias.com\/iran-precisa-que-saldo-del-bombardeo-a-escuela-en-minab-dejo-155-muertos-120-eran-ninos\/\" \/>\n<meta property=\"og:site_name\" content=\"LA BRAVA RADIO\" \/>\n<meta property=\"article:published_time\" content=\"2026-04-28T21:49:54+00:00\" \/>\n<meta property=\"article:modified_time\" content=\"2026-04-28T21:49:57+00:00\" \/>\n<meta property=\"og:image\" content=\"https:\/\/www.bbmnoticias.com\/labravaradiofm\/wp-content\/uploads\/sites\/5\/2026\/04\/iran-precisa-que-saldo-del-bombardeo-a-escuela-en-minab-dejo-155-muertos-120-eran-ninos.webp\" \/>\n\t<meta property=\"og:image:width\" content=\"1200\" \/>\n\t<meta property=\"og:image:height\" content=\"814\" \/>\n\t<meta property=\"og:image:type\" content=\"image\/webp\" \/>\n<meta name=\"author\" content=\"Staff\" \/>\n<meta name=\"twitter:card\" content=\"summary_large_image\" \/>\n<meta name=\"twitter:label1\" content=\"Escrito por\" \/>\n\t<meta name=\"twitter:data1\" content=\"Staff\" \/>\n\t<meta name=\"twitter:label2\" content=\"Tiempo de lectura\" \/>\n\t<meta name=\"twitter:data2\" content=\"1 minuto\" \/>\n<script type=\"application\/ld+json\" class=\"yoast-schema-graph\">{\"@context\":\"https:\\\/\\\/schema.org\",\"@graph\":[{\"@type\":\"Article\",\"@id\":\"https:\\\/\\\/www.bbmnoticias.com\\\/iran-precisa-que-saldo-del-bombardeo-a-escuela-en-minab-dejo-155-muertos-120-eran-ninos\\\/#article\",\"isPartOf\":{\"@id\":\"https:\\\/\\\/www.bbmnoticias.com\\\/labravaradiofm\\\/2026\\\/04\\\/28\\\/iran-precisa-que-saldo-del-bombardeo-a-escuela-en-minab-dejo-155-muertos-120-eran-ninos\\\/\"},\"author\":{\"name\":\"Staff\",\"@id\":\"https:\\\/\\\/www.bbmnoticias.com\\\/labravaradiofm\\\/#\\\/schema\\\/person\\\/68a9e9036ef3c5b55aeb2b71dc8bab45\"},\"headline\":\"Ir\u00e1n precisa que saldo del bombardeo a escuela en Minab dej\u00f3 155 muertos, 120 eran ni\u00f1os\",\"datePublished\":\"2026-04-28T21:49:54+00:00\",\"dateModified\":\"2026-04-28T21:49:57+00:00\",\"mainEntityOfPage\":{\"@id\":\"https:\\\/\\\/www.bbmnoticias.com\\\/labravaradiofm\\\/2026\\\/04\\\/28\\\/iran-precisa-que-saldo-del-bombardeo-a-escuela-en-minab-dejo-155-muertos-120-eran-ninos\\\/\"},\"wordCount\":208,\"image\":{\"@id\":\"https:\\\/\\\/www.bbmnoticias.com\\\/iran-precisa-que-saldo-del-bombardeo-a-escuela-en-minab-dejo-155-muertos-120-eran-ninos\\\/#primaryimage\"},\"thumbnailUrl\":\"https:\\\/\\\/www.bbmnoticias.com\\\/labravaradiofm\\\/wp-content\\\/uploads\\\/sites\\\/5\\\/2026\\\/04\\\/iran-precisa-que-saldo-del-bombardeo-a-escuela-en-minab-dejo-155-muertos-120-eran-ninos.webp\",\"articleSection\":[\"INTERNACIONAL\",\"LOCAL\"],\"inLanguage\":\"es\"},{\"@type\":\"WebPage\",\"@id\":\"https:\\\/\\\/www.bbmnoticias.com\\\/labravaradiofm\\\/2026\\\/04\\\/28\\\/iran-precisa-que-saldo-del-bombardeo-a-escuela-en-minab-dejo-155-muertos-120-eran-ninos\\\/\",\"url\":\"https:\\\/\\\/www.bbmnoticias.com\\\/iran-precisa-que-saldo-del-bombardeo-a-escuela-en-minab-dejo-155-muertos-120-eran-ninos\\\/\",\"name\":\"Ir\u00e1n precisa que saldo del bombardeo a escuela en Minab dej\u00f3 155 muertos, 120 eran ni\u00f1os - LA BRAVA RADIO\",\"isPartOf\":{\"@id\":\"https:\\\/\\\/www.bbmnoticias.com\\\/labravaradiofm\\\/#website\"},\"primaryImageOfPage\":{\"@id\":\"https:\\\/\\\/www.bbmnoticias.com\\\/iran-precisa-que-saldo-del-bombardeo-a-escuela-en-minab-dejo-155-muertos-120-eran-ninos\\\/#primaryimage\"},\"image\":{\"@id\":\"https:\\\/\\\/www.bbmnoticias.com\\\/iran-precisa-que-saldo-del-bombardeo-a-escuela-en-minab-dejo-155-muertos-120-eran-ninos\\\/#primaryimage\"},\"thumbnailUrl\":\"https:\\\/\\\/www.bbmnoticias.com\\\/labravaradiofm\\\/wp-content\\\/uploads\\\/sites\\\/5\\\/2026\\\/04\\\/iran-precisa-que-saldo-del-bombardeo-a-escuela-en-minab-dejo-155-muertos-120-eran-ninos.webp\",\"datePublished\":\"2026-04-28T21:49:54+00:00\",\"dateModified\":\"2026-04-28T21:49:57+00:00\",\"author\":{\"@id\":\"https:\\\/\\\/www.bbmnoticias.com\\\/labravaradiofm\\\/#\\\/schema\\\/person\\\/68a9e9036ef3c5b55aeb2b71dc8bab45\"},\"breadcrumb\":{\"@id\":\"https:\\\/\\\/www.bbmnoticias.com\\\/iran-precisa-que-saldo-del-bombardeo-a-escuela-en-minab-dejo-155-muertos-120-eran-ninos\\\/#breadcrumb\"},\"inLanguage\":\"es\",\"potentialAction\":[{\"@type\":\"ReadAction\",\"target\":[\"https:\\\/\\\/www.bbmnoticias.com\\\/iran-precisa-que-saldo-del-bombardeo-a-escuela-en-minab-dejo-155-muertos-120-eran-ninos\\\/\"]}]},{\"@type\":\"ImageObject\",\"inLanguage\":\"es\",\"@id\":\"https:\\\/\\\/www.bbmnoticias.com\\\/iran-precisa-que-saldo-del-bombardeo-a-escuela-en-minab-dejo-155-muertos-120-eran-ninos\\\/#primaryimage\",\"url\":\"https:\\\/\\\/www.bbmnoticias.com\\\/labravaradiofm\\\/wp-content\\\/uploads\\\/sites\\\/5\\\/2026\\\/04\\\/iran-precisa-que-saldo-del-bombardeo-a-escuela-en-minab-dejo-155-muertos-120-eran-ninos.webp\",\"contentUrl\":\"https:\\\/\\\/www.bbmnoticias.com\\\/labravaradiofm\\\/wp-content\\\/uploads\\\/sites\\\/5\\\/2026\\\/04\\\/iran-precisa-que-saldo-del-bombardeo-a-escuela-en-minab-dejo-155-muertos-120-eran-ninos.webp\",\"width\":1200,\"height\":814},{\"@type\":\"BreadcrumbList\",\"@id\":\"https:\\\/\\\/www.bbmnoticias.com\\\/iran-precisa-que-saldo-del-bombardeo-a-escuela-en-minab-dejo-155-muertos-120-eran-ninos\\\/#breadcrumb\",\"itemListElement\":[{\"@type\":\"ListItem\",\"position\":1,\"name\":\"Inicio\",\"item\":\"https:\\\/\\\/www.bbmnoticias.com\\\/labravaradiofm\\\/\"},{\"@type\":\"ListItem\",\"position\":2,\"name\":\"Ir\u00e1n precisa que saldo del bombardeo a escuela en Minab dej\u00f3 155 muertos, 120 eran ni\u00f1os\"}]},{\"@type\":\"WebSite\",\"@id\":\"https:\\\/\\\/www.bbmnoticias.com\\\/labravaradiofm\\\/#website\",\"url\":\"https:\\\/\\\/www.bbmnoticias.com\\\/labravaradiofm\\\/\",\"name\":\"LA BRAVA RADIO\",\"description\":\"Empresa productora de medios, Radiodifusi\u00f3n, Noticias, tendencias y todo lo que necesitas saber de la pol\u00edtica mexicana e internacional; entretenimiento, espect\u00e1culos, salud y mucho m\u00e1s.\",\"potentialAction\":[{\"@type\":\"SearchAction\",\"target\":{\"@type\":\"EntryPoint\",\"urlTemplate\":\"https:\\\/\\\/www.bbmnoticias.com\\\/labravaradiofm\\\/?s={search_term_string}\"},\"query-input\":{\"@type\":\"PropertyValueSpecification\",\"valueRequired\":true,\"valueName\":\"search_term_string\"}}],\"inLanguage\":\"es\"},{\"@type\":\"Person\",\"@id\":\"https:\\\/\\\/www.bbmnoticias.com\\\/labravaradiofm\\\/#\\\/schema\\\/person\\\/68a9e9036ef3c5b55aeb2b71dc8bab45\",\"name\":\"Staff\",\"image\":{\"@type\":\"ImageObject\",\"inLanguage\":\"es\",\"@id\":\"https:\\\/\\\/secure.gravatar.com\\\/avatar\\\/fdd21ad66fd8b98c407f9dee5b5e588cfe7f0d8579ec20fa6527cd59bab7f0f0?s=96&d=mm&r=g\",\"url\":\"https:\\\/\\\/secure.gravatar.com\\\/avatar\\\/fdd21ad66fd8b98c407f9dee5b5e588cfe7f0d8579ec20fa6527cd59bab7f0f0?s=96&d=mm&r=g\",\"contentUrl\":\"https:\\\/\\\/secure.gravatar.com\\\/avatar\\\/fdd21ad66fd8b98c407f9dee5b5e588cfe7f0d8579ec20fa6527cd59bab7f0f0?s=96&d=mm&r=g\",\"caption\":\"Staff\"},\"url\":\"https:\\\/\\\/www.bbmnoticias.com\\\/labravaradiofm\\\/author\\\/redaccion\\\/\"}]}<\/script>\n<!-- \/ Yoast SEO plugin. -->","yoast_head_json":{"title":"Ir\u00e1n precisa que saldo del bombardeo a escuela en Minab dej\u00f3 155 muertos, 120 eran ni\u00f1os - LA BRAVA RADIO","robots":{"index":"index","follow":"follow","max-snippet":"max-snippet:-1","max-image-preview":"max-image-preview:large","max-video-preview":"max-video-preview:-1"},"canonical":"https:\/\/www.bbmnoticias.com\/iran-precisa-que-saldo-del-bombardeo-a-escuela-en-minab-dejo-155-muertos-120-eran-ninos\/","og_locale":"es_MX","og_type":"article","og_title":"Ir\u00e1n precisa que saldo del bombardeo a escuela en Minab dej\u00f3 155 muertos, 120 eran ni\u00f1os - LA BRAVA RADIO","og_description":"Teher\u00e1n. El bombardeo de una escuela iran\u00ed en el primer d\u00eda de la guerra en Medio Oriente mat\u00f3 a 155 personas, incluyendo 120 ni\u00f1os, de acuerdo con un balance revisado a la baja divulgado este martes por la televisi\u00f3n estatal IRIB. El ministro iran\u00ed de Relaciones Exteriores, Ab\u00e1s Aragchi, hab\u00eda declarado a fines de marzo [&hellip;]","og_url":"https:\/\/www.bbmnoticias.com\/iran-precisa-que-saldo-del-bombardeo-a-escuela-en-minab-dejo-155-muertos-120-eran-ninos\/","og_site_name":"LA BRAVA RADIO","article_published_time":"2026-04-28T21:49:54+00:00","article_modified_time":"2026-04-28T21:49:57+00:00","og_image":[{"width":1200,"height":814,"url":"https:\/\/www.bbmnoticias.com\/labravaradiofm\/wp-content\/uploads\/sites\/5\/2026\/04\/iran-precisa-que-saldo-del-bombardeo-a-escuela-en-minab-dejo-155-muertos-120-eran-ninos.webp","type":"image\/webp"}],"author":"Staff","twitter_card":"summary_large_image","twitter_misc":{"Escrito por":"Staff","Tiempo de lectura":"1 minuto"},"schema":{"@context":"https:\/\/schema.org","@graph":[{"@type":"Article","@id":"https:\/\/www.bbmnoticias.com\/iran-precisa-que-saldo-del-bombardeo-a-escuela-en-minab-dejo-155-muertos-120-eran-ninos\/#article","isPartOf":{"@id":"https:\/\/www.bbmnoticias.com\/labravaradiofm\/2026\/04\/28\/iran-precisa-que-saldo-del-bombardeo-a-escuela-en-minab-dejo-155-muertos-120-eran-ninos\/"},"author":{"name":"Staff","@id":"https:\/\/www.bbmnoticias.com\/labravaradiofm\/#\/schema\/person\/68a9e9036ef3c5b55aeb2b71dc8bab45"},"headline":"Ir\u00e1n precisa que saldo del bombardeo a escuela en Minab dej\u00f3 155 muertos, 120 eran ni\u00f1os","datePublished":"2026-04-28T21:49:54+00:00","dateModified":"2026-04-28T21:49:57+00:00","mainEntityOfPage":{"@id":"https:\/\/www.bbmnoticias.com\/labravaradiofm\/2026\/04\/28\/iran-precisa-que-saldo-del-bombardeo-a-escuela-en-minab-dejo-155-muertos-120-eran-ninos\/"},"wordCount":208,"image":{"@id":"https:\/\/www.bbmnoticias.com\/iran-precisa-que-saldo-del-bombardeo-a-escuela-en-minab-dejo-155-muertos-120-eran-ninos\/#primaryimage"},"thumbnailUrl":"https:\/\/www.bbmnoticias.com\/labravaradiofm\/wp-content\/uploads\/sites\/5\/2026\/04\/iran-precisa-que-saldo-del-bombardeo-a-escuela-en-minab-dejo-155-muertos-120-eran-ninos.webp","articleSection":["INTERNACIONAL","LOCAL"],"inLanguage":"es"},{"@type":"WebPage","@id":"https:\/\/www.bbmnoticias.com\/labravaradiofm\/2026\/04\/28\/iran-precisa-que-saldo-del-bombardeo-a-escuela-en-minab-dejo-155-muertos-120-eran-ninos\/","url":"https:\/\/www.bbmnoticias.com\/iran-precisa-que-saldo-del-bombardeo-a-escuela-en-minab-dejo-155-muertos-120-eran-ninos\/","name":"Ir\u00e1n precisa que saldo del bombardeo a escuela en Minab dej\u00f3 155 muertos, 120 eran ni\u00f1os - LA BRAVA RADIO","isPartOf":{"@id":"https:\/\/www.bbmnoticias.com\/labravaradiofm\/#website"},"primaryImageOfPage":{"@id":"https:\/\/www.bbmnoticias.com\/iran-precisa-que-saldo-del-bombardeo-a-escuela-en-minab-dejo-155-muertos-120-eran-ninos\/#primaryimage"},"image":{"@id":"https:\/\/www.bbmnoticias.com\/iran-precisa-que-saldo-del-bombardeo-a-escuela-en-minab-dejo-155-muertos-120-eran-ninos\/#primaryimage"},"thumbnailUrl":"https:\/\/www.bbmnoticias.com\/labravaradiofm\/wp-content\/uploads\/sites\/5\/2026\/04\/iran-precisa-que-saldo-del-bombardeo-a-escuela-en-minab-dejo-155-muertos-120-eran-ninos.webp","datePublished":"2026-04-28T21:49:54+00:00","dateModified":"2026-04-28T21:49:57+00:00","author":{"@id":"https:\/\/www.bbmnoticias.com\/labravaradiofm\/#\/schema\/person\/68a9e9036ef3c5b55aeb2b71dc8bab45"},"breadcrumb":{"@id":"https:\/\/www.bbmnoticias.com\/iran-precisa-que-saldo-del-bombardeo-a-escuela-en-minab-dejo-155-muertos-120-eran-ninos\/#breadcrumb"},"inLanguage":"es","potentialAction":[{"@type":"ReadAction","target":["https:\/\/www.bbmnoticias.com\/iran-precisa-que-saldo-del-bombardeo-a-escuela-en-minab-dejo-155-muertos-120-eran-ninos\/"]}]},{"@type":"ImageObject","inLanguage":"es","@id":"https:\/\/www.bbmnoticias.com\/iran-precisa-que-saldo-del-bombardeo-a-escuela-en-minab-dejo-155-muertos-120-eran-ninos\/#primaryimage","url":"https:\/\/www.bbmnoticias.com\/labravaradiofm\/wp-content\/uploads\/sites\/5\/2026\/04\/iran-precisa-que-saldo-del-bombardeo-a-escuela-en-minab-dejo-155-muertos-120-eran-ninos.webp","contentUrl":"https:\/\/www.bbmnoticias.com\/labravaradiofm\/wp-content\/uploads\/sites\/5\/2026\/04\/iran-precisa-que-saldo-del-bombardeo-a-escuela-en-minab-dejo-155-muertos-120-eran-ninos.webp","width":1200,"height":814},{"@type":"BreadcrumbList","@id":"https:\/\/www.bbmnoticias.com\/iran-precisa-que-saldo-del-bombardeo-a-escuela-en-minab-dejo-155-muertos-120-eran-ninos\/#breadcrumb","itemListElement":[{"@type":"ListItem","position":1,"name":"Inicio","item":"https:\/\/www.bbmnoticias.com\/labravaradiofm\/"},{"@type":"ListItem","position":2,"name":"Ir\u00e1n precisa que saldo del bombardeo a escuela en Minab dej\u00f3 155 muertos, 120 eran ni\u00f1os"}]},{"@type":"WebSite","@id":"https:\/\/www.bbmnoticias.com\/labravaradiofm\/#website","url":"https:\/\/www.bbmnoticias.com\/labravaradiofm\/","name":"LA BRAVA RADIO","description":"Empresa productora de medios, Radiodifusi\u00f3n, Noticias, tendencias y todo lo que necesitas saber de la pol\u00edtica mexicana e internacional; entretenimiento, espect\u00e1culos, salud y mucho m\u00e1s.","potentialAction":[{"@type":"SearchAction","target":{"@type":"EntryPoint","urlTemplate":"https:\/\/www.bbmnoticias.com\/labravaradiofm\/?s={search_term_string}"},"query-input":{"@type":"PropertyValueSpecification","valueRequired":true,"valueName":"search_term_string"}}],"inLanguage":"es"},{"@type":"Person","@id":"https:\/\/www.bbmnoticias.com\/labravaradiofm\/#\/schema\/person\/68a9e9036ef3c5b55aeb2b71dc8bab45","name":"Staff","image":{"@type":"ImageObject","inLanguage":"es","@id":"https:\/\/secure.gravatar.com\/avatar\/fdd21ad66fd8b98c407f9dee5b5e588cfe7f0d8579ec20fa6527cd59bab7f0f0?s=96&d=mm&r=g","url":"https:\/\/secure.gravatar.com\/avatar\/fdd21ad66fd8b98c407f9dee5b5e588cfe7f0d8579ec20fa6527cd59bab7f0f0?s=96&d=mm&r=g","contentUrl":"https:\/\/secure.gravatar.com\/avatar\/fdd21ad66fd8b98c407f9dee5b5e588cfe7f0d8579ec20fa6527cd59bab7f0f0?s=96&d=mm&r=g","caption":"Staff"},"url":"https:\/\/www.bbmnoticias.com\/labravaradiofm\/author\/redaccion\/"}]}},"_links":{"self":[{"href":"https:\/\/www.bbmnoticias.com\/labravaradiofm\/wp-json\/wp\/v2\/posts\/76683","targetHints":{"allow":["GET"]}}],"collection":[{"href":"https:\/\/www.bbmnoticias.com\/labravaradiofm\/wp-json\/wp\/v2\/posts"}],"about":[{"href":"https:\/\/www.bbmnoticias.com\/labravaradiofm\/wp-json\/wp\/v2\/types\/post"}],"author":[{"embeddable":true,"href":"https:\/\/www.bbmnoticias.com\/labravaradiofm\/wp-json\/wp\/v2\/users\/2"}],"replies":[{"embeddable":true,"href":"https:\/\/www.bbmnoticias.com\/labravaradiofm\/wp-json\/wp\/v2\/comments?post=76683"}],"version-history":[{"count":1,"href":"https:\/\/www.bbmnoticias.com\/labravaradiofm\/wp-json\/wp\/v2\/posts\/76683\/revisions"}],"predecessor-version":[{"id":76684,"href":"https:\/\/www.bbmnoticias.com\/labravaradiofm\/wp-json\/wp\/v2\/posts\/76683\/revisions\/76684"}],"wp:featuredmedia":[{"embeddable":true,"href":"https:\/\/www.bbmnoticias.com\/labravaradiofm\/wp-json\/wp\/v2\/media\/76685"}],"wp:attachment":[{"href":"https:\/\/www.bbmnoticias.com\/labravaradiofm\/wp-json\/wp\/v2\/media?parent=76683"}],"wp:term":[{"taxonomy":"category","embeddable":true,"href":"https:\/\/www.bbmnoticias.com\/labravaradiofm\/wp-json\/wp\/v2\/categories?post=76683"},{"taxonomy":"post_tag","embeddable":true,"href":"https:\/\/www.bbmnoticias.com\/labravaradiofm\/wp-json\/wp\/v2\/tags?post=76683"}],"curies":[{"name":"wp","href":"https:\/\/api.w.org\/{rel}","templated":true}]}}