{"id":76677,"date":"2026-04-28T15:17:41","date_gmt":"2026-04-28T21:17:41","guid":{"rendered":"https:\/\/www.bbmnoticias.com\/labravaradiofm\/2026\/04\/28\/pobladores-de-juchitan-y-union-hidalgo-oaxaca-protestan-contra-cfe\/"},"modified":"2026-04-28T15:18:22","modified_gmt":"2026-04-28T21:18:22","slug":"pobladores-de-juchitan-y-union-hidalgo-oaxaca-protestan-contra-cfe","status":"publish","type":"post","link":"https:\/\/www.bbmnoticias.com\/labravaradiofm\/2026\/04\/28\/pobladores-de-juchitan-y-union-hidalgo-oaxaca-protestan-contra-cfe\/","title":{"rendered":"Pobladores de Juchit\u00e1n y Uni\u00f3n Hidalgo, Oaxaca, protestan contra CFE"},"content":{"rendered":"<div style=\"margin-top: 0px; margin-bottom: 0px;\" class=\"sharethis-inline-share-buttons\" ><\/div>\n<p>Juchit\u00e1n, Oax. \u2013 Pobladores de esta ciudad y de <strong>Uni\u00f3n Hidalgo<\/strong>, se <strong>manifestaron<\/strong> por separado contra la Comisi\u00f3n Federal de Electricidad<strong>(CFE)<\/strong>, debido a los <strong>constantes apagones<\/strong> que se han registrado en esta temporada de intenso calor.<\/p>\n\n\n\n<p>En la poblaci\u00f3n zapoteca de Uni\u00f3n Hidalgo, los habitantes de diferentes barrios cansados de los apagones que generan afectaciones a sus electrodom\u00e9sticos y medicamentos, \u201ctomaron\u201d la oficina de la CFE.<\/p>\n\n\n\n<p>Mientras que, en esta ciudad zapoteca, vecinos de la s\u00e9ptima secci\u00f3n protestaron frente al acceso principal de la oficina operativa de la CFE ubicada a un costado de la <strong>carreta Trans\u00edstmica<\/strong>, donde denunciaron que los apagones son constantes.<\/p>\n\n\n\n<p>Una mujer dijo que vende cenas en la calle y compra carne y quesillo para la semana, pero con los <strong>\u201ccortes\u201d de luz<\/strong>, todo se echa a perder. Otra persona denunci\u00f3 que un frasco de insulina se le ech\u00f3 a perder.<\/p>\n\n\n\n<p>No es posible, dijeron, que la CFE no tome sus previsiones con la llegada del calor y arregle sus l\u00edneas y transformadores. Las autoridades de <strong>CONAGUA<\/strong> han dicho que cotinuar\u00e1n temperaturas de hasta 42 grados en el Istmo.<\/p>\n\n\n\n<p>Con informaci\u00f3n de El Universal<\/p>\n","protected":false},"excerpt":{"rendered":"<p>Juchit\u00e1n, Oax. \u2013 Pobladores de esta ciudad y de Uni\u00f3n Hidalgo, se manifestaron por separado contra la Comisi\u00f3n Federal de Electricidad(CFE), debido a los constantes apagones que se han registrado en esta temporada de intenso calor. En la poblaci\u00f3n zapoteca de Uni\u00f3n Hidalgo, los habitantes de diferentes barrios cansados de los apagones que generan afectaciones [&hellip;]<\/p>\n","protected":false},"author":4,"featured_media":76679,"comment_status":"closed","ping_status":"open","sticky":false,"template":"","format":"standard","meta":{"footnotes":""},"categories":[2],"tags":[],"class_list":{"0":"post-76677","1":"post","2":"type-post","3":"status-publish","4":"format-standard","5":"has-post-thumbnail","7":"category-oaxaca"},"yoast_head":"<!-- This site is optimized with the Yoast SEO plugin v27.4 - https:\/\/yoast.com\/product\/yoast-seo-wordpress\/ -->\n<title>Pobladores de Juchit\u00e1n y Uni\u00f3n Hidalgo, Oaxaca, protestan contra CFE - LA BRAVA RADIO<\/title>\n<meta name=\"robots\" content=\"index, follow, max-snippet:-1, max-image-preview:large, max-video-preview:-1\" \/>\n<link rel=\"canonical\" href=\"https:\/\/www.bbmnoticias.com\/pobladores-de-juchitan-y-union-hidalgo-oaxaca-protestan-contra-cfe\/\" \/>\n<meta property=\"og:locale\" content=\"es_MX\" \/>\n<meta property=\"og:type\" content=\"article\" \/>\n<meta property=\"og:title\" content=\"Pobladores de Juchit\u00e1n y Uni\u00f3n Hidalgo, Oaxaca, protestan contra CFE - LA BRAVA RADIO\" \/>\n<meta property=\"og:description\" content=\"Juchit\u00e1n, Oax. \u2013 Pobladores de esta ciudad y de Uni\u00f3n Hidalgo, se manifestaron por separado contra la Comisi\u00f3n Federal de Electricidad(CFE), debido a los constantes apagones que se han registrado en esta temporada de intenso calor. En la poblaci\u00f3n zapoteca de Uni\u00f3n Hidalgo, los habitantes de diferentes barrios cansados de los apagones que generan afectaciones [&hellip;]\" \/>\n<meta property=\"og:url\" content=\"https:\/\/www.bbmnoticias.com\/pobladores-de-juchitan-y-union-hidalgo-oaxaca-protestan-contra-cfe\/\" \/>\n<meta property=\"og:site_name\" content=\"LA BRAVA RADIO\" \/>\n<meta property=\"article:published_time\" content=\"2026-04-28T21:17:41+00:00\" \/>\n<meta property=\"article:modified_time\" content=\"2026-04-28T21:18:22+00:00\" \/>\n<meta property=\"og:image\" content=\"https:\/\/www.bbmnoticias.com\/labravaradiofm\/wp-content\/uploads\/sites\/5\/2026\/04\/protesta_cfe.jpg\" \/>\n\t<meta property=\"og:image:width\" content=\"800\" \/>\n\t<meta property=\"og:image:height\" content=\"493\" \/>\n\t<meta property=\"og:image:type\" content=\"image\/jpeg\" \/>\n<meta name=\"author\" content=\"Agencias\" \/>\n<meta name=\"twitter:card\" content=\"summary_large_image\" \/>\n<meta name=\"twitter:label1\" content=\"Escrito por\" \/>\n\t<meta name=\"twitter:data1\" content=\"Agencias\" \/>\n\t<meta name=\"twitter:label2\" content=\"Tiempo de lectura\" \/>\n\t<meta name=\"twitter:data2\" content=\"1 minuto\" \/>\n<script type=\"application\/ld+json\" class=\"yoast-schema-graph\">{\"@context\":\"https:\\\/\\\/schema.org\",\"@graph\":[{\"@type\":\"Article\",\"@id\":\"https:\\\/\\\/www.bbmnoticias.com\\\/pobladores-de-juchitan-y-union-hidalgo-oaxaca-protestan-contra-cfe\\\/#article\",\"isPartOf\":{\"@id\":\"https:\\\/\\\/www.bbmnoticias.com\\\/labravaradiofm\\\/2026\\\/04\\\/28\\\/pobladores-de-juchitan-y-union-hidalgo-oaxaca-protestan-contra-cfe\\\/\"},\"author\":{\"name\":\"Agencias\",\"@id\":\"https:\\\/\\\/www.bbmnoticias.com\\\/labravaradiofm\\\/#\\\/schema\\\/person\\\/000bdaf0a8fb5bff0d537c4d0778e33f\"},\"headline\":\"Pobladores de Juchit\u00e1n y Uni\u00f3n Hidalgo, Oaxaca, protestan contra CFE\",\"datePublished\":\"2026-04-28T21:17:41+00:00\",\"dateModified\":\"2026-04-28T21:18:22+00:00\",\"mainEntityOfPage\":{\"@id\":\"https:\\\/\\\/www.bbmnoticias.com\\\/labravaradiofm\\\/2026\\\/04\\\/28\\\/pobladores-de-juchitan-y-union-hidalgo-oaxaca-protestan-contra-cfe\\\/\"},\"wordCount\":211,\"image\":{\"@id\":\"https:\\\/\\\/www.bbmnoticias.com\\\/pobladores-de-juchitan-y-union-hidalgo-oaxaca-protestan-contra-cfe\\\/#primaryimage\"},\"thumbnailUrl\":\"https:\\\/\\\/www.bbmnoticias.com\\\/labravaradiofm\\\/wp-content\\\/uploads\\\/sites\\\/5\\\/2026\\\/04\\\/protesta_cfe.jpg\",\"articleSection\":[\"LOCAL\"],\"inLanguage\":\"es\"},{\"@type\":\"WebPage\",\"@id\":\"https:\\\/\\\/www.bbmnoticias.com\\\/labravaradiofm\\\/2026\\\/04\\\/28\\\/pobladores-de-juchitan-y-union-hidalgo-oaxaca-protestan-contra-cfe\\\/\",\"url\":\"https:\\\/\\\/www.bbmnoticias.com\\\/pobladores-de-juchitan-y-union-hidalgo-oaxaca-protestan-contra-cfe\\\/\",\"name\":\"Pobladores de Juchit\u00e1n y Uni\u00f3n Hidalgo, Oaxaca, protestan contra CFE - LA BRAVA RADIO\",\"isPartOf\":{\"@id\":\"https:\\\/\\\/www.bbmnoticias.com\\\/labravaradiofm\\\/#website\"},\"primaryImageOfPage\":{\"@id\":\"https:\\\/\\\/www.bbmnoticias.com\\\/pobladores-de-juchitan-y-union-hidalgo-oaxaca-protestan-contra-cfe\\\/#primaryimage\"},\"image\":{\"@id\":\"https:\\\/\\\/www.bbmnoticias.com\\\/pobladores-de-juchitan-y-union-hidalgo-oaxaca-protestan-contra-cfe\\\/#primaryimage\"},\"thumbnailUrl\":\"https:\\\/\\\/www.bbmnoticias.com\\\/labravaradiofm\\\/wp-content\\\/uploads\\\/sites\\\/5\\\/2026\\\/04\\\/protesta_cfe.jpg\",\"datePublished\":\"2026-04-28T21:17:41+00:00\",\"dateModified\":\"2026-04-28T21:18:22+00:00\",\"author\":{\"@id\":\"https:\\\/\\\/www.bbmnoticias.com\\\/labravaradiofm\\\/#\\\/schema\\\/person\\\/000bdaf0a8fb5bff0d537c4d0778e33f\"},\"breadcrumb\":{\"@id\":\"https:\\\/\\\/www.bbmnoticias.com\\\/pobladores-de-juchitan-y-union-hidalgo-oaxaca-protestan-contra-cfe\\\/#breadcrumb\"},\"inLanguage\":\"es\",\"potentialAction\":[{\"@type\":\"ReadAction\",\"target\":[\"https:\\\/\\\/www.bbmnoticias.com\\\/pobladores-de-juchitan-y-union-hidalgo-oaxaca-protestan-contra-cfe\\\/\"]}]},{\"@type\":\"ImageObject\",\"inLanguage\":\"es\",\"@id\":\"https:\\\/\\\/www.bbmnoticias.com\\\/pobladores-de-juchitan-y-union-hidalgo-oaxaca-protestan-contra-cfe\\\/#primaryimage\",\"url\":\"https:\\\/\\\/www.bbmnoticias.com\\\/labravaradiofm\\\/wp-content\\\/uploads\\\/sites\\\/5\\\/2026\\\/04\\\/protesta_cfe.jpg\",\"contentUrl\":\"https:\\\/\\\/www.bbmnoticias.com\\\/labravaradiofm\\\/wp-content\\\/uploads\\\/sites\\\/5\\\/2026\\\/04\\\/protesta_cfe.jpg\",\"width\":800,\"height\":493},{\"@type\":\"BreadcrumbList\",\"@id\":\"https:\\\/\\\/www.bbmnoticias.com\\\/pobladores-de-juchitan-y-union-hidalgo-oaxaca-protestan-contra-cfe\\\/#breadcrumb\",\"itemListElement\":[{\"@type\":\"ListItem\",\"position\":1,\"name\":\"Inicio\",\"item\":\"https:\\\/\\\/www.bbmnoticias.com\\\/labravaradiofm\\\/\"},{\"@type\":\"ListItem\",\"position\":2,\"name\":\"Pobladores de Juchit\u00e1n y Uni\u00f3n Hidalgo, Oaxaca, protestan contra CFE\"}]},{\"@type\":\"WebSite\",\"@id\":\"https:\\\/\\\/www.bbmnoticias.com\\\/labravaradiofm\\\/#website\",\"url\":\"https:\\\/\\\/www.bbmnoticias.com\\\/labravaradiofm\\\/\",\"name\":\"LA BRAVA RADIO\",\"description\":\"Empresa productora de medios, Radiodifusi\u00f3n, Noticias, tendencias y todo lo que necesitas saber de la pol\u00edtica mexicana e internacional; entretenimiento, espect\u00e1culos, salud y mucho m\u00e1s.\",\"potentialAction\":[{\"@type\":\"SearchAction\",\"target\":{\"@type\":\"EntryPoint\",\"urlTemplate\":\"https:\\\/\\\/www.bbmnoticias.com\\\/labravaradiofm\\\/?s={search_term_string}\"},\"query-input\":{\"@type\":\"PropertyValueSpecification\",\"valueRequired\":true,\"valueName\":\"search_term_string\"}}],\"inLanguage\":\"es\"},{\"@type\":\"Person\",\"@id\":\"https:\\\/\\\/www.bbmnoticias.com\\\/labravaradiofm\\\/#\\\/schema\\\/person\\\/000bdaf0a8fb5bff0d537c4d0778e33f\",\"name\":\"Agencias\",\"image\":{\"@type\":\"ImageObject\",\"inLanguage\":\"es\",\"@id\":\"https:\\\/\\\/secure.gravatar.com\\\/avatar\\\/739e0b61adf9e398b425c36718c8752286da0e8cd90f20ce9a86678abc26aa0d?s=96&d=mm&r=g\",\"url\":\"https:\\\/\\\/secure.gravatar.com\\\/avatar\\\/739e0b61adf9e398b425c36718c8752286da0e8cd90f20ce9a86678abc26aa0d?s=96&d=mm&r=g\",\"contentUrl\":\"https:\\\/\\\/secure.gravatar.com\\\/avatar\\\/739e0b61adf9e398b425c36718c8752286da0e8cd90f20ce9a86678abc26aa0d?s=96&d=mm&r=g\",\"caption\":\"Agencias\"},\"url\":\"https:\\\/\\\/www.bbmnoticias.com\\\/labravaradiofm\\\/author\\\/agencias\\\/\"}]}<\/script>\n<!-- \/ Yoast SEO plugin. -->","yoast_head_json":{"title":"Pobladores de Juchit\u00e1n y Uni\u00f3n Hidalgo, Oaxaca, protestan contra CFE - LA BRAVA RADIO","robots":{"index":"index","follow":"follow","max-snippet":"max-snippet:-1","max-image-preview":"max-image-preview:large","max-video-preview":"max-video-preview:-1"},"canonical":"https:\/\/www.bbmnoticias.com\/pobladores-de-juchitan-y-union-hidalgo-oaxaca-protestan-contra-cfe\/","og_locale":"es_MX","og_type":"article","og_title":"Pobladores de Juchit\u00e1n y Uni\u00f3n Hidalgo, Oaxaca, protestan contra CFE - LA BRAVA RADIO","og_description":"Juchit\u00e1n, Oax. \u2013 Pobladores de esta ciudad y de Uni\u00f3n Hidalgo, se manifestaron por separado contra la Comisi\u00f3n Federal de Electricidad(CFE), debido a los constantes apagones que se han registrado en esta temporada de intenso calor. En la poblaci\u00f3n zapoteca de Uni\u00f3n Hidalgo, los habitantes de diferentes barrios cansados de los apagones que generan afectaciones [&hellip;]","og_url":"https:\/\/www.bbmnoticias.com\/pobladores-de-juchitan-y-union-hidalgo-oaxaca-protestan-contra-cfe\/","og_site_name":"LA BRAVA RADIO","article_published_time":"2026-04-28T21:17:41+00:00","article_modified_time":"2026-04-28T21:18:22+00:00","og_image":[{"width":800,"height":493,"url":"https:\/\/www.bbmnoticias.com\/labravaradiofm\/wp-content\/uploads\/sites\/5\/2026\/04\/protesta_cfe.jpg","type":"image\/jpeg"}],"author":"Agencias","twitter_card":"summary_large_image","twitter_misc":{"Escrito por":"Agencias","Tiempo de lectura":"1 minuto"},"schema":{"@context":"https:\/\/schema.org","@graph":[{"@type":"Article","@id":"https:\/\/www.bbmnoticias.com\/pobladores-de-juchitan-y-union-hidalgo-oaxaca-protestan-contra-cfe\/#article","isPartOf":{"@id":"https:\/\/www.bbmnoticias.com\/labravaradiofm\/2026\/04\/28\/pobladores-de-juchitan-y-union-hidalgo-oaxaca-protestan-contra-cfe\/"},"author":{"name":"Agencias","@id":"https:\/\/www.bbmnoticias.com\/labravaradiofm\/#\/schema\/person\/000bdaf0a8fb5bff0d537c4d0778e33f"},"headline":"Pobladores de Juchit\u00e1n y Uni\u00f3n Hidalgo, Oaxaca, protestan contra CFE","datePublished":"2026-04-28T21:17:41+00:00","dateModified":"2026-04-28T21:18:22+00:00","mainEntityOfPage":{"@id":"https:\/\/www.bbmnoticias.com\/labravaradiofm\/2026\/04\/28\/pobladores-de-juchitan-y-union-hidalgo-oaxaca-protestan-contra-cfe\/"},"wordCount":211,"image":{"@id":"https:\/\/www.bbmnoticias.com\/pobladores-de-juchitan-y-union-hidalgo-oaxaca-protestan-contra-cfe\/#primaryimage"},"thumbnailUrl":"https:\/\/www.bbmnoticias.com\/labravaradiofm\/wp-content\/uploads\/sites\/5\/2026\/04\/protesta_cfe.jpg","articleSection":["LOCAL"],"inLanguage":"es"},{"@type":"WebPage","@id":"https:\/\/www.bbmnoticias.com\/labravaradiofm\/2026\/04\/28\/pobladores-de-juchitan-y-union-hidalgo-oaxaca-protestan-contra-cfe\/","url":"https:\/\/www.bbmnoticias.com\/pobladores-de-juchitan-y-union-hidalgo-oaxaca-protestan-contra-cfe\/","name":"Pobladores de Juchit\u00e1n y Uni\u00f3n Hidalgo, Oaxaca, protestan contra CFE - LA BRAVA RADIO","isPartOf":{"@id":"https:\/\/www.bbmnoticias.com\/labravaradiofm\/#website"},"primaryImageOfPage":{"@id":"https:\/\/www.bbmnoticias.com\/pobladores-de-juchitan-y-union-hidalgo-oaxaca-protestan-contra-cfe\/#primaryimage"},"image":{"@id":"https:\/\/www.bbmnoticias.com\/pobladores-de-juchitan-y-union-hidalgo-oaxaca-protestan-contra-cfe\/#primaryimage"},"thumbnailUrl":"https:\/\/www.bbmnoticias.com\/labravaradiofm\/wp-content\/uploads\/sites\/5\/2026\/04\/protesta_cfe.jpg","datePublished":"2026-04-28T21:17:41+00:00","dateModified":"2026-04-28T21:18:22+00:00","author":{"@id":"https:\/\/www.bbmnoticias.com\/labravaradiofm\/#\/schema\/person\/000bdaf0a8fb5bff0d537c4d0778e33f"},"breadcrumb":{"@id":"https:\/\/www.bbmnoticias.com\/pobladores-de-juchitan-y-union-hidalgo-oaxaca-protestan-contra-cfe\/#breadcrumb"},"inLanguage":"es","potentialAction":[{"@type":"ReadAction","target":["https:\/\/www.bbmnoticias.com\/pobladores-de-juchitan-y-union-hidalgo-oaxaca-protestan-contra-cfe\/"]}]},{"@type":"ImageObject","inLanguage":"es","@id":"https:\/\/www.bbmnoticias.com\/pobladores-de-juchitan-y-union-hidalgo-oaxaca-protestan-contra-cfe\/#primaryimage","url":"https:\/\/www.bbmnoticias.com\/labravaradiofm\/wp-content\/uploads\/sites\/5\/2026\/04\/protesta_cfe.jpg","contentUrl":"https:\/\/www.bbmnoticias.com\/labravaradiofm\/wp-content\/uploads\/sites\/5\/2026\/04\/protesta_cfe.jpg","width":800,"height":493},{"@type":"BreadcrumbList","@id":"https:\/\/www.bbmnoticias.com\/pobladores-de-juchitan-y-union-hidalgo-oaxaca-protestan-contra-cfe\/#breadcrumb","itemListElement":[{"@type":"ListItem","position":1,"name":"Inicio","item":"https:\/\/www.bbmnoticias.com\/labravaradiofm\/"},{"@type":"ListItem","position":2,"name":"Pobladores de Juchit\u00e1n y Uni\u00f3n Hidalgo, Oaxaca, protestan contra CFE"}]},{"@type":"WebSite","@id":"https:\/\/www.bbmnoticias.com\/labravaradiofm\/#website","url":"https:\/\/www.bbmnoticias.com\/labravaradiofm\/","name":"LA BRAVA RADIO","description":"Empresa productora de medios, Radiodifusi\u00f3n, Noticias, tendencias y todo lo que necesitas saber de la pol\u00edtica mexicana e internacional; entretenimiento, espect\u00e1culos, salud y mucho m\u00e1s.","potentialAction":[{"@type":"SearchAction","target":{"@type":"EntryPoint","urlTemplate":"https:\/\/www.bbmnoticias.com\/labravaradiofm\/?s={search_term_string}"},"query-input":{"@type":"PropertyValueSpecification","valueRequired":true,"valueName":"search_term_string"}}],"inLanguage":"es"},{"@type":"Person","@id":"https:\/\/www.bbmnoticias.com\/labravaradiofm\/#\/schema\/person\/000bdaf0a8fb5bff0d537c4d0778e33f","name":"Agencias","image":{"@type":"ImageObject","inLanguage":"es","@id":"https:\/\/secure.gravatar.com\/avatar\/739e0b61adf9e398b425c36718c8752286da0e8cd90f20ce9a86678abc26aa0d?s=96&d=mm&r=g","url":"https:\/\/secure.gravatar.com\/avatar\/739e0b61adf9e398b425c36718c8752286da0e8cd90f20ce9a86678abc26aa0d?s=96&d=mm&r=g","contentUrl":"https:\/\/secure.gravatar.com\/avatar\/739e0b61adf9e398b425c36718c8752286da0e8cd90f20ce9a86678abc26aa0d?s=96&d=mm&r=g","caption":"Agencias"},"url":"https:\/\/www.bbmnoticias.com\/labravaradiofm\/author\/agencias\/"}]}},"_links":{"self":[{"href":"https:\/\/www.bbmnoticias.com\/labravaradiofm\/wp-json\/wp\/v2\/posts\/76677","targetHints":{"allow":["GET"]}}],"collection":[{"href":"https:\/\/www.bbmnoticias.com\/labravaradiofm\/wp-json\/wp\/v2\/posts"}],"about":[{"href":"https:\/\/www.bbmnoticias.com\/labravaradiofm\/wp-json\/wp\/v2\/types\/post"}],"author":[{"embeddable":true,"href":"https:\/\/www.bbmnoticias.com\/labravaradiofm\/wp-json\/wp\/v2\/users\/4"}],"replies":[{"embeddable":true,"href":"https:\/\/www.bbmnoticias.com\/labravaradiofm\/wp-json\/wp\/v2\/comments?post=76677"}],"version-history":[{"count":1,"href":"https:\/\/www.bbmnoticias.com\/labravaradiofm\/wp-json\/wp\/v2\/posts\/76677\/revisions"}],"predecessor-version":[{"id":76678,"href":"https:\/\/www.bbmnoticias.com\/labravaradiofm\/wp-json\/wp\/v2\/posts\/76677\/revisions\/76678"}],"wp:featuredmedia":[{"embeddable":true,"href":"https:\/\/www.bbmnoticias.com\/labravaradiofm\/wp-json\/wp\/v2\/media\/76679"}],"wp:attachment":[{"href":"https:\/\/www.bbmnoticias.com\/labravaradiofm\/wp-json\/wp\/v2\/media?parent=76677"}],"wp:term":[{"taxonomy":"category","embeddable":true,"href":"https:\/\/www.bbmnoticias.com\/labravaradiofm\/wp-json\/wp\/v2\/categories?post=76677"},{"taxonomy":"post_tag","embeddable":true,"href":"https:\/\/www.bbmnoticias.com\/labravaradiofm\/wp-json\/wp\/v2\/tags?post=76677"}],"curies":[{"name":"wp","href":"https:\/\/api.w.org\/{rel}","templated":true}]}}